{"id":11475,"date":"2024-12-14T20:00:00","date_gmt":"2024-12-14T19:00:00","guid":{"rendered":"https:\/\/www.jugendfussball-wendelstein.de\/wordpress\/?p=11475"},"modified":"2024-12-23T13:14:55","modified_gmt":"2024-12-23T12:14:55","slug":"u11-triumphiert-beim-u11-hallencup-des-1-sc-feucht-erster-platz","status":"publish","type":"post","link":"https:\/\/www.jugendfussball-wendelstein.de\/wordpress\/u11-triumphiert-beim-u11-hallencup-des-1-sc-feucht-erster-platz\/","title":{"rendered":"#U11 triumphiert beim U11 Hallencup des 1. SC Feucht \u2013 Erster Platz!"},"content":{"rendered":"\n<p>Am 14.12.2024 trat unsere U11 beim U11 Hallencup des 1. SC Feucht an und sorgte erneut f\u00fcr Furore. Das hochkar\u00e4tige Teilnehmerfeld bestand aus Mannschaften wie dem SC Germania N\u00fcrnberg, SG Quelle, TSV Katzwang, 1. SC Feucht, TSV Feucht, TSV Ochenbruck und nat\u00fcrlich unserer JFG Wendelstein.<\/p>\n\n\n\n<p>Mit einer souver\u00e4nen und \u00fcberzeugenden Leistung dominierte unser Team das Turnier von Anfang bis Ende. Die Spieler zeigten auf dem Hallenparkett eine beeindruckende Mischung aus spielerischer Klasse, Teamgeist und Entschlossenheit. Am Ende wurde dieser gro\u00dfartige Einsatz mit dem <strong>1. Platz<\/strong> belohnt!<\/p>\n\n\n\n<p>Ein riesiges Lob an die Mannschaft und das Trainerteam f\u00fcr diese starke Vorstellung. Es ist toll zu sehen, wie unsere U11 die Hallensaison weiterhin so erfolgreich gestaltet. Macht weiter so \u2013 wir sind stolz auf euch!<\/p>\n\n\n\n<p><em>Eure Coaches<\/em><br \/><em>Metin und Danny<\/em><\/p>\n\n\n\n\n","protected":false},"excerpt":{"rendered":"<p>Am 14.12.2024 trat unsere U11 beim U11 Hallencup des 1. SC Feucht an und sorgte erneut f\u00fcr Furore. Das hochkar\u00e4tige Teilnehmerfeld bestand aus Mannschaften wie dem SC Germania N\u00fcrnberg, SG Quelle, TSV Katzwang, 1. SC Feucht, TSV Feucht, TSV Ochenbruck und nat\u00fcrlich unserer JFG Wendelstein. Mit einer souver\u00e4nen und \u00fcberzeugenden Leistung dominierte unser Team das [&hellip;]<\/p>\n","protected":false},"author":9,"featured_media":11476,"comment_status":"closed","ping_status":"closed","sticky":false,"template":"","format":"standard","meta":{"saved_in_kubio":false,"footnotes":""},"categories":[1,3,16,64,4],"tags":[],"class_list":["post-11475","post","type-post","status-publish","format-standard","has-post-thumbnail","hentry","category-allgemein","category-kf","category-spielbericht","category-team-u11","category-u11"],"yoast_head":"<!-- This site is optimized with the Yoast SEO plugin v27.4 - https:\/\/yoast.com\/product\/yoast-seo-wordpress\/ -->\n<title>#U11 triumphiert beim U11 Hallencup des 1. SC Feucht \u2013 Erster Platz! - JFG Wendelstein<\/title>\n<meta name=\"robots\" content=\"index, follow, max-snippet:-1, max-image-preview:large, max-video-preview:-1\" \/>\n<link rel=\"canonical\" href=\"https:\/\/www.jugendfussball-wendelstein.de\/wordpress\/u11-triumphiert-beim-u11-hallencup-des-1-sc-feucht-erster-platz\/\" \/>\n<meta property=\"og:locale\" content=\"de_DE\" \/>\n<meta property=\"og:type\" content=\"article\" \/>\n<meta property=\"og:title\" content=\"#U11 triumphiert beim U11 Hallencup des 1. SC Feucht \u2013 Erster Platz! - JFG Wendelstein\" \/>\n<meta property=\"og:description\" content=\"Am 14.12.2024 trat unsere U11 beim U11 Hallencup des 1. SC Feucht an und sorgte erneut f\u00fcr Furore. Das hochkar\u00e4tige Teilnehmerfeld bestand aus Mannschaften wie dem SC Germania N\u00fcrnberg, SG Quelle, TSV Katzwang, 1. SC Feucht, TSV Feucht, TSV Ochenbruck und nat\u00fcrlich unserer JFG Wendelstein. Mit einer souver\u00e4nen und \u00fcberzeugenden Leistung dominierte unser Team das [&hellip;]\" \/>\n<meta property=\"og:url\" content=\"https:\/\/www.jugendfussball-wendelstein.de\/wordpress\/u11-triumphiert-beim-u11-hallencup-des-1-sc-feucht-erster-platz\/\" \/>\n<meta property=\"og:site_name\" content=\"JFG Wendelstein\" \/>\n<meta property=\"article:published_time\" content=\"2024-12-14T19:00:00+00:00\" \/>\n<meta property=\"article:modified_time\" content=\"2024-12-23T12:14:55+00:00\" \/>\n<meta property=\"og:image\" content=\"https:\/\/www.jugendfussball-wendelstein.de\/wordpress\/wp-content\/uploads\/2024\/12\/feucht-team.jpg\" \/>\n\t<meta property=\"og:image:width\" content=\"454\" \/>\n\t<meta property=\"og:image:height\" content=\"384\" \/>\n\t<meta property=\"og:image:type\" content=\"image\/jpeg\" \/>\n<meta name=\"author\" content=\"Danny Blau\" \/>\n<meta name=\"twitter:card\" content=\"summary_large_image\" \/>\n<meta name=\"twitter:label1\" content=\"Verfasst von\" \/>\n\t<meta name=\"twitter:data1\" content=\"Danny Blau\" \/>\n\t<meta name=\"twitter:label2\" content=\"Gesch\u00e4tzte Lesezeit\" \/>\n\t<meta name=\"twitter:data2\" content=\"1\u00a0Minute\" \/>\n<script type=\"application\/ld+json\" class=\"yoast-schema-graph\">{\"@context\":\"https:\\\/\\\/schema.org\",\"@graph\":[{\"@type\":\"Article\",\"@id\":\"https:\\\/\\\/www.jugendfussball-wendelstein.de\\\/wordpress\\\/u11-triumphiert-beim-u11-hallencup-des-1-sc-feucht-erster-platz\\\/#article\",\"isPartOf\":{\"@id\":\"https:\\\/\\\/www.jugendfussball-wendelstein.de\\\/wordpress\\\/u11-triumphiert-beim-u11-hallencup-des-1-sc-feucht-erster-platz\\\/\"},\"author\":{\"name\":\"Danny Blau\",\"@id\":\"https:\\\/\\\/www.jugendfussball-wendelstein.de\\\/wordpress\\\/#\\\/schema\\\/person\\\/05f4dbf379aec8c504bc63fbded66e30\"},\"headline\":\"#U11 triumphiert beim U11 Hallencup des 1. SC Feucht \u2013 Erster Platz!\",\"datePublished\":\"2024-12-14T19:00:00+00:00\",\"dateModified\":\"2024-12-23T12:14:55+00:00\",\"mainEntityOfPage\":{\"@id\":\"https:\\\/\\\/www.jugendfussball-wendelstein.de\\\/wordpress\\\/u11-triumphiert-beim-u11-hallencup-des-1-sc-feucht-erster-platz\\\/\"},\"wordCount\":139,\"image\":{\"@id\":\"https:\\\/\\\/www.jugendfussball-wendelstein.de\\\/wordpress\\\/u11-triumphiert-beim-u11-hallencup-des-1-sc-feucht-erster-platz\\\/#primaryimage\"},\"thumbnailUrl\":\"https:\\\/\\\/www.jugendfussball-wendelstein.de\\\/wordpress\\\/wp-content\\\/uploads\\\/2024\\\/12\\\/feucht-team.jpg\",\"articleSection\":[\"Aktuell\",\"Kleinfeld\",\"Spielbericht\",\"team.u11\",\"U11\"],\"inLanguage\":\"de\"},{\"@type\":\"WebPage\",\"@id\":\"https:\\\/\\\/www.jugendfussball-wendelstein.de\\\/wordpress\\\/u11-triumphiert-beim-u11-hallencup-des-1-sc-feucht-erster-platz\\\/\",\"url\":\"https:\\\/\\\/www.jugendfussball-wendelstein.de\\\/wordpress\\\/u11-triumphiert-beim-u11-hallencup-des-1-sc-feucht-erster-platz\\\/\",\"name\":\"#U11 triumphiert beim U11 Hallencup des 1. SC Feucht \u2013 Erster Platz! - JFG Wendelstein\",\"isPartOf\":{\"@id\":\"https:\\\/\\\/www.jugendfussball-wendelstein.de\\\/wordpress\\\/#website\"},\"primaryImageOfPage\":{\"@id\":\"https:\\\/\\\/www.jugendfussball-wendelstein.de\\\/wordpress\\\/u11-triumphiert-beim-u11-hallencup-des-1-sc-feucht-erster-platz\\\/#primaryimage\"},\"image\":{\"@id\":\"https:\\\/\\\/www.jugendfussball-wendelstein.de\\\/wordpress\\\/u11-triumphiert-beim-u11-hallencup-des-1-sc-feucht-erster-platz\\\/#primaryimage\"},\"thumbnailUrl\":\"https:\\\/\\\/www.jugendfussball-wendelstein.de\\\/wordpress\\\/wp-content\\\/uploads\\\/2024\\\/12\\\/feucht-team.jpg\",\"datePublished\":\"2024-12-14T19:00:00+00:00\",\"dateModified\":\"2024-12-23T12:14:55+00:00\",\"author\":{\"@id\":\"https:\\\/\\\/www.jugendfussball-wendelstein.de\\\/wordpress\\\/#\\\/schema\\\/person\\\/05f4dbf379aec8c504bc63fbded66e30\"},\"breadcrumb\":{\"@id\":\"https:\\\/\\\/www.jugendfussball-wendelstein.de\\\/wordpress\\\/u11-triumphiert-beim-u11-hallencup-des-1-sc-feucht-erster-platz\\\/#breadcrumb\"},\"inLanguage\":\"de\",\"potentialAction\":[{\"@type\":\"ReadAction\",\"target\":[\"https:\\\/\\\/www.jugendfussball-wendelstein.de\\\/wordpress\\\/u11-triumphiert-beim-u11-hallencup-des-1-sc-feucht-erster-platz\\\/\"]}]},{\"@type\":\"ImageObject\",\"inLanguage\":\"de\",\"@id\":\"https:\\\/\\\/www.jugendfussball-wendelstein.de\\\/wordpress\\\/u11-triumphiert-beim-u11-hallencup-des-1-sc-feucht-erster-platz\\\/#primaryimage\",\"url\":\"https:\\\/\\\/www.jugendfussball-wendelstein.de\\\/wordpress\\\/wp-content\\\/uploads\\\/2024\\\/12\\\/feucht-team.jpg\",\"contentUrl\":\"https:\\\/\\\/www.jugendfussball-wendelstein.de\\\/wordpress\\\/wp-content\\\/uploads\\\/2024\\\/12\\\/feucht-team.jpg\",\"width\":454,\"height\":384},{\"@type\":\"BreadcrumbList\",\"@id\":\"https:\\\/\\\/www.jugendfussball-wendelstein.de\\\/wordpress\\\/u11-triumphiert-beim-u11-hallencup-des-1-sc-feucht-erster-platz\\\/#breadcrumb\",\"itemListElement\":[{\"@type\":\"ListItem\",\"position\":1,\"name\":\"Startseite\",\"item\":\"https:\\\/\\\/www.jugendfussball-wendelstein.de\\\/wordpress\\\/\"},{\"@type\":\"ListItem\",\"position\":2,\"name\":\"#U11 triumphiert beim U11 Hallencup des 1. SC Feucht \u2013 Erster Platz!\"}]},{\"@type\":\"WebSite\",\"@id\":\"https:\\\/\\\/www.jugendfussball-wendelstein.de\\\/wordpress\\\/#website\",\"url\":\"https:\\\/\\\/www.jugendfussball-wendelstein.de\\\/wordpress\\\/\",\"name\":\"JFG Wendelstein\",\"description\":\"Juniorenfu\u00dfball\",\"potentialAction\":[{\"@type\":\"SearchAction\",\"target\":{\"@type\":\"EntryPoint\",\"urlTemplate\":\"https:\\\/\\\/www.jugendfussball-wendelstein.de\\\/wordpress\\\/?s={search_term_string}\"},\"query-input\":{\"@type\":\"PropertyValueSpecification\",\"valueRequired\":true,\"valueName\":\"search_term_string\"}}],\"inLanguage\":\"de\"},{\"@type\":\"Person\",\"@id\":\"https:\\\/\\\/www.jugendfussball-wendelstein.de\\\/wordpress\\\/#\\\/schema\\\/person\\\/05f4dbf379aec8c504bc63fbded66e30\",\"name\":\"Danny Blau\",\"image\":{\"@type\":\"ImageObject\",\"inLanguage\":\"de\",\"@id\":\"https:\\\/\\\/secure.gravatar.com\\\/avatar\\\/249ce4865297c8ce0bd630f00ac61a01d90a96b995cfdd38a431a280e290cd13?s=96&d=mm&r=g\",\"url\":\"https:\\\/\\\/secure.gravatar.com\\\/avatar\\\/249ce4865297c8ce0bd630f00ac61a01d90a96b995cfdd38a431a280e290cd13?s=96&d=mm&r=g\",\"contentUrl\":\"https:\\\/\\\/secure.gravatar.com\\\/avatar\\\/249ce4865297c8ce0bd630f00ac61a01d90a96b995cfdd38a431a280e290cd13?s=96&d=mm&r=g\",\"caption\":\"Danny Blau\"},\"url\":\"https:\\\/\\\/www.jugendfussball-wendelstein.de\\\/wordpress\\\/author\\\/danny\\\/\"}]}<\/script>\n<!-- \/ Yoast SEO plugin. -->","yoast_head_json":{"title":"#U11 triumphiert beim U11 Hallencup des 1. SC Feucht \u2013 Erster Platz! - JFG Wendelstein","robots":{"index":"index","follow":"follow","max-snippet":"max-snippet:-1","max-image-preview":"max-image-preview:large","max-video-preview":"max-video-preview:-1"},"canonical":"https:\/\/www.jugendfussball-wendelstein.de\/wordpress\/u11-triumphiert-beim-u11-hallencup-des-1-sc-feucht-erster-platz\/","og_locale":"de_DE","og_type":"article","og_title":"#U11 triumphiert beim U11 Hallencup des 1. SC Feucht \u2013 Erster Platz! - JFG Wendelstein","og_description":"Am 14.12.2024 trat unsere U11 beim U11 Hallencup des 1. SC Feucht an und sorgte erneut f\u00fcr Furore. Das hochkar\u00e4tige Teilnehmerfeld bestand aus Mannschaften wie dem SC Germania N\u00fcrnberg, SG Quelle, TSV Katzwang, 1. SC Feucht, TSV Feucht, TSV Ochenbruck und nat\u00fcrlich unserer JFG Wendelstein. Mit einer souver\u00e4nen und \u00fcberzeugenden Leistung dominierte unser Team das [&hellip;]","og_url":"https:\/\/www.jugendfussball-wendelstein.de\/wordpress\/u11-triumphiert-beim-u11-hallencup-des-1-sc-feucht-erster-platz\/","og_site_name":"JFG Wendelstein","article_published_time":"2024-12-14T19:00:00+00:00","article_modified_time":"2024-12-23T12:14:55+00:00","og_image":[{"width":454,"height":384,"url":"https:\/\/www.jugendfussball-wendelstein.de\/wordpress\/wp-content\/uploads\/2024\/12\/feucht-team.jpg","type":"image\/jpeg"}],"author":"Danny Blau","twitter_card":"summary_large_image","twitter_misc":{"Verfasst von":"Danny Blau","Gesch\u00e4tzte Lesezeit":"1\u00a0Minute"},"schema":{"@context":"https:\/\/schema.org","@graph":[{"@type":"Article","@id":"https:\/\/www.jugendfussball-wendelstein.de\/wordpress\/u11-triumphiert-beim-u11-hallencup-des-1-sc-feucht-erster-platz\/#article","isPartOf":{"@id":"https:\/\/www.jugendfussball-wendelstein.de\/wordpress\/u11-triumphiert-beim-u11-hallencup-des-1-sc-feucht-erster-platz\/"},"author":{"name":"Danny Blau","@id":"https:\/\/www.jugendfussball-wendelstein.de\/wordpress\/#\/schema\/person\/05f4dbf379aec8c504bc63fbded66e30"},"headline":"#U11 triumphiert beim U11 Hallencup des 1. SC Feucht \u2013 Erster Platz!","datePublished":"2024-12-14T19:00:00+00:00","dateModified":"2024-12-23T12:14:55+00:00","mainEntityOfPage":{"@id":"https:\/\/www.jugendfussball-wendelstein.de\/wordpress\/u11-triumphiert-beim-u11-hallencup-des-1-sc-feucht-erster-platz\/"},"wordCount":139,"image":{"@id":"https:\/\/www.jugendfussball-wendelstein.de\/wordpress\/u11-triumphiert-beim-u11-hallencup-des-1-sc-feucht-erster-platz\/#primaryimage"},"thumbnailUrl":"https:\/\/www.jugendfussball-wendelstein.de\/wordpress\/wp-content\/uploads\/2024\/12\/feucht-team.jpg","articleSection":["Aktuell","Kleinfeld","Spielbericht","team.u11","U11"],"inLanguage":"de"},{"@type":"WebPage","@id":"https:\/\/www.jugendfussball-wendelstein.de\/wordpress\/u11-triumphiert-beim-u11-hallencup-des-1-sc-feucht-erster-platz\/","url":"https:\/\/www.jugendfussball-wendelstein.de\/wordpress\/u11-triumphiert-beim-u11-hallencup-des-1-sc-feucht-erster-platz\/","name":"#U11 triumphiert beim U11 Hallencup des 1. SC Feucht \u2013 Erster Platz! - JFG Wendelstein","isPartOf":{"@id":"https:\/\/www.jugendfussball-wendelstein.de\/wordpress\/#website"},"primaryImageOfPage":{"@id":"https:\/\/www.jugendfussball-wendelstein.de\/wordpress\/u11-triumphiert-beim-u11-hallencup-des-1-sc-feucht-erster-platz\/#primaryimage"},"image":{"@id":"https:\/\/www.jugendfussball-wendelstein.de\/wordpress\/u11-triumphiert-beim-u11-hallencup-des-1-sc-feucht-erster-platz\/#primaryimage"},"thumbnailUrl":"https:\/\/www.jugendfussball-wendelstein.de\/wordpress\/wp-content\/uploads\/2024\/12\/feucht-team.jpg","datePublished":"2024-12-14T19:00:00+00:00","dateModified":"2024-12-23T12:14:55+00:00","author":{"@id":"https:\/\/www.jugendfussball-wendelstein.de\/wordpress\/#\/schema\/person\/05f4dbf379aec8c504bc63fbded66e30"},"breadcrumb":{"@id":"https:\/\/www.jugendfussball-wendelstein.de\/wordpress\/u11-triumphiert-beim-u11-hallencup-des-1-sc-feucht-erster-platz\/#breadcrumb"},"inLanguage":"de","potentialAction":[{"@type":"ReadAction","target":["https:\/\/www.jugendfussball-wendelstein.de\/wordpress\/u11-triumphiert-beim-u11-hallencup-des-1-sc-feucht-erster-platz\/"]}]},{"@type":"ImageObject","inLanguage":"de","@id":"https:\/\/www.jugendfussball-wendelstein.de\/wordpress\/u11-triumphiert-beim-u11-hallencup-des-1-sc-feucht-erster-platz\/#primaryimage","url":"https:\/\/www.jugendfussball-wendelstein.de\/wordpress\/wp-content\/uploads\/2024\/12\/feucht-team.jpg","contentUrl":"https:\/\/www.jugendfussball-wendelstein.de\/wordpress\/wp-content\/uploads\/2024\/12\/feucht-team.jpg","width":454,"height":384},{"@type":"BreadcrumbList","@id":"https:\/\/www.jugendfussball-wendelstein.de\/wordpress\/u11-triumphiert-beim-u11-hallencup-des-1-sc-feucht-erster-platz\/#breadcrumb","itemListElement":[{"@type":"ListItem","position":1,"name":"Startseite","item":"https:\/\/www.jugendfussball-wendelstein.de\/wordpress\/"},{"@type":"ListItem","position":2,"name":"#U11 triumphiert beim U11 Hallencup des 1. SC Feucht \u2013 Erster Platz!"}]},{"@type":"WebSite","@id":"https:\/\/www.jugendfussball-wendelstein.de\/wordpress\/#website","url":"https:\/\/www.jugendfussball-wendelstein.de\/wordpress\/","name":"JFG Wendelstein","description":"Juniorenfu\u00dfball","potentialAction":[{"@type":"SearchAction","target":{"@type":"EntryPoint","urlTemplate":"https:\/\/www.jugendfussball-wendelstein.de\/wordpress\/?s={search_term_string}"},"query-input":{"@type":"PropertyValueSpecification","valueRequired":true,"valueName":"search_term_string"}}],"inLanguage":"de"},{"@type":"Person","@id":"https:\/\/www.jugendfussball-wendelstein.de\/wordpress\/#\/schema\/person\/05f4dbf379aec8c504bc63fbded66e30","name":"Danny Blau","image":{"@type":"ImageObject","inLanguage":"de","@id":"https:\/\/secure.gravatar.com\/avatar\/249ce4865297c8ce0bd630f00ac61a01d90a96b995cfdd38a431a280e290cd13?s=96&d=mm&r=g","url":"https:\/\/secure.gravatar.com\/avatar\/249ce4865297c8ce0bd630f00ac61a01d90a96b995cfdd38a431a280e290cd13?s=96&d=mm&r=g","contentUrl":"https:\/\/secure.gravatar.com\/avatar\/249ce4865297c8ce0bd630f00ac61a01d90a96b995cfdd38a431a280e290cd13?s=96&d=mm&r=g","caption":"Danny Blau"},"url":"https:\/\/www.jugendfussball-wendelstein.de\/wordpress\/author\/danny\/"}]}},"_links":{"self":[{"href":"https:\/\/www.jugendfussball-wendelstein.de\/wordpress\/wp-json\/wp\/v2\/posts\/11475","targetHints":{"allow":["GET"]}}],"collection":[{"href":"https:\/\/www.jugendfussball-wendelstein.de\/wordpress\/wp-json\/wp\/v2\/posts"}],"about":[{"href":"https:\/\/www.jugendfussball-wendelstein.de\/wordpress\/wp-json\/wp\/v2\/types\/post"}],"author":[{"embeddable":true,"href":"https:\/\/www.jugendfussball-wendelstein.de\/wordpress\/wp-json\/wp\/v2\/users\/9"}],"replies":[{"embeddable":true,"href":"https:\/\/www.jugendfussball-wendelstein.de\/wordpress\/wp-json\/wp\/v2\/comments?post=11475"}],"version-history":[{"count":0,"href":"https:\/\/www.jugendfussball-wendelstein.de\/wordpress\/wp-json\/wp\/v2\/posts\/11475\/revisions"}],"wp:featuredmedia":[{"embeddable":true,"href":"https:\/\/www.jugendfussball-wendelstein.de\/wordpress\/wp-json\/wp\/v2\/media\/11476"}],"wp:attachment":[{"href":"https:\/\/www.jugendfussball-wendelstein.de\/wordpress\/wp-json\/wp\/v2\/media?parent=11475"}],"wp:term":[{"taxonomy":"category","embeddable":true,"href":"https:\/\/www.jugendfussball-wendelstein.de\/wordpress\/wp-json\/wp\/v2\/categories?post=11475"},{"taxonomy":"post_tag","embeddable":true,"href":"https:\/\/www.jugendfussball-wendelstein.de\/wordpress\/wp-json\/wp\/v2\/tags?post=11475"}],"curies":[{"name":"wp","href":"https:\/\/api.w.org\/{rel}","templated":true}]}}