{"id":11619,"date":"2025-01-04T13:11:17","date_gmt":"2025-01-04T12:11:17","guid":{"rendered":"https:\/\/www.jugendfussball-wendelstein.de\/wordpress\/?p=11619"},"modified":"2025-01-04T13:11:18","modified_gmt":"2025-01-04T12:11:18","slug":"u10-holt-den-3-platz-beim-schnegglas-cup-in-bamberg","status":"publish","type":"post","link":"https:\/\/www.jugendfussball-wendelstein.de\/wordpress\/u10-holt-den-3-platz-beim-schnegglas-cup-in-bamberg\/","title":{"rendered":"# U10 holt den 3.Platz beim Schneggla&#8217;s Cup in Bamberg"},"content":{"rendered":"\n<p>Am 07.12 ging es f\u00fcr unsere JFG U10 nach Bamberg zum Schneggla&#8217;s Cup der DJK Don Bosco Bamberg. In einem gut besetzten Turnier wollten unsere Jungs den n\u00e4chsten Pokal mitnehmen und entsprechend motiviert gingen Trainer und Mannschaft in die ersten Partien.<\/p>\n\n\n\n<div class=\"wp-block-group is-nowrap is-layout-flex wp-container-core-group-is-layout-6c531013 wp-block-group-is-layout-flex\">\n<figure class=\"wp-block-image size-large is-resized\"><img loading=\"lazy\" decoding=\"async\" width=\"1024\" height=\"781\" src=\"https:\/\/www.jugendfussball-wendelstein.de\/wordpress\/wp-content\/uploads\/2025\/01\/WhatsApp-Image-2025-01-03-at-23.46.38-1-1024x781.jpeg\" alt=\"\" class=\"wp-image-11622\" style=\"width:761px;height:auto\" srcset=\"https:\/\/www.jugendfussball-wendelstein.de\/wordpress\/wp-content\/uploads\/2025\/01\/WhatsApp-Image-2025-01-03-at-23.46.38-1-1024x781.jpeg 1024w, https:\/\/www.jugendfussball-wendelstein.de\/wordpress\/wp-content\/uploads\/2025\/01\/WhatsApp-Image-2025-01-03-at-23.46.38-1-350x267.jpeg 350w, https:\/\/www.jugendfussball-wendelstein.de\/wordpress\/wp-content\/uploads\/2025\/01\/WhatsApp-Image-2025-01-03-at-23.46.38-1-768x586.jpeg 768w, https:\/\/www.jugendfussball-wendelstein.de\/wordpress\/wp-content\/uploads\/2025\/01\/WhatsApp-Image-2025-01-03-at-23.46.38-1.jpeg 1080w\" sizes=\"(max-width: 1024px) 100vw, 1024px\" \/><\/figure>\n<\/div>\n\n\n\n<p>Nach dem Auftaktsieg gegen Halbergmoos, konnte man auch das zweite Spiel gegen den FC Coburg souver\u00e4n f\u00fcr sich entscheiden. Auch gegen das Team der DJK Don Bosco Bamberg &#8218;gr\u00fcn&#8216; behielt man die Oberhand und konnte den Gruppensieg im letzten Spiel gegen den FC Schweinfurt durch einen verdienten 2-0 Erfolg einfahren. Am Ende zog man nach einer \u00fcberzeugenden Vorrunde mit 12 Punkten aus vier Spielen ins Halbfinale ein.<\/p>\n\n\n\n<figure class=\"wp-block-image size-large\"><img loading=\"lazy\" decoding=\"async\" width=\"1024\" height=\"258\" src=\"https:\/\/www.jugendfussball-wendelstein.de\/wordpress\/wp-content\/uploads\/2025\/01\/WhatsApp-Image-2025-01-03-at-23.46.38-1024x258.jpeg\" alt=\"\" class=\"wp-image-11623\" srcset=\"https:\/\/www.jugendfussball-wendelstein.de\/wordpress\/wp-content\/uploads\/2025\/01\/WhatsApp-Image-2025-01-03-at-23.46.38-1024x258.jpeg 1024w, https:\/\/www.jugendfussball-wendelstein.de\/wordpress\/wp-content\/uploads\/2025\/01\/WhatsApp-Image-2025-01-03-at-23.46.38-350x88.jpeg 350w, https:\/\/www.jugendfussball-wendelstein.de\/wordpress\/wp-content\/uploads\/2025\/01\/WhatsApp-Image-2025-01-03-at-23.46.38-768x194.jpeg 768w, https:\/\/www.jugendfussball-wendelstein.de\/wordpress\/wp-content\/uploads\/2025\/01\/WhatsApp-Image-2025-01-03-at-23.46.38.jpeg 1079w\" sizes=\"(max-width: 1024px) 100vw, 1024px\" \/><\/figure>\n\n\n\n<p>Im Halbfinale wartete mit der SG Quelle F\u00fcrth ein weiterer &#8218;Brocken&#8216; auf unsere Jungs. in einem offenen und abwechslungsreichen Spiel sollten in der regul\u00e4ren Spielzeit allerdings keine Tore fallen und so ging es in das &#8218;Penalty-Shootout&#8216;, bei dem die SG Quelle F\u00fcrth mit einem Treffer knapp die Oberhand behielt und somit ins Finale einziehen konnte.<\/p>\n\n\n\n<figure class=\"wp-block-image size-large\"><img loading=\"lazy\" decoding=\"async\" width=\"1024\" height=\"290\" src=\"https:\/\/www.jugendfussball-wendelstein.de\/wordpress\/wp-content\/uploads\/2025\/01\/WhatsApp-Image-2025-01-03-at-23.46.38-2-1024x290.jpeg\" alt=\"\" class=\"wp-image-11624\" srcset=\"https:\/\/www.jugendfussball-wendelstein.de\/wordpress\/wp-content\/uploads\/2025\/01\/WhatsApp-Image-2025-01-03-at-23.46.38-2-1024x290.jpeg 1024w, https:\/\/www.jugendfussball-wendelstein.de\/wordpress\/wp-content\/uploads\/2025\/01\/WhatsApp-Image-2025-01-03-at-23.46.38-2-350x99.jpeg 350w, https:\/\/www.jugendfussball-wendelstein.de\/wordpress\/wp-content\/uploads\/2025\/01\/WhatsApp-Image-2025-01-03-at-23.46.38-2-768x218.jpeg 768w, https:\/\/www.jugendfussball-wendelstein.de\/wordpress\/wp-content\/uploads\/2025\/01\/WhatsApp-Image-2025-01-03-at-23.46.38-2.jpeg 1080w\" sizes=\"(max-width: 1024px) 100vw, 1024px\" \/><\/figure>\n\n\n\n<p>Im &#8218;kleinen Finale&#8216; rappelten sich unsere Jungs nach der ungl\u00fccklichen Niederlage im Halbfinale nochmal auf und behielten auch im zweiten Aufeinandertreffen mit dem VFB Halbergmoos die Oberhand.&nbsp;<\/p>\n\n\n\n\n\n<p>So stand am Ende in einem gut besetzten Turnier ein ordentlicher dritter Platz, f\u00fcr den es zur Freude der Kinder noch einen Pokal gab. Erneut hat man bei unseren Jungs gute und viele positive Ans\u00e4tze gesehen, auf denen man weiter aufbauen kann.<\/p>\n<p>Euer Trainerteam<\/p>\n<p>Dieter und Alex<\/p>\n","protected":false},"excerpt":{"rendered":"<p>Am 07.12 ging es f\u00fcr unsere JFG U10 nach Bamberg zum Schneggla&#8217;s Cup der DJK Don Bosco Bamberg. In einem gut besetzten Turnier wollten unsere Jungs den n\u00e4chsten Pokal mitnehmen und entsprechend motiviert gingen Trainer und Mannschaft in die ersten Partien. Nach dem Auftaktsieg gegen Halbergmoos, konnte man auch das zweite Spiel gegen den FC [&hellip;]<\/p>\n","protected":false},"author":30,"featured_media":11621,"comment_status":"closed","ping_status":"closed","sticky":false,"template":"","format":"standard","meta":{"saved_in_kubio":false,"footnotes":""},"categories":[65],"tags":[],"class_list":["post-11619","post","type-post","status-publish","format-standard","has-post-thumbnail","hentry","category-team-u10"],"yoast_head":"<!-- This site is optimized with the Yoast SEO plugin v27.4 - https:\/\/yoast.com\/product\/yoast-seo-wordpress\/ -->\n<title># U10 holt den 3.Platz beim Schneggla&#039;s Cup in Bamberg - JFG Wendelstein<\/title>\n<meta name=\"robots\" content=\"index, follow, max-snippet:-1, max-image-preview:large, max-video-preview:-1\" \/>\n<link rel=\"canonical\" href=\"https:\/\/www.jugendfussball-wendelstein.de\/wordpress\/u10-holt-den-3-platz-beim-schnegglas-cup-in-bamberg\/\" \/>\n<meta property=\"og:locale\" content=\"de_DE\" \/>\n<meta property=\"og:type\" content=\"article\" \/>\n<meta property=\"og:title\" content=\"# U10 holt den 3.Platz beim Schneggla&#039;s Cup in Bamberg - JFG Wendelstein\" \/>\n<meta property=\"og:description\" content=\"Am 07.12 ging es f\u00fcr unsere JFG U10 nach Bamberg zum Schneggla&#8217;s Cup der DJK Don Bosco Bamberg. In einem gut besetzten Turnier wollten unsere Jungs den n\u00e4chsten Pokal mitnehmen und entsprechend motiviert gingen Trainer und Mannschaft in die ersten Partien. Nach dem Auftaktsieg gegen Halbergmoos, konnte man auch das zweite Spiel gegen den FC [&hellip;]\" \/>\n<meta property=\"og:url\" content=\"https:\/\/www.jugendfussball-wendelstein.de\/wordpress\/u10-holt-den-3-platz-beim-schnegglas-cup-in-bamberg\/\" \/>\n<meta property=\"og:site_name\" content=\"JFG Wendelstein\" \/>\n<meta property=\"article:published_time\" content=\"2025-01-04T12:11:17+00:00\" \/>\n<meta property=\"article:modified_time\" content=\"2025-01-04T12:11:18+00:00\" \/>\n<meta property=\"og:image\" content=\"https:\/\/www.jugendfussball-wendelstein.de\/wordpress\/wp-content\/uploads\/2025\/01\/WhatsApp-Image-2024-12-31-at-01.36.01-1.jpeg\" \/>\n\t<meta property=\"og:image:width\" content=\"1517\" \/>\n\t<meta property=\"og:image:height\" content=\"823\" \/>\n\t<meta property=\"og:image:type\" content=\"image\/jpeg\" \/>\n<meta name=\"author\" content=\"team.u10\" \/>\n<meta name=\"twitter:card\" content=\"summary_large_image\" \/>\n<meta name=\"twitter:creator\" content=\"@dominikj\" \/>\n<meta name=\"twitter:label1\" content=\"Verfasst von\" \/>\n\t<meta name=\"twitter:data1\" content=\"team.u10\" \/>\n\t<meta name=\"twitter:label2\" content=\"Gesch\u00e4tzte Lesezeit\" \/>\n\t<meta name=\"twitter:data2\" content=\"3\u00a0Minuten\" \/>\n<script type=\"application\/ld+json\" class=\"yoast-schema-graph\">{\"@context\":\"https:\\\/\\\/schema.org\",\"@graph\":[{\"@type\":\"Article\",\"@id\":\"https:\\\/\\\/www.jugendfussball-wendelstein.de\\\/wordpress\\\/u10-holt-den-3-platz-beim-schnegglas-cup-in-bamberg\\\/#article\",\"isPartOf\":{\"@id\":\"https:\\\/\\\/www.jugendfussball-wendelstein.de\\\/wordpress\\\/u10-holt-den-3-platz-beim-schnegglas-cup-in-bamberg\\\/\"},\"author\":{\"name\":\"team.u10\",\"@id\":\"https:\\\/\\\/www.jugendfussball-wendelstein.de\\\/wordpress\\\/#\\\/schema\\\/person\\\/fac5de1c83c4d0e58429b81e7b2170ab\"},\"headline\":\"# U10 holt den 3.Platz beim Schneggla&#8217;s Cup in Bamberg\",\"datePublished\":\"2025-01-04T12:11:17+00:00\",\"dateModified\":\"2025-01-04T12:11:18+00:00\",\"mainEntityOfPage\":{\"@id\":\"https:\\\/\\\/www.jugendfussball-wendelstein.de\\\/wordpress\\\/u10-holt-den-3-platz-beim-schnegglas-cup-in-bamberg\\\/\"},\"wordCount\":258,\"image\":{\"@id\":\"https:\\\/\\\/www.jugendfussball-wendelstein.de\\\/wordpress\\\/u10-holt-den-3-platz-beim-schnegglas-cup-in-bamberg\\\/#primaryimage\"},\"thumbnailUrl\":\"https:\\\/\\\/www.jugendfussball-wendelstein.de\\\/wordpress\\\/wp-content\\\/uploads\\\/2025\\\/01\\\/WhatsApp-Image-2024-12-31-at-01.36.01-1.jpeg\",\"articleSection\":[\"team.u10\"],\"inLanguage\":\"de\"},{\"@type\":\"WebPage\",\"@id\":\"https:\\\/\\\/www.jugendfussball-wendelstein.de\\\/wordpress\\\/u10-holt-den-3-platz-beim-schnegglas-cup-in-bamberg\\\/\",\"url\":\"https:\\\/\\\/www.jugendfussball-wendelstein.de\\\/wordpress\\\/u10-holt-den-3-platz-beim-schnegglas-cup-in-bamberg\\\/\",\"name\":\"# U10 holt den 3.Platz beim Schneggla's Cup in Bamberg - JFG Wendelstein\",\"isPartOf\":{\"@id\":\"https:\\\/\\\/www.jugendfussball-wendelstein.de\\\/wordpress\\\/#website\"},\"primaryImageOfPage\":{\"@id\":\"https:\\\/\\\/www.jugendfussball-wendelstein.de\\\/wordpress\\\/u10-holt-den-3-platz-beim-schnegglas-cup-in-bamberg\\\/#primaryimage\"},\"image\":{\"@id\":\"https:\\\/\\\/www.jugendfussball-wendelstein.de\\\/wordpress\\\/u10-holt-den-3-platz-beim-schnegglas-cup-in-bamberg\\\/#primaryimage\"},\"thumbnailUrl\":\"https:\\\/\\\/www.jugendfussball-wendelstein.de\\\/wordpress\\\/wp-content\\\/uploads\\\/2025\\\/01\\\/WhatsApp-Image-2024-12-31-at-01.36.01-1.jpeg\",\"datePublished\":\"2025-01-04T12:11:17+00:00\",\"dateModified\":\"2025-01-04T12:11:18+00:00\",\"author\":{\"@id\":\"https:\\\/\\\/www.jugendfussball-wendelstein.de\\\/wordpress\\\/#\\\/schema\\\/person\\\/fac5de1c83c4d0e58429b81e7b2170ab\"},\"breadcrumb\":{\"@id\":\"https:\\\/\\\/www.jugendfussball-wendelstein.de\\\/wordpress\\\/u10-holt-den-3-platz-beim-schnegglas-cup-in-bamberg\\\/#breadcrumb\"},\"inLanguage\":\"de\",\"potentialAction\":[{\"@type\":\"ReadAction\",\"target\":[\"https:\\\/\\\/www.jugendfussball-wendelstein.de\\\/wordpress\\\/u10-holt-den-3-platz-beim-schnegglas-cup-in-bamberg\\\/\"]}]},{\"@type\":\"ImageObject\",\"inLanguage\":\"de\",\"@id\":\"https:\\\/\\\/www.jugendfussball-wendelstein.de\\\/wordpress\\\/u10-holt-den-3-platz-beim-schnegglas-cup-in-bamberg\\\/#primaryimage\",\"url\":\"https:\\\/\\\/www.jugendfussball-wendelstein.de\\\/wordpress\\\/wp-content\\\/uploads\\\/2025\\\/01\\\/WhatsApp-Image-2024-12-31-at-01.36.01-1.jpeg\",\"contentUrl\":\"https:\\\/\\\/www.jugendfussball-wendelstein.de\\\/wordpress\\\/wp-content\\\/uploads\\\/2025\\\/01\\\/WhatsApp-Image-2024-12-31-at-01.36.01-1.jpeg\",\"width\":1517,\"height\":823},{\"@type\":\"BreadcrumbList\",\"@id\":\"https:\\\/\\\/www.jugendfussball-wendelstein.de\\\/wordpress\\\/u10-holt-den-3-platz-beim-schnegglas-cup-in-bamberg\\\/#breadcrumb\",\"itemListElement\":[{\"@type\":\"ListItem\",\"position\":1,\"name\":\"Startseite\",\"item\":\"https:\\\/\\\/www.jugendfussball-wendelstein.de\\\/wordpress\\\/\"},{\"@type\":\"ListItem\",\"position\":2,\"name\":\"# U10 holt den 3.Platz beim Schneggla&#8217;s Cup in Bamberg\"}]},{\"@type\":\"WebSite\",\"@id\":\"https:\\\/\\\/www.jugendfussball-wendelstein.de\\\/wordpress\\\/#website\",\"url\":\"https:\\\/\\\/www.jugendfussball-wendelstein.de\\\/wordpress\\\/\",\"name\":\"JFG Wendelstein\",\"description\":\"Juniorenfu\u00dfball\",\"potentialAction\":[{\"@type\":\"SearchAction\",\"target\":{\"@type\":\"EntryPoint\",\"urlTemplate\":\"https:\\\/\\\/www.jugendfussball-wendelstein.de\\\/wordpress\\\/?s={search_term_string}\"},\"query-input\":{\"@type\":\"PropertyValueSpecification\",\"valueRequired\":true,\"valueName\":\"search_term_string\"}}],\"inLanguage\":\"de\"},{\"@type\":\"Person\",\"@id\":\"https:\\\/\\\/www.jugendfussball-wendelstein.de\\\/wordpress\\\/#\\\/schema\\\/person\\\/fac5de1c83c4d0e58429b81e7b2170ab\",\"name\":\"team.u10\",\"image\":{\"@type\":\"ImageObject\",\"inLanguage\":\"de\",\"@id\":\"https:\\\/\\\/secure.gravatar.com\\\/avatar\\\/2227560a208bc89857470960bf20a58784a8311e3a7b93dedce6678bc2662ace?s=96&d=mm&r=g\",\"url\":\"https:\\\/\\\/secure.gravatar.com\\\/avatar\\\/2227560a208bc89857470960bf20a58784a8311e3a7b93dedce6678bc2662ace?s=96&d=mm&r=g\",\"contentUrl\":\"https:\\\/\\\/secure.gravatar.com\\\/avatar\\\/2227560a208bc89857470960bf20a58784a8311e3a7b93dedce6678bc2662ace?s=96&d=mm&r=g\",\"caption\":\"team.u10\"},\"sameAs\":[\"https:\\\/\\\/x.com\\\/dominikj\"],\"url\":\"https:\\\/\\\/www.jugendfussball-wendelstein.de\\\/wordpress\\\/author\\\/team-u10\\\/\"}]}<\/script>\n<!-- \/ Yoast SEO plugin. -->","yoast_head_json":{"title":"# U10 holt den 3.Platz beim Schneggla's Cup in Bamberg - JFG Wendelstein","robots":{"index":"index","follow":"follow","max-snippet":"max-snippet:-1","max-image-preview":"max-image-preview:large","max-video-preview":"max-video-preview:-1"},"canonical":"https:\/\/www.jugendfussball-wendelstein.de\/wordpress\/u10-holt-den-3-platz-beim-schnegglas-cup-in-bamberg\/","og_locale":"de_DE","og_type":"article","og_title":"# U10 holt den 3.Platz beim Schneggla's Cup in Bamberg - JFG Wendelstein","og_description":"Am 07.12 ging es f\u00fcr unsere JFG U10 nach Bamberg zum Schneggla&#8217;s Cup der DJK Don Bosco Bamberg. In einem gut besetzten Turnier wollten unsere Jungs den n\u00e4chsten Pokal mitnehmen und entsprechend motiviert gingen Trainer und Mannschaft in die ersten Partien. Nach dem Auftaktsieg gegen Halbergmoos, konnte man auch das zweite Spiel gegen den FC [&hellip;]","og_url":"https:\/\/www.jugendfussball-wendelstein.de\/wordpress\/u10-holt-den-3-platz-beim-schnegglas-cup-in-bamberg\/","og_site_name":"JFG Wendelstein","article_published_time":"2025-01-04T12:11:17+00:00","article_modified_time":"2025-01-04T12:11:18+00:00","og_image":[{"width":1517,"height":823,"url":"https:\/\/www.jugendfussball-wendelstein.de\/wordpress\/wp-content\/uploads\/2025\/01\/WhatsApp-Image-2024-12-31-at-01.36.01-1.jpeg","type":"image\/jpeg"}],"author":"team.u10","twitter_card":"summary_large_image","twitter_creator":"@dominikj","twitter_misc":{"Verfasst von":"team.u10","Gesch\u00e4tzte Lesezeit":"3\u00a0Minuten"},"schema":{"@context":"https:\/\/schema.org","@graph":[{"@type":"Article","@id":"https:\/\/www.jugendfussball-wendelstein.de\/wordpress\/u10-holt-den-3-platz-beim-schnegglas-cup-in-bamberg\/#article","isPartOf":{"@id":"https:\/\/www.jugendfussball-wendelstein.de\/wordpress\/u10-holt-den-3-platz-beim-schnegglas-cup-in-bamberg\/"},"author":{"name":"team.u10","@id":"https:\/\/www.jugendfussball-wendelstein.de\/wordpress\/#\/schema\/person\/fac5de1c83c4d0e58429b81e7b2170ab"},"headline":"# U10 holt den 3.Platz beim Schneggla&#8217;s Cup in Bamberg","datePublished":"2025-01-04T12:11:17+00:00","dateModified":"2025-01-04T12:11:18+00:00","mainEntityOfPage":{"@id":"https:\/\/www.jugendfussball-wendelstein.de\/wordpress\/u10-holt-den-3-platz-beim-schnegglas-cup-in-bamberg\/"},"wordCount":258,"image":{"@id":"https:\/\/www.jugendfussball-wendelstein.de\/wordpress\/u10-holt-den-3-platz-beim-schnegglas-cup-in-bamberg\/#primaryimage"},"thumbnailUrl":"https:\/\/www.jugendfussball-wendelstein.de\/wordpress\/wp-content\/uploads\/2025\/01\/WhatsApp-Image-2024-12-31-at-01.36.01-1.jpeg","articleSection":["team.u10"],"inLanguage":"de"},{"@type":"WebPage","@id":"https:\/\/www.jugendfussball-wendelstein.de\/wordpress\/u10-holt-den-3-platz-beim-schnegglas-cup-in-bamberg\/","url":"https:\/\/www.jugendfussball-wendelstein.de\/wordpress\/u10-holt-den-3-platz-beim-schnegglas-cup-in-bamberg\/","name":"# U10 holt den 3.Platz beim Schneggla's Cup in Bamberg - JFG Wendelstein","isPartOf":{"@id":"https:\/\/www.jugendfussball-wendelstein.de\/wordpress\/#website"},"primaryImageOfPage":{"@id":"https:\/\/www.jugendfussball-wendelstein.de\/wordpress\/u10-holt-den-3-platz-beim-schnegglas-cup-in-bamberg\/#primaryimage"},"image":{"@id":"https:\/\/www.jugendfussball-wendelstein.de\/wordpress\/u10-holt-den-3-platz-beim-schnegglas-cup-in-bamberg\/#primaryimage"},"thumbnailUrl":"https:\/\/www.jugendfussball-wendelstein.de\/wordpress\/wp-content\/uploads\/2025\/01\/WhatsApp-Image-2024-12-31-at-01.36.01-1.jpeg","datePublished":"2025-01-04T12:11:17+00:00","dateModified":"2025-01-04T12:11:18+00:00","author":{"@id":"https:\/\/www.jugendfussball-wendelstein.de\/wordpress\/#\/schema\/person\/fac5de1c83c4d0e58429b81e7b2170ab"},"breadcrumb":{"@id":"https:\/\/www.jugendfussball-wendelstein.de\/wordpress\/u10-holt-den-3-platz-beim-schnegglas-cup-in-bamberg\/#breadcrumb"},"inLanguage":"de","potentialAction":[{"@type":"ReadAction","target":["https:\/\/www.jugendfussball-wendelstein.de\/wordpress\/u10-holt-den-3-platz-beim-schnegglas-cup-in-bamberg\/"]}]},{"@type":"ImageObject","inLanguage":"de","@id":"https:\/\/www.jugendfussball-wendelstein.de\/wordpress\/u10-holt-den-3-platz-beim-schnegglas-cup-in-bamberg\/#primaryimage","url":"https:\/\/www.jugendfussball-wendelstein.de\/wordpress\/wp-content\/uploads\/2025\/01\/WhatsApp-Image-2024-12-31-at-01.36.01-1.jpeg","contentUrl":"https:\/\/www.jugendfussball-wendelstein.de\/wordpress\/wp-content\/uploads\/2025\/01\/WhatsApp-Image-2024-12-31-at-01.36.01-1.jpeg","width":1517,"height":823},{"@type":"BreadcrumbList","@id":"https:\/\/www.jugendfussball-wendelstein.de\/wordpress\/u10-holt-den-3-platz-beim-schnegglas-cup-in-bamberg\/#breadcrumb","itemListElement":[{"@type":"ListItem","position":1,"name":"Startseite","item":"https:\/\/www.jugendfussball-wendelstein.de\/wordpress\/"},{"@type":"ListItem","position":2,"name":"# U10 holt den 3.Platz beim Schneggla&#8217;s Cup in Bamberg"}]},{"@type":"WebSite","@id":"https:\/\/www.jugendfussball-wendelstein.de\/wordpress\/#website","url":"https:\/\/www.jugendfussball-wendelstein.de\/wordpress\/","name":"JFG Wendelstein","description":"Juniorenfu\u00dfball","potentialAction":[{"@type":"SearchAction","target":{"@type":"EntryPoint","urlTemplate":"https:\/\/www.jugendfussball-wendelstein.de\/wordpress\/?s={search_term_string}"},"query-input":{"@type":"PropertyValueSpecification","valueRequired":true,"valueName":"search_term_string"}}],"inLanguage":"de"},{"@type":"Person","@id":"https:\/\/www.jugendfussball-wendelstein.de\/wordpress\/#\/schema\/person\/fac5de1c83c4d0e58429b81e7b2170ab","name":"team.u10","image":{"@type":"ImageObject","inLanguage":"de","@id":"https:\/\/secure.gravatar.com\/avatar\/2227560a208bc89857470960bf20a58784a8311e3a7b93dedce6678bc2662ace?s=96&d=mm&r=g","url":"https:\/\/secure.gravatar.com\/avatar\/2227560a208bc89857470960bf20a58784a8311e3a7b93dedce6678bc2662ace?s=96&d=mm&r=g","contentUrl":"https:\/\/secure.gravatar.com\/avatar\/2227560a208bc89857470960bf20a58784a8311e3a7b93dedce6678bc2662ace?s=96&d=mm&r=g","caption":"team.u10"},"sameAs":["https:\/\/x.com\/dominikj"],"url":"https:\/\/www.jugendfussball-wendelstein.de\/wordpress\/author\/team-u10\/"}]}},"_links":{"self":[{"href":"https:\/\/www.jugendfussball-wendelstein.de\/wordpress\/wp-json\/wp\/v2\/posts\/11619","targetHints":{"allow":["GET"]}}],"collection":[{"href":"https:\/\/www.jugendfussball-wendelstein.de\/wordpress\/wp-json\/wp\/v2\/posts"}],"about":[{"href":"https:\/\/www.jugendfussball-wendelstein.de\/wordpress\/wp-json\/wp\/v2\/types\/post"}],"author":[{"embeddable":true,"href":"https:\/\/www.jugendfussball-wendelstein.de\/wordpress\/wp-json\/wp\/v2\/users\/30"}],"replies":[{"embeddable":true,"href":"https:\/\/www.jugendfussball-wendelstein.de\/wordpress\/wp-json\/wp\/v2\/comments?post=11619"}],"version-history":[{"count":0,"href":"https:\/\/www.jugendfussball-wendelstein.de\/wordpress\/wp-json\/wp\/v2\/posts\/11619\/revisions"}],"wp:featuredmedia":[{"embeddable":true,"href":"https:\/\/www.jugendfussball-wendelstein.de\/wordpress\/wp-json\/wp\/v2\/media\/11621"}],"wp:attachment":[{"href":"https:\/\/www.jugendfussball-wendelstein.de\/wordpress\/wp-json\/wp\/v2\/media?parent=11619"}],"wp:term":[{"taxonomy":"category","embeddable":true,"href":"https:\/\/www.jugendfussball-wendelstein.de\/wordpress\/wp-json\/wp\/v2\/categories?post=11619"},{"taxonomy":"post_tag","embeddable":true,"href":"https:\/\/www.jugendfussball-wendelstein.de\/wordpress\/wp-json\/wp\/v2\/tags?post=11619"}],"curies":[{"name":"wp","href":"https:\/\/api.w.org\/{rel}","templated":true}]}}