{"id":12004,"date":"2025-02-14T12:06:26","date_gmt":"2025-02-14T11:06:26","guid":{"rendered":"https:\/\/www.jugendfussball-wendelstein.de\/wordpress\/?p=12004"},"modified":"2025-02-19T21:18:39","modified_gmt":"2025-02-19T20:18:39","slug":"das-runde-muss-ins-eckige","status":"publish","type":"post","link":"https:\/\/www.jugendfussball-wendelstein.de\/wordpress\/das-runde-muss-ins-eckige\/","title":{"rendered":"Das Runde muss ins Eckige"},"content":{"rendered":"\n<p>Diese Aussage von Sepp Herberger war die Motivation unserer Blues beim Azzurri Cup der C-Jugend 2011 im N\u00fcrnberger S\u00fcdwesten am Sonntag, 9. Februar 2025. Der Terminkalender forderte diesmal den Vater eines Spielers die Rolle als Chefcoach zu \u00fcbernehmen. Mit an der Seitenline stand Trainerlehrling Stefan, ebenfalls der Vater eines Spielers.<\/p>\n<p>Die Vorrunde der Gruppe A bestand aus den Teams: TSV Burgfarrnbach, Bayern Kickers, unseren Seriengegnern von DJK Don Bosco Bamberg und uns.<\/p>\n<p>In der Vorrunde Gruppe B wirbelten die Teams vom: SC Eltersdorf, ASV F\u00fcrth, SG Ro\u00dftal\/Raitersaich\/Rohr\/Gro\u00dfweismannsdorf und dem Gastgeber, die TSV Azzurri S\u00fcdWest.<\/p>\n<p>Erstes Vorrundenspiel: JFG-Wendelstein &#8211; DJK Don Bosco Bamberg. Die kennen UNS, wir kennen DIE! Ein typisches Spiel \u201ewer als erstes zuckt; verliert\u201c. Den st\u00e4rksten gleich zu Beginn bietet die M\u00f6glichkeit ein Zeichen zu setzen. Mit einem 0:2 ist es uns leider nicht gelungen.<\/p>\n<p>Kopf hoch zum zweiten Vorrundenspiel: TSV Burgfarrnbach &#8211; JFG Wendelstein. Hier waren wir zu keiner Zeit in Bedr\u00e4ngnis und lieferten 4x im gegnerischen Tor ab, der Gegner nicht. Klarer 0:4 Sieg f\u00fcr uns.<\/p>\n<p>Drittes Vorrundenspiel: Bayern Kickers &#8211; JFG Wendelstein. Aus top Motivation, Wille und Ehrgeiz resultierte ein 0<strong>:<\/strong>1 f\u00fcr uns<strong>. <\/strong>Angenehme Spiele sehen jedoch anders aus. Die Pause vor der Finalrunde, damit sich alle beteiligten beruhigen, war dringend notwendig. Spieler und Trainer beider Teams fanden wieder den Dialog, gef\u00fchrt vom Veranstalter. TOP!!!<\/p>\n<p>Die von Tempo gepr\u00e4gte Spielweise unserer Blues bescherte uns die Teilnahme an einem der beiden Halbfinale. Aus unserer Vorrunden-Gruppe qualifizierten sich ebenfalls Bayern Kickers auf Platz 1.<\/p>\n<p>Anpfiff zum Halbfinale mit uns als ansto\u00dfende Mannschaft gegen TSV Azzurri S\u00fcdwest; exakt im Zeitplan. Endergebnis nach 12 Minuten. 2:3 f\u00fcr den Gastgeber.<\/p>\n<p>Das zweite Halbfinale lautete: Bayern Kickers gegen ASV F\u00fcrth mit dem Endstand 2:0.<\/p>\n<p><strong>Wenn es schon ein Siegerpodest gibt, dann stehen wir da auch drauf!<\/strong><\/p>\n<p>Spiel um Platz 3: JFG-Wendelstein gegen ASV F\u00fcrth.<\/p>\n<p>5x nahmen wir die Abstellgenehmigung f\u00fcr das Spielger\u00e4t im gegnerischen Tor an. Julian, unser Gasttorwart aus einer unserer j\u00fcngeren Mannschaften, hatte wenig zu tun. Der 5:0 Seig war Balsam f\u00fcr die Seele. Platz auf dem Siegerpodest gesichert.<\/p>\n<p>Die Finalpartie lautet: TSV Azzurri S\u00fcdwest gegen Bayern Kickers mit dem Endstand: 2:4.<\/p>\n<p>Ein ereignisreiches Wochenende ging zu Ende; denn 16 Stunden vorher gewann dieses Team die HKM-Endturnier der U15\/2 in Neumarkt. Torverh\u00e4ltnis nach den HKM-Runden: 25:1 in 120 gespielten Minuten.<\/p>\n<p><strong>Um Chefcoach Thomas servierten feinste Fu\u00dfballkunst die Spieler: Erhard, Jannik, Jannis, Julian, Louis, Patrik, Philipp, Simon und Valentin.<\/strong><\/p>\n<p>\u00a0<\/p>\n\n\n","protected":false},"excerpt":{"rendered":"<p>Diese Aussage von Sepp Herberger war die Motivation unserer Blues beim Azzurri Cup der C-Jugend 2011 im N\u00fcrnberger S\u00fcdwesten am Sonntag, 9. Februar 2025. Der Terminkalender forderte diesmal den Vater eines Spielers die Rolle als Chefcoach zu \u00fcbernehmen. Mit an der Seitenline stand Trainerlehrling Stefan, ebenfalls der Vater eines Spielers. Die Vorrunde der Gruppe A [&hellip;]<\/p>\n","protected":false},"author":20,"featured_media":12005,"comment_status":"closed","ping_status":"closed","sticky":false,"template":"","format":"standard","meta":{"saved_in_kubio":false,"footnotes":""},"categories":[19],"tags":[],"class_list":["post-12004","post","type-post","status-publish","format-standard","has-post-thumbnail","hentry","category-u15-3"],"yoast_head":"<!-- This site is optimized with the Yoast SEO plugin v27.4 - https:\/\/yoast.com\/product\/yoast-seo-wordpress\/ -->\n<title>Das Runde muss ins Eckige - JFG Wendelstein<\/title>\n<meta name=\"robots\" content=\"index, follow, max-snippet:-1, max-image-preview:large, max-video-preview:-1\" \/>\n<link rel=\"canonical\" href=\"https:\/\/www.jugendfussball-wendelstein.de\/wordpress\/das-runde-muss-ins-eckige\/\" \/>\n<meta property=\"og:locale\" content=\"de_DE\" \/>\n<meta property=\"og:type\" content=\"article\" \/>\n<meta property=\"og:title\" content=\"Das Runde muss ins Eckige - JFG Wendelstein\" \/>\n<meta property=\"og:description\" content=\"Diese Aussage von Sepp Herberger war die Motivation unserer Blues beim Azzurri Cup der C-Jugend 2011 im N\u00fcrnberger S\u00fcdwesten am Sonntag, 9. Februar 2025. Der Terminkalender forderte diesmal den Vater eines Spielers die Rolle als Chefcoach zu \u00fcbernehmen. Mit an der Seitenline stand Trainerlehrling Stefan, ebenfalls der Vater eines Spielers. Die Vorrunde der Gruppe A [&hellip;]\" \/>\n<meta property=\"og:url\" content=\"https:\/\/www.jugendfussball-wendelstein.de\/wordpress\/das-runde-muss-ins-eckige\/\" \/>\n<meta property=\"og:site_name\" content=\"JFG Wendelstein\" \/>\n<meta property=\"article:published_time\" content=\"2025-02-14T11:06:26+00:00\" \/>\n<meta property=\"article:modified_time\" content=\"2025-02-19T20:18:39+00:00\" \/>\n<meta property=\"og:image\" content=\"https:\/\/www.jugendfussball-wendelstein.de\/wordpress\/wp-content\/uploads\/2025\/02\/Azzurri_Team.jpeg\" \/>\n\t<meta property=\"og:image:width\" content=\"1500\" \/>\n\t<meta property=\"og:image:height\" content=\"998\" \/>\n\t<meta property=\"og:image:type\" content=\"image\/jpeg\" \/>\n<meta name=\"author\" content=\"team.u15-3\" \/>\n<meta name=\"twitter:card\" content=\"summary_large_image\" \/>\n<meta name=\"twitter:creator\" content=\"@dominikj\" \/>\n<meta name=\"twitter:label1\" content=\"Verfasst von\" \/>\n\t<meta name=\"twitter:data1\" content=\"team.u15-3\" \/>\n\t<meta name=\"twitter:label2\" content=\"Gesch\u00e4tzte Lesezeit\" \/>\n\t<meta name=\"twitter:data2\" content=\"3\u00a0Minuten\" \/>\n<script type=\"application\/ld+json\" class=\"yoast-schema-graph\">{\"@context\":\"https:\\\/\\\/schema.org\",\"@graph\":[{\"@type\":\"Article\",\"@id\":\"https:\\\/\\\/www.jugendfussball-wendelstein.de\\\/wordpress\\\/das-runde-muss-ins-eckige\\\/#article\",\"isPartOf\":{\"@id\":\"https:\\\/\\\/www.jugendfussball-wendelstein.de\\\/wordpress\\\/das-runde-muss-ins-eckige\\\/\"},\"author\":{\"name\":\"team.u15-3\",\"@id\":\"https:\\\/\\\/www.jugendfussball-wendelstein.de\\\/wordpress\\\/#\\\/schema\\\/person\\\/569b00245b6e677d6292297efa3aab0d\"},\"headline\":\"Das Runde muss ins Eckige\",\"datePublished\":\"2025-02-14T11:06:26+00:00\",\"dateModified\":\"2025-02-19T20:18:39+00:00\",\"mainEntityOfPage\":{\"@id\":\"https:\\\/\\\/www.jugendfussball-wendelstein.de\\\/wordpress\\\/das-runde-muss-ins-eckige\\\/\"},\"wordCount\":416,\"image\":{\"@id\":\"https:\\\/\\\/www.jugendfussball-wendelstein.de\\\/wordpress\\\/das-runde-muss-ins-eckige\\\/#primaryimage\"},\"thumbnailUrl\":\"https:\\\/\\\/www.jugendfussball-wendelstein.de\\\/wordpress\\\/wp-content\\\/uploads\\\/2025\\\/02\\\/Azzurri_Team.jpeg\",\"articleSection\":[\"U15-3\"],\"inLanguage\":\"de\"},{\"@type\":\"WebPage\",\"@id\":\"https:\\\/\\\/www.jugendfussball-wendelstein.de\\\/wordpress\\\/das-runde-muss-ins-eckige\\\/\",\"url\":\"https:\\\/\\\/www.jugendfussball-wendelstein.de\\\/wordpress\\\/das-runde-muss-ins-eckige\\\/\",\"name\":\"Das Runde muss ins Eckige - JFG Wendelstein\",\"isPartOf\":{\"@id\":\"https:\\\/\\\/www.jugendfussball-wendelstein.de\\\/wordpress\\\/#website\"},\"primaryImageOfPage\":{\"@id\":\"https:\\\/\\\/www.jugendfussball-wendelstein.de\\\/wordpress\\\/das-runde-muss-ins-eckige\\\/#primaryimage\"},\"image\":{\"@id\":\"https:\\\/\\\/www.jugendfussball-wendelstein.de\\\/wordpress\\\/das-runde-muss-ins-eckige\\\/#primaryimage\"},\"thumbnailUrl\":\"https:\\\/\\\/www.jugendfussball-wendelstein.de\\\/wordpress\\\/wp-content\\\/uploads\\\/2025\\\/02\\\/Azzurri_Team.jpeg\",\"datePublished\":\"2025-02-14T11:06:26+00:00\",\"dateModified\":\"2025-02-19T20:18:39+00:00\",\"author\":{\"@id\":\"https:\\\/\\\/www.jugendfussball-wendelstein.de\\\/wordpress\\\/#\\\/schema\\\/person\\\/569b00245b6e677d6292297efa3aab0d\"},\"breadcrumb\":{\"@id\":\"https:\\\/\\\/www.jugendfussball-wendelstein.de\\\/wordpress\\\/das-runde-muss-ins-eckige\\\/#breadcrumb\"},\"inLanguage\":\"de\",\"potentialAction\":[{\"@type\":\"ReadAction\",\"target\":[\"https:\\\/\\\/www.jugendfussball-wendelstein.de\\\/wordpress\\\/das-runde-muss-ins-eckige\\\/\"]}]},{\"@type\":\"ImageObject\",\"inLanguage\":\"de\",\"@id\":\"https:\\\/\\\/www.jugendfussball-wendelstein.de\\\/wordpress\\\/das-runde-muss-ins-eckige\\\/#primaryimage\",\"url\":\"https:\\\/\\\/www.jugendfussball-wendelstein.de\\\/wordpress\\\/wp-content\\\/uploads\\\/2025\\\/02\\\/Azzurri_Team.jpeg\",\"contentUrl\":\"https:\\\/\\\/www.jugendfussball-wendelstein.de\\\/wordpress\\\/wp-content\\\/uploads\\\/2025\\\/02\\\/Azzurri_Team.jpeg\",\"width\":1500,\"height\":998},{\"@type\":\"BreadcrumbList\",\"@id\":\"https:\\\/\\\/www.jugendfussball-wendelstein.de\\\/wordpress\\\/das-runde-muss-ins-eckige\\\/#breadcrumb\",\"itemListElement\":[{\"@type\":\"ListItem\",\"position\":1,\"name\":\"Startseite\",\"item\":\"https:\\\/\\\/www.jugendfussball-wendelstein.de\\\/wordpress\\\/\"},{\"@type\":\"ListItem\",\"position\":2,\"name\":\"Das Runde muss ins Eckige\"}]},{\"@type\":\"WebSite\",\"@id\":\"https:\\\/\\\/www.jugendfussball-wendelstein.de\\\/wordpress\\\/#website\",\"url\":\"https:\\\/\\\/www.jugendfussball-wendelstein.de\\\/wordpress\\\/\",\"name\":\"JFG Wendelstein\",\"description\":\"Juniorenfu\u00dfball\",\"potentialAction\":[{\"@type\":\"SearchAction\",\"target\":{\"@type\":\"EntryPoint\",\"urlTemplate\":\"https:\\\/\\\/www.jugendfussball-wendelstein.de\\\/wordpress\\\/?s={search_term_string}\"},\"query-input\":{\"@type\":\"PropertyValueSpecification\",\"valueRequired\":true,\"valueName\":\"search_term_string\"}}],\"inLanguage\":\"de\"},{\"@type\":\"Person\",\"@id\":\"https:\\\/\\\/www.jugendfussball-wendelstein.de\\\/wordpress\\\/#\\\/schema\\\/person\\\/569b00245b6e677d6292297efa3aab0d\",\"name\":\"team.u15-3\",\"image\":{\"@type\":\"ImageObject\",\"inLanguage\":\"de\",\"@id\":\"https:\\\/\\\/secure.gravatar.com\\\/avatar\\\/2176380f003b126b3f8f8bd5140c30297f05726e40f54ccac82f8b6835e77226?s=96&d=mm&r=g\",\"url\":\"https:\\\/\\\/secure.gravatar.com\\\/avatar\\\/2176380f003b126b3f8f8bd5140c30297f05726e40f54ccac82f8b6835e77226?s=96&d=mm&r=g\",\"contentUrl\":\"https:\\\/\\\/secure.gravatar.com\\\/avatar\\\/2176380f003b126b3f8f8bd5140c30297f05726e40f54ccac82f8b6835e77226?s=96&d=mm&r=g\",\"caption\":\"team.u15-3\"},\"sameAs\":[\"https:\\\/\\\/x.com\\\/dominikj\"],\"url\":\"https:\\\/\\\/www.jugendfussball-wendelstein.de\\\/wordpress\\\/author\\\/team-u15-3\\\/\"}]}<\/script>\n<!-- \/ Yoast SEO plugin. -->","yoast_head_json":{"title":"Das Runde muss ins Eckige - JFG Wendelstein","robots":{"index":"index","follow":"follow","max-snippet":"max-snippet:-1","max-image-preview":"max-image-preview:large","max-video-preview":"max-video-preview:-1"},"canonical":"https:\/\/www.jugendfussball-wendelstein.de\/wordpress\/das-runde-muss-ins-eckige\/","og_locale":"de_DE","og_type":"article","og_title":"Das Runde muss ins Eckige - JFG Wendelstein","og_description":"Diese Aussage von Sepp Herberger war die Motivation unserer Blues beim Azzurri Cup der C-Jugend 2011 im N\u00fcrnberger S\u00fcdwesten am Sonntag, 9. Februar 2025. Der Terminkalender forderte diesmal den Vater eines Spielers die Rolle als Chefcoach zu \u00fcbernehmen. Mit an der Seitenline stand Trainerlehrling Stefan, ebenfalls der Vater eines Spielers. Die Vorrunde der Gruppe A [&hellip;]","og_url":"https:\/\/www.jugendfussball-wendelstein.de\/wordpress\/das-runde-muss-ins-eckige\/","og_site_name":"JFG Wendelstein","article_published_time":"2025-02-14T11:06:26+00:00","article_modified_time":"2025-02-19T20:18:39+00:00","og_image":[{"width":1500,"height":998,"url":"https:\/\/www.jugendfussball-wendelstein.de\/wordpress\/wp-content\/uploads\/2025\/02\/Azzurri_Team.jpeg","type":"image\/jpeg"}],"author":"team.u15-3","twitter_card":"summary_large_image","twitter_creator":"@dominikj","twitter_misc":{"Verfasst von":"team.u15-3","Gesch\u00e4tzte Lesezeit":"3\u00a0Minuten"},"schema":{"@context":"https:\/\/schema.org","@graph":[{"@type":"Article","@id":"https:\/\/www.jugendfussball-wendelstein.de\/wordpress\/das-runde-muss-ins-eckige\/#article","isPartOf":{"@id":"https:\/\/www.jugendfussball-wendelstein.de\/wordpress\/das-runde-muss-ins-eckige\/"},"author":{"name":"team.u15-3","@id":"https:\/\/www.jugendfussball-wendelstein.de\/wordpress\/#\/schema\/person\/569b00245b6e677d6292297efa3aab0d"},"headline":"Das Runde muss ins Eckige","datePublished":"2025-02-14T11:06:26+00:00","dateModified":"2025-02-19T20:18:39+00:00","mainEntityOfPage":{"@id":"https:\/\/www.jugendfussball-wendelstein.de\/wordpress\/das-runde-muss-ins-eckige\/"},"wordCount":416,"image":{"@id":"https:\/\/www.jugendfussball-wendelstein.de\/wordpress\/das-runde-muss-ins-eckige\/#primaryimage"},"thumbnailUrl":"https:\/\/www.jugendfussball-wendelstein.de\/wordpress\/wp-content\/uploads\/2025\/02\/Azzurri_Team.jpeg","articleSection":["U15-3"],"inLanguage":"de"},{"@type":"WebPage","@id":"https:\/\/www.jugendfussball-wendelstein.de\/wordpress\/das-runde-muss-ins-eckige\/","url":"https:\/\/www.jugendfussball-wendelstein.de\/wordpress\/das-runde-muss-ins-eckige\/","name":"Das Runde muss ins Eckige - JFG Wendelstein","isPartOf":{"@id":"https:\/\/www.jugendfussball-wendelstein.de\/wordpress\/#website"},"primaryImageOfPage":{"@id":"https:\/\/www.jugendfussball-wendelstein.de\/wordpress\/das-runde-muss-ins-eckige\/#primaryimage"},"image":{"@id":"https:\/\/www.jugendfussball-wendelstein.de\/wordpress\/das-runde-muss-ins-eckige\/#primaryimage"},"thumbnailUrl":"https:\/\/www.jugendfussball-wendelstein.de\/wordpress\/wp-content\/uploads\/2025\/02\/Azzurri_Team.jpeg","datePublished":"2025-02-14T11:06:26+00:00","dateModified":"2025-02-19T20:18:39+00:00","author":{"@id":"https:\/\/www.jugendfussball-wendelstein.de\/wordpress\/#\/schema\/person\/569b00245b6e677d6292297efa3aab0d"},"breadcrumb":{"@id":"https:\/\/www.jugendfussball-wendelstein.de\/wordpress\/das-runde-muss-ins-eckige\/#breadcrumb"},"inLanguage":"de","potentialAction":[{"@type":"ReadAction","target":["https:\/\/www.jugendfussball-wendelstein.de\/wordpress\/das-runde-muss-ins-eckige\/"]}]},{"@type":"ImageObject","inLanguage":"de","@id":"https:\/\/www.jugendfussball-wendelstein.de\/wordpress\/das-runde-muss-ins-eckige\/#primaryimage","url":"https:\/\/www.jugendfussball-wendelstein.de\/wordpress\/wp-content\/uploads\/2025\/02\/Azzurri_Team.jpeg","contentUrl":"https:\/\/www.jugendfussball-wendelstein.de\/wordpress\/wp-content\/uploads\/2025\/02\/Azzurri_Team.jpeg","width":1500,"height":998},{"@type":"BreadcrumbList","@id":"https:\/\/www.jugendfussball-wendelstein.de\/wordpress\/das-runde-muss-ins-eckige\/#breadcrumb","itemListElement":[{"@type":"ListItem","position":1,"name":"Startseite","item":"https:\/\/www.jugendfussball-wendelstein.de\/wordpress\/"},{"@type":"ListItem","position":2,"name":"Das Runde muss ins Eckige"}]},{"@type":"WebSite","@id":"https:\/\/www.jugendfussball-wendelstein.de\/wordpress\/#website","url":"https:\/\/www.jugendfussball-wendelstein.de\/wordpress\/","name":"JFG Wendelstein","description":"Juniorenfu\u00dfball","potentialAction":[{"@type":"SearchAction","target":{"@type":"EntryPoint","urlTemplate":"https:\/\/www.jugendfussball-wendelstein.de\/wordpress\/?s={search_term_string}"},"query-input":{"@type":"PropertyValueSpecification","valueRequired":true,"valueName":"search_term_string"}}],"inLanguage":"de"},{"@type":"Person","@id":"https:\/\/www.jugendfussball-wendelstein.de\/wordpress\/#\/schema\/person\/569b00245b6e677d6292297efa3aab0d","name":"team.u15-3","image":{"@type":"ImageObject","inLanguage":"de","@id":"https:\/\/secure.gravatar.com\/avatar\/2176380f003b126b3f8f8bd5140c30297f05726e40f54ccac82f8b6835e77226?s=96&d=mm&r=g","url":"https:\/\/secure.gravatar.com\/avatar\/2176380f003b126b3f8f8bd5140c30297f05726e40f54ccac82f8b6835e77226?s=96&d=mm&r=g","contentUrl":"https:\/\/secure.gravatar.com\/avatar\/2176380f003b126b3f8f8bd5140c30297f05726e40f54ccac82f8b6835e77226?s=96&d=mm&r=g","caption":"team.u15-3"},"sameAs":["https:\/\/x.com\/dominikj"],"url":"https:\/\/www.jugendfussball-wendelstein.de\/wordpress\/author\/team-u15-3\/"}]}},"_links":{"self":[{"href":"https:\/\/www.jugendfussball-wendelstein.de\/wordpress\/wp-json\/wp\/v2\/posts\/12004","targetHints":{"allow":["GET"]}}],"collection":[{"href":"https:\/\/www.jugendfussball-wendelstein.de\/wordpress\/wp-json\/wp\/v2\/posts"}],"about":[{"href":"https:\/\/www.jugendfussball-wendelstein.de\/wordpress\/wp-json\/wp\/v2\/types\/post"}],"author":[{"embeddable":true,"href":"https:\/\/www.jugendfussball-wendelstein.de\/wordpress\/wp-json\/wp\/v2\/users\/20"}],"replies":[{"embeddable":true,"href":"https:\/\/www.jugendfussball-wendelstein.de\/wordpress\/wp-json\/wp\/v2\/comments?post=12004"}],"version-history":[{"count":0,"href":"https:\/\/www.jugendfussball-wendelstein.de\/wordpress\/wp-json\/wp\/v2\/posts\/12004\/revisions"}],"wp:featuredmedia":[{"embeddable":true,"href":"https:\/\/www.jugendfussball-wendelstein.de\/wordpress\/wp-json\/wp\/v2\/media\/12005"}],"wp:attachment":[{"href":"https:\/\/www.jugendfussball-wendelstein.de\/wordpress\/wp-json\/wp\/v2\/media?parent=12004"}],"wp:term":[{"taxonomy":"category","embeddable":true,"href":"https:\/\/www.jugendfussball-wendelstein.de\/wordpress\/wp-json\/wp\/v2\/categories?post=12004"},{"taxonomy":"post_tag","embeddable":true,"href":"https:\/\/www.jugendfussball-wendelstein.de\/wordpress\/wp-json\/wp\/v2\/tags?post=12004"}],"curies":[{"name":"wp","href":"https:\/\/api.w.org\/{rel}","templated":true}]}}