{"id":12242,"date":"2025-04-28T13:18:49","date_gmt":"2025-04-28T11:18:49","guid":{"rendered":"https:\/\/www.jugendfussball-wendelstein.de\/wordpress\/?p=12242"},"modified":"2025-04-28T13:18:51","modified_gmt":"2025-04-28T11:18:51","slug":"unsere-jfg-wendelstein-braucht-eure-stimme","status":"publish","type":"post","link":"https:\/\/www.jugendfussball-wendelstein.de\/wordpress\/unsere-jfg-wendelstein-braucht-eure-stimme\/","title":{"rendered":"Unsere JFG Wendelstein braucht eure Stimme!"},"content":{"rendered":"\n<p><img loading=\"lazy\" decoding=\"async\" class=\"alignnone size-medium wp-image-12243\" src=\"https:\/\/www.jugendfussball-wendelstein.de\/wordpress\/wp-content\/uploads\/2025\/04\/WhatsApp-Image-2025-04-22-at-09.56.07-200x300.jpeg\" alt=\"\" width=\"200\" height=\"300\"><\/p>\n\n\n\n<p>Wir sind bei der Netto-Vereinsspende dabei \u2013 jede Stimme z\u00e4hlt!<br>Stimmt jetzt f\u00fcr uns ab und helft, unseren Nachwuchs zu f\u00f6rdern:<br>Hier abstimmen:<br><br>https:\/\/www.netto-online.de\/vereinsspende\/JFG-Wendelstein.vhtm?tcord=1&amp;lat=49.35633788988425&amp;lng=11.141354821168067<\/p>\n\n\n\n<p><strong>Voting l\u00e4uft nur noch bis zum 04. Mai!<br><\/strong>Teilt den Link, aktiviert Freunde und Familie \u2013 gemeinsam f\u00fcr unsere Kids!<\/p>\n\n\n\n<h5 class=\"wp-block-heading\">jfgwendelstein #vereinsspende #nachwuchsf\u00f6rderung #nettovereinsspende #fu\u00dfballliebe<\/h5>\n\n\n","protected":false},"excerpt":{"rendered":"<p>Wir sind bei der Netto-Vereinsspende dabei \u2013 jede Stimme z\u00e4hlt!Stimmt jetzt f\u00fcr uns ab und helft, unseren Nachwuchs zu f\u00f6rdern:Hier abstimmen: https:\/\/www.netto-online.de\/vereinsspende\/JFG-Wendelstein.vhtm?tcord=1&amp;lat=49.35633788988425&amp;lng=11.141354821168067 Voting l\u00e4uft nur noch bis zum 04. Mai!Teilt den Link, aktiviert Freunde und Familie \u2013 gemeinsam f\u00fcr unsere Kids! jfgwendelstein #vereinsspende #nachwuchsf\u00f6rderung #nettovereinsspende #fu\u00dfballliebe<\/p>\n","protected":false},"author":12,"featured_media":12243,"comment_status":"closed","ping_status":"closed","sticky":false,"template":"","format":"standard","meta":{"saved_in_kubio":false,"footnotes":""},"categories":[1],"tags":[],"class_list":["post-12242","post","type-post","status-publish","format-standard","has-post-thumbnail","hentry","category-allgemein"],"yoast_head":"<!-- This site is optimized with the Yoast SEO plugin v27.4 - https:\/\/yoast.com\/product\/yoast-seo-wordpress\/ -->\n<title>Unsere JFG Wendelstein braucht eure Stimme! - JFG Wendelstein<\/title>\n<meta name=\"robots\" content=\"index, follow, max-snippet:-1, max-image-preview:large, max-video-preview:-1\" \/>\n<link rel=\"canonical\" href=\"https:\/\/www.jugendfussball-wendelstein.de\/wordpress\/unsere-jfg-wendelstein-braucht-eure-stimme\/\" \/>\n<meta property=\"og:locale\" content=\"de_DE\" \/>\n<meta property=\"og:type\" content=\"article\" \/>\n<meta property=\"og:title\" content=\"Unsere JFG Wendelstein braucht eure Stimme! - JFG Wendelstein\" \/>\n<meta property=\"og:description\" content=\"Wir sind bei der Netto-Vereinsspende dabei \u2013 jede Stimme z\u00e4hlt!Stimmt jetzt f\u00fcr uns ab und helft, unseren Nachwuchs zu f\u00f6rdern:Hier abstimmen: https:\/\/www.netto-online.de\/vereinsspende\/JFG-Wendelstein.vhtm?tcord=1&amp;lat=49.35633788988425&amp;lng=11.141354821168067 Voting l\u00e4uft nur noch bis zum 04. Mai!Teilt den Link, aktiviert Freunde und Familie \u2013 gemeinsam f\u00fcr unsere Kids! jfgwendelstein #vereinsspende #nachwuchsf\u00f6rderung #nettovereinsspende #fu\u00dfballliebe\" \/>\n<meta property=\"og:url\" content=\"https:\/\/www.jugendfussball-wendelstein.de\/wordpress\/unsere-jfg-wendelstein-braucht-eure-stimme\/\" \/>\n<meta property=\"og:site_name\" content=\"JFG Wendelstein\" \/>\n<meta property=\"article:published_time\" content=\"2025-04-28T11:18:49+00:00\" \/>\n<meta property=\"article:modified_time\" content=\"2025-04-28T11:18:51+00:00\" \/>\n<meta property=\"og:image\" content=\"https:\/\/www.jugendfussball-wendelstein.de\/wordpress\/wp-content\/uploads\/2025\/04\/WhatsApp-Image-2025-04-22-at-09.56.07-e1745331328107.jpeg\" \/>\n\t<meta property=\"og:image:width\" content=\"1014\" \/>\n\t<meta property=\"og:image:height\" content=\"732\" \/>\n\t<meta property=\"og:image:type\" content=\"image\/jpeg\" \/>\n<meta name=\"author\" content=\"Sven Wild\" \/>\n<meta name=\"twitter:card\" content=\"summary_large_image\" \/>\n<meta name=\"twitter:label1\" content=\"Verfasst von\" \/>\n\t<meta name=\"twitter:data1\" content=\"Sven Wild\" \/>\n\t<meta name=\"twitter:label2\" content=\"Gesch\u00e4tzte Lesezeit\" \/>\n\t<meta name=\"twitter:data2\" content=\"1\u00a0Minute\" \/>\n<script type=\"application\/ld+json\" class=\"yoast-schema-graph\">{\"@context\":\"https:\\\/\\\/schema.org\",\"@graph\":[{\"@type\":\"Article\",\"@id\":\"https:\\\/\\\/www.jugendfussball-wendelstein.de\\\/wordpress\\\/unsere-jfg-wendelstein-braucht-eure-stimme\\\/#article\",\"isPartOf\":{\"@id\":\"https:\\\/\\\/www.jugendfussball-wendelstein.de\\\/wordpress\\\/unsere-jfg-wendelstein-braucht-eure-stimme\\\/\"},\"author\":{\"name\":\"Sven Wild\",\"@id\":\"https:\\\/\\\/www.jugendfussball-wendelstein.de\\\/wordpress\\\/#\\\/schema\\\/person\\\/60c7c9e359359e7dbba632ecaa71230f\"},\"headline\":\"Unsere JFG Wendelstein braucht eure Stimme!\",\"datePublished\":\"2025-04-28T11:18:49+00:00\",\"dateModified\":\"2025-04-28T11:18:51+00:00\",\"mainEntityOfPage\":{\"@id\":\"https:\\\/\\\/www.jugendfussball-wendelstein.de\\\/wordpress\\\/unsere-jfg-wendelstein-braucht-eure-stimme\\\/\"},\"wordCount\":70,\"image\":{\"@id\":\"https:\\\/\\\/www.jugendfussball-wendelstein.de\\\/wordpress\\\/unsere-jfg-wendelstein-braucht-eure-stimme\\\/#primaryimage\"},\"thumbnailUrl\":\"https:\\\/\\\/www.jugendfussball-wendelstein.de\\\/wordpress\\\/wp-content\\\/uploads\\\/2025\\\/04\\\/WhatsApp-Image-2025-04-22-at-09.56.07-e1745331328107.jpeg\",\"articleSection\":[\"Aktuell\"],\"inLanguage\":\"de\"},{\"@type\":\"WebPage\",\"@id\":\"https:\\\/\\\/www.jugendfussball-wendelstein.de\\\/wordpress\\\/unsere-jfg-wendelstein-braucht-eure-stimme\\\/\",\"url\":\"https:\\\/\\\/www.jugendfussball-wendelstein.de\\\/wordpress\\\/unsere-jfg-wendelstein-braucht-eure-stimme\\\/\",\"name\":\"Unsere JFG Wendelstein braucht eure Stimme! - JFG Wendelstein\",\"isPartOf\":{\"@id\":\"https:\\\/\\\/www.jugendfussball-wendelstein.de\\\/wordpress\\\/#website\"},\"primaryImageOfPage\":{\"@id\":\"https:\\\/\\\/www.jugendfussball-wendelstein.de\\\/wordpress\\\/unsere-jfg-wendelstein-braucht-eure-stimme\\\/#primaryimage\"},\"image\":{\"@id\":\"https:\\\/\\\/www.jugendfussball-wendelstein.de\\\/wordpress\\\/unsere-jfg-wendelstein-braucht-eure-stimme\\\/#primaryimage\"},\"thumbnailUrl\":\"https:\\\/\\\/www.jugendfussball-wendelstein.de\\\/wordpress\\\/wp-content\\\/uploads\\\/2025\\\/04\\\/WhatsApp-Image-2025-04-22-at-09.56.07-e1745331328107.jpeg\",\"datePublished\":\"2025-04-28T11:18:49+00:00\",\"dateModified\":\"2025-04-28T11:18:51+00:00\",\"author\":{\"@id\":\"https:\\\/\\\/www.jugendfussball-wendelstein.de\\\/wordpress\\\/#\\\/schema\\\/person\\\/60c7c9e359359e7dbba632ecaa71230f\"},\"breadcrumb\":{\"@id\":\"https:\\\/\\\/www.jugendfussball-wendelstein.de\\\/wordpress\\\/unsere-jfg-wendelstein-braucht-eure-stimme\\\/#breadcrumb\"},\"inLanguage\":\"de\",\"potentialAction\":[{\"@type\":\"ReadAction\",\"target\":[\"https:\\\/\\\/www.jugendfussball-wendelstein.de\\\/wordpress\\\/unsere-jfg-wendelstein-braucht-eure-stimme\\\/\"]}]},{\"@type\":\"ImageObject\",\"inLanguage\":\"de\",\"@id\":\"https:\\\/\\\/www.jugendfussball-wendelstein.de\\\/wordpress\\\/unsere-jfg-wendelstein-braucht-eure-stimme\\\/#primaryimage\",\"url\":\"https:\\\/\\\/www.jugendfussball-wendelstein.de\\\/wordpress\\\/wp-content\\\/uploads\\\/2025\\\/04\\\/WhatsApp-Image-2025-04-22-at-09.56.07-e1745331328107.jpeg\",\"contentUrl\":\"https:\\\/\\\/www.jugendfussball-wendelstein.de\\\/wordpress\\\/wp-content\\\/uploads\\\/2025\\\/04\\\/WhatsApp-Image-2025-04-22-at-09.56.07-e1745331328107.jpeg\",\"width\":1014,\"height\":732},{\"@type\":\"BreadcrumbList\",\"@id\":\"https:\\\/\\\/www.jugendfussball-wendelstein.de\\\/wordpress\\\/unsere-jfg-wendelstein-braucht-eure-stimme\\\/#breadcrumb\",\"itemListElement\":[{\"@type\":\"ListItem\",\"position\":1,\"name\":\"Startseite\",\"item\":\"https:\\\/\\\/www.jugendfussball-wendelstein.de\\\/wordpress\\\/\"},{\"@type\":\"ListItem\",\"position\":2,\"name\":\"Unsere JFG Wendelstein braucht eure Stimme!\"}]},{\"@type\":\"WebSite\",\"@id\":\"https:\\\/\\\/www.jugendfussball-wendelstein.de\\\/wordpress\\\/#website\",\"url\":\"https:\\\/\\\/www.jugendfussball-wendelstein.de\\\/wordpress\\\/\",\"name\":\"JFG Wendelstein\",\"description\":\"Juniorenfu\u00dfball\",\"potentialAction\":[{\"@type\":\"SearchAction\",\"target\":{\"@type\":\"EntryPoint\",\"urlTemplate\":\"https:\\\/\\\/www.jugendfussball-wendelstein.de\\\/wordpress\\\/?s={search_term_string}\"},\"query-input\":{\"@type\":\"PropertyValueSpecification\",\"valueRequired\":true,\"valueName\":\"search_term_string\"}}],\"inLanguage\":\"de\"},{\"@type\":\"Person\",\"@id\":\"https:\\\/\\\/www.jugendfussball-wendelstein.de\\\/wordpress\\\/#\\\/schema\\\/person\\\/60c7c9e359359e7dbba632ecaa71230f\",\"name\":\"Sven Wild\",\"image\":{\"@type\":\"ImageObject\",\"inLanguage\":\"de\",\"@id\":\"https:\\\/\\\/secure.gravatar.com\\\/avatar\\\/c5b9d0a332fe75a150246c57ed7781a23a2b5e7cc7c0788597c898baefac3f76?s=96&d=mm&r=g\",\"url\":\"https:\\\/\\\/secure.gravatar.com\\\/avatar\\\/c5b9d0a332fe75a150246c57ed7781a23a2b5e7cc7c0788597c898baefac3f76?s=96&d=mm&r=g\",\"contentUrl\":\"https:\\\/\\\/secure.gravatar.com\\\/avatar\\\/c5b9d0a332fe75a150246c57ed7781a23a2b5e7cc7c0788597c898baefac3f76?s=96&d=mm&r=g\",\"caption\":\"Sven Wild\"},\"url\":\"https:\\\/\\\/www.jugendfussball-wendelstein.de\\\/wordpress\\\/author\\\/sven-wild\\\/\"}]}<\/script>\n<!-- \/ Yoast SEO plugin. -->","yoast_head_json":{"title":"Unsere JFG Wendelstein braucht eure Stimme! - JFG Wendelstein","robots":{"index":"index","follow":"follow","max-snippet":"max-snippet:-1","max-image-preview":"max-image-preview:large","max-video-preview":"max-video-preview:-1"},"canonical":"https:\/\/www.jugendfussball-wendelstein.de\/wordpress\/unsere-jfg-wendelstein-braucht-eure-stimme\/","og_locale":"de_DE","og_type":"article","og_title":"Unsere JFG Wendelstein braucht eure Stimme! - JFG Wendelstein","og_description":"Wir sind bei der Netto-Vereinsspende dabei \u2013 jede Stimme z\u00e4hlt!Stimmt jetzt f\u00fcr uns ab und helft, unseren Nachwuchs zu f\u00f6rdern:Hier abstimmen: https:\/\/www.netto-online.de\/vereinsspende\/JFG-Wendelstein.vhtm?tcord=1&amp;lat=49.35633788988425&amp;lng=11.141354821168067 Voting l\u00e4uft nur noch bis zum 04. Mai!Teilt den Link, aktiviert Freunde und Familie \u2013 gemeinsam f\u00fcr unsere Kids! jfgwendelstein #vereinsspende #nachwuchsf\u00f6rderung #nettovereinsspende #fu\u00dfballliebe","og_url":"https:\/\/www.jugendfussball-wendelstein.de\/wordpress\/unsere-jfg-wendelstein-braucht-eure-stimme\/","og_site_name":"JFG Wendelstein","article_published_time":"2025-04-28T11:18:49+00:00","article_modified_time":"2025-04-28T11:18:51+00:00","og_image":[{"width":1014,"height":732,"url":"https:\/\/www.jugendfussball-wendelstein.de\/wordpress\/wp-content\/uploads\/2025\/04\/WhatsApp-Image-2025-04-22-at-09.56.07-e1745331328107.jpeg","type":"image\/jpeg"}],"author":"Sven Wild","twitter_card":"summary_large_image","twitter_misc":{"Verfasst von":"Sven Wild","Gesch\u00e4tzte Lesezeit":"1\u00a0Minute"},"schema":{"@context":"https:\/\/schema.org","@graph":[{"@type":"Article","@id":"https:\/\/www.jugendfussball-wendelstein.de\/wordpress\/unsere-jfg-wendelstein-braucht-eure-stimme\/#article","isPartOf":{"@id":"https:\/\/www.jugendfussball-wendelstein.de\/wordpress\/unsere-jfg-wendelstein-braucht-eure-stimme\/"},"author":{"name":"Sven Wild","@id":"https:\/\/www.jugendfussball-wendelstein.de\/wordpress\/#\/schema\/person\/60c7c9e359359e7dbba632ecaa71230f"},"headline":"Unsere JFG Wendelstein braucht eure Stimme!","datePublished":"2025-04-28T11:18:49+00:00","dateModified":"2025-04-28T11:18:51+00:00","mainEntityOfPage":{"@id":"https:\/\/www.jugendfussball-wendelstein.de\/wordpress\/unsere-jfg-wendelstein-braucht-eure-stimme\/"},"wordCount":70,"image":{"@id":"https:\/\/www.jugendfussball-wendelstein.de\/wordpress\/unsere-jfg-wendelstein-braucht-eure-stimme\/#primaryimage"},"thumbnailUrl":"https:\/\/www.jugendfussball-wendelstein.de\/wordpress\/wp-content\/uploads\/2025\/04\/WhatsApp-Image-2025-04-22-at-09.56.07-e1745331328107.jpeg","articleSection":["Aktuell"],"inLanguage":"de"},{"@type":"WebPage","@id":"https:\/\/www.jugendfussball-wendelstein.de\/wordpress\/unsere-jfg-wendelstein-braucht-eure-stimme\/","url":"https:\/\/www.jugendfussball-wendelstein.de\/wordpress\/unsere-jfg-wendelstein-braucht-eure-stimme\/","name":"Unsere JFG Wendelstein braucht eure Stimme! - JFG Wendelstein","isPartOf":{"@id":"https:\/\/www.jugendfussball-wendelstein.de\/wordpress\/#website"},"primaryImageOfPage":{"@id":"https:\/\/www.jugendfussball-wendelstein.de\/wordpress\/unsere-jfg-wendelstein-braucht-eure-stimme\/#primaryimage"},"image":{"@id":"https:\/\/www.jugendfussball-wendelstein.de\/wordpress\/unsere-jfg-wendelstein-braucht-eure-stimme\/#primaryimage"},"thumbnailUrl":"https:\/\/www.jugendfussball-wendelstein.de\/wordpress\/wp-content\/uploads\/2025\/04\/WhatsApp-Image-2025-04-22-at-09.56.07-e1745331328107.jpeg","datePublished":"2025-04-28T11:18:49+00:00","dateModified":"2025-04-28T11:18:51+00:00","author":{"@id":"https:\/\/www.jugendfussball-wendelstein.de\/wordpress\/#\/schema\/person\/60c7c9e359359e7dbba632ecaa71230f"},"breadcrumb":{"@id":"https:\/\/www.jugendfussball-wendelstein.de\/wordpress\/unsere-jfg-wendelstein-braucht-eure-stimme\/#breadcrumb"},"inLanguage":"de","potentialAction":[{"@type":"ReadAction","target":["https:\/\/www.jugendfussball-wendelstein.de\/wordpress\/unsere-jfg-wendelstein-braucht-eure-stimme\/"]}]},{"@type":"ImageObject","inLanguage":"de","@id":"https:\/\/www.jugendfussball-wendelstein.de\/wordpress\/unsere-jfg-wendelstein-braucht-eure-stimme\/#primaryimage","url":"https:\/\/www.jugendfussball-wendelstein.de\/wordpress\/wp-content\/uploads\/2025\/04\/WhatsApp-Image-2025-04-22-at-09.56.07-e1745331328107.jpeg","contentUrl":"https:\/\/www.jugendfussball-wendelstein.de\/wordpress\/wp-content\/uploads\/2025\/04\/WhatsApp-Image-2025-04-22-at-09.56.07-e1745331328107.jpeg","width":1014,"height":732},{"@type":"BreadcrumbList","@id":"https:\/\/www.jugendfussball-wendelstein.de\/wordpress\/unsere-jfg-wendelstein-braucht-eure-stimme\/#breadcrumb","itemListElement":[{"@type":"ListItem","position":1,"name":"Startseite","item":"https:\/\/www.jugendfussball-wendelstein.de\/wordpress\/"},{"@type":"ListItem","position":2,"name":"Unsere JFG Wendelstein braucht eure Stimme!"}]},{"@type":"WebSite","@id":"https:\/\/www.jugendfussball-wendelstein.de\/wordpress\/#website","url":"https:\/\/www.jugendfussball-wendelstein.de\/wordpress\/","name":"JFG Wendelstein","description":"Juniorenfu\u00dfball","potentialAction":[{"@type":"SearchAction","target":{"@type":"EntryPoint","urlTemplate":"https:\/\/www.jugendfussball-wendelstein.de\/wordpress\/?s={search_term_string}"},"query-input":{"@type":"PropertyValueSpecification","valueRequired":true,"valueName":"search_term_string"}}],"inLanguage":"de"},{"@type":"Person","@id":"https:\/\/www.jugendfussball-wendelstein.de\/wordpress\/#\/schema\/person\/60c7c9e359359e7dbba632ecaa71230f","name":"Sven Wild","image":{"@type":"ImageObject","inLanguage":"de","@id":"https:\/\/secure.gravatar.com\/avatar\/c5b9d0a332fe75a150246c57ed7781a23a2b5e7cc7c0788597c898baefac3f76?s=96&d=mm&r=g","url":"https:\/\/secure.gravatar.com\/avatar\/c5b9d0a332fe75a150246c57ed7781a23a2b5e7cc7c0788597c898baefac3f76?s=96&d=mm&r=g","contentUrl":"https:\/\/secure.gravatar.com\/avatar\/c5b9d0a332fe75a150246c57ed7781a23a2b5e7cc7c0788597c898baefac3f76?s=96&d=mm&r=g","caption":"Sven Wild"},"url":"https:\/\/www.jugendfussball-wendelstein.de\/wordpress\/author\/sven-wild\/"}]}},"_links":{"self":[{"href":"https:\/\/www.jugendfussball-wendelstein.de\/wordpress\/wp-json\/wp\/v2\/posts\/12242","targetHints":{"allow":["GET"]}}],"collection":[{"href":"https:\/\/www.jugendfussball-wendelstein.de\/wordpress\/wp-json\/wp\/v2\/posts"}],"about":[{"href":"https:\/\/www.jugendfussball-wendelstein.de\/wordpress\/wp-json\/wp\/v2\/types\/post"}],"author":[{"embeddable":true,"href":"https:\/\/www.jugendfussball-wendelstein.de\/wordpress\/wp-json\/wp\/v2\/users\/12"}],"replies":[{"embeddable":true,"href":"https:\/\/www.jugendfussball-wendelstein.de\/wordpress\/wp-json\/wp\/v2\/comments?post=12242"}],"version-history":[{"count":0,"href":"https:\/\/www.jugendfussball-wendelstein.de\/wordpress\/wp-json\/wp\/v2\/posts\/12242\/revisions"}],"wp:featuredmedia":[{"embeddable":true,"href":"https:\/\/www.jugendfussball-wendelstein.de\/wordpress\/wp-json\/wp\/v2\/media\/12243"}],"wp:attachment":[{"href":"https:\/\/www.jugendfussball-wendelstein.de\/wordpress\/wp-json\/wp\/v2\/media?parent=12242"}],"wp:term":[{"taxonomy":"category","embeddable":true,"href":"https:\/\/www.jugendfussball-wendelstein.de\/wordpress\/wp-json\/wp\/v2\/categories?post=12242"},{"taxonomy":"post_tag","embeddable":true,"href":"https:\/\/www.jugendfussball-wendelstein.de\/wordpress\/wp-json\/wp\/v2\/tags?post=12242"}],"curies":[{"name":"wp","href":"https:\/\/api.w.org\/{rel}","templated":true}]}}