{"id":12260,"date":"2025-04-28T20:41:01","date_gmt":"2025-04-28T18:41:01","guid":{"rendered":"https:\/\/www.jugendfussball-wendelstein.de\/wordpress\/?p=12260"},"modified":"2025-04-28T20:41:03","modified_gmt":"2025-04-28T18:41:03","slug":"ein-fussballreiches-wochenende-fuer-unsere-u13-5-blues","status":"publish","type":"post","link":"https:\/\/www.jugendfussball-wendelstein.de\/wordpress\/ein-fussballreiches-wochenende-fuer-unsere-u13-5-blues\/","title":{"rendered":"Ein fussballreiches Wochenende f\u00fcr unsere U13-5 Blues!"},"content":{"rendered":"\n<p><span style=\"font-size: revert;color: initial\">Am Freitagabend starteten unsere Jungs mit einem starken Auftritt in der Aufstiegsrunde der Bezirksoberliga gegen den SV Wettelsheim. Von Beginn an dominierten unsere Blues das Spiel und gingen bereits zur Halbzeitpause mit drei Toren in F\u00fchrung. Nach dem Seitenwechsel kam der Gegner etwas besser ins Spiel und konnte per Elfmeter auf 3:1 verk\u00fcrzen. Doch unsere Jungs lie\u00dfen sich nicht aus der Ruhe bringen und bauten die F\u00fchrung schnell auf 5:1 aus. Kurz vor Schluss gelang dem Gegner noch ein Treffer zum 5:2, was auch den Endstand markierte.<\/span><\/p>\n<p>&#x1f973;Gl\u00fcckwunsch an unsere Jungs zum hochverdienten 5:2-Sieg im Ligabetrieb!&#x1f499;&#x1f90d;<\/p>\n<p>Am Samstag stand dann eine besondere Herausforderung an: das Qualifikationsturnier f\u00fcr den Cordial Cup Tirol beim FSV Steinsberg bei Regenstauf.<\/p>\n<p>Unsere Blues traten als eine der wenigen Kreisliga-Mannschaften an \u2013 insgesamt waren 20 Teams am Start, \u00fcberwiegend aus F\u00f6rderligen und NLZ Teams.<\/p>\n<p><span data-h-fragment=\"JTVCJTdCJTIydHlwZSUyMiUzQSUyMnBhcmFncmFwaCUyMiUyQyUyMmNoaWxkcmVuJTIyJTNBJTVCJTdCJTIydGV4dCUyMiUzQSUyMkltJTIwZXJzdGVuJTIwU3BpZWwlMjB0cmFmZW4lMjB3aXIlMjBhdWYlMjBkaWUlMjBNYW5uc2NoYWZ0JTIwYXVzJTIwRXJnb2xkaW5nJTJDJTIwZGllJTIwd2lyJTIwbWl0JTIwMSUzQTAlMjBiZXp3aW5nZW4lMjBrb25udGVuLiUyME5hY2glMjBlaW5lciUyMDItc3QlQzMlQkNuZGlnZW4lMjBQYXVzZSUyMHdhcnRldGUlMjBtaXQlMjBkZXIlMjBTRyUyMFNjaHdhbmRvcmYlMjBkZXIlMjBuJUMzJUE0Y2hzdGUlMjBHZWduZXIlMjBhdWYlMjB1bnMuJTIwVHJvdHolMjBDaGFuY2VuJTIwdmVybG9yZW4lMjB1bnNlcmUlMjBKdW5ncyUyMHVuZ2wlQzMlQkNja2xpY2glMjBtaXQlMjAwJTNBMS4lMjBLdXJ6JTIwZGFyYXVmJTIwYmVrYW0lMjBlcyUyMHVuc2VyZSUyME1hbm5zY2hhZnQlMjBtaXQlMjBkZW4lMjBGdSVDMyU5RmJhbGx0YWxlbnRlbiUyME0lQzMlQkNuY2hlbiUyMHp1JTIwdHVuLiUyME5hY2glMjB6d2VpJTIwZ3V0ZW4lMjBDaGFuY2VuJTIwenUlMjBCZWdpbm4lMkMlMjBkaWUlMjB3aXIlMjBsZWlkZXIlMjBuaWNodCUyMG51dHplbiUyMGtvbm50ZW4lMkMlMjBzcGllbHRlbiUyMGRpZSUyME0lQzMlQkNuY2huZXIlMjBpaHJlJTIwS2xhc3NlJTIwYXVzJTIwdW5kJTIwc2llZ3RlbiUyMGxldHp0ZW5kbGljaCUyMHZlcmRpZW50JTIwbWl0JTIwMyUzQTAlMjIlMkMlMjJmb250U2l6ZSUyMiUzQTE2JTdEJTVEJTdEJTVE\">Im ersten Spiel trafen unsere Blues auf die Mannschaft aus Ergolding, die sie mit 1:0 bezwingen konnten. &#x1f4aa;<\/span><\/p>\n<p><span data-h-fragment=\"JTVCJTdCJTIydHlwZSUyMiUzQSUyMnBhcmFncmFwaCUyMiUyQyUyMmNoaWxkcmVuJTIyJTNBJTVCJTdCJTIydGV4dCUyMiUzQSUyMkltJTIwZXJzdGVuJTIwU3BpZWwlMjB0cmFmZW4lMjB3aXIlMjBhdWYlMjBkaWUlMjBNYW5uc2NoYWZ0JTIwYXVzJTIwRXJnb2xkaW5nJTJDJTIwZGllJTIwd2lyJTIwbWl0JTIwMSUzQTAlMjBiZXp3aW5nZW4lMjBrb25udGVuLiUyME5hY2glMjBlaW5lciUyMDItc3QlQzMlQkNuZGlnZW4lMjBQYXVzZSUyMHdhcnRldGUlMjBtaXQlMjBkZXIlMjBTRyUyMFNjaHdhbmRvcmYlMjBkZXIlMjBuJUMzJUE0Y2hzdGUlMjBHZWduZXIlMjBhdWYlMjB1bnMuJTIwVHJvdHolMjBDaGFuY2VuJTIwdmVybG9yZW4lMjB1bnNlcmUlMjBKdW5ncyUyMHVuZ2wlQzMlQkNja2xpY2glMjBtaXQlMjAwJTNBMS4lMjBLdXJ6JTIwZGFyYXVmJTIwYmVrYW0lMjBlcyUyMHVuc2VyZSUyME1hbm5zY2hhZnQlMjBtaXQlMjBkZW4lMjBGdSVDMyU5RmJhbGx0YWxlbnRlbiUyME0lQzMlQkNuY2hlbiUyMHp1JTIwdHVuLiUyME5hY2glMjB6d2VpJTIwZ3V0ZW4lMjBDaGFuY2VuJTIwenUlMjBCZWdpbm4lMkMlMjBkaWUlMjB3aXIlMjBsZWlkZXIlMjBuaWNodCUyMG51dHplbiUyMGtvbm50ZW4lMkMlMjBzcGllbHRlbiUyMGRpZSUyME0lQzMlQkNuY2huZXIlMjBpaHJlJTIwS2xhc3NlJTIwYXVzJTIwdW5kJTIwc2llZ3RlbiUyMGxldHp0ZW5kbGljaCUyMHZlcmRpZW50JTIwbWl0JTIwMyUzQTAlMjIlMkMlMjJmb250U2l6ZSUyMiUzQTE2JTdEJTVEJTdEJTVE\">Nach einer 2-st\u00fcndigen Pause wartete mit der SG Schwandorf der n\u00e4chste Gegner auf uns. Trotz Chancen verloren unsere Jungs ungl\u00fccklich mit 0:1. <\/span><\/p>\n<p><span data-h-fragment=\"JTVCJTdCJTIydHlwZSUyMiUzQSUyMnBhcmFncmFwaCUyMiUyQyUyMmNoaWxkcmVuJTIyJTNBJTVCJTdCJTIydGV4dCUyMiUzQSUyMkltJTIwZXJzdGVuJTIwU3BpZWwlMjB0cmFmZW4lMjB3aXIlMjBhdWYlMjBkaWUlMjBNYW5uc2NoYWZ0JTIwYXVzJTIwRXJnb2xkaW5nJTJDJTIwZGllJTIwd2lyJTIwbWl0JTIwMSUzQTAlMjBiZXp3aW5nZW4lMjBrb25udGVuLiUyME5hY2glMjBlaW5lciUyMDItc3QlQzMlQkNuZGlnZW4lMjBQYXVzZSUyMHdhcnRldGUlMjBtaXQlMjBkZXIlMjBTRyUyMFNjaHdhbmRvcmYlMjBkZXIlMjBuJUMzJUE0Y2hzdGUlMjBHZWduZXIlMjBhdWYlMjB1bnMuJTIwVHJvdHolMjBDaGFuY2VuJTIwdmVybG9yZW4lMjB1bnNlcmUlMjBKdW5ncyUyMHVuZ2wlQzMlQkNja2xpY2glMjBtaXQlMjAwJTNBMS4lMjBLdXJ6JTIwZGFyYXVmJTIwYmVrYW0lMjBlcyUyMHVuc2VyZSUyME1hbm5zY2hhZnQlMjBtaXQlMjBkZW4lMjBGdSVDMyU5RmJhbGx0YWxlbnRlbiUyME0lQzMlQkNuY2hlbiUyMHp1JTIwdHVuLiUyME5hY2glMjB6d2VpJTIwZ3V0ZW4lMjBDaGFuY2VuJTIwenUlMjBCZWdpbm4lMkMlMjBkaWUlMjB3aXIlMjBsZWlkZXIlMjBuaWNodCUyMG51dHplbiUyMGtvbm50ZW4lMkMlMjBzcGllbHRlbiUyMGRpZSUyME0lQzMlQkNuY2huZXIlMjBpaHJlJTIwS2xhc3NlJTIwYXVzJTIwdW5kJTIwc2llZ3RlbiUyMGxldHp0ZW5kbGljaCUyMHZlcmRpZW50JTIwbWl0JTIwMyUzQTAlMjIlMkMlMjJmb250U2l6ZSUyMiUzQTE2JTdEJTVEJTdEJTVE\">Kurz darauf bekam es unsere Mannschaft mit den Fu\u00dfballtalenten M\u00fcnchen zu tun. Nach zwei guten Chancen zu Beginn, die wir leider nicht nutzen konnten, spielten die M\u00fcnchner ihre Klasse aus und siegten letztendlich verdient mit 3:0.\u00a0<\/span><\/p>\n<p>In den anschlie\u00dfenden Platzierungsspielen um die Pl\u00e4tze 9\u201312 zeigten unsere Blues noch einmal ihr ganzes K\u00f6nnen: Mit einem souver\u00e4nen 3:0-Sieg gegen den F\u00f6rderliga-Kader vom ASV 1860 Neumarkt sicherten sie sich am Ende den starken 9. Platz!&#x1f38a;&#x1f499;&#x1f90d;<\/p>\n<p>Ihr k\u00f6nnt sehr stolz auf eure Leistung sein, wir sind es in jedem Fall!&#x1f4aa;&#x1f499;&#x1f90d;<\/p>\n<p>Mit etwas mehr Gl\u00fcck w\u00e4re sogar noch eine bessere Platzierung m\u00f6glich gewesen \u2013 aber auch so war es eine tolle Leistung gegen hochklassige Konkurrenz!<br \/>Weiter Blues, immer weiter! &#x1f973;&#x1f499;&#x1f90d;<\/p>\n\n\n","protected":false},"excerpt":{"rendered":"<p>Am Freitagabend starteten unsere Jungs mit einem starken Auftritt in der Aufstiegsrunde der Bezirksoberliga gegen den SV Wettelsheim. Von Beginn an dominierten unsere Blues das Spiel und gingen bereits zur Halbzeitpause mit drei Toren in F\u00fchrung. Nach dem Seitenwechsel kam der Gegner etwas besser ins Spiel und konnte per Elfmeter auf 3:1 verk\u00fcrzen. Doch unsere [&hellip;]<\/p>\n","protected":false},"author":26,"featured_media":12261,"comment_status":"closed","ping_status":"closed","sticky":false,"template":"","format":"standard","meta":{"saved_in_kubio":false,"footnotes":""},"categories":[37],"tags":[],"class_list":["post-12260","post","type-post","status-publish","format-standard","has-post-thumbnail","hentry","category-u13-5"],"yoast_head":"<!-- This site is optimized with the Yoast SEO plugin v27.4 - https:\/\/yoast.com\/product\/yoast-seo-wordpress\/ -->\n<title>Ein fussballreiches Wochenende f\u00fcr unsere U13-5 Blues! - JFG Wendelstein<\/title>\n<meta name=\"robots\" content=\"index, follow, max-snippet:-1, max-image-preview:large, max-video-preview:-1\" \/>\n<link rel=\"canonical\" href=\"https:\/\/www.jugendfussball-wendelstein.de\/wordpress\/ein-fussballreiches-wochenende-fuer-unsere-u13-5-blues\/\" \/>\n<meta property=\"og:locale\" content=\"de_DE\" \/>\n<meta property=\"og:type\" content=\"article\" \/>\n<meta property=\"og:title\" content=\"Ein fussballreiches Wochenende f\u00fcr unsere U13-5 Blues! - JFG Wendelstein\" \/>\n<meta property=\"og:description\" content=\"Am Freitagabend starteten unsere Jungs mit einem starken Auftritt in der Aufstiegsrunde der Bezirksoberliga gegen den SV Wettelsheim. Von Beginn an dominierten unsere Blues das Spiel und gingen bereits zur Halbzeitpause mit drei Toren in F\u00fchrung. Nach dem Seitenwechsel kam der Gegner etwas besser ins Spiel und konnte per Elfmeter auf 3:1 verk\u00fcrzen. Doch unsere [&hellip;]\" \/>\n<meta property=\"og:url\" content=\"https:\/\/www.jugendfussball-wendelstein.de\/wordpress\/ein-fussballreiches-wochenende-fuer-unsere-u13-5-blues\/\" \/>\n<meta property=\"og:site_name\" content=\"JFG Wendelstein\" \/>\n<meta property=\"article:published_time\" content=\"2025-04-28T18:41:01+00:00\" \/>\n<meta property=\"article:modified_time\" content=\"2025-04-28T18:41:03+00:00\" \/>\n<meta property=\"og:image\" content=\"https:\/\/www.jugendfussball-wendelstein.de\/wordpress\/wp-content\/uploads\/2025\/04\/IMG-20250426-WA0027.jpg\" \/>\n\t<meta property=\"og:image:width\" content=\"2000\" \/>\n\t<meta property=\"og:image:height\" content=\"1500\" \/>\n\t<meta property=\"og:image:type\" content=\"image\/jpeg\" \/>\n<meta name=\"author\" content=\"team.u13-5\" \/>\n<meta name=\"twitter:card\" content=\"summary_large_image\" \/>\n<meta name=\"twitter:creator\" content=\"@dominikj\" \/>\n<meta name=\"twitter:label1\" content=\"Verfasst von\" \/>\n\t<meta name=\"twitter:data1\" content=\"team.u13-5\" \/>\n\t<meta name=\"twitter:label2\" content=\"Gesch\u00e4tzte Lesezeit\" \/>\n\t<meta name=\"twitter:data2\" content=\"2\u00a0Minuten\" \/>\n<script type=\"application\/ld+json\" class=\"yoast-schema-graph\">{\"@context\":\"https:\\\/\\\/schema.org\",\"@graph\":[{\"@type\":\"Article\",\"@id\":\"https:\\\/\\\/www.jugendfussball-wendelstein.de\\\/wordpress\\\/ein-fussballreiches-wochenende-fuer-unsere-u13-5-blues\\\/#article\",\"isPartOf\":{\"@id\":\"https:\\\/\\\/www.jugendfussball-wendelstein.de\\\/wordpress\\\/ein-fussballreiches-wochenende-fuer-unsere-u13-5-blues\\\/\"},\"author\":{\"name\":\"team.u13-5\",\"@id\":\"https:\\\/\\\/www.jugendfussball-wendelstein.de\\\/wordpress\\\/#\\\/schema\\\/person\\\/b91f654cdfa620284464e8bef2c2de71\"},\"headline\":\"Ein fussballreiches Wochenende f\u00fcr unsere U13-5 Blues!\",\"datePublished\":\"2025-04-28T18:41:01+00:00\",\"dateModified\":\"2025-04-28T18:41:03+00:00\",\"mainEntityOfPage\":{\"@id\":\"https:\\\/\\\/www.jugendfussball-wendelstein.de\\\/wordpress\\\/ein-fussballreiches-wochenende-fuer-unsere-u13-5-blues\\\/\"},\"wordCount\":343,\"image\":{\"@id\":\"https:\\\/\\\/www.jugendfussball-wendelstein.de\\\/wordpress\\\/ein-fussballreiches-wochenende-fuer-unsere-u13-5-blues\\\/#primaryimage\"},\"thumbnailUrl\":\"https:\\\/\\\/www.jugendfussball-wendelstein.de\\\/wordpress\\\/wp-content\\\/uploads\\\/2025\\\/04\\\/IMG-20250426-WA0027.jpg\",\"articleSection\":[\"u13-5\"],\"inLanguage\":\"de\"},{\"@type\":\"WebPage\",\"@id\":\"https:\\\/\\\/www.jugendfussball-wendelstein.de\\\/wordpress\\\/ein-fussballreiches-wochenende-fuer-unsere-u13-5-blues\\\/\",\"url\":\"https:\\\/\\\/www.jugendfussball-wendelstein.de\\\/wordpress\\\/ein-fussballreiches-wochenende-fuer-unsere-u13-5-blues\\\/\",\"name\":\"Ein fussballreiches Wochenende f\u00fcr unsere U13-5 Blues! - JFG Wendelstein\",\"isPartOf\":{\"@id\":\"https:\\\/\\\/www.jugendfussball-wendelstein.de\\\/wordpress\\\/#website\"},\"primaryImageOfPage\":{\"@id\":\"https:\\\/\\\/www.jugendfussball-wendelstein.de\\\/wordpress\\\/ein-fussballreiches-wochenende-fuer-unsere-u13-5-blues\\\/#primaryimage\"},\"image\":{\"@id\":\"https:\\\/\\\/www.jugendfussball-wendelstein.de\\\/wordpress\\\/ein-fussballreiches-wochenende-fuer-unsere-u13-5-blues\\\/#primaryimage\"},\"thumbnailUrl\":\"https:\\\/\\\/www.jugendfussball-wendelstein.de\\\/wordpress\\\/wp-content\\\/uploads\\\/2025\\\/04\\\/IMG-20250426-WA0027.jpg\",\"datePublished\":\"2025-04-28T18:41:01+00:00\",\"dateModified\":\"2025-04-28T18:41:03+00:00\",\"author\":{\"@id\":\"https:\\\/\\\/www.jugendfussball-wendelstein.de\\\/wordpress\\\/#\\\/schema\\\/person\\\/b91f654cdfa620284464e8bef2c2de71\"},\"breadcrumb\":{\"@id\":\"https:\\\/\\\/www.jugendfussball-wendelstein.de\\\/wordpress\\\/ein-fussballreiches-wochenende-fuer-unsere-u13-5-blues\\\/#breadcrumb\"},\"inLanguage\":\"de\",\"potentialAction\":[{\"@type\":\"ReadAction\",\"target\":[\"https:\\\/\\\/www.jugendfussball-wendelstein.de\\\/wordpress\\\/ein-fussballreiches-wochenende-fuer-unsere-u13-5-blues\\\/\"]}]},{\"@type\":\"ImageObject\",\"inLanguage\":\"de\",\"@id\":\"https:\\\/\\\/www.jugendfussball-wendelstein.de\\\/wordpress\\\/ein-fussballreiches-wochenende-fuer-unsere-u13-5-blues\\\/#primaryimage\",\"url\":\"https:\\\/\\\/www.jugendfussball-wendelstein.de\\\/wordpress\\\/wp-content\\\/uploads\\\/2025\\\/04\\\/IMG-20250426-WA0027.jpg\",\"contentUrl\":\"https:\\\/\\\/www.jugendfussball-wendelstein.de\\\/wordpress\\\/wp-content\\\/uploads\\\/2025\\\/04\\\/IMG-20250426-WA0027.jpg\",\"width\":2000,\"height\":1500},{\"@type\":\"BreadcrumbList\",\"@id\":\"https:\\\/\\\/www.jugendfussball-wendelstein.de\\\/wordpress\\\/ein-fussballreiches-wochenende-fuer-unsere-u13-5-blues\\\/#breadcrumb\",\"itemListElement\":[{\"@type\":\"ListItem\",\"position\":1,\"name\":\"Startseite\",\"item\":\"https:\\\/\\\/www.jugendfussball-wendelstein.de\\\/wordpress\\\/\"},{\"@type\":\"ListItem\",\"position\":2,\"name\":\"Ein fussballreiches Wochenende f\u00fcr unsere U13-5 Blues!\"}]},{\"@type\":\"WebSite\",\"@id\":\"https:\\\/\\\/www.jugendfussball-wendelstein.de\\\/wordpress\\\/#website\",\"url\":\"https:\\\/\\\/www.jugendfussball-wendelstein.de\\\/wordpress\\\/\",\"name\":\"JFG Wendelstein\",\"description\":\"Juniorenfu\u00dfball\",\"potentialAction\":[{\"@type\":\"SearchAction\",\"target\":{\"@type\":\"EntryPoint\",\"urlTemplate\":\"https:\\\/\\\/www.jugendfussball-wendelstein.de\\\/wordpress\\\/?s={search_term_string}\"},\"query-input\":{\"@type\":\"PropertyValueSpecification\",\"valueRequired\":true,\"valueName\":\"search_term_string\"}}],\"inLanguage\":\"de\"},{\"@type\":\"Person\",\"@id\":\"https:\\\/\\\/www.jugendfussball-wendelstein.de\\\/wordpress\\\/#\\\/schema\\\/person\\\/b91f654cdfa620284464e8bef2c2de71\",\"name\":\"team.u13-5\",\"image\":{\"@type\":\"ImageObject\",\"inLanguage\":\"de\",\"@id\":\"https:\\\/\\\/secure.gravatar.com\\\/avatar\\\/efb768f693b333a6685e55d7da65ed0d3eee607e27e4434c223405890c6fb87b?s=96&d=mm&r=g\",\"url\":\"https:\\\/\\\/secure.gravatar.com\\\/avatar\\\/efb768f693b333a6685e55d7da65ed0d3eee607e27e4434c223405890c6fb87b?s=96&d=mm&r=g\",\"contentUrl\":\"https:\\\/\\\/secure.gravatar.com\\\/avatar\\\/efb768f693b333a6685e55d7da65ed0d3eee607e27e4434c223405890c6fb87b?s=96&d=mm&r=g\",\"caption\":\"team.u13-5\"},\"sameAs\":[\"https:\\\/\\\/x.com\\\/dominikj\"],\"url\":\"https:\\\/\\\/www.jugendfussball-wendelstein.de\\\/wordpress\\\/author\\\/team-u13-5\\\/\"}]}<\/script>\n<!-- \/ Yoast SEO plugin. -->","yoast_head_json":{"title":"Ein fussballreiches Wochenende f\u00fcr unsere U13-5 Blues! - JFG Wendelstein","robots":{"index":"index","follow":"follow","max-snippet":"max-snippet:-1","max-image-preview":"max-image-preview:large","max-video-preview":"max-video-preview:-1"},"canonical":"https:\/\/www.jugendfussball-wendelstein.de\/wordpress\/ein-fussballreiches-wochenende-fuer-unsere-u13-5-blues\/","og_locale":"de_DE","og_type":"article","og_title":"Ein fussballreiches Wochenende f\u00fcr unsere U13-5 Blues! - JFG Wendelstein","og_description":"Am Freitagabend starteten unsere Jungs mit einem starken Auftritt in der Aufstiegsrunde der Bezirksoberliga gegen den SV Wettelsheim. Von Beginn an dominierten unsere Blues das Spiel und gingen bereits zur Halbzeitpause mit drei Toren in F\u00fchrung. Nach dem Seitenwechsel kam der Gegner etwas besser ins Spiel und konnte per Elfmeter auf 3:1 verk\u00fcrzen. Doch unsere [&hellip;]","og_url":"https:\/\/www.jugendfussball-wendelstein.de\/wordpress\/ein-fussballreiches-wochenende-fuer-unsere-u13-5-blues\/","og_site_name":"JFG Wendelstein","article_published_time":"2025-04-28T18:41:01+00:00","article_modified_time":"2025-04-28T18:41:03+00:00","og_image":[{"width":2000,"height":1500,"url":"https:\/\/www.jugendfussball-wendelstein.de\/wordpress\/wp-content\/uploads\/2025\/04\/IMG-20250426-WA0027.jpg","type":"image\/jpeg"}],"author":"team.u13-5","twitter_card":"summary_large_image","twitter_creator":"@dominikj","twitter_misc":{"Verfasst von":"team.u13-5","Gesch\u00e4tzte Lesezeit":"2\u00a0Minuten"},"schema":{"@context":"https:\/\/schema.org","@graph":[{"@type":"Article","@id":"https:\/\/www.jugendfussball-wendelstein.de\/wordpress\/ein-fussballreiches-wochenende-fuer-unsere-u13-5-blues\/#article","isPartOf":{"@id":"https:\/\/www.jugendfussball-wendelstein.de\/wordpress\/ein-fussballreiches-wochenende-fuer-unsere-u13-5-blues\/"},"author":{"name":"team.u13-5","@id":"https:\/\/www.jugendfussball-wendelstein.de\/wordpress\/#\/schema\/person\/b91f654cdfa620284464e8bef2c2de71"},"headline":"Ein fussballreiches Wochenende f\u00fcr unsere U13-5 Blues!","datePublished":"2025-04-28T18:41:01+00:00","dateModified":"2025-04-28T18:41:03+00:00","mainEntityOfPage":{"@id":"https:\/\/www.jugendfussball-wendelstein.de\/wordpress\/ein-fussballreiches-wochenende-fuer-unsere-u13-5-blues\/"},"wordCount":343,"image":{"@id":"https:\/\/www.jugendfussball-wendelstein.de\/wordpress\/ein-fussballreiches-wochenende-fuer-unsere-u13-5-blues\/#primaryimage"},"thumbnailUrl":"https:\/\/www.jugendfussball-wendelstein.de\/wordpress\/wp-content\/uploads\/2025\/04\/IMG-20250426-WA0027.jpg","articleSection":["u13-5"],"inLanguage":"de"},{"@type":"WebPage","@id":"https:\/\/www.jugendfussball-wendelstein.de\/wordpress\/ein-fussballreiches-wochenende-fuer-unsere-u13-5-blues\/","url":"https:\/\/www.jugendfussball-wendelstein.de\/wordpress\/ein-fussballreiches-wochenende-fuer-unsere-u13-5-blues\/","name":"Ein fussballreiches Wochenende f\u00fcr unsere U13-5 Blues! - JFG Wendelstein","isPartOf":{"@id":"https:\/\/www.jugendfussball-wendelstein.de\/wordpress\/#website"},"primaryImageOfPage":{"@id":"https:\/\/www.jugendfussball-wendelstein.de\/wordpress\/ein-fussballreiches-wochenende-fuer-unsere-u13-5-blues\/#primaryimage"},"image":{"@id":"https:\/\/www.jugendfussball-wendelstein.de\/wordpress\/ein-fussballreiches-wochenende-fuer-unsere-u13-5-blues\/#primaryimage"},"thumbnailUrl":"https:\/\/www.jugendfussball-wendelstein.de\/wordpress\/wp-content\/uploads\/2025\/04\/IMG-20250426-WA0027.jpg","datePublished":"2025-04-28T18:41:01+00:00","dateModified":"2025-04-28T18:41:03+00:00","author":{"@id":"https:\/\/www.jugendfussball-wendelstein.de\/wordpress\/#\/schema\/person\/b91f654cdfa620284464e8bef2c2de71"},"breadcrumb":{"@id":"https:\/\/www.jugendfussball-wendelstein.de\/wordpress\/ein-fussballreiches-wochenende-fuer-unsere-u13-5-blues\/#breadcrumb"},"inLanguage":"de","potentialAction":[{"@type":"ReadAction","target":["https:\/\/www.jugendfussball-wendelstein.de\/wordpress\/ein-fussballreiches-wochenende-fuer-unsere-u13-5-blues\/"]}]},{"@type":"ImageObject","inLanguage":"de","@id":"https:\/\/www.jugendfussball-wendelstein.de\/wordpress\/ein-fussballreiches-wochenende-fuer-unsere-u13-5-blues\/#primaryimage","url":"https:\/\/www.jugendfussball-wendelstein.de\/wordpress\/wp-content\/uploads\/2025\/04\/IMG-20250426-WA0027.jpg","contentUrl":"https:\/\/www.jugendfussball-wendelstein.de\/wordpress\/wp-content\/uploads\/2025\/04\/IMG-20250426-WA0027.jpg","width":2000,"height":1500},{"@type":"BreadcrumbList","@id":"https:\/\/www.jugendfussball-wendelstein.de\/wordpress\/ein-fussballreiches-wochenende-fuer-unsere-u13-5-blues\/#breadcrumb","itemListElement":[{"@type":"ListItem","position":1,"name":"Startseite","item":"https:\/\/www.jugendfussball-wendelstein.de\/wordpress\/"},{"@type":"ListItem","position":2,"name":"Ein fussballreiches Wochenende f\u00fcr unsere U13-5 Blues!"}]},{"@type":"WebSite","@id":"https:\/\/www.jugendfussball-wendelstein.de\/wordpress\/#website","url":"https:\/\/www.jugendfussball-wendelstein.de\/wordpress\/","name":"JFG Wendelstein","description":"Juniorenfu\u00dfball","potentialAction":[{"@type":"SearchAction","target":{"@type":"EntryPoint","urlTemplate":"https:\/\/www.jugendfussball-wendelstein.de\/wordpress\/?s={search_term_string}"},"query-input":{"@type":"PropertyValueSpecification","valueRequired":true,"valueName":"search_term_string"}}],"inLanguage":"de"},{"@type":"Person","@id":"https:\/\/www.jugendfussball-wendelstein.de\/wordpress\/#\/schema\/person\/b91f654cdfa620284464e8bef2c2de71","name":"team.u13-5","image":{"@type":"ImageObject","inLanguage":"de","@id":"https:\/\/secure.gravatar.com\/avatar\/efb768f693b333a6685e55d7da65ed0d3eee607e27e4434c223405890c6fb87b?s=96&d=mm&r=g","url":"https:\/\/secure.gravatar.com\/avatar\/efb768f693b333a6685e55d7da65ed0d3eee607e27e4434c223405890c6fb87b?s=96&d=mm&r=g","contentUrl":"https:\/\/secure.gravatar.com\/avatar\/efb768f693b333a6685e55d7da65ed0d3eee607e27e4434c223405890c6fb87b?s=96&d=mm&r=g","caption":"team.u13-5"},"sameAs":["https:\/\/x.com\/dominikj"],"url":"https:\/\/www.jugendfussball-wendelstein.de\/wordpress\/author\/team-u13-5\/"}]}},"_links":{"self":[{"href":"https:\/\/www.jugendfussball-wendelstein.de\/wordpress\/wp-json\/wp\/v2\/posts\/12260","targetHints":{"allow":["GET"]}}],"collection":[{"href":"https:\/\/www.jugendfussball-wendelstein.de\/wordpress\/wp-json\/wp\/v2\/posts"}],"about":[{"href":"https:\/\/www.jugendfussball-wendelstein.de\/wordpress\/wp-json\/wp\/v2\/types\/post"}],"author":[{"embeddable":true,"href":"https:\/\/www.jugendfussball-wendelstein.de\/wordpress\/wp-json\/wp\/v2\/users\/26"}],"replies":[{"embeddable":true,"href":"https:\/\/www.jugendfussball-wendelstein.de\/wordpress\/wp-json\/wp\/v2\/comments?post=12260"}],"version-history":[{"count":0,"href":"https:\/\/www.jugendfussball-wendelstein.de\/wordpress\/wp-json\/wp\/v2\/posts\/12260\/revisions"}],"wp:featuredmedia":[{"embeddable":true,"href":"https:\/\/www.jugendfussball-wendelstein.de\/wordpress\/wp-json\/wp\/v2\/media\/12261"}],"wp:attachment":[{"href":"https:\/\/www.jugendfussball-wendelstein.de\/wordpress\/wp-json\/wp\/v2\/media?parent=12260"}],"wp:term":[{"taxonomy":"category","embeddable":true,"href":"https:\/\/www.jugendfussball-wendelstein.de\/wordpress\/wp-json\/wp\/v2\/categories?post=12260"},{"taxonomy":"post_tag","embeddable":true,"href":"https:\/\/www.jugendfussball-wendelstein.de\/wordpress\/wp-json\/wp\/v2\/tags?post=12260"}],"curies":[{"name":"wp","href":"https:\/\/api.w.org\/{rel}","templated":true}]}}