{"id":12317,"date":"2025-06-03T20:46:59","date_gmt":"2025-06-03T18:46:59","guid":{"rendered":"https:\/\/www.jugendfussball-wendelstein.de\/wordpress\/?p=12317"},"modified":"2025-06-03T20:47:01","modified_gmt":"2025-06-03T18:47:01","slug":"nach-dem-spiel-ist-vor-dem-spiel","status":"publish","type":"post","link":"https:\/\/www.jugendfussball-wendelstein.de\/wordpress\/nach-dem-spiel-ist-vor-dem-spiel\/","title":{"rendered":"Nach dem Spiel ist vor dem Spiel"},"content":{"rendered":"\n<p>Die Saison neigt sich dem Ende zu, eine spannende und emotionale Zeit liegt hinter uns! Gemeinsam haben wir unvergessliche Momente erlebt, Tore gefeiert und Herausforderungen gemeistert.<\/p>\n<p>Ein gro\u00dfes Dankesch\u00f6n an alle Spieler, Trainer und Betreuer f\u00fcr euren Einsatz und eure Leidenschaft auf dem Platz. Eure harte Arbeit und euer Teamgeist haben diese Saison zu etwas Besonderem gemacht.<\/p>\n<p>Auch unseren treuen Fans, beeindruckende 30 St\u00fcck pro Spiel bei Wind und Wetter, m\u00f6chten wir von Herzen danken \u2013 eure Unterst\u00fctzung und eure Begeisterung sind das Herzst\u00fcck unserer Mannschaft. Verkauf, Trikotw\u00e4sche, Aufbau Sonnenschutz, Organisation von unm\u00f6glichen Dingen in Perfektion und Lichtgeschwindigkeit sind beispielhaft, ohne euch w\u00e4re diese Saison nicht dasselbe gewesen! Spezieller Dank geht an Lennard S. f\u00fcr die Unterst\u00fctzung auf der Bank und am Spielfeldrand.<\/p>\n<p>Nun hei\u00dft es, die Erfolge zu feiern, die Erinnerungen zu bewahren und sich auf die kommende Saison vorzubereiten. Wir freuen uns schon auf neue Spiele, spannende Begegnungen und gemeinsame Momente in der kommenden Saison.<\/p>\n<p>Wir beenden die Aufstiegsrunde zur BOL auf Platz 3. Den 2010er eine verletzungsfreie Spielzeit 2025\/2026; wir sehen uns wieder.<\/p>\n<p>Bis dahin w\u00fcnschen wir euch eine erholsame Zeit und denkt daran: \u201e<strong>nach dem Spiel ist vor dem Spiel<\/strong>\u201c.<\/p>\n\n\n\n<div style=\"width: 848px;\" class=\"wp-video\"><!--[if lt IE 9]><script>document.createElement('video');<\/script><![endif]-->\n<video class=\"wp-video-shortcode\" id=\"video-12317-1\" width=\"848\" height=\"478\" preload=\"metadata\" controls=\"controls\"><source type=\"video\/mp4\" src=\"https:\/\/www.jugendfussball-wendelstein.de\/wordpress\/wp-content\/uploads\/2025\/06\/004.mp4?_=1\" \/><a href=\"https:\/\/www.jugendfussball-wendelstein.de\/wordpress\/wp-content\/uploads\/2025\/06\/004.mp4\">https:\/\/www.jugendfussball-wendelstein.de\/wordpress\/wp-content\/uploads\/2025\/06\/004.mp4<\/a><\/video><\/div>\n\n\n\n\n","protected":false},"excerpt":{"rendered":"<p>Die Saison neigt sich dem Ende zu, eine spannende und emotionale Zeit liegt hinter uns! Gemeinsam haben wir unvergessliche Momente erlebt, Tore gefeiert und Herausforderungen gemeistert. Ein gro\u00dfes Dankesch\u00f6n an alle Spieler, Trainer und Betreuer f\u00fcr euren Einsatz und eure Leidenschaft auf dem Platz. Eure harte Arbeit und euer Teamgeist haben diese Saison zu etwas [&hellip;]<\/p>\n","protected":false},"author":20,"featured_media":12318,"comment_status":"closed","ping_status":"closed","sticky":false,"template":"","format":"standard","meta":{"saved_in_kubio":false,"footnotes":""},"categories":[1,19],"tags":[],"class_list":["post-12317","post","type-post","status-publish","format-standard","has-post-thumbnail","hentry","category-allgemein","category-u15-3"],"yoast_head":"<!-- This site is optimized with the Yoast SEO plugin v27.4 - https:\/\/yoast.com\/product\/yoast-seo-wordpress\/ -->\n<title>Nach dem Spiel ist vor dem Spiel - JFG Wendelstein<\/title>\n<meta name=\"robots\" content=\"index, follow, max-snippet:-1, max-image-preview:large, max-video-preview:-1\" \/>\n<link rel=\"canonical\" href=\"https:\/\/www.jugendfussball-wendelstein.de\/wordpress\/nach-dem-spiel-ist-vor-dem-spiel\/\" \/>\n<meta property=\"og:locale\" content=\"de_DE\" \/>\n<meta property=\"og:type\" content=\"article\" \/>\n<meta property=\"og:title\" content=\"Nach dem Spiel ist vor dem Spiel - JFG Wendelstein\" \/>\n<meta property=\"og:description\" content=\"Die Saison neigt sich dem Ende zu, eine spannende und emotionale Zeit liegt hinter uns! Gemeinsam haben wir unvergessliche Momente erlebt, Tore gefeiert und Herausforderungen gemeistert. Ein gro\u00dfes Dankesch\u00f6n an alle Spieler, Trainer und Betreuer f\u00fcr euren Einsatz und eure Leidenschaft auf dem Platz. Eure harte Arbeit und euer Teamgeist haben diese Saison zu etwas [&hellip;]\" \/>\n<meta property=\"og:url\" content=\"https:\/\/www.jugendfussball-wendelstein.de\/wordpress\/nach-dem-spiel-ist-vor-dem-spiel\/\" \/>\n<meta property=\"og:site_name\" content=\"JFG Wendelstein\" \/>\n<meta property=\"article:published_time\" content=\"2025-06-03T18:46:59+00:00\" \/>\n<meta property=\"article:modified_time\" content=\"2025-06-03T18:47:01+00:00\" \/>\n<meta property=\"og:image\" content=\"https:\/\/www.jugendfussball-wendelstein.de\/wordpress\/wp-content\/uploads\/2025\/06\/006.jpeg\" \/>\n\t<meta property=\"og:image:width\" content=\"828\" \/>\n\t<meta property=\"og:image:height\" content=\"1444\" \/>\n\t<meta property=\"og:image:type\" content=\"image\/jpeg\" \/>\n<meta name=\"author\" content=\"team.u15-3\" \/>\n<meta name=\"twitter:card\" content=\"summary_large_image\" \/>\n<meta name=\"twitter:creator\" content=\"@dominikj\" \/>\n<meta name=\"twitter:label1\" content=\"Verfasst von\" \/>\n\t<meta name=\"twitter:data1\" content=\"team.u15-3\" \/>\n\t<meta name=\"twitter:label2\" content=\"Gesch\u00e4tzte Lesezeit\" \/>\n\t<meta name=\"twitter:data2\" content=\"2\u00a0Minuten\" \/>\n<script type=\"application\/ld+json\" class=\"yoast-schema-graph\">{\"@context\":\"https:\\\/\\\/schema.org\",\"@graph\":[{\"@type\":\"Article\",\"@id\":\"https:\\\/\\\/www.jugendfussball-wendelstein.de\\\/wordpress\\\/nach-dem-spiel-ist-vor-dem-spiel\\\/#article\",\"isPartOf\":{\"@id\":\"https:\\\/\\\/www.jugendfussball-wendelstein.de\\\/wordpress\\\/nach-dem-spiel-ist-vor-dem-spiel\\\/\"},\"author\":{\"name\":\"team.u15-3\",\"@id\":\"https:\\\/\\\/www.jugendfussball-wendelstein.de\\\/wordpress\\\/#\\\/schema\\\/person\\\/569b00245b6e677d6292297efa3aab0d\"},\"headline\":\"Nach dem Spiel ist vor dem Spiel\",\"datePublished\":\"2025-06-03T18:46:59+00:00\",\"dateModified\":\"2025-06-03T18:47:01+00:00\",\"mainEntityOfPage\":{\"@id\":\"https:\\\/\\\/www.jugendfussball-wendelstein.de\\\/wordpress\\\/nach-dem-spiel-ist-vor-dem-spiel\\\/\"},\"wordCount\":224,\"image\":{\"@id\":\"https:\\\/\\\/www.jugendfussball-wendelstein.de\\\/wordpress\\\/nach-dem-spiel-ist-vor-dem-spiel\\\/#primaryimage\"},\"thumbnailUrl\":\"https:\\\/\\\/www.jugendfussball-wendelstein.de\\\/wordpress\\\/wp-content\\\/uploads\\\/2025\\\/06\\\/006.jpeg\",\"articleSection\":[\"Aktuell\",\"U15-3\"],\"inLanguage\":\"de\"},{\"@type\":\"WebPage\",\"@id\":\"https:\\\/\\\/www.jugendfussball-wendelstein.de\\\/wordpress\\\/nach-dem-spiel-ist-vor-dem-spiel\\\/\",\"url\":\"https:\\\/\\\/www.jugendfussball-wendelstein.de\\\/wordpress\\\/nach-dem-spiel-ist-vor-dem-spiel\\\/\",\"name\":\"Nach dem Spiel ist vor dem Spiel - JFG Wendelstein\",\"isPartOf\":{\"@id\":\"https:\\\/\\\/www.jugendfussball-wendelstein.de\\\/wordpress\\\/#website\"},\"primaryImageOfPage\":{\"@id\":\"https:\\\/\\\/www.jugendfussball-wendelstein.de\\\/wordpress\\\/nach-dem-spiel-ist-vor-dem-spiel\\\/#primaryimage\"},\"image\":{\"@id\":\"https:\\\/\\\/www.jugendfussball-wendelstein.de\\\/wordpress\\\/nach-dem-spiel-ist-vor-dem-spiel\\\/#primaryimage\"},\"thumbnailUrl\":\"https:\\\/\\\/www.jugendfussball-wendelstein.de\\\/wordpress\\\/wp-content\\\/uploads\\\/2025\\\/06\\\/006.jpeg\",\"datePublished\":\"2025-06-03T18:46:59+00:00\",\"dateModified\":\"2025-06-03T18:47:01+00:00\",\"author\":{\"@id\":\"https:\\\/\\\/www.jugendfussball-wendelstein.de\\\/wordpress\\\/#\\\/schema\\\/person\\\/569b00245b6e677d6292297efa3aab0d\"},\"breadcrumb\":{\"@id\":\"https:\\\/\\\/www.jugendfussball-wendelstein.de\\\/wordpress\\\/nach-dem-spiel-ist-vor-dem-spiel\\\/#breadcrumb\"},\"inLanguage\":\"de\",\"potentialAction\":[{\"@type\":\"ReadAction\",\"target\":[\"https:\\\/\\\/www.jugendfussball-wendelstein.de\\\/wordpress\\\/nach-dem-spiel-ist-vor-dem-spiel\\\/\"]}]},{\"@type\":\"ImageObject\",\"inLanguage\":\"de\",\"@id\":\"https:\\\/\\\/www.jugendfussball-wendelstein.de\\\/wordpress\\\/nach-dem-spiel-ist-vor-dem-spiel\\\/#primaryimage\",\"url\":\"https:\\\/\\\/www.jugendfussball-wendelstein.de\\\/wordpress\\\/wp-content\\\/uploads\\\/2025\\\/06\\\/006.jpeg\",\"contentUrl\":\"https:\\\/\\\/www.jugendfussball-wendelstein.de\\\/wordpress\\\/wp-content\\\/uploads\\\/2025\\\/06\\\/006.jpeg\",\"width\":828,\"height\":1444},{\"@type\":\"BreadcrumbList\",\"@id\":\"https:\\\/\\\/www.jugendfussball-wendelstein.de\\\/wordpress\\\/nach-dem-spiel-ist-vor-dem-spiel\\\/#breadcrumb\",\"itemListElement\":[{\"@type\":\"ListItem\",\"position\":1,\"name\":\"Startseite\",\"item\":\"https:\\\/\\\/www.jugendfussball-wendelstein.de\\\/wordpress\\\/\"},{\"@type\":\"ListItem\",\"position\":2,\"name\":\"Nach dem Spiel ist vor dem Spiel\"}]},{\"@type\":\"WebSite\",\"@id\":\"https:\\\/\\\/www.jugendfussball-wendelstein.de\\\/wordpress\\\/#website\",\"url\":\"https:\\\/\\\/www.jugendfussball-wendelstein.de\\\/wordpress\\\/\",\"name\":\"JFG Wendelstein\",\"description\":\"Juniorenfu\u00dfball\",\"potentialAction\":[{\"@type\":\"SearchAction\",\"target\":{\"@type\":\"EntryPoint\",\"urlTemplate\":\"https:\\\/\\\/www.jugendfussball-wendelstein.de\\\/wordpress\\\/?s={search_term_string}\"},\"query-input\":{\"@type\":\"PropertyValueSpecification\",\"valueRequired\":true,\"valueName\":\"search_term_string\"}}],\"inLanguage\":\"de\"},{\"@type\":\"Person\",\"@id\":\"https:\\\/\\\/www.jugendfussball-wendelstein.de\\\/wordpress\\\/#\\\/schema\\\/person\\\/569b00245b6e677d6292297efa3aab0d\",\"name\":\"team.u15-3\",\"image\":{\"@type\":\"ImageObject\",\"inLanguage\":\"de\",\"@id\":\"https:\\\/\\\/secure.gravatar.com\\\/avatar\\\/2176380f003b126b3f8f8bd5140c30297f05726e40f54ccac82f8b6835e77226?s=96&d=mm&r=g\",\"url\":\"https:\\\/\\\/secure.gravatar.com\\\/avatar\\\/2176380f003b126b3f8f8bd5140c30297f05726e40f54ccac82f8b6835e77226?s=96&d=mm&r=g\",\"contentUrl\":\"https:\\\/\\\/secure.gravatar.com\\\/avatar\\\/2176380f003b126b3f8f8bd5140c30297f05726e40f54ccac82f8b6835e77226?s=96&d=mm&r=g\",\"caption\":\"team.u15-3\"},\"sameAs\":[\"https:\\\/\\\/x.com\\\/dominikj\"],\"url\":\"https:\\\/\\\/www.jugendfussball-wendelstein.de\\\/wordpress\\\/author\\\/team-u15-3\\\/\"}]}<\/script>\n<!-- \/ Yoast SEO plugin. -->","yoast_head_json":{"title":"Nach dem Spiel ist vor dem Spiel - JFG Wendelstein","robots":{"index":"index","follow":"follow","max-snippet":"max-snippet:-1","max-image-preview":"max-image-preview:large","max-video-preview":"max-video-preview:-1"},"canonical":"https:\/\/www.jugendfussball-wendelstein.de\/wordpress\/nach-dem-spiel-ist-vor-dem-spiel\/","og_locale":"de_DE","og_type":"article","og_title":"Nach dem Spiel ist vor dem Spiel - JFG Wendelstein","og_description":"Die Saison neigt sich dem Ende zu, eine spannende und emotionale Zeit liegt hinter uns! Gemeinsam haben wir unvergessliche Momente erlebt, Tore gefeiert und Herausforderungen gemeistert. Ein gro\u00dfes Dankesch\u00f6n an alle Spieler, Trainer und Betreuer f\u00fcr euren Einsatz und eure Leidenschaft auf dem Platz. Eure harte Arbeit und euer Teamgeist haben diese Saison zu etwas [&hellip;]","og_url":"https:\/\/www.jugendfussball-wendelstein.de\/wordpress\/nach-dem-spiel-ist-vor-dem-spiel\/","og_site_name":"JFG Wendelstein","article_published_time":"2025-06-03T18:46:59+00:00","article_modified_time":"2025-06-03T18:47:01+00:00","og_image":[{"width":828,"height":1444,"url":"https:\/\/www.jugendfussball-wendelstein.de\/wordpress\/wp-content\/uploads\/2025\/06\/006.jpeg","type":"image\/jpeg"}],"author":"team.u15-3","twitter_card":"summary_large_image","twitter_creator":"@dominikj","twitter_misc":{"Verfasst von":"team.u15-3","Gesch\u00e4tzte Lesezeit":"2\u00a0Minuten"},"schema":{"@context":"https:\/\/schema.org","@graph":[{"@type":"Article","@id":"https:\/\/www.jugendfussball-wendelstein.de\/wordpress\/nach-dem-spiel-ist-vor-dem-spiel\/#article","isPartOf":{"@id":"https:\/\/www.jugendfussball-wendelstein.de\/wordpress\/nach-dem-spiel-ist-vor-dem-spiel\/"},"author":{"name":"team.u15-3","@id":"https:\/\/www.jugendfussball-wendelstein.de\/wordpress\/#\/schema\/person\/569b00245b6e677d6292297efa3aab0d"},"headline":"Nach dem Spiel ist vor dem Spiel","datePublished":"2025-06-03T18:46:59+00:00","dateModified":"2025-06-03T18:47:01+00:00","mainEntityOfPage":{"@id":"https:\/\/www.jugendfussball-wendelstein.de\/wordpress\/nach-dem-spiel-ist-vor-dem-spiel\/"},"wordCount":224,"image":{"@id":"https:\/\/www.jugendfussball-wendelstein.de\/wordpress\/nach-dem-spiel-ist-vor-dem-spiel\/#primaryimage"},"thumbnailUrl":"https:\/\/www.jugendfussball-wendelstein.de\/wordpress\/wp-content\/uploads\/2025\/06\/006.jpeg","articleSection":["Aktuell","U15-3"],"inLanguage":"de"},{"@type":"WebPage","@id":"https:\/\/www.jugendfussball-wendelstein.de\/wordpress\/nach-dem-spiel-ist-vor-dem-spiel\/","url":"https:\/\/www.jugendfussball-wendelstein.de\/wordpress\/nach-dem-spiel-ist-vor-dem-spiel\/","name":"Nach dem Spiel ist vor dem Spiel - JFG Wendelstein","isPartOf":{"@id":"https:\/\/www.jugendfussball-wendelstein.de\/wordpress\/#website"},"primaryImageOfPage":{"@id":"https:\/\/www.jugendfussball-wendelstein.de\/wordpress\/nach-dem-spiel-ist-vor-dem-spiel\/#primaryimage"},"image":{"@id":"https:\/\/www.jugendfussball-wendelstein.de\/wordpress\/nach-dem-spiel-ist-vor-dem-spiel\/#primaryimage"},"thumbnailUrl":"https:\/\/www.jugendfussball-wendelstein.de\/wordpress\/wp-content\/uploads\/2025\/06\/006.jpeg","datePublished":"2025-06-03T18:46:59+00:00","dateModified":"2025-06-03T18:47:01+00:00","author":{"@id":"https:\/\/www.jugendfussball-wendelstein.de\/wordpress\/#\/schema\/person\/569b00245b6e677d6292297efa3aab0d"},"breadcrumb":{"@id":"https:\/\/www.jugendfussball-wendelstein.de\/wordpress\/nach-dem-spiel-ist-vor-dem-spiel\/#breadcrumb"},"inLanguage":"de","potentialAction":[{"@type":"ReadAction","target":["https:\/\/www.jugendfussball-wendelstein.de\/wordpress\/nach-dem-spiel-ist-vor-dem-spiel\/"]}]},{"@type":"ImageObject","inLanguage":"de","@id":"https:\/\/www.jugendfussball-wendelstein.de\/wordpress\/nach-dem-spiel-ist-vor-dem-spiel\/#primaryimage","url":"https:\/\/www.jugendfussball-wendelstein.de\/wordpress\/wp-content\/uploads\/2025\/06\/006.jpeg","contentUrl":"https:\/\/www.jugendfussball-wendelstein.de\/wordpress\/wp-content\/uploads\/2025\/06\/006.jpeg","width":828,"height":1444},{"@type":"BreadcrumbList","@id":"https:\/\/www.jugendfussball-wendelstein.de\/wordpress\/nach-dem-spiel-ist-vor-dem-spiel\/#breadcrumb","itemListElement":[{"@type":"ListItem","position":1,"name":"Startseite","item":"https:\/\/www.jugendfussball-wendelstein.de\/wordpress\/"},{"@type":"ListItem","position":2,"name":"Nach dem Spiel ist vor dem Spiel"}]},{"@type":"WebSite","@id":"https:\/\/www.jugendfussball-wendelstein.de\/wordpress\/#website","url":"https:\/\/www.jugendfussball-wendelstein.de\/wordpress\/","name":"JFG Wendelstein","description":"Juniorenfu\u00dfball","potentialAction":[{"@type":"SearchAction","target":{"@type":"EntryPoint","urlTemplate":"https:\/\/www.jugendfussball-wendelstein.de\/wordpress\/?s={search_term_string}"},"query-input":{"@type":"PropertyValueSpecification","valueRequired":true,"valueName":"search_term_string"}}],"inLanguage":"de"},{"@type":"Person","@id":"https:\/\/www.jugendfussball-wendelstein.de\/wordpress\/#\/schema\/person\/569b00245b6e677d6292297efa3aab0d","name":"team.u15-3","image":{"@type":"ImageObject","inLanguage":"de","@id":"https:\/\/secure.gravatar.com\/avatar\/2176380f003b126b3f8f8bd5140c30297f05726e40f54ccac82f8b6835e77226?s=96&d=mm&r=g","url":"https:\/\/secure.gravatar.com\/avatar\/2176380f003b126b3f8f8bd5140c30297f05726e40f54ccac82f8b6835e77226?s=96&d=mm&r=g","contentUrl":"https:\/\/secure.gravatar.com\/avatar\/2176380f003b126b3f8f8bd5140c30297f05726e40f54ccac82f8b6835e77226?s=96&d=mm&r=g","caption":"team.u15-3"},"sameAs":["https:\/\/x.com\/dominikj"],"url":"https:\/\/www.jugendfussball-wendelstein.de\/wordpress\/author\/team-u15-3\/"}]}},"_links":{"self":[{"href":"https:\/\/www.jugendfussball-wendelstein.de\/wordpress\/wp-json\/wp\/v2\/posts\/12317","targetHints":{"allow":["GET"]}}],"collection":[{"href":"https:\/\/www.jugendfussball-wendelstein.de\/wordpress\/wp-json\/wp\/v2\/posts"}],"about":[{"href":"https:\/\/www.jugendfussball-wendelstein.de\/wordpress\/wp-json\/wp\/v2\/types\/post"}],"author":[{"embeddable":true,"href":"https:\/\/www.jugendfussball-wendelstein.de\/wordpress\/wp-json\/wp\/v2\/users\/20"}],"replies":[{"embeddable":true,"href":"https:\/\/www.jugendfussball-wendelstein.de\/wordpress\/wp-json\/wp\/v2\/comments?post=12317"}],"version-history":[{"count":0,"href":"https:\/\/www.jugendfussball-wendelstein.de\/wordpress\/wp-json\/wp\/v2\/posts\/12317\/revisions"}],"wp:featuredmedia":[{"embeddable":true,"href":"https:\/\/www.jugendfussball-wendelstein.de\/wordpress\/wp-json\/wp\/v2\/media\/12318"}],"wp:attachment":[{"href":"https:\/\/www.jugendfussball-wendelstein.de\/wordpress\/wp-json\/wp\/v2\/media?parent=12317"}],"wp:term":[{"taxonomy":"category","embeddable":true,"href":"https:\/\/www.jugendfussball-wendelstein.de\/wordpress\/wp-json\/wp\/v2\/categories?post=12317"},{"taxonomy":"post_tag","embeddable":true,"href":"https:\/\/www.jugendfussball-wendelstein.de\/wordpress\/wp-json\/wp\/v2\/tags?post=12317"}],"curies":[{"name":"wp","href":"https:\/\/api.w.org\/{rel}","templated":true}]}}