{"id":1278,"date":"2014-09-16T23:02:17","date_gmt":"2014-09-16T21:02:17","guid":{"rendered":"http:\/\/www.jugendfussball-wendelstein.de\/wordpress\/?p=1278"},"modified":"2014-09-16T23:13:41","modified_gmt":"2014-09-16T21:13:41","slug":"sv-sg-theilenhofen-jfg-015","status":"publish","type":"post","link":"https:\/\/www.jugendfussball-wendelstein.de\/wordpress\/sv-sg-theilenhofen-jfg-015\/","title":{"rendered":"SV (SG) Theilenhofen \u2013 JFG  (0:15)"},"content":{"rendered":"<p><strong>16.09.14: 1.Runde BFV-Verbandspokal<\/strong><\/p>\n<p>Weshalb der BFV am ersten Schultag nach den Sommerferien diese Pokalpartie ansetzt oder &#8222;auslost&#8220; ist und bleibt das Geheimnis der hiesigen Fussball-Funktion\u00e4re. Nach rund 60km (!!!) Anfahrt wehrten sich die Gastgeber mit allen zur Verf\u00fcgung stehenden Mitteln, w\u00e4hrend Wendelstein mit sehr sch\u00f6nen Toren die Partie bereits nach 10 min. entschied. Der Ball lief gef\u00e4llig, unsere Jungs haben sich ordentlich bewegt und technisch feinen Fussball gezeigt. F\u00fcr wen diese Spielansetzung was bringen soll, sollte man die &#8222;Jugendfussballfachleute&#8220; des BFV tats\u00e4chlich mal fragen.<\/p>\n<p>Prima Jungs \u2013 eine Runde weiter !<\/p>\n","protected":false},"excerpt":{"rendered":"<p>16.09.14: 1.Runde BFV-Verbandspokal Weshalb der BFV am ersten Schultag nach den Sommerferien diese Pokalpartie ansetzt oder &#8222;auslost&#8220; ist und bleibt das Geheimnis der hiesigen Fussball-Funktion\u00e4re. Nach rund 60km (!!!) Anfahrt wehrten sich die Gastgeber mit allen zur Verf\u00fcgung stehenden Mitteln, w\u00e4hrend Wendelstein mit sehr sch\u00f6nen Toren die Partie bereits nach 10 min. entschied. Der Ball [&hellip;]<\/p>\n","protected":false},"author":4,"featured_media":0,"comment_status":"closed","ping_status":"closed","sticky":false,"template":"","format":"standard","meta":{"saved_in_kubio":false,"footnotes":""},"categories":[2,16,17],"tags":[],"class_list":["post-1278","post","type-post","status-publish","format-standard","hentry","category-gf","category-spielbericht","category-u15"],"yoast_head":"<!-- This site is optimized with the Yoast SEO plugin v27.4 - https:\/\/yoast.com\/product\/yoast-seo-wordpress\/ -->\n<title>SV (SG) Theilenhofen \u2013 JFG (0:15) - JFG Wendelstein<\/title>\n<meta name=\"robots\" content=\"index, follow, max-snippet:-1, max-image-preview:large, max-video-preview:-1\" \/>\n<link rel=\"canonical\" href=\"https:\/\/www.jugendfussball-wendelstein.de\/wordpress\/sv-sg-theilenhofen-jfg-015\/\" \/>\n<meta property=\"og:locale\" content=\"de_DE\" \/>\n<meta property=\"og:type\" content=\"article\" \/>\n<meta property=\"og:title\" content=\"SV (SG) Theilenhofen \u2013 JFG (0:15) - JFG Wendelstein\" \/>\n<meta property=\"og:description\" content=\"16.09.14: 1.Runde BFV-Verbandspokal Weshalb der BFV am ersten Schultag nach den Sommerferien diese Pokalpartie ansetzt oder &#8222;auslost&#8220; ist und bleibt das Geheimnis der hiesigen Fussball-Funktion\u00e4re. Nach rund 60km (!!!) Anfahrt wehrten sich die Gastgeber mit allen zur Verf\u00fcgung stehenden Mitteln, w\u00e4hrend Wendelstein mit sehr sch\u00f6nen Toren die Partie bereits nach 10 min. entschied. Der Ball [&hellip;]\" \/>\n<meta property=\"og:url\" content=\"https:\/\/www.jugendfussball-wendelstein.de\/wordpress\/sv-sg-theilenhofen-jfg-015\/\" \/>\n<meta property=\"og:site_name\" content=\"JFG Wendelstein\" \/>\n<meta property=\"article:published_time\" content=\"2014-09-16T21:02:17+00:00\" \/>\n<meta property=\"article:modified_time\" content=\"2014-09-16T21:13:41+00:00\" \/>\n<meta name=\"author\" content=\"Autor\" \/>\n<meta name=\"twitter:card\" content=\"summary_large_image\" \/>\n<meta name=\"twitter:label1\" content=\"Verfasst von\" \/>\n\t<meta name=\"twitter:data1\" content=\"Autor\" \/>\n<script type=\"application\/ld+json\" class=\"yoast-schema-graph\">{\"@context\":\"https:\\\/\\\/schema.org\",\"@graph\":[{\"@type\":\"Article\",\"@id\":\"https:\\\/\\\/www.jugendfussball-wendelstein.de\\\/wordpress\\\/sv-sg-theilenhofen-jfg-015\\\/#article\",\"isPartOf\":{\"@id\":\"https:\\\/\\\/www.jugendfussball-wendelstein.de\\\/wordpress\\\/sv-sg-theilenhofen-jfg-015\\\/\"},\"author\":{\"name\":\"Autor\",\"@id\":\"https:\\\/\\\/www.jugendfussball-wendelstein.de\\\/wordpress\\\/#\\\/schema\\\/person\\\/75aadcbd4be1b3af1c1d785397472bc9\"},\"headline\":\"SV (SG) Theilenhofen \u2013 JFG (0:15)\",\"datePublished\":\"2014-09-16T21:02:17+00:00\",\"dateModified\":\"2014-09-16T21:13:41+00:00\",\"mainEntityOfPage\":{\"@id\":\"https:\\\/\\\/www.jugendfussball-wendelstein.de\\\/wordpress\\\/sv-sg-theilenhofen-jfg-015\\\/\"},\"wordCount\":97,\"articleSection\":[\"Gro\u00dffeld\",\"Spielbericht\",\"U15\"],\"inLanguage\":\"de\"},{\"@type\":\"WebPage\",\"@id\":\"https:\\\/\\\/www.jugendfussball-wendelstein.de\\\/wordpress\\\/sv-sg-theilenhofen-jfg-015\\\/\",\"url\":\"https:\\\/\\\/www.jugendfussball-wendelstein.de\\\/wordpress\\\/sv-sg-theilenhofen-jfg-015\\\/\",\"name\":\"SV (SG) Theilenhofen \u2013 JFG (0:15) - JFG Wendelstein\",\"isPartOf\":{\"@id\":\"https:\\\/\\\/www.jugendfussball-wendelstein.de\\\/wordpress\\\/#website\"},\"datePublished\":\"2014-09-16T21:02:17+00:00\",\"dateModified\":\"2014-09-16T21:13:41+00:00\",\"author\":{\"@id\":\"https:\\\/\\\/www.jugendfussball-wendelstein.de\\\/wordpress\\\/#\\\/schema\\\/person\\\/75aadcbd4be1b3af1c1d785397472bc9\"},\"breadcrumb\":{\"@id\":\"https:\\\/\\\/www.jugendfussball-wendelstein.de\\\/wordpress\\\/sv-sg-theilenhofen-jfg-015\\\/#breadcrumb\"},\"inLanguage\":\"de\",\"potentialAction\":[{\"@type\":\"ReadAction\",\"target\":[\"https:\\\/\\\/www.jugendfussball-wendelstein.de\\\/wordpress\\\/sv-sg-theilenhofen-jfg-015\\\/\"]}]},{\"@type\":\"BreadcrumbList\",\"@id\":\"https:\\\/\\\/www.jugendfussball-wendelstein.de\\\/wordpress\\\/sv-sg-theilenhofen-jfg-015\\\/#breadcrumb\",\"itemListElement\":[{\"@type\":\"ListItem\",\"position\":1,\"name\":\"Startseite\",\"item\":\"https:\\\/\\\/www.jugendfussball-wendelstein.de\\\/wordpress\\\/\"},{\"@type\":\"ListItem\",\"position\":2,\"name\":\"SV (SG) Theilenhofen \u2013 JFG (0:15)\"}]},{\"@type\":\"WebSite\",\"@id\":\"https:\\\/\\\/www.jugendfussball-wendelstein.de\\\/wordpress\\\/#website\",\"url\":\"https:\\\/\\\/www.jugendfussball-wendelstein.de\\\/wordpress\\\/\",\"name\":\"JFG Wendelstein\",\"description\":\"Juniorenfu\u00dfball\",\"potentialAction\":[{\"@type\":\"SearchAction\",\"target\":{\"@type\":\"EntryPoint\",\"urlTemplate\":\"https:\\\/\\\/www.jugendfussball-wendelstein.de\\\/wordpress\\\/?s={search_term_string}\"},\"query-input\":{\"@type\":\"PropertyValueSpecification\",\"valueRequired\":true,\"valueName\":\"search_term_string\"}}],\"inLanguage\":\"de\"},{\"@type\":\"Person\",\"@id\":\"https:\\\/\\\/www.jugendfussball-wendelstein.de\\\/wordpress\\\/#\\\/schema\\\/person\\\/75aadcbd4be1b3af1c1d785397472bc9\",\"name\":\"Autor\",\"image\":{\"@type\":\"ImageObject\",\"inLanguage\":\"de\",\"@id\":\"https:\\\/\\\/secure.gravatar.com\\\/avatar\\\/01dd9b7f2dc8d635302f1c57c2289838e9fe288acd1c06c8f8ad332b8e2a60c9?s=96&d=mm&r=g\",\"url\":\"https:\\\/\\\/secure.gravatar.com\\\/avatar\\\/01dd9b7f2dc8d635302f1c57c2289838e9fe288acd1c06c8f8ad332b8e2a60c9?s=96&d=mm&r=g\",\"contentUrl\":\"https:\\\/\\\/secure.gravatar.com\\\/avatar\\\/01dd9b7f2dc8d635302f1c57c2289838e9fe288acd1c06c8f8ad332b8e2a60c9?s=96&d=mm&r=g\",\"caption\":\"Autor\"},\"url\":\"https:\\\/\\\/www.jugendfussball-wendelstein.de\\\/wordpress\\\/author\\\/autor\\\/\"}]}<\/script>\n<!-- \/ Yoast SEO plugin. -->","yoast_head_json":{"title":"SV (SG) Theilenhofen \u2013 JFG (0:15) - JFG Wendelstein","robots":{"index":"index","follow":"follow","max-snippet":"max-snippet:-1","max-image-preview":"max-image-preview:large","max-video-preview":"max-video-preview:-1"},"canonical":"https:\/\/www.jugendfussball-wendelstein.de\/wordpress\/sv-sg-theilenhofen-jfg-015\/","og_locale":"de_DE","og_type":"article","og_title":"SV (SG) Theilenhofen \u2013 JFG (0:15) - JFG Wendelstein","og_description":"16.09.14: 1.Runde BFV-Verbandspokal Weshalb der BFV am ersten Schultag nach den Sommerferien diese Pokalpartie ansetzt oder &#8222;auslost&#8220; ist und bleibt das Geheimnis der hiesigen Fussball-Funktion\u00e4re. Nach rund 60km (!!!) Anfahrt wehrten sich die Gastgeber mit allen zur Verf\u00fcgung stehenden Mitteln, w\u00e4hrend Wendelstein mit sehr sch\u00f6nen Toren die Partie bereits nach 10 min. entschied. Der Ball [&hellip;]","og_url":"https:\/\/www.jugendfussball-wendelstein.de\/wordpress\/sv-sg-theilenhofen-jfg-015\/","og_site_name":"JFG Wendelstein","article_published_time":"2014-09-16T21:02:17+00:00","article_modified_time":"2014-09-16T21:13:41+00:00","author":"Autor","twitter_card":"summary_large_image","twitter_misc":{"Verfasst von":"Autor"},"schema":{"@context":"https:\/\/schema.org","@graph":[{"@type":"Article","@id":"https:\/\/www.jugendfussball-wendelstein.de\/wordpress\/sv-sg-theilenhofen-jfg-015\/#article","isPartOf":{"@id":"https:\/\/www.jugendfussball-wendelstein.de\/wordpress\/sv-sg-theilenhofen-jfg-015\/"},"author":{"name":"Autor","@id":"https:\/\/www.jugendfussball-wendelstein.de\/wordpress\/#\/schema\/person\/75aadcbd4be1b3af1c1d785397472bc9"},"headline":"SV (SG) Theilenhofen \u2013 JFG (0:15)","datePublished":"2014-09-16T21:02:17+00:00","dateModified":"2014-09-16T21:13:41+00:00","mainEntityOfPage":{"@id":"https:\/\/www.jugendfussball-wendelstein.de\/wordpress\/sv-sg-theilenhofen-jfg-015\/"},"wordCount":97,"articleSection":["Gro\u00dffeld","Spielbericht","U15"],"inLanguage":"de"},{"@type":"WebPage","@id":"https:\/\/www.jugendfussball-wendelstein.de\/wordpress\/sv-sg-theilenhofen-jfg-015\/","url":"https:\/\/www.jugendfussball-wendelstein.de\/wordpress\/sv-sg-theilenhofen-jfg-015\/","name":"SV (SG) Theilenhofen \u2013 JFG (0:15) - JFG Wendelstein","isPartOf":{"@id":"https:\/\/www.jugendfussball-wendelstein.de\/wordpress\/#website"},"datePublished":"2014-09-16T21:02:17+00:00","dateModified":"2014-09-16T21:13:41+00:00","author":{"@id":"https:\/\/www.jugendfussball-wendelstein.de\/wordpress\/#\/schema\/person\/75aadcbd4be1b3af1c1d785397472bc9"},"breadcrumb":{"@id":"https:\/\/www.jugendfussball-wendelstein.de\/wordpress\/sv-sg-theilenhofen-jfg-015\/#breadcrumb"},"inLanguage":"de","potentialAction":[{"@type":"ReadAction","target":["https:\/\/www.jugendfussball-wendelstein.de\/wordpress\/sv-sg-theilenhofen-jfg-015\/"]}]},{"@type":"BreadcrumbList","@id":"https:\/\/www.jugendfussball-wendelstein.de\/wordpress\/sv-sg-theilenhofen-jfg-015\/#breadcrumb","itemListElement":[{"@type":"ListItem","position":1,"name":"Startseite","item":"https:\/\/www.jugendfussball-wendelstein.de\/wordpress\/"},{"@type":"ListItem","position":2,"name":"SV (SG) Theilenhofen \u2013 JFG (0:15)"}]},{"@type":"WebSite","@id":"https:\/\/www.jugendfussball-wendelstein.de\/wordpress\/#website","url":"https:\/\/www.jugendfussball-wendelstein.de\/wordpress\/","name":"JFG Wendelstein","description":"Juniorenfu\u00dfball","potentialAction":[{"@type":"SearchAction","target":{"@type":"EntryPoint","urlTemplate":"https:\/\/www.jugendfussball-wendelstein.de\/wordpress\/?s={search_term_string}"},"query-input":{"@type":"PropertyValueSpecification","valueRequired":true,"valueName":"search_term_string"}}],"inLanguage":"de"},{"@type":"Person","@id":"https:\/\/www.jugendfussball-wendelstein.de\/wordpress\/#\/schema\/person\/75aadcbd4be1b3af1c1d785397472bc9","name":"Autor","image":{"@type":"ImageObject","inLanguage":"de","@id":"https:\/\/secure.gravatar.com\/avatar\/01dd9b7f2dc8d635302f1c57c2289838e9fe288acd1c06c8f8ad332b8e2a60c9?s=96&d=mm&r=g","url":"https:\/\/secure.gravatar.com\/avatar\/01dd9b7f2dc8d635302f1c57c2289838e9fe288acd1c06c8f8ad332b8e2a60c9?s=96&d=mm&r=g","contentUrl":"https:\/\/secure.gravatar.com\/avatar\/01dd9b7f2dc8d635302f1c57c2289838e9fe288acd1c06c8f8ad332b8e2a60c9?s=96&d=mm&r=g","caption":"Autor"},"url":"https:\/\/www.jugendfussball-wendelstein.de\/wordpress\/author\/autor\/"}]}},"_links":{"self":[{"href":"https:\/\/www.jugendfussball-wendelstein.de\/wordpress\/wp-json\/wp\/v2\/posts\/1278","targetHints":{"allow":["GET"]}}],"collection":[{"href":"https:\/\/www.jugendfussball-wendelstein.de\/wordpress\/wp-json\/wp\/v2\/posts"}],"about":[{"href":"https:\/\/www.jugendfussball-wendelstein.de\/wordpress\/wp-json\/wp\/v2\/types\/post"}],"author":[{"embeddable":true,"href":"https:\/\/www.jugendfussball-wendelstein.de\/wordpress\/wp-json\/wp\/v2\/users\/4"}],"replies":[{"embeddable":true,"href":"https:\/\/www.jugendfussball-wendelstein.de\/wordpress\/wp-json\/wp\/v2\/comments?post=1278"}],"version-history":[{"count":0,"href":"https:\/\/www.jugendfussball-wendelstein.de\/wordpress\/wp-json\/wp\/v2\/posts\/1278\/revisions"}],"wp:attachment":[{"href":"https:\/\/www.jugendfussball-wendelstein.de\/wordpress\/wp-json\/wp\/v2\/media?parent=1278"}],"wp:term":[{"taxonomy":"category","embeddable":true,"href":"https:\/\/www.jugendfussball-wendelstein.de\/wordpress\/wp-json\/wp\/v2\/categories?post=1278"},{"taxonomy":"post_tag","embeddable":true,"href":"https:\/\/www.jugendfussball-wendelstein.de\/wordpress\/wp-json\/wp\/v2\/tags?post=1278"}],"curies":[{"name":"wp","href":"https:\/\/api.w.org\/{rel}","templated":true}]}}