{"id":13229,"date":"2026-02-28T16:00:54","date_gmt":"2026-02-28T15:00:54","guid":{"rendered":"https:\/\/www.jugendfussball-wendelstein.de\/wordpress\/?p=13229"},"modified":"2026-02-28T16:00:55","modified_gmt":"2026-02-28T15:00:55","slug":"%f0%9f%94%a5-u10-beim-pallas-hallencup-in-weiden-%f0%9f%94%a5","status":"publish","type":"post","link":"https:\/\/www.jugendfussball-wendelstein.de\/wordpress\/%f0%9f%94%a5-u10-beim-pallas-hallencup-in-weiden-%f0%9f%94%a5\/","title":{"rendered":"&#x1f525; U10 beim PALLAS Hallencup in Weiden &#x1f525;"},"content":{"rendered":"\n<p>Am 21.02.2026 war unsere U10 zu Gast beim stark besetzten Hallenturnier der SpVgg Weiden \u2013 mit mehreren NLZ-Teams am Start. Von Anfang an war klar: Das wird hochklassiger Jugendfu\u00dfball! &#x1f4aa;&#x26bd;<\/p>\n\n\n\n<p><strong>Auftakt gegen den Gastgeber<\/strong><br \/>Trotz einer 4:1-Niederlage war es \u00fcber weite Strecken ein Spiel auf Augenh\u00f6he. Ein Ergebnis, das deutlicher aussieht, als es sich angef\u00fchlt hat.<\/p>\n<p><strong>Arbeitssieg gegen Bayern Hof<\/strong><br \/>Mit einem 2:0 holen wir verdient die drei Punkte. Nicht unser bestes Spiel, aber souver\u00e4n gewonnen \u2013 manchmal z\u00e4hlt genau das. &#x2714;&#xfe0f;<\/p>\n<p><strong>Intensives Gruppenfinale<\/strong><br \/>Im Duell um Platz 2 gegen Burgweinting liefern wir ein starkes Spiel, sind \u00fcber weite Phasen tonangebend \u2013 verlieren aber ungl\u00fccklich mit 2:1. Fu\u00dfball kann hart sein\u2026<\/p>\n<p><strong>Moral im \u201ekleinen\u201c Halbfinale<\/strong><br \/>Was f\u00fcr eine Reaktion gegen Ansbach! 0:2 F\u00fchrung, 2:2-Ausgleich \u2013 und direkt die perfekte Antwort zum 2:3-Endstand. &#x1f4a5; Charakter gezeigt, verdient gewonnen!<\/p>\n<p><strong>Spiel um Platz 5 gegen Jahn Regensburg<\/strong><br \/>Ein weiteres Top-Team. Auch wenn das Ergebnis deutlicher ausfiel, waren wir spielerisch absolut auf Augenh\u00f6he. Besonders stark: Zwei wundersch\u00f6n herausgespielte Treffer gegen den sp\u00e4teren Torwart des Turniers. &#x1f44f;<\/p>\n<p>&#x1f449; Am Ende ein richtig starkes Turnier f\u00fcr unsere Jungs! Viel gelernt, viel erlebt \u2013 und vor allem mit ganz viel Spa\u00df Fu\u00dfball gespielt.<\/p>\n<p>Ein gro\u00dfes Dankesch\u00f6n an die SpVgg Weiden f\u00fcr die tolle Organisation eines fairen und hervorragend durchgef\u00fchrten Turniers! &#x1f91d;<\/p>\n\n\n\n<p>JFGWendelstein #U10 #Teamgeist #Jugendfu\u00dfball #PallasCup #TSVR\u00f6thenbachBeiSanktWolfgang #Spielkultur &#x26bd;&#x1f525;<\/p>\n\n\n\n<figure class=\"wp-block-image size-large\"><img loading=\"lazy\" decoding=\"async\" width=\"768\" height=\"1024\" src=\"https:\/\/www.jugendfussball-wendelstein.de\/wordpress\/wp-content\/uploads\/2026\/02\/5f1dba3c-0aaf-4156-be5b-b2ba41933197-768x1024.jpg\" alt=\"\" class=\"wp-image-13231\" srcset=\"https:\/\/www.jugendfussball-wendelstein.de\/wordpress\/wp-content\/uploads\/2026\/02\/5f1dba3c-0aaf-4156-be5b-b2ba41933197-768x1024.jpg 768w, https:\/\/www.jugendfussball-wendelstein.de\/wordpress\/wp-content\/uploads\/2026\/02\/5f1dba3c-0aaf-4156-be5b-b2ba41933197-225x300.jpg 225w, https:\/\/www.jugendfussball-wendelstein.de\/wordpress\/wp-content\/uploads\/2026\/02\/5f1dba3c-0aaf-4156-be5b-b2ba41933197-1152x1536.jpg 1152w, https:\/\/www.jugendfussball-wendelstein.de\/wordpress\/wp-content\/uploads\/2026\/02\/5f1dba3c-0aaf-4156-be5b-b2ba41933197-810x1080.jpg 810w, https:\/\/www.jugendfussball-wendelstein.de\/wordpress\/wp-content\/uploads\/2026\/02\/5f1dba3c-0aaf-4156-be5b-b2ba41933197.jpg 1200w\" sizes=\"(max-width: 768px) 100vw, 768px\" \/><\/figure>\n\n\n\n<figure class=\"wp-block-image size-large\"><img loading=\"lazy\" decoding=\"async\" width=\"768\" height=\"1024\" src=\"https:\/\/www.jugendfussball-wendelstein.de\/wordpress\/wp-content\/uploads\/2026\/02\/dd671aa9-2fe6-4439-9cbd-c2b78128b52a-768x1024.jpg\" alt=\"\" class=\"wp-image-13232\" srcset=\"https:\/\/www.jugendfussball-wendelstein.de\/wordpress\/wp-content\/uploads\/2026\/02\/dd671aa9-2fe6-4439-9cbd-c2b78128b52a-768x1024.jpg 768w, https:\/\/www.jugendfussball-wendelstein.de\/wordpress\/wp-content\/uploads\/2026\/02\/dd671aa9-2fe6-4439-9cbd-c2b78128b52a-225x300.jpg 225w, https:\/\/www.jugendfussball-wendelstein.de\/wordpress\/wp-content\/uploads\/2026\/02\/dd671aa9-2fe6-4439-9cbd-c2b78128b52a-1152x1536.jpg 1152w, https:\/\/www.jugendfussball-wendelstein.de\/wordpress\/wp-content\/uploads\/2026\/02\/dd671aa9-2fe6-4439-9cbd-c2b78128b52a-810x1080.jpg 810w, https:\/\/www.jugendfussball-wendelstein.de\/wordpress\/wp-content\/uploads\/2026\/02\/dd671aa9-2fe6-4439-9cbd-c2b78128b52a.jpg 1200w\" sizes=\"(max-width: 768px) 100vw, 768px\" \/><\/figure>\n\n\n\n<figure class=\"wp-block-image size-large\"><img loading=\"lazy\" decoding=\"async\" width=\"473\" height=\"1024\" src=\"https:\/\/www.jugendfussball-wendelstein.de\/wordpress\/wp-content\/uploads\/2026\/02\/f9fa7957-404e-44c3-bb38-94014469f261-473x1024.jpg\" alt=\"\" class=\"wp-image-13233\" srcset=\"https:\/\/www.jugendfussball-wendelstein.de\/wordpress\/wp-content\/uploads\/2026\/02\/f9fa7957-404e-44c3-bb38-94014469f261-473x1024.jpg 473w, https:\/\/www.jugendfussball-wendelstein.de\/wordpress\/wp-content\/uploads\/2026\/02\/f9fa7957-404e-44c3-bb38-94014469f261-139x300.jpg 139w, https:\/\/www.jugendfussball-wendelstein.de\/wordpress\/wp-content\/uploads\/2026\/02\/f9fa7957-404e-44c3-bb38-94014469f261-709x1536.jpg 709w, https:\/\/www.jugendfussball-wendelstein.de\/wordpress\/wp-content\/uploads\/2026\/02\/f9fa7957-404e-44c3-bb38-94014469f261-499x1080.jpg 499w, https:\/\/www.jugendfussball-wendelstein.de\/wordpress\/wp-content\/uploads\/2026\/02\/f9fa7957-404e-44c3-bb38-94014469f261.jpg 739w\" sizes=\"(max-width: 473px) 100vw, 473px\" \/><\/figure>\n\n\n","protected":false},"excerpt":{"rendered":"<p>Am 21.02.2026 war unsere U10 zu Gast beim stark besetzten Hallenturnier der SpVgg Weiden \u2013 mit mehreren NLZ-Teams am Start. Von Anfang an war klar: Das wird hochklassiger Jugendfu\u00dfball! &#x1f4aa;&#x26bd; Auftakt gegen den GastgeberTrotz einer 4:1-Niederlage war es \u00fcber weite Strecken ein Spiel auf Augenh\u00f6he. Ein Ergebnis, das deutlicher aussieht, als es sich angef\u00fchlt hat. [&hellip;]<\/p>\n","protected":false},"author":11,"featured_media":13230,"comment_status":"closed","ping_status":"closed","sticky":false,"template":"","format":"standard","meta":{"saved_in_kubio":false,"footnotes":""},"categories":[111,1],"tags":[],"class_list":["post-13229","post","type-post","status-publish","format-standard","has-post-thumbnail","hentry","category-26-team-u10-1","category-allgemein"],"yoast_head":"<!-- This site is optimized with the Yoast SEO plugin v27.4 - https:\/\/yoast.com\/product\/yoast-seo-wordpress\/ -->\n<title>&#x1f525; U10 beim PALLAS Hallencup in Weiden &#x1f525; - JFG Wendelstein<\/title>\n<meta name=\"robots\" content=\"index, follow, max-snippet:-1, max-image-preview:large, max-video-preview:-1\" \/>\n<link rel=\"canonical\" href=\"https:\/\/www.jugendfussball-wendelstein.de\/wordpress\/\ud83d\udd25-u10-beim-pallas-hallencup-in-weiden-\ud83d\udd25\/\" \/>\n<meta property=\"og:locale\" content=\"de_DE\" \/>\n<meta property=\"og:type\" content=\"article\" \/>\n<meta property=\"og:title\" content=\"&#x1f525; U10 beim PALLAS Hallencup in Weiden &#x1f525; - JFG Wendelstein\" \/>\n<meta property=\"og:description\" content=\"Am 21.02.2026 war unsere U10 zu Gast beim stark besetzten Hallenturnier der SpVgg Weiden \u2013 mit mehreren NLZ-Teams am Start. Von Anfang an war klar: Das wird hochklassiger Jugendfu\u00dfball! &#x1f4aa;&#x26bd; Auftakt gegen den GastgeberTrotz einer 4:1-Niederlage war es \u00fcber weite Strecken ein Spiel auf Augenh\u00f6he. Ein Ergebnis, das deutlicher aussieht, als es sich angef\u00fchlt hat. [&hellip;]\" \/>\n<meta property=\"og:url\" content=\"https:\/\/www.jugendfussball-wendelstein.de\/wordpress\/\ud83d\udd25-u10-beim-pallas-hallencup-in-weiden-\ud83d\udd25\/\" \/>\n<meta property=\"og:site_name\" content=\"JFG Wendelstein\" \/>\n<meta property=\"article:published_time\" content=\"2026-02-28T15:00:54+00:00\" \/>\n<meta property=\"article:modified_time\" content=\"2026-02-28T15:00:55+00:00\" \/>\n<meta property=\"og:image\" content=\"https:\/\/www.jugendfussball-wendelstein.de\/wordpress\/wp-content\/uploads\/2026\/02\/23.jpg\" \/>\n\t<meta property=\"og:image:width\" content=\"2300\" \/>\n\t<meta property=\"og:image:height\" content=\"1600\" \/>\n\t<meta property=\"og:image:type\" content=\"image\/jpeg\" \/>\n<meta name=\"author\" content=\"Dominik Jaworski\" \/>\n<meta name=\"twitter:card\" content=\"summary_large_image\" \/>\n<meta name=\"twitter:creator\" content=\"@dominikj\" \/>\n<meta name=\"twitter:label1\" content=\"Verfasst von\" \/>\n\t<meta name=\"twitter:data1\" content=\"Dominik Jaworski\" \/>\n\t<meta name=\"twitter:label2\" content=\"Gesch\u00e4tzte Lesezeit\" \/>\n\t<meta name=\"twitter:data2\" content=\"3\u00a0Minuten\" \/>\n<script type=\"application\/ld+json\" class=\"yoast-schema-graph\">{\"@context\":\"https:\\\/\\\/schema.org\",\"@graph\":[{\"@type\":\"Article\",\"@id\":\"https:\\\/\\\/www.jugendfussball-wendelstein.de\\\/wordpress\\\/%f0%9f%94%a5-u10-beim-pallas-hallencup-in-weiden-%f0%9f%94%a5\\\/#article\",\"isPartOf\":{\"@id\":\"https:\\\/\\\/www.jugendfussball-wendelstein.de\\\/wordpress\\\/%f0%9f%94%a5-u10-beim-pallas-hallencup-in-weiden-%f0%9f%94%a5\\\/\"},\"author\":{\"name\":\"Dominik Jaworski\",\"@id\":\"https:\\\/\\\/www.jugendfussball-wendelstein.de\\\/wordpress\\\/#\\\/schema\\\/person\\\/1fdca0e71be92900ef8521c9118d467d\"},\"headline\":\"&#x1f525; U10 beim PALLAS Hallencup in Weiden &#x1f525;\",\"datePublished\":\"2026-02-28T15:00:54+00:00\",\"dateModified\":\"2026-02-28T15:00:55+00:00\",\"mainEntityOfPage\":{\"@id\":\"https:\\\/\\\/www.jugendfussball-wendelstein.de\\\/wordpress\\\/%f0%9f%94%a5-u10-beim-pallas-hallencup-in-weiden-%f0%9f%94%a5\\\/\"},\"wordCount\":257,\"image\":{\"@id\":\"https:\\\/\\\/www.jugendfussball-wendelstein.de\\\/wordpress\\\/%f0%9f%94%a5-u10-beim-pallas-hallencup-in-weiden-%f0%9f%94%a5\\\/#primaryimage\"},\"thumbnailUrl\":\"https:\\\/\\\/www.jugendfussball-wendelstein.de\\\/wordpress\\\/wp-content\\\/uploads\\\/2026\\\/02\\\/23.jpg\",\"articleSection\":[\"26-team-u10-1\",\"Aktuell\"],\"inLanguage\":\"de\"},{\"@type\":\"WebPage\",\"@id\":\"https:\\\/\\\/www.jugendfussball-wendelstein.de\\\/wordpress\\\/%f0%9f%94%a5-u10-beim-pallas-hallencup-in-weiden-%f0%9f%94%a5\\\/\",\"url\":\"https:\\\/\\\/www.jugendfussball-wendelstein.de\\\/wordpress\\\/%f0%9f%94%a5-u10-beim-pallas-hallencup-in-weiden-%f0%9f%94%a5\\\/\",\"name\":\"&#x1f525; U10 beim PALLAS Hallencup in Weiden &#x1f525; - JFG Wendelstein\",\"isPartOf\":{\"@id\":\"https:\\\/\\\/www.jugendfussball-wendelstein.de\\\/wordpress\\\/#website\"},\"primaryImageOfPage\":{\"@id\":\"https:\\\/\\\/www.jugendfussball-wendelstein.de\\\/wordpress\\\/%f0%9f%94%a5-u10-beim-pallas-hallencup-in-weiden-%f0%9f%94%a5\\\/#primaryimage\"},\"image\":{\"@id\":\"https:\\\/\\\/www.jugendfussball-wendelstein.de\\\/wordpress\\\/%f0%9f%94%a5-u10-beim-pallas-hallencup-in-weiden-%f0%9f%94%a5\\\/#primaryimage\"},\"thumbnailUrl\":\"https:\\\/\\\/www.jugendfussball-wendelstein.de\\\/wordpress\\\/wp-content\\\/uploads\\\/2026\\\/02\\\/23.jpg\",\"datePublished\":\"2026-02-28T15:00:54+00:00\",\"dateModified\":\"2026-02-28T15:00:55+00:00\",\"author\":{\"@id\":\"https:\\\/\\\/www.jugendfussball-wendelstein.de\\\/wordpress\\\/#\\\/schema\\\/person\\\/1fdca0e71be92900ef8521c9118d467d\"},\"breadcrumb\":{\"@id\":\"https:\\\/\\\/www.jugendfussball-wendelstein.de\\\/wordpress\\\/%f0%9f%94%a5-u10-beim-pallas-hallencup-in-weiden-%f0%9f%94%a5\\\/#breadcrumb\"},\"inLanguage\":\"de\",\"potentialAction\":[{\"@type\":\"ReadAction\",\"target\":[\"https:\\\/\\\/www.jugendfussball-wendelstein.de\\\/wordpress\\\/%f0%9f%94%a5-u10-beim-pallas-hallencup-in-weiden-%f0%9f%94%a5\\\/\"]}]},{\"@type\":\"ImageObject\",\"inLanguage\":\"de\",\"@id\":\"https:\\\/\\\/www.jugendfussball-wendelstein.de\\\/wordpress\\\/%f0%9f%94%a5-u10-beim-pallas-hallencup-in-weiden-%f0%9f%94%a5\\\/#primaryimage\",\"url\":\"https:\\\/\\\/www.jugendfussball-wendelstein.de\\\/wordpress\\\/wp-content\\\/uploads\\\/2026\\\/02\\\/23.jpg\",\"contentUrl\":\"https:\\\/\\\/www.jugendfussball-wendelstein.de\\\/wordpress\\\/wp-content\\\/uploads\\\/2026\\\/02\\\/23.jpg\",\"width\":2300,\"height\":1600},{\"@type\":\"BreadcrumbList\",\"@id\":\"https:\\\/\\\/www.jugendfussball-wendelstein.de\\\/wordpress\\\/%f0%9f%94%a5-u10-beim-pallas-hallencup-in-weiden-%f0%9f%94%a5\\\/#breadcrumb\",\"itemListElement\":[{\"@type\":\"ListItem\",\"position\":1,\"name\":\"Startseite\",\"item\":\"https:\\\/\\\/www.jugendfussball-wendelstein.de\\\/wordpress\\\/\"},{\"@type\":\"ListItem\",\"position\":2,\"name\":\"&#x1f525; U10 beim PALLAS Hallencup in Weiden &#x1f525;\"}]},{\"@type\":\"WebSite\",\"@id\":\"https:\\\/\\\/www.jugendfussball-wendelstein.de\\\/wordpress\\\/#website\",\"url\":\"https:\\\/\\\/www.jugendfussball-wendelstein.de\\\/wordpress\\\/\",\"name\":\"JFG Wendelstein\",\"description\":\"Juniorenfu\u00dfball\",\"potentialAction\":[{\"@type\":\"SearchAction\",\"target\":{\"@type\":\"EntryPoint\",\"urlTemplate\":\"https:\\\/\\\/www.jugendfussball-wendelstein.de\\\/wordpress\\\/?s={search_term_string}\"},\"query-input\":{\"@type\":\"PropertyValueSpecification\",\"valueRequired\":true,\"valueName\":\"search_term_string\"}}],\"inLanguage\":\"de\"},{\"@type\":\"Person\",\"@id\":\"https:\\\/\\\/www.jugendfussball-wendelstein.de\\\/wordpress\\\/#\\\/schema\\\/person\\\/1fdca0e71be92900ef8521c9118d467d\",\"name\":\"Dominik Jaworski\",\"image\":{\"@type\":\"ImageObject\",\"inLanguage\":\"de\",\"@id\":\"https:\\\/\\\/secure.gravatar.com\\\/avatar\\\/32e05f57abbf9d0131cdd7ab704171b99ef68fe4dc45981b74ab44a89193e8c5?s=96&d=mm&r=g\",\"url\":\"https:\\\/\\\/secure.gravatar.com\\\/avatar\\\/32e05f57abbf9d0131cdd7ab704171b99ef68fe4dc45981b74ab44a89193e8c5?s=96&d=mm&r=g\",\"contentUrl\":\"https:\\\/\\\/secure.gravatar.com\\\/avatar\\\/32e05f57abbf9d0131cdd7ab704171b99ef68fe4dc45981b74ab44a89193e8c5?s=96&d=mm&r=g\",\"caption\":\"Dominik Jaworski\"},\"sameAs\":[\"https:\\\/\\\/x.com\\\/dominikj\"],\"url\":\"https:\\\/\\\/www.jugendfussball-wendelstein.de\\\/wordpress\\\/author\\\/dominikj\\\/\"}]}<\/script>\n<!-- \/ Yoast SEO plugin. -->","yoast_head_json":{"title":"&#x1f525; U10 beim PALLAS Hallencup in Weiden &#x1f525; - JFG Wendelstein","robots":{"index":"index","follow":"follow","max-snippet":"max-snippet:-1","max-image-preview":"max-image-preview:large","max-video-preview":"max-video-preview:-1"},"canonical":"https:\/\/www.jugendfussball-wendelstein.de\/wordpress\/\ud83d\udd25-u10-beim-pallas-hallencup-in-weiden-\ud83d\udd25\/","og_locale":"de_DE","og_type":"article","og_title":"&#x1f525; U10 beim PALLAS Hallencup in Weiden &#x1f525; - JFG Wendelstein","og_description":"Am 21.02.2026 war unsere U10 zu Gast beim stark besetzten Hallenturnier der SpVgg Weiden \u2013 mit mehreren NLZ-Teams am Start. Von Anfang an war klar: Das wird hochklassiger Jugendfu\u00dfball! &#x1f4aa;&#x26bd; Auftakt gegen den GastgeberTrotz einer 4:1-Niederlage war es \u00fcber weite Strecken ein Spiel auf Augenh\u00f6he. Ein Ergebnis, das deutlicher aussieht, als es sich angef\u00fchlt hat. [&hellip;]","og_url":"https:\/\/www.jugendfussball-wendelstein.de\/wordpress\/\ud83d\udd25-u10-beim-pallas-hallencup-in-weiden-\ud83d\udd25\/","og_site_name":"JFG Wendelstein","article_published_time":"2026-02-28T15:00:54+00:00","article_modified_time":"2026-02-28T15:00:55+00:00","og_image":[{"width":2300,"height":1600,"url":"https:\/\/www.jugendfussball-wendelstein.de\/wordpress\/wp-content\/uploads\/2026\/02\/23.jpg","type":"image\/jpeg"}],"author":"Dominik Jaworski","twitter_card":"summary_large_image","twitter_creator":"@dominikj","twitter_misc":{"Verfasst von":"Dominik Jaworski","Gesch\u00e4tzte Lesezeit":"3\u00a0Minuten"},"schema":{"@context":"https:\/\/schema.org","@graph":[{"@type":"Article","@id":"https:\/\/www.jugendfussball-wendelstein.de\/wordpress\/%f0%9f%94%a5-u10-beim-pallas-hallencup-in-weiden-%f0%9f%94%a5\/#article","isPartOf":{"@id":"https:\/\/www.jugendfussball-wendelstein.de\/wordpress\/%f0%9f%94%a5-u10-beim-pallas-hallencup-in-weiden-%f0%9f%94%a5\/"},"author":{"name":"Dominik Jaworski","@id":"https:\/\/www.jugendfussball-wendelstein.de\/wordpress\/#\/schema\/person\/1fdca0e71be92900ef8521c9118d467d"},"headline":"&#x1f525; U10 beim PALLAS Hallencup in Weiden &#x1f525;","datePublished":"2026-02-28T15:00:54+00:00","dateModified":"2026-02-28T15:00:55+00:00","mainEntityOfPage":{"@id":"https:\/\/www.jugendfussball-wendelstein.de\/wordpress\/%f0%9f%94%a5-u10-beim-pallas-hallencup-in-weiden-%f0%9f%94%a5\/"},"wordCount":257,"image":{"@id":"https:\/\/www.jugendfussball-wendelstein.de\/wordpress\/%f0%9f%94%a5-u10-beim-pallas-hallencup-in-weiden-%f0%9f%94%a5\/#primaryimage"},"thumbnailUrl":"https:\/\/www.jugendfussball-wendelstein.de\/wordpress\/wp-content\/uploads\/2026\/02\/23.jpg","articleSection":["26-team-u10-1","Aktuell"],"inLanguage":"de"},{"@type":"WebPage","@id":"https:\/\/www.jugendfussball-wendelstein.de\/wordpress\/%f0%9f%94%a5-u10-beim-pallas-hallencup-in-weiden-%f0%9f%94%a5\/","url":"https:\/\/www.jugendfussball-wendelstein.de\/wordpress\/%f0%9f%94%a5-u10-beim-pallas-hallencup-in-weiden-%f0%9f%94%a5\/","name":"&#x1f525; U10 beim PALLAS Hallencup in Weiden &#x1f525; - JFG Wendelstein","isPartOf":{"@id":"https:\/\/www.jugendfussball-wendelstein.de\/wordpress\/#website"},"primaryImageOfPage":{"@id":"https:\/\/www.jugendfussball-wendelstein.de\/wordpress\/%f0%9f%94%a5-u10-beim-pallas-hallencup-in-weiden-%f0%9f%94%a5\/#primaryimage"},"image":{"@id":"https:\/\/www.jugendfussball-wendelstein.de\/wordpress\/%f0%9f%94%a5-u10-beim-pallas-hallencup-in-weiden-%f0%9f%94%a5\/#primaryimage"},"thumbnailUrl":"https:\/\/www.jugendfussball-wendelstein.de\/wordpress\/wp-content\/uploads\/2026\/02\/23.jpg","datePublished":"2026-02-28T15:00:54+00:00","dateModified":"2026-02-28T15:00:55+00:00","author":{"@id":"https:\/\/www.jugendfussball-wendelstein.de\/wordpress\/#\/schema\/person\/1fdca0e71be92900ef8521c9118d467d"},"breadcrumb":{"@id":"https:\/\/www.jugendfussball-wendelstein.de\/wordpress\/%f0%9f%94%a5-u10-beim-pallas-hallencup-in-weiden-%f0%9f%94%a5\/#breadcrumb"},"inLanguage":"de","potentialAction":[{"@type":"ReadAction","target":["https:\/\/www.jugendfussball-wendelstein.de\/wordpress\/%f0%9f%94%a5-u10-beim-pallas-hallencup-in-weiden-%f0%9f%94%a5\/"]}]},{"@type":"ImageObject","inLanguage":"de","@id":"https:\/\/www.jugendfussball-wendelstein.de\/wordpress\/%f0%9f%94%a5-u10-beim-pallas-hallencup-in-weiden-%f0%9f%94%a5\/#primaryimage","url":"https:\/\/www.jugendfussball-wendelstein.de\/wordpress\/wp-content\/uploads\/2026\/02\/23.jpg","contentUrl":"https:\/\/www.jugendfussball-wendelstein.de\/wordpress\/wp-content\/uploads\/2026\/02\/23.jpg","width":2300,"height":1600},{"@type":"BreadcrumbList","@id":"https:\/\/www.jugendfussball-wendelstein.de\/wordpress\/%f0%9f%94%a5-u10-beim-pallas-hallencup-in-weiden-%f0%9f%94%a5\/#breadcrumb","itemListElement":[{"@type":"ListItem","position":1,"name":"Startseite","item":"https:\/\/www.jugendfussball-wendelstein.de\/wordpress\/"},{"@type":"ListItem","position":2,"name":"&#x1f525; U10 beim PALLAS Hallencup in Weiden &#x1f525;"}]},{"@type":"WebSite","@id":"https:\/\/www.jugendfussball-wendelstein.de\/wordpress\/#website","url":"https:\/\/www.jugendfussball-wendelstein.de\/wordpress\/","name":"JFG Wendelstein","description":"Juniorenfu\u00dfball","potentialAction":[{"@type":"SearchAction","target":{"@type":"EntryPoint","urlTemplate":"https:\/\/www.jugendfussball-wendelstein.de\/wordpress\/?s={search_term_string}"},"query-input":{"@type":"PropertyValueSpecification","valueRequired":true,"valueName":"search_term_string"}}],"inLanguage":"de"},{"@type":"Person","@id":"https:\/\/www.jugendfussball-wendelstein.de\/wordpress\/#\/schema\/person\/1fdca0e71be92900ef8521c9118d467d","name":"Dominik Jaworski","image":{"@type":"ImageObject","inLanguage":"de","@id":"https:\/\/secure.gravatar.com\/avatar\/32e05f57abbf9d0131cdd7ab704171b99ef68fe4dc45981b74ab44a89193e8c5?s=96&d=mm&r=g","url":"https:\/\/secure.gravatar.com\/avatar\/32e05f57abbf9d0131cdd7ab704171b99ef68fe4dc45981b74ab44a89193e8c5?s=96&d=mm&r=g","contentUrl":"https:\/\/secure.gravatar.com\/avatar\/32e05f57abbf9d0131cdd7ab704171b99ef68fe4dc45981b74ab44a89193e8c5?s=96&d=mm&r=g","caption":"Dominik Jaworski"},"sameAs":["https:\/\/x.com\/dominikj"],"url":"https:\/\/www.jugendfussball-wendelstein.de\/wordpress\/author\/dominikj\/"}]}},"_links":{"self":[{"href":"https:\/\/www.jugendfussball-wendelstein.de\/wordpress\/wp-json\/wp\/v2\/posts\/13229","targetHints":{"allow":["GET"]}}],"collection":[{"href":"https:\/\/www.jugendfussball-wendelstein.de\/wordpress\/wp-json\/wp\/v2\/posts"}],"about":[{"href":"https:\/\/www.jugendfussball-wendelstein.de\/wordpress\/wp-json\/wp\/v2\/types\/post"}],"author":[{"embeddable":true,"href":"https:\/\/www.jugendfussball-wendelstein.de\/wordpress\/wp-json\/wp\/v2\/users\/11"}],"replies":[{"embeddable":true,"href":"https:\/\/www.jugendfussball-wendelstein.de\/wordpress\/wp-json\/wp\/v2\/comments?post=13229"}],"version-history":[{"count":1,"href":"https:\/\/www.jugendfussball-wendelstein.de\/wordpress\/wp-json\/wp\/v2\/posts\/13229\/revisions"}],"predecessor-version":[{"id":13234,"href":"https:\/\/www.jugendfussball-wendelstein.de\/wordpress\/wp-json\/wp\/v2\/posts\/13229\/revisions\/13234"}],"wp:featuredmedia":[{"embeddable":true,"href":"https:\/\/www.jugendfussball-wendelstein.de\/wordpress\/wp-json\/wp\/v2\/media\/13230"}],"wp:attachment":[{"href":"https:\/\/www.jugendfussball-wendelstein.de\/wordpress\/wp-json\/wp\/v2\/media?parent=13229"}],"wp:term":[{"taxonomy":"category","embeddable":true,"href":"https:\/\/www.jugendfussball-wendelstein.de\/wordpress\/wp-json\/wp\/v2\/categories?post=13229"},{"taxonomy":"post_tag","embeddable":true,"href":"https:\/\/www.jugendfussball-wendelstein.de\/wordpress\/wp-json\/wp\/v2\/tags?post=13229"}],"curies":[{"name":"wp","href":"https:\/\/api.w.org\/{rel}","templated":true}]}}