{"id":13235,"date":"2026-03-05T22:25:23","date_gmt":"2026-03-05T21:25:23","guid":{"rendered":"https:\/\/www.jugendfussball-wendelstein.de\/wordpress\/?p=13235"},"modified":"2026-03-05T22:25:24","modified_gmt":"2026-03-05T21:25:24","slug":"jfg-talent-jannik-muelleru11-wechselt-zum-fcn","status":"publish","type":"post","link":"https:\/\/www.jugendfussball-wendelstein.de\/wordpress\/jfg-talent-jannik-muelleru11-wechselt-zum-fcn\/","title":{"rendered":"JFG Talent Jannik M\u00fcller(U11) wechselt zum FCN!"},"content":{"rendered":"\n<p>Zum 01. M\u00e4rz ist Jannik M\u00fcller, die Nr. 19 der U11 der JFG Wendelstein, zum 1. FC N\u00fcrnberg gewechselt.<\/p>\n<p>Jannik kam 2024 vom TSV Katzwang zur JFG, und es war relativ schnell klar, dass er mit seiner Spielweise die Mannschaft enorm bereicherte. Das blieb nicht unbemerkt vom Club, so dass Jannik 2025 bereits zu ersten Sichtungen eingeladen wurde.<\/p>\n<p>Nachdem der FCN im Jugendbereich kein Club der schnellen Entscheidungen ist, war es Anfang 2026 dann soweit: Jannik wechselt ins NLZ des 1. FC N\u00fcrnberg und darf nun in ganz Deutschland auf Torjagd gehen.<\/p>\n<p>Diese Entwicklung zeigt, dass die JFG Wendelstein als Partnerverein des Clubs eine richtige Talentschmiede ist \u2013 danke auch an die Trainer der U11, Alexander Fendt und Dieter Krestel.<\/p>\n<p>Jannik, wir w\u00fcnschen Dir viel Erfolg beim FCN! Sch\u00f6n, dass Du bei der JFG warst!<\/p>\n<p>#wirsinddieblues #talentschmiede #nlz<\/p>\n<p>\u00a0<\/p>\n\n\n\n\n\n\n\n<figure class=\"wp-block-image size-large\"><img loading=\"lazy\" decoding=\"async\" width=\"1024\" height=\"1024\" src=\"https:\/\/www.jugendfussball-wendelstein.de\/wordpress\/wp-content\/uploads\/2026\/03\/fef8ff3f-ae4b-4038-850c-d8daa5c4cf45-1024x1024.jpg\" alt=\"\" class=\"wp-image-13239\" srcset=\"https:\/\/www.jugendfussball-wendelstein.de\/wordpress\/wp-content\/uploads\/2026\/03\/fef8ff3f-ae4b-4038-850c-d8daa5c4cf45-1024x1024.jpg 1024w, https:\/\/www.jugendfussball-wendelstein.de\/wordpress\/wp-content\/uploads\/2026\/03\/fef8ff3f-ae4b-4038-850c-d8daa5c4cf45-300x300.jpg 300w, https:\/\/www.jugendfussball-wendelstein.de\/wordpress\/wp-content\/uploads\/2026\/03\/fef8ff3f-ae4b-4038-850c-d8daa5c4cf45-768x768.jpg 768w, https:\/\/www.jugendfussball-wendelstein.de\/wordpress\/wp-content\/uploads\/2026\/03\/fef8ff3f-ae4b-4038-850c-d8daa5c4cf45-1536x1536.jpg 1536w, https:\/\/www.jugendfussball-wendelstein.de\/wordpress\/wp-content\/uploads\/2026\/03\/fef8ff3f-ae4b-4038-850c-d8daa5c4cf45-1080x1080.jpg 1080w, https:\/\/www.jugendfussball-wendelstein.de\/wordpress\/wp-content\/uploads\/2026\/03\/fef8ff3f-ae4b-4038-850c-d8daa5c4cf45.jpg 2048w\" sizes=\"(max-width: 1024px) 100vw, 1024px\" \/><\/figure>\n\n\n\n<figure class=\"wp-block-image size-large\"><img loading=\"lazy\" decoding=\"async\" width=\"768\" height=\"1024\" src=\"https:\/\/www.jugendfussball-wendelstein.de\/wordpress\/wp-content\/uploads\/2026\/03\/IMG_2365-768x1024.jpeg\" alt=\"\" class=\"wp-image-13240\" srcset=\"https:\/\/www.jugendfussball-wendelstein.de\/wordpress\/wp-content\/uploads\/2026\/03\/IMG_2365-768x1024.jpeg 768w, https:\/\/www.jugendfussball-wendelstein.de\/wordpress\/wp-content\/uploads\/2026\/03\/IMG_2365-225x300.jpeg 225w, https:\/\/www.jugendfussball-wendelstein.de\/wordpress\/wp-content\/uploads\/2026\/03\/IMG_2365-1152x1536.jpeg 1152w, https:\/\/www.jugendfussball-wendelstein.de\/wordpress\/wp-content\/uploads\/2026\/03\/IMG_2365-810x1080.jpeg 810w, https:\/\/www.jugendfussball-wendelstein.de\/wordpress\/wp-content\/uploads\/2026\/03\/IMG_2365.jpeg 1536w\" sizes=\"(max-width: 768px) 100vw, 768px\" \/><\/figure>\n\n\n","protected":false},"excerpt":{"rendered":"<p>Zum 01. M\u00e4rz ist Jannik M\u00fcller, die Nr. 19 der U11 der JFG Wendelstein, zum 1. FC N\u00fcrnberg gewechselt. Jannik kam 2024 vom TSV Katzwang zur JFG, und es war relativ schnell klar, dass er mit seiner Spielweise die Mannschaft enorm bereicherte. Das blieb nicht unbemerkt vom Club, so dass Jannik 2025 bereits zu ersten [&hellip;]<\/p>\n","protected":false},"author":11,"featured_media":13236,"comment_status":"closed","ping_status":"closed","sticky":false,"template":"","format":"standard","meta":{"saved_in_kubio":false,"footnotes":""},"categories":[109,1],"tags":[],"class_list":["post-13235","post","type-post","status-publish","format-standard","has-post-thumbnail","hentry","category-26-team-u11-1","category-allgemein"],"yoast_head":"<!-- This site is optimized with the Yoast SEO plugin v27.4 - https:\/\/yoast.com\/product\/yoast-seo-wordpress\/ -->\n<title>JFG Talent Jannik M\u00fcller(U11) wechselt zum FCN! - JFG Wendelstein<\/title>\n<meta name=\"robots\" content=\"index, follow, max-snippet:-1, max-image-preview:large, max-video-preview:-1\" \/>\n<link rel=\"canonical\" href=\"https:\/\/www.jugendfussball-wendelstein.de\/wordpress\/jfg-talent-jannik-muelleru11-wechselt-zum-fcn\/\" \/>\n<meta property=\"og:locale\" content=\"de_DE\" \/>\n<meta property=\"og:type\" content=\"article\" \/>\n<meta property=\"og:title\" content=\"JFG Talent Jannik M\u00fcller(U11) wechselt zum FCN! - JFG Wendelstein\" \/>\n<meta property=\"og:description\" content=\"Zum 01. M\u00e4rz ist Jannik M\u00fcller, die Nr. 19 der U11 der JFG Wendelstein, zum 1. FC N\u00fcrnberg gewechselt. Jannik kam 2024 vom TSV Katzwang zur JFG, und es war relativ schnell klar, dass er mit seiner Spielweise die Mannschaft enorm bereicherte. Das blieb nicht unbemerkt vom Club, so dass Jannik 2025 bereits zu ersten [&hellip;]\" \/>\n<meta property=\"og:url\" content=\"https:\/\/www.jugendfussball-wendelstein.de\/wordpress\/jfg-talent-jannik-muelleru11-wechselt-zum-fcn\/\" \/>\n<meta property=\"og:site_name\" content=\"JFG Wendelstein\" \/>\n<meta property=\"article:published_time\" content=\"2026-03-05T21:25:23+00:00\" \/>\n<meta property=\"article:modified_time\" content=\"2026-03-05T21:25:24+00:00\" \/>\n<meta property=\"og:image\" content=\"https:\/\/www.jugendfussball-wendelstein.de\/wordpress\/wp-content\/uploads\/2026\/03\/23-scaled.jpg\" \/>\n\t<meta property=\"og:image:width\" content=\"2560\" \/>\n\t<meta property=\"og:image:height\" content=\"1498\" \/>\n\t<meta property=\"og:image:type\" content=\"image\/jpeg\" \/>\n<meta name=\"author\" content=\"Dominik Jaworski\" \/>\n<meta name=\"twitter:card\" content=\"summary_large_image\" \/>\n<meta name=\"twitter:creator\" content=\"@dominikj\" \/>\n<meta name=\"twitter:label1\" content=\"Verfasst von\" \/>\n\t<meta name=\"twitter:data1\" content=\"Dominik Jaworski\" \/>\n\t<meta name=\"twitter:label2\" content=\"Gesch\u00e4tzte Lesezeit\" \/>\n\t<meta name=\"twitter:data2\" content=\"2\u00a0Minuten\" \/>\n<script type=\"application\/ld+json\" class=\"yoast-schema-graph\">{\"@context\":\"https:\\\/\\\/schema.org\",\"@graph\":[{\"@type\":\"Article\",\"@id\":\"https:\\\/\\\/www.jugendfussball-wendelstein.de\\\/wordpress\\\/jfg-talent-jannik-muelleru11-wechselt-zum-fcn\\\/#article\",\"isPartOf\":{\"@id\":\"https:\\\/\\\/www.jugendfussball-wendelstein.de\\\/wordpress\\\/jfg-talent-jannik-muelleru11-wechselt-zum-fcn\\\/\"},\"author\":{\"name\":\"Dominik Jaworski\",\"@id\":\"https:\\\/\\\/www.jugendfussball-wendelstein.de\\\/wordpress\\\/#\\\/schema\\\/person\\\/1fdca0e71be92900ef8521c9118d467d\"},\"headline\":\"JFG Talent Jannik M\u00fcller(U11) wechselt zum FCN!\",\"datePublished\":\"2026-03-05T21:25:23+00:00\",\"dateModified\":\"2026-03-05T21:25:24+00:00\",\"mainEntityOfPage\":{\"@id\":\"https:\\\/\\\/www.jugendfussball-wendelstein.de\\\/wordpress\\\/jfg-talent-jannik-muelleru11-wechselt-zum-fcn\\\/\"},\"wordCount\":145,\"image\":{\"@id\":\"https:\\\/\\\/www.jugendfussball-wendelstein.de\\\/wordpress\\\/jfg-talent-jannik-muelleru11-wechselt-zum-fcn\\\/#primaryimage\"},\"thumbnailUrl\":\"https:\\\/\\\/www.jugendfussball-wendelstein.de\\\/wordpress\\\/wp-content\\\/uploads\\\/2026\\\/03\\\/23-scaled.jpg\",\"articleSection\":[\"26-team-u11-1\",\"Aktuell\"],\"inLanguage\":\"de\"},{\"@type\":\"WebPage\",\"@id\":\"https:\\\/\\\/www.jugendfussball-wendelstein.de\\\/wordpress\\\/jfg-talent-jannik-muelleru11-wechselt-zum-fcn\\\/\",\"url\":\"https:\\\/\\\/www.jugendfussball-wendelstein.de\\\/wordpress\\\/jfg-talent-jannik-muelleru11-wechselt-zum-fcn\\\/\",\"name\":\"JFG Talent Jannik M\u00fcller(U11) wechselt zum FCN! - JFG Wendelstein\",\"isPartOf\":{\"@id\":\"https:\\\/\\\/www.jugendfussball-wendelstein.de\\\/wordpress\\\/#website\"},\"primaryImageOfPage\":{\"@id\":\"https:\\\/\\\/www.jugendfussball-wendelstein.de\\\/wordpress\\\/jfg-talent-jannik-muelleru11-wechselt-zum-fcn\\\/#primaryimage\"},\"image\":{\"@id\":\"https:\\\/\\\/www.jugendfussball-wendelstein.de\\\/wordpress\\\/jfg-talent-jannik-muelleru11-wechselt-zum-fcn\\\/#primaryimage\"},\"thumbnailUrl\":\"https:\\\/\\\/www.jugendfussball-wendelstein.de\\\/wordpress\\\/wp-content\\\/uploads\\\/2026\\\/03\\\/23-scaled.jpg\",\"datePublished\":\"2026-03-05T21:25:23+00:00\",\"dateModified\":\"2026-03-05T21:25:24+00:00\",\"author\":{\"@id\":\"https:\\\/\\\/www.jugendfussball-wendelstein.de\\\/wordpress\\\/#\\\/schema\\\/person\\\/1fdca0e71be92900ef8521c9118d467d\"},\"breadcrumb\":{\"@id\":\"https:\\\/\\\/www.jugendfussball-wendelstein.de\\\/wordpress\\\/jfg-talent-jannik-muelleru11-wechselt-zum-fcn\\\/#breadcrumb\"},\"inLanguage\":\"de\",\"potentialAction\":[{\"@type\":\"ReadAction\",\"target\":[\"https:\\\/\\\/www.jugendfussball-wendelstein.de\\\/wordpress\\\/jfg-talent-jannik-muelleru11-wechselt-zum-fcn\\\/\"]}]},{\"@type\":\"ImageObject\",\"inLanguage\":\"de\",\"@id\":\"https:\\\/\\\/www.jugendfussball-wendelstein.de\\\/wordpress\\\/jfg-talent-jannik-muelleru11-wechselt-zum-fcn\\\/#primaryimage\",\"url\":\"https:\\\/\\\/www.jugendfussball-wendelstein.de\\\/wordpress\\\/wp-content\\\/uploads\\\/2026\\\/03\\\/23-scaled.jpg\",\"contentUrl\":\"https:\\\/\\\/www.jugendfussball-wendelstein.de\\\/wordpress\\\/wp-content\\\/uploads\\\/2026\\\/03\\\/23-scaled.jpg\",\"width\":2560,\"height\":1498},{\"@type\":\"BreadcrumbList\",\"@id\":\"https:\\\/\\\/www.jugendfussball-wendelstein.de\\\/wordpress\\\/jfg-talent-jannik-muelleru11-wechselt-zum-fcn\\\/#breadcrumb\",\"itemListElement\":[{\"@type\":\"ListItem\",\"position\":1,\"name\":\"Startseite\",\"item\":\"https:\\\/\\\/www.jugendfussball-wendelstein.de\\\/wordpress\\\/\"},{\"@type\":\"ListItem\",\"position\":2,\"name\":\"JFG Talent Jannik M\u00fcller(U11) wechselt zum FCN!\"}]},{\"@type\":\"WebSite\",\"@id\":\"https:\\\/\\\/www.jugendfussball-wendelstein.de\\\/wordpress\\\/#website\",\"url\":\"https:\\\/\\\/www.jugendfussball-wendelstein.de\\\/wordpress\\\/\",\"name\":\"JFG Wendelstein\",\"description\":\"Juniorenfu\u00dfball\",\"potentialAction\":[{\"@type\":\"SearchAction\",\"target\":{\"@type\":\"EntryPoint\",\"urlTemplate\":\"https:\\\/\\\/www.jugendfussball-wendelstein.de\\\/wordpress\\\/?s={search_term_string}\"},\"query-input\":{\"@type\":\"PropertyValueSpecification\",\"valueRequired\":true,\"valueName\":\"search_term_string\"}}],\"inLanguage\":\"de\"},{\"@type\":\"Person\",\"@id\":\"https:\\\/\\\/www.jugendfussball-wendelstein.de\\\/wordpress\\\/#\\\/schema\\\/person\\\/1fdca0e71be92900ef8521c9118d467d\",\"name\":\"Dominik Jaworski\",\"image\":{\"@type\":\"ImageObject\",\"inLanguage\":\"de\",\"@id\":\"https:\\\/\\\/secure.gravatar.com\\\/avatar\\\/32e05f57abbf9d0131cdd7ab704171b99ef68fe4dc45981b74ab44a89193e8c5?s=96&d=mm&r=g\",\"url\":\"https:\\\/\\\/secure.gravatar.com\\\/avatar\\\/32e05f57abbf9d0131cdd7ab704171b99ef68fe4dc45981b74ab44a89193e8c5?s=96&d=mm&r=g\",\"contentUrl\":\"https:\\\/\\\/secure.gravatar.com\\\/avatar\\\/32e05f57abbf9d0131cdd7ab704171b99ef68fe4dc45981b74ab44a89193e8c5?s=96&d=mm&r=g\",\"caption\":\"Dominik Jaworski\"},\"sameAs\":[\"https:\\\/\\\/x.com\\\/dominikj\"],\"url\":\"https:\\\/\\\/www.jugendfussball-wendelstein.de\\\/wordpress\\\/author\\\/dominikj\\\/\"}]}<\/script>\n<!-- \/ Yoast SEO plugin. -->","yoast_head_json":{"title":"JFG Talent Jannik M\u00fcller(U11) wechselt zum FCN! - JFG Wendelstein","robots":{"index":"index","follow":"follow","max-snippet":"max-snippet:-1","max-image-preview":"max-image-preview:large","max-video-preview":"max-video-preview:-1"},"canonical":"https:\/\/www.jugendfussball-wendelstein.de\/wordpress\/jfg-talent-jannik-muelleru11-wechselt-zum-fcn\/","og_locale":"de_DE","og_type":"article","og_title":"JFG Talent Jannik M\u00fcller(U11) wechselt zum FCN! - JFG Wendelstein","og_description":"Zum 01. M\u00e4rz ist Jannik M\u00fcller, die Nr. 19 der U11 der JFG Wendelstein, zum 1. FC N\u00fcrnberg gewechselt. Jannik kam 2024 vom TSV Katzwang zur JFG, und es war relativ schnell klar, dass er mit seiner Spielweise die Mannschaft enorm bereicherte. Das blieb nicht unbemerkt vom Club, so dass Jannik 2025 bereits zu ersten [&hellip;]","og_url":"https:\/\/www.jugendfussball-wendelstein.de\/wordpress\/jfg-talent-jannik-muelleru11-wechselt-zum-fcn\/","og_site_name":"JFG Wendelstein","article_published_time":"2026-03-05T21:25:23+00:00","article_modified_time":"2026-03-05T21:25:24+00:00","og_image":[{"width":2560,"height":1498,"url":"https:\/\/www.jugendfussball-wendelstein.de\/wordpress\/wp-content\/uploads\/2026\/03\/23-scaled.jpg","type":"image\/jpeg"}],"author":"Dominik Jaworski","twitter_card":"summary_large_image","twitter_creator":"@dominikj","twitter_misc":{"Verfasst von":"Dominik Jaworski","Gesch\u00e4tzte Lesezeit":"2\u00a0Minuten"},"schema":{"@context":"https:\/\/schema.org","@graph":[{"@type":"Article","@id":"https:\/\/www.jugendfussball-wendelstein.de\/wordpress\/jfg-talent-jannik-muelleru11-wechselt-zum-fcn\/#article","isPartOf":{"@id":"https:\/\/www.jugendfussball-wendelstein.de\/wordpress\/jfg-talent-jannik-muelleru11-wechselt-zum-fcn\/"},"author":{"name":"Dominik Jaworski","@id":"https:\/\/www.jugendfussball-wendelstein.de\/wordpress\/#\/schema\/person\/1fdca0e71be92900ef8521c9118d467d"},"headline":"JFG Talent Jannik M\u00fcller(U11) wechselt zum FCN!","datePublished":"2026-03-05T21:25:23+00:00","dateModified":"2026-03-05T21:25:24+00:00","mainEntityOfPage":{"@id":"https:\/\/www.jugendfussball-wendelstein.de\/wordpress\/jfg-talent-jannik-muelleru11-wechselt-zum-fcn\/"},"wordCount":145,"image":{"@id":"https:\/\/www.jugendfussball-wendelstein.de\/wordpress\/jfg-talent-jannik-muelleru11-wechselt-zum-fcn\/#primaryimage"},"thumbnailUrl":"https:\/\/www.jugendfussball-wendelstein.de\/wordpress\/wp-content\/uploads\/2026\/03\/23-scaled.jpg","articleSection":["26-team-u11-1","Aktuell"],"inLanguage":"de"},{"@type":"WebPage","@id":"https:\/\/www.jugendfussball-wendelstein.de\/wordpress\/jfg-talent-jannik-muelleru11-wechselt-zum-fcn\/","url":"https:\/\/www.jugendfussball-wendelstein.de\/wordpress\/jfg-talent-jannik-muelleru11-wechselt-zum-fcn\/","name":"JFG Talent Jannik M\u00fcller(U11) wechselt zum FCN! - JFG Wendelstein","isPartOf":{"@id":"https:\/\/www.jugendfussball-wendelstein.de\/wordpress\/#website"},"primaryImageOfPage":{"@id":"https:\/\/www.jugendfussball-wendelstein.de\/wordpress\/jfg-talent-jannik-muelleru11-wechselt-zum-fcn\/#primaryimage"},"image":{"@id":"https:\/\/www.jugendfussball-wendelstein.de\/wordpress\/jfg-talent-jannik-muelleru11-wechselt-zum-fcn\/#primaryimage"},"thumbnailUrl":"https:\/\/www.jugendfussball-wendelstein.de\/wordpress\/wp-content\/uploads\/2026\/03\/23-scaled.jpg","datePublished":"2026-03-05T21:25:23+00:00","dateModified":"2026-03-05T21:25:24+00:00","author":{"@id":"https:\/\/www.jugendfussball-wendelstein.de\/wordpress\/#\/schema\/person\/1fdca0e71be92900ef8521c9118d467d"},"breadcrumb":{"@id":"https:\/\/www.jugendfussball-wendelstein.de\/wordpress\/jfg-talent-jannik-muelleru11-wechselt-zum-fcn\/#breadcrumb"},"inLanguage":"de","potentialAction":[{"@type":"ReadAction","target":["https:\/\/www.jugendfussball-wendelstein.de\/wordpress\/jfg-talent-jannik-muelleru11-wechselt-zum-fcn\/"]}]},{"@type":"ImageObject","inLanguage":"de","@id":"https:\/\/www.jugendfussball-wendelstein.de\/wordpress\/jfg-talent-jannik-muelleru11-wechselt-zum-fcn\/#primaryimage","url":"https:\/\/www.jugendfussball-wendelstein.de\/wordpress\/wp-content\/uploads\/2026\/03\/23-scaled.jpg","contentUrl":"https:\/\/www.jugendfussball-wendelstein.de\/wordpress\/wp-content\/uploads\/2026\/03\/23-scaled.jpg","width":2560,"height":1498},{"@type":"BreadcrumbList","@id":"https:\/\/www.jugendfussball-wendelstein.de\/wordpress\/jfg-talent-jannik-muelleru11-wechselt-zum-fcn\/#breadcrumb","itemListElement":[{"@type":"ListItem","position":1,"name":"Startseite","item":"https:\/\/www.jugendfussball-wendelstein.de\/wordpress\/"},{"@type":"ListItem","position":2,"name":"JFG Talent Jannik M\u00fcller(U11) wechselt zum FCN!"}]},{"@type":"WebSite","@id":"https:\/\/www.jugendfussball-wendelstein.de\/wordpress\/#website","url":"https:\/\/www.jugendfussball-wendelstein.de\/wordpress\/","name":"JFG Wendelstein","description":"Juniorenfu\u00dfball","potentialAction":[{"@type":"SearchAction","target":{"@type":"EntryPoint","urlTemplate":"https:\/\/www.jugendfussball-wendelstein.de\/wordpress\/?s={search_term_string}"},"query-input":{"@type":"PropertyValueSpecification","valueRequired":true,"valueName":"search_term_string"}}],"inLanguage":"de"},{"@type":"Person","@id":"https:\/\/www.jugendfussball-wendelstein.de\/wordpress\/#\/schema\/person\/1fdca0e71be92900ef8521c9118d467d","name":"Dominik Jaworski","image":{"@type":"ImageObject","inLanguage":"de","@id":"https:\/\/secure.gravatar.com\/avatar\/32e05f57abbf9d0131cdd7ab704171b99ef68fe4dc45981b74ab44a89193e8c5?s=96&d=mm&r=g","url":"https:\/\/secure.gravatar.com\/avatar\/32e05f57abbf9d0131cdd7ab704171b99ef68fe4dc45981b74ab44a89193e8c5?s=96&d=mm&r=g","contentUrl":"https:\/\/secure.gravatar.com\/avatar\/32e05f57abbf9d0131cdd7ab704171b99ef68fe4dc45981b74ab44a89193e8c5?s=96&d=mm&r=g","caption":"Dominik Jaworski"},"sameAs":["https:\/\/x.com\/dominikj"],"url":"https:\/\/www.jugendfussball-wendelstein.de\/wordpress\/author\/dominikj\/"}]}},"_links":{"self":[{"href":"https:\/\/www.jugendfussball-wendelstein.de\/wordpress\/wp-json\/wp\/v2\/posts\/13235","targetHints":{"allow":["GET"]}}],"collection":[{"href":"https:\/\/www.jugendfussball-wendelstein.de\/wordpress\/wp-json\/wp\/v2\/posts"}],"about":[{"href":"https:\/\/www.jugendfussball-wendelstein.de\/wordpress\/wp-json\/wp\/v2\/types\/post"}],"author":[{"embeddable":true,"href":"https:\/\/www.jugendfussball-wendelstein.de\/wordpress\/wp-json\/wp\/v2\/users\/11"}],"replies":[{"embeddable":true,"href":"https:\/\/www.jugendfussball-wendelstein.de\/wordpress\/wp-json\/wp\/v2\/comments?post=13235"}],"version-history":[{"count":1,"href":"https:\/\/www.jugendfussball-wendelstein.de\/wordpress\/wp-json\/wp\/v2\/posts\/13235\/revisions"}],"predecessor-version":[{"id":13241,"href":"https:\/\/www.jugendfussball-wendelstein.de\/wordpress\/wp-json\/wp\/v2\/posts\/13235\/revisions\/13241"}],"wp:featuredmedia":[{"embeddable":true,"href":"https:\/\/www.jugendfussball-wendelstein.de\/wordpress\/wp-json\/wp\/v2\/media\/13236"}],"wp:attachment":[{"href":"https:\/\/www.jugendfussball-wendelstein.de\/wordpress\/wp-json\/wp\/v2\/media?parent=13235"}],"wp:term":[{"taxonomy":"category","embeddable":true,"href":"https:\/\/www.jugendfussball-wendelstein.de\/wordpress\/wp-json\/wp\/v2\/categories?post=13235"},{"taxonomy":"post_tag","embeddable":true,"href":"https:\/\/www.jugendfussball-wendelstein.de\/wordpress\/wp-json\/wp\/v2\/tags?post=13235"}],"curies":[{"name":"wp","href":"https:\/\/api.w.org\/{rel}","templated":true}]}}