{"id":13245,"date":"2026-03-08T13:54:50","date_gmt":"2026-03-08T12:54:50","guid":{"rendered":"https:\/\/www.jugendfussball-wendelstein.de\/wordpress\/?p=13245"},"modified":"2026-03-08T13:54:51","modified_gmt":"2026-03-08T12:54:51","slug":"u12-gewinnt-testspiel-zur-saisonvorbereitung-gegen-bayern-hof","status":"publish","type":"post","link":"https:\/\/www.jugendfussball-wendelstein.de\/wordpress\/u12-gewinnt-testspiel-zur-saisonvorbereitung-gegen-bayern-hof\/","title":{"rendered":"U12 gewinnt Testspiel zur Saisonvorbereitung gegen Bayern Hof"},"content":{"rendered":"\n<p>Im Rahmen der Saisonvorbereitung absolvierte unsere #<strong>U12<\/strong> heute ein Testspiel gegen die ambitionierte F\u00f6rderligamannschaft von <strong>Bayern Hof<\/strong>. Gespielt wurde bei <strong>bestem Fu\u00dfballwetter auf dem Kunstrasen im Stadion \u201eGr\u00fcne Au\u201c<\/strong> \u2013 perfekte Bedingungen f\u00fcr eine intensive Vorbereitungseinheit.<\/p>\n\n\n\n<p>Im Vordergrund stand f\u00fcr unser Team vor allem, <strong>verschiedene Dinge auszuprobieren<\/strong> und nach der Hallensaison wieder <strong>Rhythmus f\u00fcr das Spiel im Freien<\/strong> zu bekommen. Die Mannschaft fand dabei schnell zusammen, zeigte gute Ans\u00e4tze im Zusammenspiel und gew\u00f6hnte sich wieder Schritt f\u00fcr Schritt an das Au\u00dfenspiel.<\/p>\n\n\n\n<p>\u00dcber die gesamte Spielzeit hinweg entwickelte sich eine <strong>harmonische und faire Partie<\/strong>, in der beide Teams viele gute Aktionen zeigten. F\u00fcr unser Trainerteam ergaben sich dabei <strong>zahlreiche Erkenntnisse und Ansatzpunkte f\u00fcr die kommenden Trainingseinheiten<\/strong>.<\/p>\n\n\n\n<p>Am Ende konnte unsere U12 das Spiel <strong>knapp mit 5:4 f\u00fcr sich entscheiden<\/strong>.<\/p>\n\n\n\n<p>Ein <strong>gro\u00dfes Dankesch\u00f6n an Bayern Hof und besonders an Henning<\/strong> f\u00fcr die Organisation dieses gelungenen Testspiels. Solche Vergleiche sind f\u00fcr die Entwicklung der Spieler enorm wertvoll.<\/p>\n","protected":false},"excerpt":{"rendered":"<p>Im Rahmen der Saisonvorbereitung absolvierte unsere #U12 heute ein Testspiel gegen die ambitionierte F\u00f6rderligamannschaft von Bayern Hof. Gespielt wurde bei bestem Fu\u00dfballwetter auf dem Kunstrasen im Stadion \u201eGr\u00fcne Au\u201c \u2013 perfekte Bedingungen f\u00fcr eine intensive Vorbereitungseinheit. Im Vordergrund stand f\u00fcr unser Team vor allem, verschiedene Dinge auszuprobieren und nach der Hallensaison wieder Rhythmus f\u00fcr das [&hellip;]<\/p>\n","protected":false},"author":9,"featured_media":13252,"comment_status":"closed","ping_status":"closed","sticky":false,"template":"","format":"standard","meta":{"saved_in_kubio":false,"footnotes":""},"categories":[107,1,2,16,9],"tags":[],"class_list":["post-13245","post","type-post","status-publish","format-standard","has-post-thumbnail","hentry","category-26-team-u12-1","category-allgemein","category-gf","category-spielbericht","category-u12"],"yoast_head":"<!-- This site is optimized with the Yoast SEO plugin v27.4 - https:\/\/yoast.com\/product\/yoast-seo-wordpress\/ -->\n<title>U12 gewinnt Testspiel zur Saisonvorbereitung gegen Bayern Hof - JFG Wendelstein<\/title>\n<meta name=\"robots\" content=\"index, follow, max-snippet:-1, max-image-preview:large, max-video-preview:-1\" \/>\n<link rel=\"canonical\" href=\"https:\/\/www.jugendfussball-wendelstein.de\/wordpress\/u12-gewinnt-testspiel-zur-saisonvorbereitung-gegen-bayern-hof\/\" \/>\n<meta property=\"og:locale\" content=\"de_DE\" \/>\n<meta property=\"og:type\" content=\"article\" \/>\n<meta property=\"og:title\" content=\"U12 gewinnt Testspiel zur Saisonvorbereitung gegen Bayern Hof - JFG Wendelstein\" \/>\n<meta property=\"og:description\" content=\"Im Rahmen der Saisonvorbereitung absolvierte unsere #U12 heute ein Testspiel gegen die ambitionierte F\u00f6rderligamannschaft von Bayern Hof. Gespielt wurde bei bestem Fu\u00dfballwetter auf dem Kunstrasen im Stadion \u201eGr\u00fcne Au\u201c \u2013 perfekte Bedingungen f\u00fcr eine intensive Vorbereitungseinheit. Im Vordergrund stand f\u00fcr unser Team vor allem, verschiedene Dinge auszuprobieren und nach der Hallensaison wieder Rhythmus f\u00fcr das [&hellip;]\" \/>\n<meta property=\"og:url\" content=\"https:\/\/www.jugendfussball-wendelstein.de\/wordpress\/u12-gewinnt-testspiel-zur-saisonvorbereitung-gegen-bayern-hof\/\" \/>\n<meta property=\"og:site_name\" content=\"JFG Wendelstein\" \/>\n<meta property=\"article:published_time\" content=\"2026-03-08T12:54:50+00:00\" \/>\n<meta property=\"article:modified_time\" content=\"2026-03-08T12:54:51+00:00\" \/>\n<meta property=\"og:image\" content=\"https:\/\/www.jugendfussball-wendelstein.de\/wordpress\/wp-content\/uploads\/2026\/03\/hof.jpg\" \/>\n\t<meta property=\"og:image:width\" content=\"1600\" \/>\n\t<meta property=\"og:image:height\" content=\"686\" \/>\n\t<meta property=\"og:image:type\" content=\"image\/jpeg\" \/>\n<meta name=\"author\" content=\"Danny Blau\" \/>\n<meta name=\"twitter:card\" content=\"summary_large_image\" \/>\n<meta name=\"twitter:label1\" content=\"Verfasst von\" \/>\n\t<meta name=\"twitter:data1\" content=\"Danny Blau\" \/>\n\t<meta name=\"twitter:label2\" content=\"Gesch\u00e4tzte Lesezeit\" \/>\n\t<meta name=\"twitter:data2\" content=\"1\u00a0Minute\" \/>\n<script type=\"application\/ld+json\" class=\"yoast-schema-graph\">{\"@context\":\"https:\\\/\\\/schema.org\",\"@graph\":[{\"@type\":\"Article\",\"@id\":\"https:\\\/\\\/www.jugendfussball-wendelstein.de\\\/wordpress\\\/u12-gewinnt-testspiel-zur-saisonvorbereitung-gegen-bayern-hof\\\/#article\",\"isPartOf\":{\"@id\":\"https:\\\/\\\/www.jugendfussball-wendelstein.de\\\/wordpress\\\/u12-gewinnt-testspiel-zur-saisonvorbereitung-gegen-bayern-hof\\\/\"},\"author\":{\"name\":\"Danny Blau\",\"@id\":\"https:\\\/\\\/www.jugendfussball-wendelstein.de\\\/wordpress\\\/#\\\/schema\\\/person\\\/05f4dbf379aec8c504bc63fbded66e30\"},\"headline\":\"U12 gewinnt Testspiel zur Saisonvorbereitung gegen Bayern Hof\",\"datePublished\":\"2026-03-08T12:54:50+00:00\",\"dateModified\":\"2026-03-08T12:54:51+00:00\",\"mainEntityOfPage\":{\"@id\":\"https:\\\/\\\/www.jugendfussball-wendelstein.de\\\/wordpress\\\/u12-gewinnt-testspiel-zur-saisonvorbereitung-gegen-bayern-hof\\\/\"},\"wordCount\":177,\"image\":{\"@id\":\"https:\\\/\\\/www.jugendfussball-wendelstein.de\\\/wordpress\\\/u12-gewinnt-testspiel-zur-saisonvorbereitung-gegen-bayern-hof\\\/#primaryimage\"},\"thumbnailUrl\":\"https:\\\/\\\/www.jugendfussball-wendelstein.de\\\/wordpress\\\/wp-content\\\/uploads\\\/2026\\\/03\\\/hof.jpg\",\"articleSection\":[\"26-team-u12-1\",\"Aktuell\",\"Gro\u00dffeld\",\"Spielbericht\",\"U12\"],\"inLanguage\":\"de\"},{\"@type\":\"WebPage\",\"@id\":\"https:\\\/\\\/www.jugendfussball-wendelstein.de\\\/wordpress\\\/u12-gewinnt-testspiel-zur-saisonvorbereitung-gegen-bayern-hof\\\/\",\"url\":\"https:\\\/\\\/www.jugendfussball-wendelstein.de\\\/wordpress\\\/u12-gewinnt-testspiel-zur-saisonvorbereitung-gegen-bayern-hof\\\/\",\"name\":\"U12 gewinnt Testspiel zur Saisonvorbereitung gegen Bayern Hof - JFG Wendelstein\",\"isPartOf\":{\"@id\":\"https:\\\/\\\/www.jugendfussball-wendelstein.de\\\/wordpress\\\/#website\"},\"primaryImageOfPage\":{\"@id\":\"https:\\\/\\\/www.jugendfussball-wendelstein.de\\\/wordpress\\\/u12-gewinnt-testspiel-zur-saisonvorbereitung-gegen-bayern-hof\\\/#primaryimage\"},\"image\":{\"@id\":\"https:\\\/\\\/www.jugendfussball-wendelstein.de\\\/wordpress\\\/u12-gewinnt-testspiel-zur-saisonvorbereitung-gegen-bayern-hof\\\/#primaryimage\"},\"thumbnailUrl\":\"https:\\\/\\\/www.jugendfussball-wendelstein.de\\\/wordpress\\\/wp-content\\\/uploads\\\/2026\\\/03\\\/hof.jpg\",\"datePublished\":\"2026-03-08T12:54:50+00:00\",\"dateModified\":\"2026-03-08T12:54:51+00:00\",\"author\":{\"@id\":\"https:\\\/\\\/www.jugendfussball-wendelstein.de\\\/wordpress\\\/#\\\/schema\\\/person\\\/05f4dbf379aec8c504bc63fbded66e30\"},\"breadcrumb\":{\"@id\":\"https:\\\/\\\/www.jugendfussball-wendelstein.de\\\/wordpress\\\/u12-gewinnt-testspiel-zur-saisonvorbereitung-gegen-bayern-hof\\\/#breadcrumb\"},\"inLanguage\":\"de\",\"potentialAction\":[{\"@type\":\"ReadAction\",\"target\":[\"https:\\\/\\\/www.jugendfussball-wendelstein.de\\\/wordpress\\\/u12-gewinnt-testspiel-zur-saisonvorbereitung-gegen-bayern-hof\\\/\"]}]},{\"@type\":\"ImageObject\",\"inLanguage\":\"de\",\"@id\":\"https:\\\/\\\/www.jugendfussball-wendelstein.de\\\/wordpress\\\/u12-gewinnt-testspiel-zur-saisonvorbereitung-gegen-bayern-hof\\\/#primaryimage\",\"url\":\"https:\\\/\\\/www.jugendfussball-wendelstein.de\\\/wordpress\\\/wp-content\\\/uploads\\\/2026\\\/03\\\/hof.jpg\",\"contentUrl\":\"https:\\\/\\\/www.jugendfussball-wendelstein.de\\\/wordpress\\\/wp-content\\\/uploads\\\/2026\\\/03\\\/hof.jpg\",\"width\":1600,\"height\":686},{\"@type\":\"BreadcrumbList\",\"@id\":\"https:\\\/\\\/www.jugendfussball-wendelstein.de\\\/wordpress\\\/u12-gewinnt-testspiel-zur-saisonvorbereitung-gegen-bayern-hof\\\/#breadcrumb\",\"itemListElement\":[{\"@type\":\"ListItem\",\"position\":1,\"name\":\"Startseite\",\"item\":\"https:\\\/\\\/www.jugendfussball-wendelstein.de\\\/wordpress\\\/\"},{\"@type\":\"ListItem\",\"position\":2,\"name\":\"U12 gewinnt Testspiel zur Saisonvorbereitung gegen Bayern Hof\"}]},{\"@type\":\"WebSite\",\"@id\":\"https:\\\/\\\/www.jugendfussball-wendelstein.de\\\/wordpress\\\/#website\",\"url\":\"https:\\\/\\\/www.jugendfussball-wendelstein.de\\\/wordpress\\\/\",\"name\":\"JFG Wendelstein\",\"description\":\"Juniorenfu\u00dfball\",\"potentialAction\":[{\"@type\":\"SearchAction\",\"target\":{\"@type\":\"EntryPoint\",\"urlTemplate\":\"https:\\\/\\\/www.jugendfussball-wendelstein.de\\\/wordpress\\\/?s={search_term_string}\"},\"query-input\":{\"@type\":\"PropertyValueSpecification\",\"valueRequired\":true,\"valueName\":\"search_term_string\"}}],\"inLanguage\":\"de\"},{\"@type\":\"Person\",\"@id\":\"https:\\\/\\\/www.jugendfussball-wendelstein.de\\\/wordpress\\\/#\\\/schema\\\/person\\\/05f4dbf379aec8c504bc63fbded66e30\",\"name\":\"Danny Blau\",\"image\":{\"@type\":\"ImageObject\",\"inLanguage\":\"de\",\"@id\":\"https:\\\/\\\/secure.gravatar.com\\\/avatar\\\/249ce4865297c8ce0bd630f00ac61a01d90a96b995cfdd38a431a280e290cd13?s=96&d=mm&r=g\",\"url\":\"https:\\\/\\\/secure.gravatar.com\\\/avatar\\\/249ce4865297c8ce0bd630f00ac61a01d90a96b995cfdd38a431a280e290cd13?s=96&d=mm&r=g\",\"contentUrl\":\"https:\\\/\\\/secure.gravatar.com\\\/avatar\\\/249ce4865297c8ce0bd630f00ac61a01d90a96b995cfdd38a431a280e290cd13?s=96&d=mm&r=g\",\"caption\":\"Danny Blau\"},\"url\":\"https:\\\/\\\/www.jugendfussball-wendelstein.de\\\/wordpress\\\/author\\\/danny\\\/\"}]}<\/script>\n<!-- \/ Yoast SEO plugin. -->","yoast_head_json":{"title":"U12 gewinnt Testspiel zur Saisonvorbereitung gegen Bayern Hof - JFG Wendelstein","robots":{"index":"index","follow":"follow","max-snippet":"max-snippet:-1","max-image-preview":"max-image-preview:large","max-video-preview":"max-video-preview:-1"},"canonical":"https:\/\/www.jugendfussball-wendelstein.de\/wordpress\/u12-gewinnt-testspiel-zur-saisonvorbereitung-gegen-bayern-hof\/","og_locale":"de_DE","og_type":"article","og_title":"U12 gewinnt Testspiel zur Saisonvorbereitung gegen Bayern Hof - JFG Wendelstein","og_description":"Im Rahmen der Saisonvorbereitung absolvierte unsere #U12 heute ein Testspiel gegen die ambitionierte F\u00f6rderligamannschaft von Bayern Hof. Gespielt wurde bei bestem Fu\u00dfballwetter auf dem Kunstrasen im Stadion \u201eGr\u00fcne Au\u201c \u2013 perfekte Bedingungen f\u00fcr eine intensive Vorbereitungseinheit. Im Vordergrund stand f\u00fcr unser Team vor allem, verschiedene Dinge auszuprobieren und nach der Hallensaison wieder Rhythmus f\u00fcr das [&hellip;]","og_url":"https:\/\/www.jugendfussball-wendelstein.de\/wordpress\/u12-gewinnt-testspiel-zur-saisonvorbereitung-gegen-bayern-hof\/","og_site_name":"JFG Wendelstein","article_published_time":"2026-03-08T12:54:50+00:00","article_modified_time":"2026-03-08T12:54:51+00:00","og_image":[{"width":1600,"height":686,"url":"https:\/\/www.jugendfussball-wendelstein.de\/wordpress\/wp-content\/uploads\/2026\/03\/hof.jpg","type":"image\/jpeg"}],"author":"Danny Blau","twitter_card":"summary_large_image","twitter_misc":{"Verfasst von":"Danny Blau","Gesch\u00e4tzte Lesezeit":"1\u00a0Minute"},"schema":{"@context":"https:\/\/schema.org","@graph":[{"@type":"Article","@id":"https:\/\/www.jugendfussball-wendelstein.de\/wordpress\/u12-gewinnt-testspiel-zur-saisonvorbereitung-gegen-bayern-hof\/#article","isPartOf":{"@id":"https:\/\/www.jugendfussball-wendelstein.de\/wordpress\/u12-gewinnt-testspiel-zur-saisonvorbereitung-gegen-bayern-hof\/"},"author":{"name":"Danny Blau","@id":"https:\/\/www.jugendfussball-wendelstein.de\/wordpress\/#\/schema\/person\/05f4dbf379aec8c504bc63fbded66e30"},"headline":"U12 gewinnt Testspiel zur Saisonvorbereitung gegen Bayern Hof","datePublished":"2026-03-08T12:54:50+00:00","dateModified":"2026-03-08T12:54:51+00:00","mainEntityOfPage":{"@id":"https:\/\/www.jugendfussball-wendelstein.de\/wordpress\/u12-gewinnt-testspiel-zur-saisonvorbereitung-gegen-bayern-hof\/"},"wordCount":177,"image":{"@id":"https:\/\/www.jugendfussball-wendelstein.de\/wordpress\/u12-gewinnt-testspiel-zur-saisonvorbereitung-gegen-bayern-hof\/#primaryimage"},"thumbnailUrl":"https:\/\/www.jugendfussball-wendelstein.de\/wordpress\/wp-content\/uploads\/2026\/03\/hof.jpg","articleSection":["26-team-u12-1","Aktuell","Gro\u00dffeld","Spielbericht","U12"],"inLanguage":"de"},{"@type":"WebPage","@id":"https:\/\/www.jugendfussball-wendelstein.de\/wordpress\/u12-gewinnt-testspiel-zur-saisonvorbereitung-gegen-bayern-hof\/","url":"https:\/\/www.jugendfussball-wendelstein.de\/wordpress\/u12-gewinnt-testspiel-zur-saisonvorbereitung-gegen-bayern-hof\/","name":"U12 gewinnt Testspiel zur Saisonvorbereitung gegen Bayern Hof - JFG Wendelstein","isPartOf":{"@id":"https:\/\/www.jugendfussball-wendelstein.de\/wordpress\/#website"},"primaryImageOfPage":{"@id":"https:\/\/www.jugendfussball-wendelstein.de\/wordpress\/u12-gewinnt-testspiel-zur-saisonvorbereitung-gegen-bayern-hof\/#primaryimage"},"image":{"@id":"https:\/\/www.jugendfussball-wendelstein.de\/wordpress\/u12-gewinnt-testspiel-zur-saisonvorbereitung-gegen-bayern-hof\/#primaryimage"},"thumbnailUrl":"https:\/\/www.jugendfussball-wendelstein.de\/wordpress\/wp-content\/uploads\/2026\/03\/hof.jpg","datePublished":"2026-03-08T12:54:50+00:00","dateModified":"2026-03-08T12:54:51+00:00","author":{"@id":"https:\/\/www.jugendfussball-wendelstein.de\/wordpress\/#\/schema\/person\/05f4dbf379aec8c504bc63fbded66e30"},"breadcrumb":{"@id":"https:\/\/www.jugendfussball-wendelstein.de\/wordpress\/u12-gewinnt-testspiel-zur-saisonvorbereitung-gegen-bayern-hof\/#breadcrumb"},"inLanguage":"de","potentialAction":[{"@type":"ReadAction","target":["https:\/\/www.jugendfussball-wendelstein.de\/wordpress\/u12-gewinnt-testspiel-zur-saisonvorbereitung-gegen-bayern-hof\/"]}]},{"@type":"ImageObject","inLanguage":"de","@id":"https:\/\/www.jugendfussball-wendelstein.de\/wordpress\/u12-gewinnt-testspiel-zur-saisonvorbereitung-gegen-bayern-hof\/#primaryimage","url":"https:\/\/www.jugendfussball-wendelstein.de\/wordpress\/wp-content\/uploads\/2026\/03\/hof.jpg","contentUrl":"https:\/\/www.jugendfussball-wendelstein.de\/wordpress\/wp-content\/uploads\/2026\/03\/hof.jpg","width":1600,"height":686},{"@type":"BreadcrumbList","@id":"https:\/\/www.jugendfussball-wendelstein.de\/wordpress\/u12-gewinnt-testspiel-zur-saisonvorbereitung-gegen-bayern-hof\/#breadcrumb","itemListElement":[{"@type":"ListItem","position":1,"name":"Startseite","item":"https:\/\/www.jugendfussball-wendelstein.de\/wordpress\/"},{"@type":"ListItem","position":2,"name":"U12 gewinnt Testspiel zur Saisonvorbereitung gegen Bayern Hof"}]},{"@type":"WebSite","@id":"https:\/\/www.jugendfussball-wendelstein.de\/wordpress\/#website","url":"https:\/\/www.jugendfussball-wendelstein.de\/wordpress\/","name":"JFG Wendelstein","description":"Juniorenfu\u00dfball","potentialAction":[{"@type":"SearchAction","target":{"@type":"EntryPoint","urlTemplate":"https:\/\/www.jugendfussball-wendelstein.de\/wordpress\/?s={search_term_string}"},"query-input":{"@type":"PropertyValueSpecification","valueRequired":true,"valueName":"search_term_string"}}],"inLanguage":"de"},{"@type":"Person","@id":"https:\/\/www.jugendfussball-wendelstein.de\/wordpress\/#\/schema\/person\/05f4dbf379aec8c504bc63fbded66e30","name":"Danny Blau","image":{"@type":"ImageObject","inLanguage":"de","@id":"https:\/\/secure.gravatar.com\/avatar\/249ce4865297c8ce0bd630f00ac61a01d90a96b995cfdd38a431a280e290cd13?s=96&d=mm&r=g","url":"https:\/\/secure.gravatar.com\/avatar\/249ce4865297c8ce0bd630f00ac61a01d90a96b995cfdd38a431a280e290cd13?s=96&d=mm&r=g","contentUrl":"https:\/\/secure.gravatar.com\/avatar\/249ce4865297c8ce0bd630f00ac61a01d90a96b995cfdd38a431a280e290cd13?s=96&d=mm&r=g","caption":"Danny Blau"},"url":"https:\/\/www.jugendfussball-wendelstein.de\/wordpress\/author\/danny\/"}]}},"_links":{"self":[{"href":"https:\/\/www.jugendfussball-wendelstein.de\/wordpress\/wp-json\/wp\/v2\/posts\/13245","targetHints":{"allow":["GET"]}}],"collection":[{"href":"https:\/\/www.jugendfussball-wendelstein.de\/wordpress\/wp-json\/wp\/v2\/posts"}],"about":[{"href":"https:\/\/www.jugendfussball-wendelstein.de\/wordpress\/wp-json\/wp\/v2\/types\/post"}],"author":[{"embeddable":true,"href":"https:\/\/www.jugendfussball-wendelstein.de\/wordpress\/wp-json\/wp\/v2\/users\/9"}],"replies":[{"embeddable":true,"href":"https:\/\/www.jugendfussball-wendelstein.de\/wordpress\/wp-json\/wp\/v2\/comments?post=13245"}],"version-history":[{"count":1,"href":"https:\/\/www.jugendfussball-wendelstein.de\/wordpress\/wp-json\/wp\/v2\/posts\/13245\/revisions"}],"predecessor-version":[{"id":13247,"href":"https:\/\/www.jugendfussball-wendelstein.de\/wordpress\/wp-json\/wp\/v2\/posts\/13245\/revisions\/13247"}],"wp:featuredmedia":[{"embeddable":true,"href":"https:\/\/www.jugendfussball-wendelstein.de\/wordpress\/wp-json\/wp\/v2\/media\/13252"}],"wp:attachment":[{"href":"https:\/\/www.jugendfussball-wendelstein.de\/wordpress\/wp-json\/wp\/v2\/media?parent=13245"}],"wp:term":[{"taxonomy":"category","embeddable":true,"href":"https:\/\/www.jugendfussball-wendelstein.de\/wordpress\/wp-json\/wp\/v2\/categories?post=13245"},{"taxonomy":"post_tag","embeddable":true,"href":"https:\/\/www.jugendfussball-wendelstein.de\/wordpress\/wp-json\/wp\/v2\/tags?post=13245"}],"curies":[{"name":"wp","href":"https:\/\/api.w.org\/{rel}","templated":true}]}}