{"id":13248,"date":"2026-02-28T21:00:00","date_gmt":"2026-02-28T20:00:00","guid":{"rendered":"https:\/\/www.jugendfussball-wendelstein.de\/wordpress\/?p=13248"},"modified":"2026-03-08T10:39:18","modified_gmt":"2026-03-08T09:39:18","slug":"eine-auszeichnung-u12-beim-leistungsvergleich-der-dfb-regionalauswahl-ostbayern","status":"publish","type":"post","link":"https:\/\/www.jugendfussball-wendelstein.de\/wordpress\/eine-auszeichnung-u12-beim-leistungsvergleich-der-dfb-regionalauswahl-ostbayern\/","title":{"rendered":"Eine Auszeichnung &#8211; #U12 beim Leistungsvergleich der DFB-Regionalauswahl Ostbayern"},"content":{"rendered":"\n<p>Am <strong>28.02.2026<\/strong> war unsere <strong>#U12<\/strong> zu einem <strong>hochklassigen Leistungsvergleich der DFB-Regionalauswahl Ostbayern<\/strong> eingeladen. Bei diesem Hallenturnier trafen sich zahlreiche <strong>Top-Teams der Region<\/strong>, wodurch ein sehr anspruchsvolles Teilnehmerfeld entstand.<\/p>\n\n\n\n<p>Unsere Jungs zeigten \u00fcber das gesamte Turnier hinweg eine <strong>engagierte Leistung<\/strong>, spielten guten Fu\u00dfball und k\u00e4mpften in jeder Partie mit gro\u00dfem Einsatz. Dennoch merkte man der Mannschaft an, dass nach einer langen Hallensaison die <strong>\u201eHallenluft\u201c langsam etwas raus ist<\/strong>.<\/p>\n\n\n\n<p>Am Ende stand eine <strong>solide Platzierung im Mittelfeld<\/strong>. Auch wenn sicherlich <strong>noch etwas mehr m\u00f6glich gewesen w\u00e4re<\/strong>, kann das Team mit seiner Leistung zufrieden sein.<\/p>\n\n\n\n<p>Wie immer gilt: <strong>Wir sind sehr stolz auf unsere Jungs<\/strong>, die sich auch gegen starke Konkurrenz mutig pr\u00e4sentiert haben und wertvolle Erfahrungen sammeln konnten. &#x26bd;&#x1f4aa;<\/p>\n","protected":false},"excerpt":{"rendered":"<p>Am 28.02.2026 war unsere #U12 zu einem hochklassigen Leistungsvergleich der DFB-Regionalauswahl Ostbayern eingeladen. Bei diesem Hallenturnier trafen sich zahlreiche Top-Teams der Region, wodurch ein sehr anspruchsvolles Teilnehmerfeld entstand. Unsere Jungs zeigten \u00fcber das gesamte Turnier hinweg eine engagierte Leistung, spielten guten Fu\u00dfball und k\u00e4mpften in jeder Partie mit gro\u00dfem Einsatz. Dennoch merkte man der Mannschaft [&hellip;]<\/p>\n","protected":false},"author":9,"featured_media":13251,"comment_status":"closed","ping_status":"closed","sticky":false,"template":"","format":"standard","meta":{"saved_in_kubio":false,"footnotes":""},"categories":[107,1],"tags":[],"class_list":["post-13248","post","type-post","status-publish","format-standard","has-post-thumbnail","hentry","category-26-team-u12-1","category-allgemein"],"yoast_head":"<!-- This site is optimized with the Yoast SEO plugin v27.4 - https:\/\/yoast.com\/product\/yoast-seo-wordpress\/ -->\n<title>Eine Auszeichnung - #U12 beim Leistungsvergleich der DFB-Regionalauswahl Ostbayern - JFG Wendelstein<\/title>\n<meta name=\"robots\" content=\"index, follow, max-snippet:-1, max-image-preview:large, max-video-preview:-1\" \/>\n<link rel=\"canonical\" href=\"https:\/\/www.jugendfussball-wendelstein.de\/wordpress\/eine-auszeichnung-u12-beim-leistungsvergleich-der-dfb-regionalauswahl-ostbayern\/\" \/>\n<meta property=\"og:locale\" content=\"de_DE\" \/>\n<meta property=\"og:type\" content=\"article\" \/>\n<meta property=\"og:title\" content=\"Eine Auszeichnung - #U12 beim Leistungsvergleich der DFB-Regionalauswahl Ostbayern - JFG Wendelstein\" \/>\n<meta property=\"og:description\" content=\"Am 28.02.2026 war unsere #U12 zu einem hochklassigen Leistungsvergleich der DFB-Regionalauswahl Ostbayern eingeladen. Bei diesem Hallenturnier trafen sich zahlreiche Top-Teams der Region, wodurch ein sehr anspruchsvolles Teilnehmerfeld entstand. Unsere Jungs zeigten \u00fcber das gesamte Turnier hinweg eine engagierte Leistung, spielten guten Fu\u00dfball und k\u00e4mpften in jeder Partie mit gro\u00dfem Einsatz. Dennoch merkte man der Mannschaft [&hellip;]\" \/>\n<meta property=\"og:url\" content=\"https:\/\/www.jugendfussball-wendelstein.de\/wordpress\/eine-auszeichnung-u12-beim-leistungsvergleich-der-dfb-regionalauswahl-ostbayern\/\" \/>\n<meta property=\"og:site_name\" content=\"JFG Wendelstein\" \/>\n<meta property=\"article:published_time\" content=\"2026-02-28T20:00:00+00:00\" \/>\n<meta property=\"article:modified_time\" content=\"2026-03-08T09:39:18+00:00\" \/>\n<meta property=\"og:image\" content=\"https:\/\/www.jugendfussball-wendelstein.de\/wordpress\/wp-content\/uploads\/2026\/02\/nittenau_28.02.jpg\" \/>\n\t<meta property=\"og:image:width\" content=\"1600\" \/>\n\t<meta property=\"og:image:height\" content=\"1202\" \/>\n\t<meta property=\"og:image:type\" content=\"image\/jpeg\" \/>\n<meta name=\"author\" content=\"Danny Blau\" \/>\n<meta name=\"twitter:card\" content=\"summary_large_image\" \/>\n<meta name=\"twitter:label1\" content=\"Verfasst von\" \/>\n\t<meta name=\"twitter:data1\" content=\"Danny Blau\" \/>\n\t<meta name=\"twitter:label2\" content=\"Gesch\u00e4tzte Lesezeit\" \/>\n\t<meta name=\"twitter:data2\" content=\"1\u00a0Minute\" \/>\n<script type=\"application\/ld+json\" class=\"yoast-schema-graph\">{\"@context\":\"https:\\\/\\\/schema.org\",\"@graph\":[{\"@type\":\"Article\",\"@id\":\"https:\\\/\\\/www.jugendfussball-wendelstein.de\\\/wordpress\\\/eine-auszeichnung-u12-beim-leistungsvergleich-der-dfb-regionalauswahl-ostbayern\\\/#article\",\"isPartOf\":{\"@id\":\"https:\\\/\\\/www.jugendfussball-wendelstein.de\\\/wordpress\\\/eine-auszeichnung-u12-beim-leistungsvergleich-der-dfb-regionalauswahl-ostbayern\\\/\"},\"author\":{\"name\":\"Danny Blau\",\"@id\":\"https:\\\/\\\/www.jugendfussball-wendelstein.de\\\/wordpress\\\/#\\\/schema\\\/person\\\/05f4dbf379aec8c504bc63fbded66e30\"},\"headline\":\"Eine Auszeichnung &#8211; #U12 beim Leistungsvergleich der DFB-Regionalauswahl Ostbayern\",\"datePublished\":\"2026-02-28T20:00:00+00:00\",\"dateModified\":\"2026-03-08T09:39:18+00:00\",\"mainEntityOfPage\":{\"@id\":\"https:\\\/\\\/www.jugendfussball-wendelstein.de\\\/wordpress\\\/eine-auszeichnung-u12-beim-leistungsvergleich-der-dfb-regionalauswahl-ostbayern\\\/\"},\"wordCount\":135,\"image\":{\"@id\":\"https:\\\/\\\/www.jugendfussball-wendelstein.de\\\/wordpress\\\/eine-auszeichnung-u12-beim-leistungsvergleich-der-dfb-regionalauswahl-ostbayern\\\/#primaryimage\"},\"thumbnailUrl\":\"https:\\\/\\\/www.jugendfussball-wendelstein.de\\\/wordpress\\\/wp-content\\\/uploads\\\/2026\\\/02\\\/nittenau_28.02.jpg\",\"articleSection\":[\"26-team-u12-1\",\"Aktuell\"],\"inLanguage\":\"de\"},{\"@type\":\"WebPage\",\"@id\":\"https:\\\/\\\/www.jugendfussball-wendelstein.de\\\/wordpress\\\/eine-auszeichnung-u12-beim-leistungsvergleich-der-dfb-regionalauswahl-ostbayern\\\/\",\"url\":\"https:\\\/\\\/www.jugendfussball-wendelstein.de\\\/wordpress\\\/eine-auszeichnung-u12-beim-leistungsvergleich-der-dfb-regionalauswahl-ostbayern\\\/\",\"name\":\"Eine Auszeichnung - #U12 beim Leistungsvergleich der DFB-Regionalauswahl Ostbayern - JFG Wendelstein\",\"isPartOf\":{\"@id\":\"https:\\\/\\\/www.jugendfussball-wendelstein.de\\\/wordpress\\\/#website\"},\"primaryImageOfPage\":{\"@id\":\"https:\\\/\\\/www.jugendfussball-wendelstein.de\\\/wordpress\\\/eine-auszeichnung-u12-beim-leistungsvergleich-der-dfb-regionalauswahl-ostbayern\\\/#primaryimage\"},\"image\":{\"@id\":\"https:\\\/\\\/www.jugendfussball-wendelstein.de\\\/wordpress\\\/eine-auszeichnung-u12-beim-leistungsvergleich-der-dfb-regionalauswahl-ostbayern\\\/#primaryimage\"},\"thumbnailUrl\":\"https:\\\/\\\/www.jugendfussball-wendelstein.de\\\/wordpress\\\/wp-content\\\/uploads\\\/2026\\\/02\\\/nittenau_28.02.jpg\",\"datePublished\":\"2026-02-28T20:00:00+00:00\",\"dateModified\":\"2026-03-08T09:39:18+00:00\",\"author\":{\"@id\":\"https:\\\/\\\/www.jugendfussball-wendelstein.de\\\/wordpress\\\/#\\\/schema\\\/person\\\/05f4dbf379aec8c504bc63fbded66e30\"},\"breadcrumb\":{\"@id\":\"https:\\\/\\\/www.jugendfussball-wendelstein.de\\\/wordpress\\\/eine-auszeichnung-u12-beim-leistungsvergleich-der-dfb-regionalauswahl-ostbayern\\\/#breadcrumb\"},\"inLanguage\":\"de\",\"potentialAction\":[{\"@type\":\"ReadAction\",\"target\":[\"https:\\\/\\\/www.jugendfussball-wendelstein.de\\\/wordpress\\\/eine-auszeichnung-u12-beim-leistungsvergleich-der-dfb-regionalauswahl-ostbayern\\\/\"]}]},{\"@type\":\"ImageObject\",\"inLanguage\":\"de\",\"@id\":\"https:\\\/\\\/www.jugendfussball-wendelstein.de\\\/wordpress\\\/eine-auszeichnung-u12-beim-leistungsvergleich-der-dfb-regionalauswahl-ostbayern\\\/#primaryimage\",\"url\":\"https:\\\/\\\/www.jugendfussball-wendelstein.de\\\/wordpress\\\/wp-content\\\/uploads\\\/2026\\\/02\\\/nittenau_28.02.jpg\",\"contentUrl\":\"https:\\\/\\\/www.jugendfussball-wendelstein.de\\\/wordpress\\\/wp-content\\\/uploads\\\/2026\\\/02\\\/nittenau_28.02.jpg\",\"width\":1600,\"height\":1202},{\"@type\":\"BreadcrumbList\",\"@id\":\"https:\\\/\\\/www.jugendfussball-wendelstein.de\\\/wordpress\\\/eine-auszeichnung-u12-beim-leistungsvergleich-der-dfb-regionalauswahl-ostbayern\\\/#breadcrumb\",\"itemListElement\":[{\"@type\":\"ListItem\",\"position\":1,\"name\":\"Startseite\",\"item\":\"https:\\\/\\\/www.jugendfussball-wendelstein.de\\\/wordpress\\\/\"},{\"@type\":\"ListItem\",\"position\":2,\"name\":\"Eine Auszeichnung &#8211; #U12 beim Leistungsvergleich der DFB-Regionalauswahl Ostbayern\"}]},{\"@type\":\"WebSite\",\"@id\":\"https:\\\/\\\/www.jugendfussball-wendelstein.de\\\/wordpress\\\/#website\",\"url\":\"https:\\\/\\\/www.jugendfussball-wendelstein.de\\\/wordpress\\\/\",\"name\":\"JFG Wendelstein\",\"description\":\"Juniorenfu\u00dfball\",\"potentialAction\":[{\"@type\":\"SearchAction\",\"target\":{\"@type\":\"EntryPoint\",\"urlTemplate\":\"https:\\\/\\\/www.jugendfussball-wendelstein.de\\\/wordpress\\\/?s={search_term_string}\"},\"query-input\":{\"@type\":\"PropertyValueSpecification\",\"valueRequired\":true,\"valueName\":\"search_term_string\"}}],\"inLanguage\":\"de\"},{\"@type\":\"Person\",\"@id\":\"https:\\\/\\\/www.jugendfussball-wendelstein.de\\\/wordpress\\\/#\\\/schema\\\/person\\\/05f4dbf379aec8c504bc63fbded66e30\",\"name\":\"Danny Blau\",\"image\":{\"@type\":\"ImageObject\",\"inLanguage\":\"de\",\"@id\":\"https:\\\/\\\/secure.gravatar.com\\\/avatar\\\/249ce4865297c8ce0bd630f00ac61a01d90a96b995cfdd38a431a280e290cd13?s=96&d=mm&r=g\",\"url\":\"https:\\\/\\\/secure.gravatar.com\\\/avatar\\\/249ce4865297c8ce0bd630f00ac61a01d90a96b995cfdd38a431a280e290cd13?s=96&d=mm&r=g\",\"contentUrl\":\"https:\\\/\\\/secure.gravatar.com\\\/avatar\\\/249ce4865297c8ce0bd630f00ac61a01d90a96b995cfdd38a431a280e290cd13?s=96&d=mm&r=g\",\"caption\":\"Danny Blau\"},\"url\":\"https:\\\/\\\/www.jugendfussball-wendelstein.de\\\/wordpress\\\/author\\\/danny\\\/\"}]}<\/script>\n<!-- \/ Yoast SEO plugin. -->","yoast_head_json":{"title":"Eine Auszeichnung - #U12 beim Leistungsvergleich der DFB-Regionalauswahl Ostbayern - JFG Wendelstein","robots":{"index":"index","follow":"follow","max-snippet":"max-snippet:-1","max-image-preview":"max-image-preview:large","max-video-preview":"max-video-preview:-1"},"canonical":"https:\/\/www.jugendfussball-wendelstein.de\/wordpress\/eine-auszeichnung-u12-beim-leistungsvergleich-der-dfb-regionalauswahl-ostbayern\/","og_locale":"de_DE","og_type":"article","og_title":"Eine Auszeichnung - #U12 beim Leistungsvergleich der DFB-Regionalauswahl Ostbayern - JFG Wendelstein","og_description":"Am 28.02.2026 war unsere #U12 zu einem hochklassigen Leistungsvergleich der DFB-Regionalauswahl Ostbayern eingeladen. Bei diesem Hallenturnier trafen sich zahlreiche Top-Teams der Region, wodurch ein sehr anspruchsvolles Teilnehmerfeld entstand. Unsere Jungs zeigten \u00fcber das gesamte Turnier hinweg eine engagierte Leistung, spielten guten Fu\u00dfball und k\u00e4mpften in jeder Partie mit gro\u00dfem Einsatz. Dennoch merkte man der Mannschaft [&hellip;]","og_url":"https:\/\/www.jugendfussball-wendelstein.de\/wordpress\/eine-auszeichnung-u12-beim-leistungsvergleich-der-dfb-regionalauswahl-ostbayern\/","og_site_name":"JFG Wendelstein","article_published_time":"2026-02-28T20:00:00+00:00","article_modified_time":"2026-03-08T09:39:18+00:00","og_image":[{"width":1600,"height":1202,"url":"https:\/\/www.jugendfussball-wendelstein.de\/wordpress\/wp-content\/uploads\/2026\/02\/nittenau_28.02.jpg","type":"image\/jpeg"}],"author":"Danny Blau","twitter_card":"summary_large_image","twitter_misc":{"Verfasst von":"Danny Blau","Gesch\u00e4tzte Lesezeit":"1\u00a0Minute"},"schema":{"@context":"https:\/\/schema.org","@graph":[{"@type":"Article","@id":"https:\/\/www.jugendfussball-wendelstein.de\/wordpress\/eine-auszeichnung-u12-beim-leistungsvergleich-der-dfb-regionalauswahl-ostbayern\/#article","isPartOf":{"@id":"https:\/\/www.jugendfussball-wendelstein.de\/wordpress\/eine-auszeichnung-u12-beim-leistungsvergleich-der-dfb-regionalauswahl-ostbayern\/"},"author":{"name":"Danny Blau","@id":"https:\/\/www.jugendfussball-wendelstein.de\/wordpress\/#\/schema\/person\/05f4dbf379aec8c504bc63fbded66e30"},"headline":"Eine Auszeichnung &#8211; #U12 beim Leistungsvergleich der DFB-Regionalauswahl Ostbayern","datePublished":"2026-02-28T20:00:00+00:00","dateModified":"2026-03-08T09:39:18+00:00","mainEntityOfPage":{"@id":"https:\/\/www.jugendfussball-wendelstein.de\/wordpress\/eine-auszeichnung-u12-beim-leistungsvergleich-der-dfb-regionalauswahl-ostbayern\/"},"wordCount":135,"image":{"@id":"https:\/\/www.jugendfussball-wendelstein.de\/wordpress\/eine-auszeichnung-u12-beim-leistungsvergleich-der-dfb-regionalauswahl-ostbayern\/#primaryimage"},"thumbnailUrl":"https:\/\/www.jugendfussball-wendelstein.de\/wordpress\/wp-content\/uploads\/2026\/02\/nittenau_28.02.jpg","articleSection":["26-team-u12-1","Aktuell"],"inLanguage":"de"},{"@type":"WebPage","@id":"https:\/\/www.jugendfussball-wendelstein.de\/wordpress\/eine-auszeichnung-u12-beim-leistungsvergleich-der-dfb-regionalauswahl-ostbayern\/","url":"https:\/\/www.jugendfussball-wendelstein.de\/wordpress\/eine-auszeichnung-u12-beim-leistungsvergleich-der-dfb-regionalauswahl-ostbayern\/","name":"Eine Auszeichnung - #U12 beim Leistungsvergleich der DFB-Regionalauswahl Ostbayern - JFG Wendelstein","isPartOf":{"@id":"https:\/\/www.jugendfussball-wendelstein.de\/wordpress\/#website"},"primaryImageOfPage":{"@id":"https:\/\/www.jugendfussball-wendelstein.de\/wordpress\/eine-auszeichnung-u12-beim-leistungsvergleich-der-dfb-regionalauswahl-ostbayern\/#primaryimage"},"image":{"@id":"https:\/\/www.jugendfussball-wendelstein.de\/wordpress\/eine-auszeichnung-u12-beim-leistungsvergleich-der-dfb-regionalauswahl-ostbayern\/#primaryimage"},"thumbnailUrl":"https:\/\/www.jugendfussball-wendelstein.de\/wordpress\/wp-content\/uploads\/2026\/02\/nittenau_28.02.jpg","datePublished":"2026-02-28T20:00:00+00:00","dateModified":"2026-03-08T09:39:18+00:00","author":{"@id":"https:\/\/www.jugendfussball-wendelstein.de\/wordpress\/#\/schema\/person\/05f4dbf379aec8c504bc63fbded66e30"},"breadcrumb":{"@id":"https:\/\/www.jugendfussball-wendelstein.de\/wordpress\/eine-auszeichnung-u12-beim-leistungsvergleich-der-dfb-regionalauswahl-ostbayern\/#breadcrumb"},"inLanguage":"de","potentialAction":[{"@type":"ReadAction","target":["https:\/\/www.jugendfussball-wendelstein.de\/wordpress\/eine-auszeichnung-u12-beim-leistungsvergleich-der-dfb-regionalauswahl-ostbayern\/"]}]},{"@type":"ImageObject","inLanguage":"de","@id":"https:\/\/www.jugendfussball-wendelstein.de\/wordpress\/eine-auszeichnung-u12-beim-leistungsvergleich-der-dfb-regionalauswahl-ostbayern\/#primaryimage","url":"https:\/\/www.jugendfussball-wendelstein.de\/wordpress\/wp-content\/uploads\/2026\/02\/nittenau_28.02.jpg","contentUrl":"https:\/\/www.jugendfussball-wendelstein.de\/wordpress\/wp-content\/uploads\/2026\/02\/nittenau_28.02.jpg","width":1600,"height":1202},{"@type":"BreadcrumbList","@id":"https:\/\/www.jugendfussball-wendelstein.de\/wordpress\/eine-auszeichnung-u12-beim-leistungsvergleich-der-dfb-regionalauswahl-ostbayern\/#breadcrumb","itemListElement":[{"@type":"ListItem","position":1,"name":"Startseite","item":"https:\/\/www.jugendfussball-wendelstein.de\/wordpress\/"},{"@type":"ListItem","position":2,"name":"Eine Auszeichnung &#8211; #U12 beim Leistungsvergleich der DFB-Regionalauswahl Ostbayern"}]},{"@type":"WebSite","@id":"https:\/\/www.jugendfussball-wendelstein.de\/wordpress\/#website","url":"https:\/\/www.jugendfussball-wendelstein.de\/wordpress\/","name":"JFG Wendelstein","description":"Juniorenfu\u00dfball","potentialAction":[{"@type":"SearchAction","target":{"@type":"EntryPoint","urlTemplate":"https:\/\/www.jugendfussball-wendelstein.de\/wordpress\/?s={search_term_string}"},"query-input":{"@type":"PropertyValueSpecification","valueRequired":true,"valueName":"search_term_string"}}],"inLanguage":"de"},{"@type":"Person","@id":"https:\/\/www.jugendfussball-wendelstein.de\/wordpress\/#\/schema\/person\/05f4dbf379aec8c504bc63fbded66e30","name":"Danny Blau","image":{"@type":"ImageObject","inLanguage":"de","@id":"https:\/\/secure.gravatar.com\/avatar\/249ce4865297c8ce0bd630f00ac61a01d90a96b995cfdd38a431a280e290cd13?s=96&d=mm&r=g","url":"https:\/\/secure.gravatar.com\/avatar\/249ce4865297c8ce0bd630f00ac61a01d90a96b995cfdd38a431a280e290cd13?s=96&d=mm&r=g","contentUrl":"https:\/\/secure.gravatar.com\/avatar\/249ce4865297c8ce0bd630f00ac61a01d90a96b995cfdd38a431a280e290cd13?s=96&d=mm&r=g","caption":"Danny Blau"},"url":"https:\/\/www.jugendfussball-wendelstein.de\/wordpress\/author\/danny\/"}]}},"_links":{"self":[{"href":"https:\/\/www.jugendfussball-wendelstein.de\/wordpress\/wp-json\/wp\/v2\/posts\/13248","targetHints":{"allow":["GET"]}}],"collection":[{"href":"https:\/\/www.jugendfussball-wendelstein.de\/wordpress\/wp-json\/wp\/v2\/posts"}],"about":[{"href":"https:\/\/www.jugendfussball-wendelstein.de\/wordpress\/wp-json\/wp\/v2\/types\/post"}],"author":[{"embeddable":true,"href":"https:\/\/www.jugendfussball-wendelstein.de\/wordpress\/wp-json\/wp\/v2\/users\/9"}],"replies":[{"embeddable":true,"href":"https:\/\/www.jugendfussball-wendelstein.de\/wordpress\/wp-json\/wp\/v2\/comments?post=13248"}],"version-history":[{"count":1,"href":"https:\/\/www.jugendfussball-wendelstein.de\/wordpress\/wp-json\/wp\/v2\/posts\/13248\/revisions"}],"predecessor-version":[{"id":13250,"href":"https:\/\/www.jugendfussball-wendelstein.de\/wordpress\/wp-json\/wp\/v2\/posts\/13248\/revisions\/13250"}],"wp:featuredmedia":[{"embeddable":true,"href":"https:\/\/www.jugendfussball-wendelstein.de\/wordpress\/wp-json\/wp\/v2\/media\/13251"}],"wp:attachment":[{"href":"https:\/\/www.jugendfussball-wendelstein.de\/wordpress\/wp-json\/wp\/v2\/media?parent=13248"}],"wp:term":[{"taxonomy":"category","embeddable":true,"href":"https:\/\/www.jugendfussball-wendelstein.de\/wordpress\/wp-json\/wp\/v2\/categories?post=13248"},{"taxonomy":"post_tag","embeddable":true,"href":"https:\/\/www.jugendfussball-wendelstein.de\/wordpress\/wp-json\/wp\/v2\/tags?post=13248"}],"curies":[{"name":"wp","href":"https:\/\/api.w.org\/{rel}","templated":true}]}}