{"id":13254,"date":"2026-03-08T20:00:00","date_gmt":"2026-03-08T19:00:00","guid":{"rendered":"https:\/\/www.jugendfussball-wendelstein.de\/wordpress\/?p=13254"},"modified":"2026-03-10T08:59:22","modified_gmt":"2026-03-10T07:59:22","slug":"starker-test-unserer-u12-gegen-den-1-fc-schweinfurt-05","status":"publish","type":"post","link":"https:\/\/www.jugendfussball-wendelstein.de\/wordpress\/starker-test-unserer-u12-gegen-den-1-fc-schweinfurt-05\/","title":{"rendered":"Starker Test unserer #U12 gegen den 1. FC Schweinfurt 05"},"content":{"rendered":"\n<p>Am <strong>08.03.2026<\/strong> absolvierte unsere <strong>#U12<\/strong> das n\u00e4chste Testspiel im Rahmen der Saisonvorbereitung. Gegner war der <strong>1. FC Schweinfurt 05<\/strong>, ein <strong>NLZ-Team aus Bayern<\/strong>, das seit Jahren f\u00fcr ambitionierten und qualitativ hochwertigen Jugendfu\u00dfball steht.<\/p>\n\n\n\n<p>Bei <strong>bestem Wetter<\/strong>, toller Atmosph\u00e4re und auf <strong>Kunstrasen<\/strong> entwickelte sich ein intensiver Vergleich auf sehr gutem Niveau. Unsere Mannschaft zeigte dabei eine <strong>noch einmal gesteigerte Leistung<\/strong> im Vergleich zum letzten Testspiel und machte deutlich sichtbar, wie gut die Entwicklung aktuell verl\u00e4uft.<\/p>\n\n\n\n<p>Um m\u00f6glichst viele Spielminuten und unterschiedliche Spielsituationen zu bekommen, wurde im besonderen Format gespielt: <strong>12 Partien \u00e0 15 Minuten<\/strong>. Eine <strong>sehr anspruchsvolle und kr\u00e4ftezehrende Einheit<\/strong>, die aber genau das ist, was man in der Saisonvorbereitung braucht.<\/p>\n\n\n\n<p>Unsere Jungs \u00fcberzeugten mit <strong>Leidenschaft, Einsatzwillen und starkem Zusammenspiel<\/strong>. Am Ende konnte sich die JFG <strong>erneut knapp mit 5:4<\/strong> durchsetzen.<\/p>\n\n\n\n<p>Ein <strong>beeindruckender Auftritt unserer U12<\/strong>, der zeigt, auf welchem <strong>starken Niveau<\/strong> sich das Team aktuell bewegt. &#x1f4aa;&#x26bd;<\/p>\n","protected":false},"excerpt":{"rendered":"<p>Am 08.03.2026 absolvierte unsere #U12 das n\u00e4chste Testspiel im Rahmen der Saisonvorbereitung. Gegner war der 1. FC Schweinfurt 05, ein NLZ-Team aus Bayern, das seit Jahren f\u00fcr ambitionierten und qualitativ hochwertigen Jugendfu\u00dfball steht. Bei bestem Wetter, toller Atmosph\u00e4re und auf Kunstrasen entwickelte sich ein intensiver Vergleich auf sehr gutem Niveau. Unsere Mannschaft zeigte dabei eine [&hellip;]<\/p>\n","protected":false},"author":9,"featured_media":13266,"comment_status":"closed","ping_status":"closed","sticky":false,"template":"","format":"standard","meta":{"saved_in_kubio":false,"footnotes":""},"categories":[107,1,2,16,62,9],"tags":[],"class_list":["post-13254","post","type-post","status-publish","format-standard","has-post-thumbnail","hentry","category-26-team-u12-1","category-allgemein","category-gf","category-spielbericht","category-team-u12-fl","category-u12"],"yoast_head":"<!-- This site is optimized with the Yoast SEO plugin v27.4 - https:\/\/yoast.com\/product\/yoast-seo-wordpress\/ -->\n<title>Starker Test unserer #U12 gegen den 1. FC Schweinfurt 05 - JFG Wendelstein<\/title>\n<meta name=\"robots\" content=\"index, follow, max-snippet:-1, max-image-preview:large, max-video-preview:-1\" \/>\n<link rel=\"canonical\" href=\"https:\/\/www.jugendfussball-wendelstein.de\/wordpress\/starker-test-unserer-u12-gegen-den-1-fc-schweinfurt-05\/\" \/>\n<meta property=\"og:locale\" content=\"de_DE\" \/>\n<meta property=\"og:type\" content=\"article\" \/>\n<meta property=\"og:title\" content=\"Starker Test unserer #U12 gegen den 1. FC Schweinfurt 05 - JFG Wendelstein\" \/>\n<meta property=\"og:description\" content=\"Am 08.03.2026 absolvierte unsere #U12 das n\u00e4chste Testspiel im Rahmen der Saisonvorbereitung. Gegner war der 1. FC Schweinfurt 05, ein NLZ-Team aus Bayern, das seit Jahren f\u00fcr ambitionierten und qualitativ hochwertigen Jugendfu\u00dfball steht. Bei bestem Wetter, toller Atmosph\u00e4re und auf Kunstrasen entwickelte sich ein intensiver Vergleich auf sehr gutem Niveau. Unsere Mannschaft zeigte dabei eine [&hellip;]\" \/>\n<meta property=\"og:url\" content=\"https:\/\/www.jugendfussball-wendelstein.de\/wordpress\/starker-test-unserer-u12-gegen-den-1-fc-schweinfurt-05\/\" \/>\n<meta property=\"og:site_name\" content=\"JFG Wendelstein\" \/>\n<meta property=\"article:published_time\" content=\"2026-03-08T19:00:00+00:00\" \/>\n<meta property=\"article:modified_time\" content=\"2026-03-10T07:59:22+00:00\" \/>\n<meta property=\"og:image\" content=\"https:\/\/www.jugendfussball-wendelstein.de\/wordpress\/wp-content\/uploads\/2026\/03\/222.jpg\" \/>\n\t<meta property=\"og:image:width\" content=\"1600\" \/>\n\t<meta property=\"og:image:height\" content=\"642\" \/>\n\t<meta property=\"og:image:type\" content=\"image\/jpeg\" \/>\n<meta name=\"author\" content=\"Danny Blau\" \/>\n<meta name=\"twitter:card\" content=\"summary_large_image\" \/>\n<meta name=\"twitter:label1\" content=\"Verfasst von\" \/>\n\t<meta name=\"twitter:data1\" content=\"Danny Blau\" \/>\n\t<meta name=\"twitter:label2\" content=\"Gesch\u00e4tzte Lesezeit\" \/>\n\t<meta name=\"twitter:data2\" content=\"2\u00a0Minuten\" \/>\n<script type=\"application\/ld+json\" class=\"yoast-schema-graph\">{\"@context\":\"https:\\\/\\\/schema.org\",\"@graph\":[{\"@type\":\"Article\",\"@id\":\"https:\\\/\\\/www.jugendfussball-wendelstein.de\\\/wordpress\\\/starker-test-unserer-u12-gegen-den-1-fc-schweinfurt-05\\\/#article\",\"isPartOf\":{\"@id\":\"https:\\\/\\\/www.jugendfussball-wendelstein.de\\\/wordpress\\\/starker-test-unserer-u12-gegen-den-1-fc-schweinfurt-05\\\/\"},\"author\":{\"name\":\"Danny Blau\",\"@id\":\"https:\\\/\\\/www.jugendfussball-wendelstein.de\\\/wordpress\\\/#\\\/schema\\\/person\\\/05f4dbf379aec8c504bc63fbded66e30\"},\"headline\":\"Starker Test unserer #U12 gegen den 1. FC Schweinfurt 05\",\"datePublished\":\"2026-03-08T19:00:00+00:00\",\"dateModified\":\"2026-03-10T07:59:22+00:00\",\"mainEntityOfPage\":{\"@id\":\"https:\\\/\\\/www.jugendfussball-wendelstein.de\\\/wordpress\\\/starker-test-unserer-u12-gegen-den-1-fc-schweinfurt-05\\\/\"},\"wordCount\":159,\"image\":{\"@id\":\"https:\\\/\\\/www.jugendfussball-wendelstein.de\\\/wordpress\\\/starker-test-unserer-u12-gegen-den-1-fc-schweinfurt-05\\\/#primaryimage\"},\"thumbnailUrl\":\"https:\\\/\\\/www.jugendfussball-wendelstein.de\\\/wordpress\\\/wp-content\\\/uploads\\\/2026\\\/03\\\/222.jpg\",\"articleSection\":[\"26-team-u12-1\",\"Aktuell\",\"Gro\u00dffeld\",\"Spielbericht\",\"team.u12-FL\",\"U12\"],\"inLanguage\":\"de\"},{\"@type\":\"WebPage\",\"@id\":\"https:\\\/\\\/www.jugendfussball-wendelstein.de\\\/wordpress\\\/starker-test-unserer-u12-gegen-den-1-fc-schweinfurt-05\\\/\",\"url\":\"https:\\\/\\\/www.jugendfussball-wendelstein.de\\\/wordpress\\\/starker-test-unserer-u12-gegen-den-1-fc-schweinfurt-05\\\/\",\"name\":\"Starker Test unserer #U12 gegen den 1. FC Schweinfurt 05 - JFG Wendelstein\",\"isPartOf\":{\"@id\":\"https:\\\/\\\/www.jugendfussball-wendelstein.de\\\/wordpress\\\/#website\"},\"primaryImageOfPage\":{\"@id\":\"https:\\\/\\\/www.jugendfussball-wendelstein.de\\\/wordpress\\\/starker-test-unserer-u12-gegen-den-1-fc-schweinfurt-05\\\/#primaryimage\"},\"image\":{\"@id\":\"https:\\\/\\\/www.jugendfussball-wendelstein.de\\\/wordpress\\\/starker-test-unserer-u12-gegen-den-1-fc-schweinfurt-05\\\/#primaryimage\"},\"thumbnailUrl\":\"https:\\\/\\\/www.jugendfussball-wendelstein.de\\\/wordpress\\\/wp-content\\\/uploads\\\/2026\\\/03\\\/222.jpg\",\"datePublished\":\"2026-03-08T19:00:00+00:00\",\"dateModified\":\"2026-03-10T07:59:22+00:00\",\"author\":{\"@id\":\"https:\\\/\\\/www.jugendfussball-wendelstein.de\\\/wordpress\\\/#\\\/schema\\\/person\\\/05f4dbf379aec8c504bc63fbded66e30\"},\"breadcrumb\":{\"@id\":\"https:\\\/\\\/www.jugendfussball-wendelstein.de\\\/wordpress\\\/starker-test-unserer-u12-gegen-den-1-fc-schweinfurt-05\\\/#breadcrumb\"},\"inLanguage\":\"de\",\"potentialAction\":[{\"@type\":\"ReadAction\",\"target\":[\"https:\\\/\\\/www.jugendfussball-wendelstein.de\\\/wordpress\\\/starker-test-unserer-u12-gegen-den-1-fc-schweinfurt-05\\\/\"]}]},{\"@type\":\"ImageObject\",\"inLanguage\":\"de\",\"@id\":\"https:\\\/\\\/www.jugendfussball-wendelstein.de\\\/wordpress\\\/starker-test-unserer-u12-gegen-den-1-fc-schweinfurt-05\\\/#primaryimage\",\"url\":\"https:\\\/\\\/www.jugendfussball-wendelstein.de\\\/wordpress\\\/wp-content\\\/uploads\\\/2026\\\/03\\\/222.jpg\",\"contentUrl\":\"https:\\\/\\\/www.jugendfussball-wendelstein.de\\\/wordpress\\\/wp-content\\\/uploads\\\/2026\\\/03\\\/222.jpg\",\"width\":1600,\"height\":642},{\"@type\":\"BreadcrumbList\",\"@id\":\"https:\\\/\\\/www.jugendfussball-wendelstein.de\\\/wordpress\\\/starker-test-unserer-u12-gegen-den-1-fc-schweinfurt-05\\\/#breadcrumb\",\"itemListElement\":[{\"@type\":\"ListItem\",\"position\":1,\"name\":\"Startseite\",\"item\":\"https:\\\/\\\/www.jugendfussball-wendelstein.de\\\/wordpress\\\/\"},{\"@type\":\"ListItem\",\"position\":2,\"name\":\"Starker Test unserer #U12 gegen den 1. FC Schweinfurt 05\"}]},{\"@type\":\"WebSite\",\"@id\":\"https:\\\/\\\/www.jugendfussball-wendelstein.de\\\/wordpress\\\/#website\",\"url\":\"https:\\\/\\\/www.jugendfussball-wendelstein.de\\\/wordpress\\\/\",\"name\":\"JFG Wendelstein\",\"description\":\"Juniorenfu\u00dfball\",\"potentialAction\":[{\"@type\":\"SearchAction\",\"target\":{\"@type\":\"EntryPoint\",\"urlTemplate\":\"https:\\\/\\\/www.jugendfussball-wendelstein.de\\\/wordpress\\\/?s={search_term_string}\"},\"query-input\":{\"@type\":\"PropertyValueSpecification\",\"valueRequired\":true,\"valueName\":\"search_term_string\"}}],\"inLanguage\":\"de\"},{\"@type\":\"Person\",\"@id\":\"https:\\\/\\\/www.jugendfussball-wendelstein.de\\\/wordpress\\\/#\\\/schema\\\/person\\\/05f4dbf379aec8c504bc63fbded66e30\",\"name\":\"Danny Blau\",\"image\":{\"@type\":\"ImageObject\",\"inLanguage\":\"de\",\"@id\":\"https:\\\/\\\/secure.gravatar.com\\\/avatar\\\/249ce4865297c8ce0bd630f00ac61a01d90a96b995cfdd38a431a280e290cd13?s=96&d=mm&r=g\",\"url\":\"https:\\\/\\\/secure.gravatar.com\\\/avatar\\\/249ce4865297c8ce0bd630f00ac61a01d90a96b995cfdd38a431a280e290cd13?s=96&d=mm&r=g\",\"contentUrl\":\"https:\\\/\\\/secure.gravatar.com\\\/avatar\\\/249ce4865297c8ce0bd630f00ac61a01d90a96b995cfdd38a431a280e290cd13?s=96&d=mm&r=g\",\"caption\":\"Danny Blau\"},\"url\":\"https:\\\/\\\/www.jugendfussball-wendelstein.de\\\/wordpress\\\/author\\\/danny\\\/\"}]}<\/script>\n<!-- \/ Yoast SEO plugin. -->","yoast_head_json":{"title":"Starker Test unserer #U12 gegen den 1. FC Schweinfurt 05 - JFG Wendelstein","robots":{"index":"index","follow":"follow","max-snippet":"max-snippet:-1","max-image-preview":"max-image-preview:large","max-video-preview":"max-video-preview:-1"},"canonical":"https:\/\/www.jugendfussball-wendelstein.de\/wordpress\/starker-test-unserer-u12-gegen-den-1-fc-schweinfurt-05\/","og_locale":"de_DE","og_type":"article","og_title":"Starker Test unserer #U12 gegen den 1. FC Schweinfurt 05 - JFG Wendelstein","og_description":"Am 08.03.2026 absolvierte unsere #U12 das n\u00e4chste Testspiel im Rahmen der Saisonvorbereitung. Gegner war der 1. FC Schweinfurt 05, ein NLZ-Team aus Bayern, das seit Jahren f\u00fcr ambitionierten und qualitativ hochwertigen Jugendfu\u00dfball steht. Bei bestem Wetter, toller Atmosph\u00e4re und auf Kunstrasen entwickelte sich ein intensiver Vergleich auf sehr gutem Niveau. Unsere Mannschaft zeigte dabei eine [&hellip;]","og_url":"https:\/\/www.jugendfussball-wendelstein.de\/wordpress\/starker-test-unserer-u12-gegen-den-1-fc-schweinfurt-05\/","og_site_name":"JFG Wendelstein","article_published_time":"2026-03-08T19:00:00+00:00","article_modified_time":"2026-03-10T07:59:22+00:00","og_image":[{"width":1600,"height":642,"url":"https:\/\/www.jugendfussball-wendelstein.de\/wordpress\/wp-content\/uploads\/2026\/03\/222.jpg","type":"image\/jpeg"}],"author":"Danny Blau","twitter_card":"summary_large_image","twitter_misc":{"Verfasst von":"Danny Blau","Gesch\u00e4tzte Lesezeit":"2\u00a0Minuten"},"schema":{"@context":"https:\/\/schema.org","@graph":[{"@type":"Article","@id":"https:\/\/www.jugendfussball-wendelstein.de\/wordpress\/starker-test-unserer-u12-gegen-den-1-fc-schweinfurt-05\/#article","isPartOf":{"@id":"https:\/\/www.jugendfussball-wendelstein.de\/wordpress\/starker-test-unserer-u12-gegen-den-1-fc-schweinfurt-05\/"},"author":{"name":"Danny Blau","@id":"https:\/\/www.jugendfussball-wendelstein.de\/wordpress\/#\/schema\/person\/05f4dbf379aec8c504bc63fbded66e30"},"headline":"Starker Test unserer #U12 gegen den 1. FC Schweinfurt 05","datePublished":"2026-03-08T19:00:00+00:00","dateModified":"2026-03-10T07:59:22+00:00","mainEntityOfPage":{"@id":"https:\/\/www.jugendfussball-wendelstein.de\/wordpress\/starker-test-unserer-u12-gegen-den-1-fc-schweinfurt-05\/"},"wordCount":159,"image":{"@id":"https:\/\/www.jugendfussball-wendelstein.de\/wordpress\/starker-test-unserer-u12-gegen-den-1-fc-schweinfurt-05\/#primaryimage"},"thumbnailUrl":"https:\/\/www.jugendfussball-wendelstein.de\/wordpress\/wp-content\/uploads\/2026\/03\/222.jpg","articleSection":["26-team-u12-1","Aktuell","Gro\u00dffeld","Spielbericht","team.u12-FL","U12"],"inLanguage":"de"},{"@type":"WebPage","@id":"https:\/\/www.jugendfussball-wendelstein.de\/wordpress\/starker-test-unserer-u12-gegen-den-1-fc-schweinfurt-05\/","url":"https:\/\/www.jugendfussball-wendelstein.de\/wordpress\/starker-test-unserer-u12-gegen-den-1-fc-schweinfurt-05\/","name":"Starker Test unserer #U12 gegen den 1. FC Schweinfurt 05 - JFG Wendelstein","isPartOf":{"@id":"https:\/\/www.jugendfussball-wendelstein.de\/wordpress\/#website"},"primaryImageOfPage":{"@id":"https:\/\/www.jugendfussball-wendelstein.de\/wordpress\/starker-test-unserer-u12-gegen-den-1-fc-schweinfurt-05\/#primaryimage"},"image":{"@id":"https:\/\/www.jugendfussball-wendelstein.de\/wordpress\/starker-test-unserer-u12-gegen-den-1-fc-schweinfurt-05\/#primaryimage"},"thumbnailUrl":"https:\/\/www.jugendfussball-wendelstein.de\/wordpress\/wp-content\/uploads\/2026\/03\/222.jpg","datePublished":"2026-03-08T19:00:00+00:00","dateModified":"2026-03-10T07:59:22+00:00","author":{"@id":"https:\/\/www.jugendfussball-wendelstein.de\/wordpress\/#\/schema\/person\/05f4dbf379aec8c504bc63fbded66e30"},"breadcrumb":{"@id":"https:\/\/www.jugendfussball-wendelstein.de\/wordpress\/starker-test-unserer-u12-gegen-den-1-fc-schweinfurt-05\/#breadcrumb"},"inLanguage":"de","potentialAction":[{"@type":"ReadAction","target":["https:\/\/www.jugendfussball-wendelstein.de\/wordpress\/starker-test-unserer-u12-gegen-den-1-fc-schweinfurt-05\/"]}]},{"@type":"ImageObject","inLanguage":"de","@id":"https:\/\/www.jugendfussball-wendelstein.de\/wordpress\/starker-test-unserer-u12-gegen-den-1-fc-schweinfurt-05\/#primaryimage","url":"https:\/\/www.jugendfussball-wendelstein.de\/wordpress\/wp-content\/uploads\/2026\/03\/222.jpg","contentUrl":"https:\/\/www.jugendfussball-wendelstein.de\/wordpress\/wp-content\/uploads\/2026\/03\/222.jpg","width":1600,"height":642},{"@type":"BreadcrumbList","@id":"https:\/\/www.jugendfussball-wendelstein.de\/wordpress\/starker-test-unserer-u12-gegen-den-1-fc-schweinfurt-05\/#breadcrumb","itemListElement":[{"@type":"ListItem","position":1,"name":"Startseite","item":"https:\/\/www.jugendfussball-wendelstein.de\/wordpress\/"},{"@type":"ListItem","position":2,"name":"Starker Test unserer #U12 gegen den 1. FC Schweinfurt 05"}]},{"@type":"WebSite","@id":"https:\/\/www.jugendfussball-wendelstein.de\/wordpress\/#website","url":"https:\/\/www.jugendfussball-wendelstein.de\/wordpress\/","name":"JFG Wendelstein","description":"Juniorenfu\u00dfball","potentialAction":[{"@type":"SearchAction","target":{"@type":"EntryPoint","urlTemplate":"https:\/\/www.jugendfussball-wendelstein.de\/wordpress\/?s={search_term_string}"},"query-input":{"@type":"PropertyValueSpecification","valueRequired":true,"valueName":"search_term_string"}}],"inLanguage":"de"},{"@type":"Person","@id":"https:\/\/www.jugendfussball-wendelstein.de\/wordpress\/#\/schema\/person\/05f4dbf379aec8c504bc63fbded66e30","name":"Danny Blau","image":{"@type":"ImageObject","inLanguage":"de","@id":"https:\/\/secure.gravatar.com\/avatar\/249ce4865297c8ce0bd630f00ac61a01d90a96b995cfdd38a431a280e290cd13?s=96&d=mm&r=g","url":"https:\/\/secure.gravatar.com\/avatar\/249ce4865297c8ce0bd630f00ac61a01d90a96b995cfdd38a431a280e290cd13?s=96&d=mm&r=g","contentUrl":"https:\/\/secure.gravatar.com\/avatar\/249ce4865297c8ce0bd630f00ac61a01d90a96b995cfdd38a431a280e290cd13?s=96&d=mm&r=g","caption":"Danny Blau"},"url":"https:\/\/www.jugendfussball-wendelstein.de\/wordpress\/author\/danny\/"}]}},"_links":{"self":[{"href":"https:\/\/www.jugendfussball-wendelstein.de\/wordpress\/wp-json\/wp\/v2\/posts\/13254","targetHints":{"allow":["GET"]}}],"collection":[{"href":"https:\/\/www.jugendfussball-wendelstein.de\/wordpress\/wp-json\/wp\/v2\/posts"}],"about":[{"href":"https:\/\/www.jugendfussball-wendelstein.de\/wordpress\/wp-json\/wp\/v2\/types\/post"}],"author":[{"embeddable":true,"href":"https:\/\/www.jugendfussball-wendelstein.de\/wordpress\/wp-json\/wp\/v2\/users\/9"}],"replies":[{"embeddable":true,"href":"https:\/\/www.jugendfussball-wendelstein.de\/wordpress\/wp-json\/wp\/v2\/comments?post=13254"}],"version-history":[{"count":2,"href":"https:\/\/www.jugendfussball-wendelstein.de\/wordpress\/wp-json\/wp\/v2\/posts\/13254\/revisions"}],"predecessor-version":[{"id":13267,"href":"https:\/\/www.jugendfussball-wendelstein.de\/wordpress\/wp-json\/wp\/v2\/posts\/13254\/revisions\/13267"}],"wp:featuredmedia":[{"embeddable":true,"href":"https:\/\/www.jugendfussball-wendelstein.de\/wordpress\/wp-json\/wp\/v2\/media\/13266"}],"wp:attachment":[{"href":"https:\/\/www.jugendfussball-wendelstein.de\/wordpress\/wp-json\/wp\/v2\/media?parent=13254"}],"wp:term":[{"taxonomy":"category","embeddable":true,"href":"https:\/\/www.jugendfussball-wendelstein.de\/wordpress\/wp-json\/wp\/v2\/categories?post=13254"},{"taxonomy":"post_tag","embeddable":true,"href":"https:\/\/www.jugendfussball-wendelstein.de\/wordpress\/wp-json\/wp\/v2\/tags?post=13254"}],"curies":[{"name":"wp","href":"https:\/\/api.w.org\/{rel}","templated":true}]}}