{"id":1350,"date":"2014-09-18T22:09:21","date_gmt":"2014-09-18T20:09:21","guid":{"rendered":"http:\/\/www.jugendfussball-wendelstein.de\/wordpress\/?p=1350"},"modified":"2014-09-18T22:10:38","modified_gmt":"2014-09-18T20:10:38","slug":"tsv-winkelheid-jfg-211","status":"publish","type":"post","link":"https:\/\/www.jugendfussball-wendelstein.de\/wordpress\/tsv-winkelheid-jfg-211\/","title":{"rendered":"TSV Winkelhaid \u2013 JFG  (2:11)"},"content":{"rendered":"<p><strong>18.09.14: Erstes Punktspiel gegen den TSV Winkelhaid.<\/strong><\/p>\n<p>Mit dem Beginn der geliebten Schulzeit startete auch die Punkterunde als E1 bei besten Sp\u00e4tsommertemperaturen. Gut aufgelegt starteten die Wendelsteiner ins Spiel, welches in der ersten Halbzeit fast ausschlie\u00dflich auf das Tor der Gastgeber gespielt wurde. Von vielen Chancen konnten sechs Treffer erziehlt werden. Die zweite H\u00e4lfte wurde ebenso spielbestimmend begonnen, doch es wollten einfach keine weiteren Tore mehr fallen, weil immer zu viele Beine und andere K\u00f6rperteile im Weg waren. Zweimal konnten die Winkelhaider nach Konter und schlechter Abwehr die seltnenen Gelegenheiten nutzen und einnetzen. Das mobilisierte die JFGler wieder zu besseren Spielz\u00fcgen, welche in der Folge zum verdienten Endstand von 2:11 f\u00fchrten.<\/p>\n","protected":false},"excerpt":{"rendered":"<p>18.09.14: Erstes Punktspiel gegen den TSV Winkelhaid. Mit dem Beginn der geliebten Schulzeit startete auch die Punkterunde als E1 bei besten Sp\u00e4tsommertemperaturen. Gut aufgelegt starteten die Wendelsteiner ins Spiel, welches in der ersten Halbzeit fast ausschlie\u00dflich auf das Tor der Gastgeber gespielt wurde. Von vielen Chancen konnten sechs Treffer erziehlt werden. Die zweite H\u00e4lfte wurde [&hellip;]<\/p>\n","protected":false},"author":4,"featured_media":0,"comment_status":"closed","ping_status":"closed","sticky":false,"template":"","format":"standard","meta":{"saved_in_kubio":false,"footnotes":""},"categories":[3,16,4],"tags":[],"class_list":["post-1350","post","type-post","status-publish","format-standard","hentry","category-kf","category-spielbericht","category-u11"],"yoast_head":"<!-- This site is optimized with the Yoast SEO plugin v27.4 - https:\/\/yoast.com\/product\/yoast-seo-wordpress\/ -->\n<title>TSV Winkelhaid \u2013 JFG (2:11) - JFG Wendelstein<\/title>\n<meta name=\"robots\" content=\"index, follow, max-snippet:-1, max-image-preview:large, max-video-preview:-1\" \/>\n<link rel=\"canonical\" href=\"https:\/\/www.jugendfussball-wendelstein.de\/wordpress\/tsv-winkelheid-jfg-211\/\" \/>\n<meta property=\"og:locale\" content=\"de_DE\" \/>\n<meta property=\"og:type\" content=\"article\" \/>\n<meta property=\"og:title\" content=\"TSV Winkelhaid \u2013 JFG (2:11) - JFG Wendelstein\" \/>\n<meta property=\"og:description\" content=\"18.09.14: Erstes Punktspiel gegen den TSV Winkelhaid. Mit dem Beginn der geliebten Schulzeit startete auch die Punkterunde als E1 bei besten Sp\u00e4tsommertemperaturen. Gut aufgelegt starteten die Wendelsteiner ins Spiel, welches in der ersten Halbzeit fast ausschlie\u00dflich auf das Tor der Gastgeber gespielt wurde. Von vielen Chancen konnten sechs Treffer erziehlt werden. Die zweite H\u00e4lfte wurde [&hellip;]\" \/>\n<meta property=\"og:url\" content=\"https:\/\/www.jugendfussball-wendelstein.de\/wordpress\/tsv-winkelheid-jfg-211\/\" \/>\n<meta property=\"og:site_name\" content=\"JFG Wendelstein\" \/>\n<meta property=\"article:published_time\" content=\"2014-09-18T20:09:21+00:00\" \/>\n<meta property=\"article:modified_time\" content=\"2014-09-18T20:10:38+00:00\" \/>\n<meta name=\"author\" content=\"Autor\" \/>\n<meta name=\"twitter:card\" content=\"summary_large_image\" \/>\n<meta name=\"twitter:label1\" content=\"Verfasst von\" \/>\n\t<meta name=\"twitter:data1\" content=\"Autor\" \/>\n\t<meta name=\"twitter:label2\" content=\"Gesch\u00e4tzte Lesezeit\" \/>\n\t<meta name=\"twitter:data2\" content=\"1\u00a0Minute\" \/>\n<script type=\"application\/ld+json\" class=\"yoast-schema-graph\">{\"@context\":\"https:\\\/\\\/schema.org\",\"@graph\":[{\"@type\":\"Article\",\"@id\":\"https:\\\/\\\/www.jugendfussball-wendelstein.de\\\/wordpress\\\/tsv-winkelheid-jfg-211\\\/#article\",\"isPartOf\":{\"@id\":\"https:\\\/\\\/www.jugendfussball-wendelstein.de\\\/wordpress\\\/tsv-winkelheid-jfg-211\\\/\"},\"author\":{\"name\":\"Autor\",\"@id\":\"https:\\\/\\\/www.jugendfussball-wendelstein.de\\\/wordpress\\\/#\\\/schema\\\/person\\\/75aadcbd4be1b3af1c1d785397472bc9\"},\"headline\":\"TSV Winkelhaid \u2013 JFG (2:11)\",\"datePublished\":\"2014-09-18T20:09:21+00:00\",\"dateModified\":\"2014-09-18T20:10:38+00:00\",\"mainEntityOfPage\":{\"@id\":\"https:\\\/\\\/www.jugendfussball-wendelstein.de\\\/wordpress\\\/tsv-winkelheid-jfg-211\\\/\"},\"wordCount\":118,\"articleSection\":[\"Kleinfeld\",\"Spielbericht\",\"U11\"],\"inLanguage\":\"de\"},{\"@type\":\"WebPage\",\"@id\":\"https:\\\/\\\/www.jugendfussball-wendelstein.de\\\/wordpress\\\/tsv-winkelheid-jfg-211\\\/\",\"url\":\"https:\\\/\\\/www.jugendfussball-wendelstein.de\\\/wordpress\\\/tsv-winkelheid-jfg-211\\\/\",\"name\":\"TSV Winkelhaid \u2013 JFG (2:11) - JFG Wendelstein\",\"isPartOf\":{\"@id\":\"https:\\\/\\\/www.jugendfussball-wendelstein.de\\\/wordpress\\\/#website\"},\"datePublished\":\"2014-09-18T20:09:21+00:00\",\"dateModified\":\"2014-09-18T20:10:38+00:00\",\"author\":{\"@id\":\"https:\\\/\\\/www.jugendfussball-wendelstein.de\\\/wordpress\\\/#\\\/schema\\\/person\\\/75aadcbd4be1b3af1c1d785397472bc9\"},\"breadcrumb\":{\"@id\":\"https:\\\/\\\/www.jugendfussball-wendelstein.de\\\/wordpress\\\/tsv-winkelheid-jfg-211\\\/#breadcrumb\"},\"inLanguage\":\"de\",\"potentialAction\":[{\"@type\":\"ReadAction\",\"target\":[\"https:\\\/\\\/www.jugendfussball-wendelstein.de\\\/wordpress\\\/tsv-winkelheid-jfg-211\\\/\"]}]},{\"@type\":\"BreadcrumbList\",\"@id\":\"https:\\\/\\\/www.jugendfussball-wendelstein.de\\\/wordpress\\\/tsv-winkelheid-jfg-211\\\/#breadcrumb\",\"itemListElement\":[{\"@type\":\"ListItem\",\"position\":1,\"name\":\"Startseite\",\"item\":\"https:\\\/\\\/www.jugendfussball-wendelstein.de\\\/wordpress\\\/\"},{\"@type\":\"ListItem\",\"position\":2,\"name\":\"TSV Winkelhaid \u2013 JFG (2:11)\"}]},{\"@type\":\"WebSite\",\"@id\":\"https:\\\/\\\/www.jugendfussball-wendelstein.de\\\/wordpress\\\/#website\",\"url\":\"https:\\\/\\\/www.jugendfussball-wendelstein.de\\\/wordpress\\\/\",\"name\":\"JFG Wendelstein\",\"description\":\"Juniorenfu\u00dfball\",\"potentialAction\":[{\"@type\":\"SearchAction\",\"target\":{\"@type\":\"EntryPoint\",\"urlTemplate\":\"https:\\\/\\\/www.jugendfussball-wendelstein.de\\\/wordpress\\\/?s={search_term_string}\"},\"query-input\":{\"@type\":\"PropertyValueSpecification\",\"valueRequired\":true,\"valueName\":\"search_term_string\"}}],\"inLanguage\":\"de\"},{\"@type\":\"Person\",\"@id\":\"https:\\\/\\\/www.jugendfussball-wendelstein.de\\\/wordpress\\\/#\\\/schema\\\/person\\\/75aadcbd4be1b3af1c1d785397472bc9\",\"name\":\"Autor\",\"image\":{\"@type\":\"ImageObject\",\"inLanguage\":\"de\",\"@id\":\"https:\\\/\\\/secure.gravatar.com\\\/avatar\\\/01dd9b7f2dc8d635302f1c57c2289838e9fe288acd1c06c8f8ad332b8e2a60c9?s=96&d=mm&r=g\",\"url\":\"https:\\\/\\\/secure.gravatar.com\\\/avatar\\\/01dd9b7f2dc8d635302f1c57c2289838e9fe288acd1c06c8f8ad332b8e2a60c9?s=96&d=mm&r=g\",\"contentUrl\":\"https:\\\/\\\/secure.gravatar.com\\\/avatar\\\/01dd9b7f2dc8d635302f1c57c2289838e9fe288acd1c06c8f8ad332b8e2a60c9?s=96&d=mm&r=g\",\"caption\":\"Autor\"},\"url\":\"https:\\\/\\\/www.jugendfussball-wendelstein.de\\\/wordpress\\\/author\\\/autor\\\/\"}]}<\/script>\n<!-- \/ Yoast SEO plugin. -->","yoast_head_json":{"title":"TSV Winkelhaid \u2013 JFG (2:11) - JFG Wendelstein","robots":{"index":"index","follow":"follow","max-snippet":"max-snippet:-1","max-image-preview":"max-image-preview:large","max-video-preview":"max-video-preview:-1"},"canonical":"https:\/\/www.jugendfussball-wendelstein.de\/wordpress\/tsv-winkelheid-jfg-211\/","og_locale":"de_DE","og_type":"article","og_title":"TSV Winkelhaid \u2013 JFG (2:11) - JFG Wendelstein","og_description":"18.09.14: Erstes Punktspiel gegen den TSV Winkelhaid. Mit dem Beginn der geliebten Schulzeit startete auch die Punkterunde als E1 bei besten Sp\u00e4tsommertemperaturen. Gut aufgelegt starteten die Wendelsteiner ins Spiel, welches in der ersten Halbzeit fast ausschlie\u00dflich auf das Tor der Gastgeber gespielt wurde. Von vielen Chancen konnten sechs Treffer erziehlt werden. Die zweite H\u00e4lfte wurde [&hellip;]","og_url":"https:\/\/www.jugendfussball-wendelstein.de\/wordpress\/tsv-winkelheid-jfg-211\/","og_site_name":"JFG Wendelstein","article_published_time":"2014-09-18T20:09:21+00:00","article_modified_time":"2014-09-18T20:10:38+00:00","author":"Autor","twitter_card":"summary_large_image","twitter_misc":{"Verfasst von":"Autor","Gesch\u00e4tzte Lesezeit":"1\u00a0Minute"},"schema":{"@context":"https:\/\/schema.org","@graph":[{"@type":"Article","@id":"https:\/\/www.jugendfussball-wendelstein.de\/wordpress\/tsv-winkelheid-jfg-211\/#article","isPartOf":{"@id":"https:\/\/www.jugendfussball-wendelstein.de\/wordpress\/tsv-winkelheid-jfg-211\/"},"author":{"name":"Autor","@id":"https:\/\/www.jugendfussball-wendelstein.de\/wordpress\/#\/schema\/person\/75aadcbd4be1b3af1c1d785397472bc9"},"headline":"TSV Winkelhaid \u2013 JFG (2:11)","datePublished":"2014-09-18T20:09:21+00:00","dateModified":"2014-09-18T20:10:38+00:00","mainEntityOfPage":{"@id":"https:\/\/www.jugendfussball-wendelstein.de\/wordpress\/tsv-winkelheid-jfg-211\/"},"wordCount":118,"articleSection":["Kleinfeld","Spielbericht","U11"],"inLanguage":"de"},{"@type":"WebPage","@id":"https:\/\/www.jugendfussball-wendelstein.de\/wordpress\/tsv-winkelheid-jfg-211\/","url":"https:\/\/www.jugendfussball-wendelstein.de\/wordpress\/tsv-winkelheid-jfg-211\/","name":"TSV Winkelhaid \u2013 JFG (2:11) - JFG Wendelstein","isPartOf":{"@id":"https:\/\/www.jugendfussball-wendelstein.de\/wordpress\/#website"},"datePublished":"2014-09-18T20:09:21+00:00","dateModified":"2014-09-18T20:10:38+00:00","author":{"@id":"https:\/\/www.jugendfussball-wendelstein.de\/wordpress\/#\/schema\/person\/75aadcbd4be1b3af1c1d785397472bc9"},"breadcrumb":{"@id":"https:\/\/www.jugendfussball-wendelstein.de\/wordpress\/tsv-winkelheid-jfg-211\/#breadcrumb"},"inLanguage":"de","potentialAction":[{"@type":"ReadAction","target":["https:\/\/www.jugendfussball-wendelstein.de\/wordpress\/tsv-winkelheid-jfg-211\/"]}]},{"@type":"BreadcrumbList","@id":"https:\/\/www.jugendfussball-wendelstein.de\/wordpress\/tsv-winkelheid-jfg-211\/#breadcrumb","itemListElement":[{"@type":"ListItem","position":1,"name":"Startseite","item":"https:\/\/www.jugendfussball-wendelstein.de\/wordpress\/"},{"@type":"ListItem","position":2,"name":"TSV Winkelhaid \u2013 JFG (2:11)"}]},{"@type":"WebSite","@id":"https:\/\/www.jugendfussball-wendelstein.de\/wordpress\/#website","url":"https:\/\/www.jugendfussball-wendelstein.de\/wordpress\/","name":"JFG Wendelstein","description":"Juniorenfu\u00dfball","potentialAction":[{"@type":"SearchAction","target":{"@type":"EntryPoint","urlTemplate":"https:\/\/www.jugendfussball-wendelstein.de\/wordpress\/?s={search_term_string}"},"query-input":{"@type":"PropertyValueSpecification","valueRequired":true,"valueName":"search_term_string"}}],"inLanguage":"de"},{"@type":"Person","@id":"https:\/\/www.jugendfussball-wendelstein.de\/wordpress\/#\/schema\/person\/75aadcbd4be1b3af1c1d785397472bc9","name":"Autor","image":{"@type":"ImageObject","inLanguage":"de","@id":"https:\/\/secure.gravatar.com\/avatar\/01dd9b7f2dc8d635302f1c57c2289838e9fe288acd1c06c8f8ad332b8e2a60c9?s=96&d=mm&r=g","url":"https:\/\/secure.gravatar.com\/avatar\/01dd9b7f2dc8d635302f1c57c2289838e9fe288acd1c06c8f8ad332b8e2a60c9?s=96&d=mm&r=g","contentUrl":"https:\/\/secure.gravatar.com\/avatar\/01dd9b7f2dc8d635302f1c57c2289838e9fe288acd1c06c8f8ad332b8e2a60c9?s=96&d=mm&r=g","caption":"Autor"},"url":"https:\/\/www.jugendfussball-wendelstein.de\/wordpress\/author\/autor\/"}]}},"_links":{"self":[{"href":"https:\/\/www.jugendfussball-wendelstein.de\/wordpress\/wp-json\/wp\/v2\/posts\/1350","targetHints":{"allow":["GET"]}}],"collection":[{"href":"https:\/\/www.jugendfussball-wendelstein.de\/wordpress\/wp-json\/wp\/v2\/posts"}],"about":[{"href":"https:\/\/www.jugendfussball-wendelstein.de\/wordpress\/wp-json\/wp\/v2\/types\/post"}],"author":[{"embeddable":true,"href":"https:\/\/www.jugendfussball-wendelstein.de\/wordpress\/wp-json\/wp\/v2\/users\/4"}],"replies":[{"embeddable":true,"href":"https:\/\/www.jugendfussball-wendelstein.de\/wordpress\/wp-json\/wp\/v2\/comments?post=1350"}],"version-history":[{"count":0,"href":"https:\/\/www.jugendfussball-wendelstein.de\/wordpress\/wp-json\/wp\/v2\/posts\/1350\/revisions"}],"wp:attachment":[{"href":"https:\/\/www.jugendfussball-wendelstein.de\/wordpress\/wp-json\/wp\/v2\/media?parent=1350"}],"wp:term":[{"taxonomy":"category","embeddable":true,"href":"https:\/\/www.jugendfussball-wendelstein.de\/wordpress\/wp-json\/wp\/v2\/categories?post=1350"},{"taxonomy":"post_tag","embeddable":true,"href":"https:\/\/www.jugendfussball-wendelstein.de\/wordpress\/wp-json\/wp\/v2\/tags?post=1350"}],"curies":[{"name":"wp","href":"https:\/\/api.w.org\/{rel}","templated":true}]}}