{"id":1361,"date":"2014-09-19T22:49:33","date_gmt":"2014-09-19T20:49:33","guid":{"rendered":"http:\/\/www.jugendfussball-wendelstein.de\/wordpress\/?p=1361"},"modified":"2014-09-19T22:50:22","modified_gmt":"2014-09-19T20:50:22","slug":"jfg-rothsee-sued-jfg-21","status":"publish","type":"post","link":"https:\/\/www.jugendfussball-wendelstein.de\/wordpress\/jfg-rothsee-sued-jfg-21\/","title":{"rendered":"JFG Rothsee S\u00fcd \u2013 JFG  (2:1)"},"content":{"rendered":"<p><strong>19.9.14: Auftaktniederlage der 03er gegen die JFG Rothsee S\u00fcd<\/strong><\/p>\n<p>Versp\u00e4tet starteten die 03er in die Kreisklassen Saison. Ein Neuanfang f\u00fcr Alle nach dem Abgang eines Schl\u00fcsselspielers in Richtung der Spvgg Greuther F\u00fcrth. Das Spiel begann versp\u00e4tet, da der junge Schiedsrichter die Onlinespielb\u00f6gen nicht bearbeiten konnte. Nach dem Anpfiff wurde der k\u00f6rperliche Unterschied zu den 2002er der JFG Rothsee S\u00fcd deutlich sp\u00fcrbar und die 03er waren in die Abwehr gedr\u00e4ngt. Im Laufe der ersten zehn Minuten kamen wir besser ins Spiel, jedoch spielte das Wetter nicht mit und der Schiedsrichter unterbrach die Partie aufgrund eines Gewitters f\u00fcr 10 Minuten. Nach der Unterbrechung kam der Gastgeber besser aus der Kabine und bekam nach einer Ecke \u2013 zu Recht \u2013 einen Hand-Neunmeter der zur 1:0 F\u00fchrung verwandelt wurde. So ging es in die Halbzeit. Nach dem Pausentee erwischten die 03er den besseren Start und erspielten sich mehrere gute M\u00f6glichkeiten. Nutzen konnten wir erst die Gelegenheit in der 40\u00b4Minute. Eine sch\u00f6ne Kombination im Mittelfeld und unser St\u00fcrmer vollendete aus spitzem Winkel zum 1:1. Nun begann ein Spiel auf ein Tor. Kurz vor Ende der Partie standen wir alleine vor dem Keeper der Gastgeber und konnten den Ball nicht zur F\u00fchrung platzieren. Im direkten Gegenzug erzielte die JFG Rothsee S\u00fcd das 2:1 und h\u00e4tte daraufhin noch erh\u00f6hen k\u00f6nnen.<br \/>\nIm Gro\u00dfen und Ganzen eine sehr anspruchsvolle Leistung nach vielen Jahren auf dem Kleinfeld. Die Umstellung auf das Kompaktfeld ist ein Prozess der Erarbeitet werden muss. Wir sind auf einem super Weg und k\u00f6nnen uns hoffentlich bald selber daf\u00fcr belohnen.<\/p>\n","protected":false},"excerpt":{"rendered":"<p>19.9.14: Auftaktniederlage der 03er gegen die JFG Rothsee S\u00fcd Versp\u00e4tet starteten die 03er in die Kreisklassen Saison. Ein Neuanfang f\u00fcr Alle nach dem Abgang eines Schl\u00fcsselspielers in Richtung der Spvgg Greuther F\u00fcrth. Das Spiel begann versp\u00e4tet, da der junge Schiedsrichter die Onlinespielb\u00f6gen nicht bearbeiten konnte. Nach dem Anpfiff wurde der k\u00f6rperliche Unterschied zu den 2002er [&hellip;]<\/p>\n","protected":false},"author":4,"featured_media":0,"comment_status":"closed","ping_status":"closed","sticky":false,"template":"","format":"standard","meta":{"saved_in_kubio":false,"footnotes":""},"categories":[2,16,9],"tags":[],"class_list":["post-1361","post","type-post","status-publish","format-standard","hentry","category-gf","category-spielbericht","category-u12"],"yoast_head":"<!-- This site is optimized with the Yoast SEO plugin v27.4 - https:\/\/yoast.com\/product\/yoast-seo-wordpress\/ -->\n<title>JFG Rothsee S\u00fcd \u2013 JFG (2:1) - JFG Wendelstein<\/title>\n<meta name=\"robots\" content=\"index, follow, max-snippet:-1, max-image-preview:large, max-video-preview:-1\" \/>\n<link rel=\"canonical\" href=\"https:\/\/www.jugendfussball-wendelstein.de\/wordpress\/jfg-rothsee-sued-jfg-21\/\" \/>\n<meta property=\"og:locale\" content=\"de_DE\" \/>\n<meta property=\"og:type\" content=\"article\" \/>\n<meta property=\"og:title\" content=\"JFG Rothsee S\u00fcd \u2013 JFG (2:1) - JFG Wendelstein\" \/>\n<meta property=\"og:description\" content=\"19.9.14: Auftaktniederlage der 03er gegen die JFG Rothsee S\u00fcd Versp\u00e4tet starteten die 03er in die Kreisklassen Saison. Ein Neuanfang f\u00fcr Alle nach dem Abgang eines Schl\u00fcsselspielers in Richtung der Spvgg Greuther F\u00fcrth. Das Spiel begann versp\u00e4tet, da der junge Schiedsrichter die Onlinespielb\u00f6gen nicht bearbeiten konnte. Nach dem Anpfiff wurde der k\u00f6rperliche Unterschied zu den 2002er [&hellip;]\" \/>\n<meta property=\"og:url\" content=\"https:\/\/www.jugendfussball-wendelstein.de\/wordpress\/jfg-rothsee-sued-jfg-21\/\" \/>\n<meta property=\"og:site_name\" content=\"JFG Wendelstein\" \/>\n<meta property=\"article:published_time\" content=\"2014-09-19T20:49:33+00:00\" \/>\n<meta property=\"article:modified_time\" content=\"2014-09-19T20:50:22+00:00\" \/>\n<meta name=\"author\" content=\"Autor\" \/>\n<meta name=\"twitter:card\" content=\"summary_large_image\" \/>\n<meta name=\"twitter:label1\" content=\"Verfasst von\" \/>\n\t<meta name=\"twitter:data1\" content=\"Autor\" \/>\n\t<meta name=\"twitter:label2\" content=\"Gesch\u00e4tzte Lesezeit\" \/>\n\t<meta name=\"twitter:data2\" content=\"1\u00a0Minute\" \/>\n<script type=\"application\/ld+json\" class=\"yoast-schema-graph\">{\"@context\":\"https:\\\/\\\/schema.org\",\"@graph\":[{\"@type\":\"Article\",\"@id\":\"https:\\\/\\\/www.jugendfussball-wendelstein.de\\\/wordpress\\\/jfg-rothsee-sued-jfg-21\\\/#article\",\"isPartOf\":{\"@id\":\"https:\\\/\\\/www.jugendfussball-wendelstein.de\\\/wordpress\\\/jfg-rothsee-sued-jfg-21\\\/\"},\"author\":{\"name\":\"Autor\",\"@id\":\"https:\\\/\\\/www.jugendfussball-wendelstein.de\\\/wordpress\\\/#\\\/schema\\\/person\\\/75aadcbd4be1b3af1c1d785397472bc9\"},\"headline\":\"JFG Rothsee S\u00fcd \u2013 JFG (2:1)\",\"datePublished\":\"2014-09-19T20:49:33+00:00\",\"dateModified\":\"2014-09-19T20:50:22+00:00\",\"mainEntityOfPage\":{\"@id\":\"https:\\\/\\\/www.jugendfussball-wendelstein.de\\\/wordpress\\\/jfg-rothsee-sued-jfg-21\\\/\"},\"wordCount\":275,\"articleSection\":[\"Gro\u00dffeld\",\"Spielbericht\",\"U12\"],\"inLanguage\":\"de\"},{\"@type\":\"WebPage\",\"@id\":\"https:\\\/\\\/www.jugendfussball-wendelstein.de\\\/wordpress\\\/jfg-rothsee-sued-jfg-21\\\/\",\"url\":\"https:\\\/\\\/www.jugendfussball-wendelstein.de\\\/wordpress\\\/jfg-rothsee-sued-jfg-21\\\/\",\"name\":\"JFG Rothsee S\u00fcd \u2013 JFG (2:1) - JFG Wendelstein\",\"isPartOf\":{\"@id\":\"https:\\\/\\\/www.jugendfussball-wendelstein.de\\\/wordpress\\\/#website\"},\"datePublished\":\"2014-09-19T20:49:33+00:00\",\"dateModified\":\"2014-09-19T20:50:22+00:00\",\"author\":{\"@id\":\"https:\\\/\\\/www.jugendfussball-wendelstein.de\\\/wordpress\\\/#\\\/schema\\\/person\\\/75aadcbd4be1b3af1c1d785397472bc9\"},\"breadcrumb\":{\"@id\":\"https:\\\/\\\/www.jugendfussball-wendelstein.de\\\/wordpress\\\/jfg-rothsee-sued-jfg-21\\\/#breadcrumb\"},\"inLanguage\":\"de\",\"potentialAction\":[{\"@type\":\"ReadAction\",\"target\":[\"https:\\\/\\\/www.jugendfussball-wendelstein.de\\\/wordpress\\\/jfg-rothsee-sued-jfg-21\\\/\"]}]},{\"@type\":\"BreadcrumbList\",\"@id\":\"https:\\\/\\\/www.jugendfussball-wendelstein.de\\\/wordpress\\\/jfg-rothsee-sued-jfg-21\\\/#breadcrumb\",\"itemListElement\":[{\"@type\":\"ListItem\",\"position\":1,\"name\":\"Startseite\",\"item\":\"https:\\\/\\\/www.jugendfussball-wendelstein.de\\\/wordpress\\\/\"},{\"@type\":\"ListItem\",\"position\":2,\"name\":\"JFG Rothsee S\u00fcd \u2013 JFG (2:1)\"}]},{\"@type\":\"WebSite\",\"@id\":\"https:\\\/\\\/www.jugendfussball-wendelstein.de\\\/wordpress\\\/#website\",\"url\":\"https:\\\/\\\/www.jugendfussball-wendelstein.de\\\/wordpress\\\/\",\"name\":\"JFG Wendelstein\",\"description\":\"Juniorenfu\u00dfball\",\"potentialAction\":[{\"@type\":\"SearchAction\",\"target\":{\"@type\":\"EntryPoint\",\"urlTemplate\":\"https:\\\/\\\/www.jugendfussball-wendelstein.de\\\/wordpress\\\/?s={search_term_string}\"},\"query-input\":{\"@type\":\"PropertyValueSpecification\",\"valueRequired\":true,\"valueName\":\"search_term_string\"}}],\"inLanguage\":\"de\"},{\"@type\":\"Person\",\"@id\":\"https:\\\/\\\/www.jugendfussball-wendelstein.de\\\/wordpress\\\/#\\\/schema\\\/person\\\/75aadcbd4be1b3af1c1d785397472bc9\",\"name\":\"Autor\",\"image\":{\"@type\":\"ImageObject\",\"inLanguage\":\"de\",\"@id\":\"https:\\\/\\\/secure.gravatar.com\\\/avatar\\\/01dd9b7f2dc8d635302f1c57c2289838e9fe288acd1c06c8f8ad332b8e2a60c9?s=96&d=mm&r=g\",\"url\":\"https:\\\/\\\/secure.gravatar.com\\\/avatar\\\/01dd9b7f2dc8d635302f1c57c2289838e9fe288acd1c06c8f8ad332b8e2a60c9?s=96&d=mm&r=g\",\"contentUrl\":\"https:\\\/\\\/secure.gravatar.com\\\/avatar\\\/01dd9b7f2dc8d635302f1c57c2289838e9fe288acd1c06c8f8ad332b8e2a60c9?s=96&d=mm&r=g\",\"caption\":\"Autor\"},\"url\":\"https:\\\/\\\/www.jugendfussball-wendelstein.de\\\/wordpress\\\/author\\\/autor\\\/\"}]}<\/script>\n<!-- \/ Yoast SEO plugin. -->","yoast_head_json":{"title":"JFG Rothsee S\u00fcd \u2013 JFG (2:1) - JFG Wendelstein","robots":{"index":"index","follow":"follow","max-snippet":"max-snippet:-1","max-image-preview":"max-image-preview:large","max-video-preview":"max-video-preview:-1"},"canonical":"https:\/\/www.jugendfussball-wendelstein.de\/wordpress\/jfg-rothsee-sued-jfg-21\/","og_locale":"de_DE","og_type":"article","og_title":"JFG Rothsee S\u00fcd \u2013 JFG (2:1) - JFG Wendelstein","og_description":"19.9.14: Auftaktniederlage der 03er gegen die JFG Rothsee S\u00fcd Versp\u00e4tet starteten die 03er in die Kreisklassen Saison. Ein Neuanfang f\u00fcr Alle nach dem Abgang eines Schl\u00fcsselspielers in Richtung der Spvgg Greuther F\u00fcrth. Das Spiel begann versp\u00e4tet, da der junge Schiedsrichter die Onlinespielb\u00f6gen nicht bearbeiten konnte. Nach dem Anpfiff wurde der k\u00f6rperliche Unterschied zu den 2002er [&hellip;]","og_url":"https:\/\/www.jugendfussball-wendelstein.de\/wordpress\/jfg-rothsee-sued-jfg-21\/","og_site_name":"JFG Wendelstein","article_published_time":"2014-09-19T20:49:33+00:00","article_modified_time":"2014-09-19T20:50:22+00:00","author":"Autor","twitter_card":"summary_large_image","twitter_misc":{"Verfasst von":"Autor","Gesch\u00e4tzte Lesezeit":"1\u00a0Minute"},"schema":{"@context":"https:\/\/schema.org","@graph":[{"@type":"Article","@id":"https:\/\/www.jugendfussball-wendelstein.de\/wordpress\/jfg-rothsee-sued-jfg-21\/#article","isPartOf":{"@id":"https:\/\/www.jugendfussball-wendelstein.de\/wordpress\/jfg-rothsee-sued-jfg-21\/"},"author":{"name":"Autor","@id":"https:\/\/www.jugendfussball-wendelstein.de\/wordpress\/#\/schema\/person\/75aadcbd4be1b3af1c1d785397472bc9"},"headline":"JFG Rothsee S\u00fcd \u2013 JFG (2:1)","datePublished":"2014-09-19T20:49:33+00:00","dateModified":"2014-09-19T20:50:22+00:00","mainEntityOfPage":{"@id":"https:\/\/www.jugendfussball-wendelstein.de\/wordpress\/jfg-rothsee-sued-jfg-21\/"},"wordCount":275,"articleSection":["Gro\u00dffeld","Spielbericht","U12"],"inLanguage":"de"},{"@type":"WebPage","@id":"https:\/\/www.jugendfussball-wendelstein.de\/wordpress\/jfg-rothsee-sued-jfg-21\/","url":"https:\/\/www.jugendfussball-wendelstein.de\/wordpress\/jfg-rothsee-sued-jfg-21\/","name":"JFG Rothsee S\u00fcd \u2013 JFG (2:1) - JFG Wendelstein","isPartOf":{"@id":"https:\/\/www.jugendfussball-wendelstein.de\/wordpress\/#website"},"datePublished":"2014-09-19T20:49:33+00:00","dateModified":"2014-09-19T20:50:22+00:00","author":{"@id":"https:\/\/www.jugendfussball-wendelstein.de\/wordpress\/#\/schema\/person\/75aadcbd4be1b3af1c1d785397472bc9"},"breadcrumb":{"@id":"https:\/\/www.jugendfussball-wendelstein.de\/wordpress\/jfg-rothsee-sued-jfg-21\/#breadcrumb"},"inLanguage":"de","potentialAction":[{"@type":"ReadAction","target":["https:\/\/www.jugendfussball-wendelstein.de\/wordpress\/jfg-rothsee-sued-jfg-21\/"]}]},{"@type":"BreadcrumbList","@id":"https:\/\/www.jugendfussball-wendelstein.de\/wordpress\/jfg-rothsee-sued-jfg-21\/#breadcrumb","itemListElement":[{"@type":"ListItem","position":1,"name":"Startseite","item":"https:\/\/www.jugendfussball-wendelstein.de\/wordpress\/"},{"@type":"ListItem","position":2,"name":"JFG Rothsee S\u00fcd \u2013 JFG (2:1)"}]},{"@type":"WebSite","@id":"https:\/\/www.jugendfussball-wendelstein.de\/wordpress\/#website","url":"https:\/\/www.jugendfussball-wendelstein.de\/wordpress\/","name":"JFG Wendelstein","description":"Juniorenfu\u00dfball","potentialAction":[{"@type":"SearchAction","target":{"@type":"EntryPoint","urlTemplate":"https:\/\/www.jugendfussball-wendelstein.de\/wordpress\/?s={search_term_string}"},"query-input":{"@type":"PropertyValueSpecification","valueRequired":true,"valueName":"search_term_string"}}],"inLanguage":"de"},{"@type":"Person","@id":"https:\/\/www.jugendfussball-wendelstein.de\/wordpress\/#\/schema\/person\/75aadcbd4be1b3af1c1d785397472bc9","name":"Autor","image":{"@type":"ImageObject","inLanguage":"de","@id":"https:\/\/secure.gravatar.com\/avatar\/01dd9b7f2dc8d635302f1c57c2289838e9fe288acd1c06c8f8ad332b8e2a60c9?s=96&d=mm&r=g","url":"https:\/\/secure.gravatar.com\/avatar\/01dd9b7f2dc8d635302f1c57c2289838e9fe288acd1c06c8f8ad332b8e2a60c9?s=96&d=mm&r=g","contentUrl":"https:\/\/secure.gravatar.com\/avatar\/01dd9b7f2dc8d635302f1c57c2289838e9fe288acd1c06c8f8ad332b8e2a60c9?s=96&d=mm&r=g","caption":"Autor"},"url":"https:\/\/www.jugendfussball-wendelstein.de\/wordpress\/author\/autor\/"}]}},"_links":{"self":[{"href":"https:\/\/www.jugendfussball-wendelstein.de\/wordpress\/wp-json\/wp\/v2\/posts\/1361","targetHints":{"allow":["GET"]}}],"collection":[{"href":"https:\/\/www.jugendfussball-wendelstein.de\/wordpress\/wp-json\/wp\/v2\/posts"}],"about":[{"href":"https:\/\/www.jugendfussball-wendelstein.de\/wordpress\/wp-json\/wp\/v2\/types\/post"}],"author":[{"embeddable":true,"href":"https:\/\/www.jugendfussball-wendelstein.de\/wordpress\/wp-json\/wp\/v2\/users\/4"}],"replies":[{"embeddable":true,"href":"https:\/\/www.jugendfussball-wendelstein.de\/wordpress\/wp-json\/wp\/v2\/comments?post=1361"}],"version-history":[{"count":0,"href":"https:\/\/www.jugendfussball-wendelstein.de\/wordpress\/wp-json\/wp\/v2\/posts\/1361\/revisions"}],"wp:attachment":[{"href":"https:\/\/www.jugendfussball-wendelstein.de\/wordpress\/wp-json\/wp\/v2\/media?parent=1361"}],"wp:term":[{"taxonomy":"category","embeddable":true,"href":"https:\/\/www.jugendfussball-wendelstein.de\/wordpress\/wp-json\/wp\/v2\/categories?post=1361"},{"taxonomy":"post_tag","embeddable":true,"href":"https:\/\/www.jugendfussball-wendelstein.de\/wordpress\/wp-json\/wp\/v2\/tags?post=1361"}],"curies":[{"name":"wp","href":"https:\/\/api.w.org\/{rel}","templated":true}]}}