{"id":1385,"date":"2014-09-22T00:12:08","date_gmt":"2014-09-21T22:12:08","guid":{"rendered":"http:\/\/www.jugendfussball-wendelstein.de\/wordpress\/?p=1385"},"modified":"2014-09-22T21:12:28","modified_gmt":"2014-09-22T19:12:28","slug":"tsv-wolkersdorf-jfg-15","status":"publish","type":"post","link":"https:\/\/www.jugendfussball-wendelstein.de\/wordpress\/tsv-wolkersdorf-jfg-15\/","title":{"rendered":"TSV Wolkersdorf \u2013 JFG  (1:5)"},"content":{"rendered":"<p>19.09.14: Im ersten Punktespiel ihrer Karriere brachte Nils nach 10 Minuten seine Mannen durch einen fulminanten Fernschuss in F\u00fchrung. Die Heimelf blieb stets gef\u00e4hrlich, doch unser Fabian war nicht zu bezwingen. Nach der Halbzeit eroberte Elias durch geschicktes Pressing die Kugel, passte zu Fabio und der vollstreckte zur 2:0 F\u00fchrung (22. Minute). Nur drei Minuten sp\u00e4ter der sch\u00f6nste Spielzug des gesamten Spiels. Am eigenen Strafraum fingen die TSVler einen Einwurf ab und konterten \u00fcber die rechte Au\u00dfenbahn mit Max und Fabio, der bediente Elias \u2013 Abschluss \u2013 TOR. Somit war die Partie nach 25 Minuten zu unseren Gunsten entschieden. Die 93er lie\u00dfen aber nicht locker und kombinierten weiter sehenswert. Das 4:0 nach sch\u00f6nem Solo durch Ejon, folgte nach weiteren f\u00fcnf Minuten der zweite Treffer von Nils durch einen gekonnten Lupfer \u00fcber den Wolkersdorfer Goalie mit seinem linken Fu\u00df. In der Nachspielzeit fiel der verdiente Ehrentreffer zum 5:1 Endstand.<\/p>\n","protected":false},"excerpt":{"rendered":"<p>19.09.14: Im ersten Punktespiel ihrer Karriere brachte Nils nach 10 Minuten seine Mannen durch einen fulminanten Fernschuss in F\u00fchrung. Die Heimelf blieb stets gef\u00e4hrlich, doch unser Fabian war nicht zu bezwingen. Nach der Halbzeit eroberte Elias durch geschicktes Pressing die Kugel, passte zu Fabio und der vollstreckte zur 2:0 F\u00fchrung (22. Minute). Nur drei Minuten [&hellip;]<\/p>\n","protected":false},"author":4,"featured_media":0,"comment_status":"closed","ping_status":"closed","sticky":false,"template":"","format":"standard","meta":{"saved_in_kubio":false,"footnotes":""},"categories":[3,16,24],"tags":[],"class_list":["post-1385","post","type-post","status-publish","format-standard","hentry","category-kf","category-spielbericht","category-u8"],"yoast_head":"<!-- This site is optimized with the Yoast SEO plugin v27.4 - https:\/\/yoast.com\/product\/yoast-seo-wordpress\/ -->\n<title>TSV Wolkersdorf \u2013 JFG (1:5) - JFG Wendelstein<\/title>\n<meta name=\"robots\" content=\"index, follow, max-snippet:-1, max-image-preview:large, max-video-preview:-1\" \/>\n<link rel=\"canonical\" href=\"https:\/\/www.jugendfussball-wendelstein.de\/wordpress\/tsv-wolkersdorf-jfg-15\/\" \/>\n<meta property=\"og:locale\" content=\"de_DE\" \/>\n<meta property=\"og:type\" content=\"article\" \/>\n<meta property=\"og:title\" content=\"TSV Wolkersdorf \u2013 JFG (1:5) - JFG Wendelstein\" \/>\n<meta property=\"og:description\" content=\"19.09.14: Im ersten Punktespiel ihrer Karriere brachte Nils nach 10 Minuten seine Mannen durch einen fulminanten Fernschuss in F\u00fchrung. Die Heimelf blieb stets gef\u00e4hrlich, doch unser Fabian war nicht zu bezwingen. Nach der Halbzeit eroberte Elias durch geschicktes Pressing die Kugel, passte zu Fabio und der vollstreckte zur 2:0 F\u00fchrung (22. Minute). Nur drei Minuten [&hellip;]\" \/>\n<meta property=\"og:url\" content=\"https:\/\/www.jugendfussball-wendelstein.de\/wordpress\/tsv-wolkersdorf-jfg-15\/\" \/>\n<meta property=\"og:site_name\" content=\"JFG Wendelstein\" \/>\n<meta property=\"article:published_time\" content=\"2014-09-21T22:12:08+00:00\" \/>\n<meta property=\"article:modified_time\" content=\"2014-09-22T19:12:28+00:00\" \/>\n<meta name=\"author\" content=\"Autor\" \/>\n<meta name=\"twitter:card\" content=\"summary_large_image\" \/>\n<meta name=\"twitter:label1\" content=\"Verfasst von\" \/>\n\t<meta name=\"twitter:data1\" content=\"Autor\" \/>\n\t<meta name=\"twitter:label2\" content=\"Gesch\u00e4tzte Lesezeit\" \/>\n\t<meta name=\"twitter:data2\" content=\"1\u00a0Minute\" \/>\n<script type=\"application\/ld+json\" class=\"yoast-schema-graph\">{\"@context\":\"https:\\\/\\\/schema.org\",\"@graph\":[{\"@type\":\"Article\",\"@id\":\"https:\\\/\\\/www.jugendfussball-wendelstein.de\\\/wordpress\\\/tsv-wolkersdorf-jfg-15\\\/#article\",\"isPartOf\":{\"@id\":\"https:\\\/\\\/www.jugendfussball-wendelstein.de\\\/wordpress\\\/tsv-wolkersdorf-jfg-15\\\/\"},\"author\":{\"name\":\"Autor\",\"@id\":\"https:\\\/\\\/www.jugendfussball-wendelstein.de\\\/wordpress\\\/#\\\/schema\\\/person\\\/75aadcbd4be1b3af1c1d785397472bc9\"},\"headline\":\"TSV Wolkersdorf \u2013 JFG (1:5)\",\"datePublished\":\"2014-09-21T22:12:08+00:00\",\"dateModified\":\"2014-09-22T19:12:28+00:00\",\"mainEntityOfPage\":{\"@id\":\"https:\\\/\\\/www.jugendfussball-wendelstein.de\\\/wordpress\\\/tsv-wolkersdorf-jfg-15\\\/\"},\"wordCount\":151,\"articleSection\":[\"Kleinfeld\",\"Spielbericht\",\"U8\"],\"inLanguage\":\"de\"},{\"@type\":\"WebPage\",\"@id\":\"https:\\\/\\\/www.jugendfussball-wendelstein.de\\\/wordpress\\\/tsv-wolkersdorf-jfg-15\\\/\",\"url\":\"https:\\\/\\\/www.jugendfussball-wendelstein.de\\\/wordpress\\\/tsv-wolkersdorf-jfg-15\\\/\",\"name\":\"TSV Wolkersdorf \u2013 JFG (1:5) - JFG Wendelstein\",\"isPartOf\":{\"@id\":\"https:\\\/\\\/www.jugendfussball-wendelstein.de\\\/wordpress\\\/#website\"},\"datePublished\":\"2014-09-21T22:12:08+00:00\",\"dateModified\":\"2014-09-22T19:12:28+00:00\",\"author\":{\"@id\":\"https:\\\/\\\/www.jugendfussball-wendelstein.de\\\/wordpress\\\/#\\\/schema\\\/person\\\/75aadcbd4be1b3af1c1d785397472bc9\"},\"breadcrumb\":{\"@id\":\"https:\\\/\\\/www.jugendfussball-wendelstein.de\\\/wordpress\\\/tsv-wolkersdorf-jfg-15\\\/#breadcrumb\"},\"inLanguage\":\"de\",\"potentialAction\":[{\"@type\":\"ReadAction\",\"target\":[\"https:\\\/\\\/www.jugendfussball-wendelstein.de\\\/wordpress\\\/tsv-wolkersdorf-jfg-15\\\/\"]}]},{\"@type\":\"BreadcrumbList\",\"@id\":\"https:\\\/\\\/www.jugendfussball-wendelstein.de\\\/wordpress\\\/tsv-wolkersdorf-jfg-15\\\/#breadcrumb\",\"itemListElement\":[{\"@type\":\"ListItem\",\"position\":1,\"name\":\"Startseite\",\"item\":\"https:\\\/\\\/www.jugendfussball-wendelstein.de\\\/wordpress\\\/\"},{\"@type\":\"ListItem\",\"position\":2,\"name\":\"TSV Wolkersdorf \u2013 JFG (1:5)\"}]},{\"@type\":\"WebSite\",\"@id\":\"https:\\\/\\\/www.jugendfussball-wendelstein.de\\\/wordpress\\\/#website\",\"url\":\"https:\\\/\\\/www.jugendfussball-wendelstein.de\\\/wordpress\\\/\",\"name\":\"JFG Wendelstein\",\"description\":\"Juniorenfu\u00dfball\",\"potentialAction\":[{\"@type\":\"SearchAction\",\"target\":{\"@type\":\"EntryPoint\",\"urlTemplate\":\"https:\\\/\\\/www.jugendfussball-wendelstein.de\\\/wordpress\\\/?s={search_term_string}\"},\"query-input\":{\"@type\":\"PropertyValueSpecification\",\"valueRequired\":true,\"valueName\":\"search_term_string\"}}],\"inLanguage\":\"de\"},{\"@type\":\"Person\",\"@id\":\"https:\\\/\\\/www.jugendfussball-wendelstein.de\\\/wordpress\\\/#\\\/schema\\\/person\\\/75aadcbd4be1b3af1c1d785397472bc9\",\"name\":\"Autor\",\"image\":{\"@type\":\"ImageObject\",\"inLanguage\":\"de\",\"@id\":\"https:\\\/\\\/secure.gravatar.com\\\/avatar\\\/01dd9b7f2dc8d635302f1c57c2289838e9fe288acd1c06c8f8ad332b8e2a60c9?s=96&d=mm&r=g\",\"url\":\"https:\\\/\\\/secure.gravatar.com\\\/avatar\\\/01dd9b7f2dc8d635302f1c57c2289838e9fe288acd1c06c8f8ad332b8e2a60c9?s=96&d=mm&r=g\",\"contentUrl\":\"https:\\\/\\\/secure.gravatar.com\\\/avatar\\\/01dd9b7f2dc8d635302f1c57c2289838e9fe288acd1c06c8f8ad332b8e2a60c9?s=96&d=mm&r=g\",\"caption\":\"Autor\"},\"url\":\"https:\\\/\\\/www.jugendfussball-wendelstein.de\\\/wordpress\\\/author\\\/autor\\\/\"}]}<\/script>\n<!-- \/ Yoast SEO plugin. -->","yoast_head_json":{"title":"TSV Wolkersdorf \u2013 JFG (1:5) - JFG Wendelstein","robots":{"index":"index","follow":"follow","max-snippet":"max-snippet:-1","max-image-preview":"max-image-preview:large","max-video-preview":"max-video-preview:-1"},"canonical":"https:\/\/www.jugendfussball-wendelstein.de\/wordpress\/tsv-wolkersdorf-jfg-15\/","og_locale":"de_DE","og_type":"article","og_title":"TSV Wolkersdorf \u2013 JFG (1:5) - JFG Wendelstein","og_description":"19.09.14: Im ersten Punktespiel ihrer Karriere brachte Nils nach 10 Minuten seine Mannen durch einen fulminanten Fernschuss in F\u00fchrung. Die Heimelf blieb stets gef\u00e4hrlich, doch unser Fabian war nicht zu bezwingen. Nach der Halbzeit eroberte Elias durch geschicktes Pressing die Kugel, passte zu Fabio und der vollstreckte zur 2:0 F\u00fchrung (22. Minute). Nur drei Minuten [&hellip;]","og_url":"https:\/\/www.jugendfussball-wendelstein.de\/wordpress\/tsv-wolkersdorf-jfg-15\/","og_site_name":"JFG Wendelstein","article_published_time":"2014-09-21T22:12:08+00:00","article_modified_time":"2014-09-22T19:12:28+00:00","author":"Autor","twitter_card":"summary_large_image","twitter_misc":{"Verfasst von":"Autor","Gesch\u00e4tzte Lesezeit":"1\u00a0Minute"},"schema":{"@context":"https:\/\/schema.org","@graph":[{"@type":"Article","@id":"https:\/\/www.jugendfussball-wendelstein.de\/wordpress\/tsv-wolkersdorf-jfg-15\/#article","isPartOf":{"@id":"https:\/\/www.jugendfussball-wendelstein.de\/wordpress\/tsv-wolkersdorf-jfg-15\/"},"author":{"name":"Autor","@id":"https:\/\/www.jugendfussball-wendelstein.de\/wordpress\/#\/schema\/person\/75aadcbd4be1b3af1c1d785397472bc9"},"headline":"TSV Wolkersdorf \u2013 JFG (1:5)","datePublished":"2014-09-21T22:12:08+00:00","dateModified":"2014-09-22T19:12:28+00:00","mainEntityOfPage":{"@id":"https:\/\/www.jugendfussball-wendelstein.de\/wordpress\/tsv-wolkersdorf-jfg-15\/"},"wordCount":151,"articleSection":["Kleinfeld","Spielbericht","U8"],"inLanguage":"de"},{"@type":"WebPage","@id":"https:\/\/www.jugendfussball-wendelstein.de\/wordpress\/tsv-wolkersdorf-jfg-15\/","url":"https:\/\/www.jugendfussball-wendelstein.de\/wordpress\/tsv-wolkersdorf-jfg-15\/","name":"TSV Wolkersdorf \u2013 JFG (1:5) - JFG Wendelstein","isPartOf":{"@id":"https:\/\/www.jugendfussball-wendelstein.de\/wordpress\/#website"},"datePublished":"2014-09-21T22:12:08+00:00","dateModified":"2014-09-22T19:12:28+00:00","author":{"@id":"https:\/\/www.jugendfussball-wendelstein.de\/wordpress\/#\/schema\/person\/75aadcbd4be1b3af1c1d785397472bc9"},"breadcrumb":{"@id":"https:\/\/www.jugendfussball-wendelstein.de\/wordpress\/tsv-wolkersdorf-jfg-15\/#breadcrumb"},"inLanguage":"de","potentialAction":[{"@type":"ReadAction","target":["https:\/\/www.jugendfussball-wendelstein.de\/wordpress\/tsv-wolkersdorf-jfg-15\/"]}]},{"@type":"BreadcrumbList","@id":"https:\/\/www.jugendfussball-wendelstein.de\/wordpress\/tsv-wolkersdorf-jfg-15\/#breadcrumb","itemListElement":[{"@type":"ListItem","position":1,"name":"Startseite","item":"https:\/\/www.jugendfussball-wendelstein.de\/wordpress\/"},{"@type":"ListItem","position":2,"name":"TSV Wolkersdorf \u2013 JFG (1:5)"}]},{"@type":"WebSite","@id":"https:\/\/www.jugendfussball-wendelstein.de\/wordpress\/#website","url":"https:\/\/www.jugendfussball-wendelstein.de\/wordpress\/","name":"JFG Wendelstein","description":"Juniorenfu\u00dfball","potentialAction":[{"@type":"SearchAction","target":{"@type":"EntryPoint","urlTemplate":"https:\/\/www.jugendfussball-wendelstein.de\/wordpress\/?s={search_term_string}"},"query-input":{"@type":"PropertyValueSpecification","valueRequired":true,"valueName":"search_term_string"}}],"inLanguage":"de"},{"@type":"Person","@id":"https:\/\/www.jugendfussball-wendelstein.de\/wordpress\/#\/schema\/person\/75aadcbd4be1b3af1c1d785397472bc9","name":"Autor","image":{"@type":"ImageObject","inLanguage":"de","@id":"https:\/\/secure.gravatar.com\/avatar\/01dd9b7f2dc8d635302f1c57c2289838e9fe288acd1c06c8f8ad332b8e2a60c9?s=96&d=mm&r=g","url":"https:\/\/secure.gravatar.com\/avatar\/01dd9b7f2dc8d635302f1c57c2289838e9fe288acd1c06c8f8ad332b8e2a60c9?s=96&d=mm&r=g","contentUrl":"https:\/\/secure.gravatar.com\/avatar\/01dd9b7f2dc8d635302f1c57c2289838e9fe288acd1c06c8f8ad332b8e2a60c9?s=96&d=mm&r=g","caption":"Autor"},"url":"https:\/\/www.jugendfussball-wendelstein.de\/wordpress\/author\/autor\/"}]}},"_links":{"self":[{"href":"https:\/\/www.jugendfussball-wendelstein.de\/wordpress\/wp-json\/wp\/v2\/posts\/1385","targetHints":{"allow":["GET"]}}],"collection":[{"href":"https:\/\/www.jugendfussball-wendelstein.de\/wordpress\/wp-json\/wp\/v2\/posts"}],"about":[{"href":"https:\/\/www.jugendfussball-wendelstein.de\/wordpress\/wp-json\/wp\/v2\/types\/post"}],"author":[{"embeddable":true,"href":"https:\/\/www.jugendfussball-wendelstein.de\/wordpress\/wp-json\/wp\/v2\/users\/4"}],"replies":[{"embeddable":true,"href":"https:\/\/www.jugendfussball-wendelstein.de\/wordpress\/wp-json\/wp\/v2\/comments?post=1385"}],"version-history":[{"count":0,"href":"https:\/\/www.jugendfussball-wendelstein.de\/wordpress\/wp-json\/wp\/v2\/posts\/1385\/revisions"}],"wp:attachment":[{"href":"https:\/\/www.jugendfussball-wendelstein.de\/wordpress\/wp-json\/wp\/v2\/media?parent=1385"}],"wp:term":[{"taxonomy":"category","embeddable":true,"href":"https:\/\/www.jugendfussball-wendelstein.de\/wordpress\/wp-json\/wp\/v2\/categories?post=1385"},{"taxonomy":"post_tag","embeddable":true,"href":"https:\/\/www.jugendfussball-wendelstein.de\/wordpress\/wp-json\/wp\/v2\/tags?post=1385"}],"curies":[{"name":"wp","href":"https:\/\/api.w.org\/{rel}","templated":true}]}}