{"id":1417,"date":"2014-09-25T22:08:41","date_gmt":"2014-09-25T20:08:41","guid":{"rendered":"http:\/\/www.jugendfussball-wendelstein.de\/wordpress\/?p=1417"},"modified":"2014-09-25T22:08:41","modified_gmt":"2014-09-25T20:08:41","slug":"jfg-jfg-franken-jura-ii-80","status":"publish","type":"post","link":"https:\/\/www.jugendfussball-wendelstein.de\/wordpress\/jfg-jfg-franken-jura-ii-80\/","title":{"rendered":"JFG \u2013 JFG Franken-Jura II  (8:0)"},"content":{"rendered":"<p><strong>25.09.14: Heimspielpremiere der 03er gegen die JFG Franken Jura 2<\/strong><\/p>\n<p>Das verlegte Spiel gegen die JFG Franken Jura 2 stand schon vor dem Anpfiff in keinem guten Stern. Bei der Verlegung unterlief der Fehler, dass parallel die U13\/1 ihr Spiel hatte. So wurde es schon vor dem Spiel in den Kabinen eng, jedoch hatten sowohl die Schiedsrichter als auch die Mannschaften der jeweiligen Gegner ein Einsehen und es verlief soweit alles reibungslos. Die 03er legten los wie die Feuerwehr und erspielten sich in den ersten 10 Minuten Chancen am laufenden Band. Noch stand der Keeper der JFG Franken Jura 2 immer richtig. Es dauerte bis zur 13ten Minute bis nach gelungenem Kurzpassspiel dem Gegner ein Handspiel im Strafraum unterlief und wir das 1:0 erzielten. Nun gab es kein Halten mehr und die 03er erh\u00f6hten zur Pause auf 6:0. Sehenswert: der lupenreine Hattrick unseres St\u00fcrmers.<br \/>\nNach der Pause war die Luft ziemlich heraus und so ging das Spiel letztlich auch in der H\u00f6he sehr verdient, mit 8:0 an die 03er. Erw\u00e4hnenswert war, dass die Mannschaft in den 60 Minuten nur eine einzige Torchance des Gegners zulie\u00df und so unserem Geburtstagskind im Tor einen ruhigen Abend bescherte. So kann es gerne weitergehen\u2026<\/p>\n","protected":false},"excerpt":{"rendered":"<p>25.09.14: Heimspielpremiere der 03er gegen die JFG Franken Jura 2 Das verlegte Spiel gegen die JFG Franken Jura 2 stand schon vor dem Anpfiff in keinem guten Stern. Bei der Verlegung unterlief der Fehler, dass parallel die U13\/1 ihr Spiel hatte. So wurde es schon vor dem Spiel in den Kabinen eng, jedoch hatten sowohl [&hellip;]<\/p>\n","protected":false},"author":4,"featured_media":0,"comment_status":"closed","ping_status":"closed","sticky":false,"template":"","format":"standard","meta":{"saved_in_kubio":false,"footnotes":""},"categories":[2,16,9],"tags":[],"class_list":["post-1417","post","type-post","status-publish","format-standard","hentry","category-gf","category-spielbericht","category-u12"],"yoast_head":"<!-- This site is optimized with the Yoast SEO plugin v27.4 - https:\/\/yoast.com\/product\/yoast-seo-wordpress\/ -->\n<title>JFG \u2013 JFG Franken-Jura II (8:0) - JFG Wendelstein<\/title>\n<meta name=\"robots\" content=\"index, follow, max-snippet:-1, max-image-preview:large, max-video-preview:-1\" \/>\n<link rel=\"canonical\" href=\"https:\/\/www.jugendfussball-wendelstein.de\/wordpress\/jfg-jfg-franken-jura-ii-80\/\" \/>\n<meta property=\"og:locale\" content=\"de_DE\" \/>\n<meta property=\"og:type\" content=\"article\" \/>\n<meta property=\"og:title\" content=\"JFG \u2013 JFG Franken-Jura II (8:0) - JFG Wendelstein\" \/>\n<meta property=\"og:description\" content=\"25.09.14: Heimspielpremiere der 03er gegen die JFG Franken Jura 2 Das verlegte Spiel gegen die JFG Franken Jura 2 stand schon vor dem Anpfiff in keinem guten Stern. Bei der Verlegung unterlief der Fehler, dass parallel die U13\/1 ihr Spiel hatte. So wurde es schon vor dem Spiel in den Kabinen eng, jedoch hatten sowohl [&hellip;]\" \/>\n<meta property=\"og:url\" content=\"https:\/\/www.jugendfussball-wendelstein.de\/wordpress\/jfg-jfg-franken-jura-ii-80\/\" \/>\n<meta property=\"og:site_name\" content=\"JFG Wendelstein\" \/>\n<meta property=\"article:published_time\" content=\"2014-09-25T20:08:41+00:00\" \/>\n<meta name=\"author\" content=\"Autor\" \/>\n<meta name=\"twitter:card\" content=\"summary_large_image\" \/>\n<meta name=\"twitter:label1\" content=\"Verfasst von\" \/>\n\t<meta name=\"twitter:data1\" content=\"Autor\" \/>\n\t<meta name=\"twitter:label2\" content=\"Gesch\u00e4tzte Lesezeit\" \/>\n\t<meta name=\"twitter:data2\" content=\"1\u00a0Minute\" \/>\n<script type=\"application\/ld+json\" class=\"yoast-schema-graph\">{\"@context\":\"https:\\\/\\\/schema.org\",\"@graph\":[{\"@type\":\"Article\",\"@id\":\"https:\\\/\\\/www.jugendfussball-wendelstein.de\\\/wordpress\\\/jfg-jfg-franken-jura-ii-80\\\/#article\",\"isPartOf\":{\"@id\":\"https:\\\/\\\/www.jugendfussball-wendelstein.de\\\/wordpress\\\/jfg-jfg-franken-jura-ii-80\\\/\"},\"author\":{\"name\":\"Autor\",\"@id\":\"https:\\\/\\\/www.jugendfussball-wendelstein.de\\\/wordpress\\\/#\\\/schema\\\/person\\\/75aadcbd4be1b3af1c1d785397472bc9\"},\"headline\":\"JFG \u2013 JFG Franken-Jura II (8:0)\",\"datePublished\":\"2014-09-25T20:08:41+00:00\",\"mainEntityOfPage\":{\"@id\":\"https:\\\/\\\/www.jugendfussball-wendelstein.de\\\/wordpress\\\/jfg-jfg-franken-jura-ii-80\\\/\"},\"wordCount\":199,\"articleSection\":[\"Gro\u00dffeld\",\"Spielbericht\",\"U12\"],\"inLanguage\":\"de\"},{\"@type\":\"WebPage\",\"@id\":\"https:\\\/\\\/www.jugendfussball-wendelstein.de\\\/wordpress\\\/jfg-jfg-franken-jura-ii-80\\\/\",\"url\":\"https:\\\/\\\/www.jugendfussball-wendelstein.de\\\/wordpress\\\/jfg-jfg-franken-jura-ii-80\\\/\",\"name\":\"JFG \u2013 JFG Franken-Jura II (8:0) - JFG Wendelstein\",\"isPartOf\":{\"@id\":\"https:\\\/\\\/www.jugendfussball-wendelstein.de\\\/wordpress\\\/#website\"},\"datePublished\":\"2014-09-25T20:08:41+00:00\",\"author\":{\"@id\":\"https:\\\/\\\/www.jugendfussball-wendelstein.de\\\/wordpress\\\/#\\\/schema\\\/person\\\/75aadcbd4be1b3af1c1d785397472bc9\"},\"breadcrumb\":{\"@id\":\"https:\\\/\\\/www.jugendfussball-wendelstein.de\\\/wordpress\\\/jfg-jfg-franken-jura-ii-80\\\/#breadcrumb\"},\"inLanguage\":\"de\",\"potentialAction\":[{\"@type\":\"ReadAction\",\"target\":[\"https:\\\/\\\/www.jugendfussball-wendelstein.de\\\/wordpress\\\/jfg-jfg-franken-jura-ii-80\\\/\"]}]},{\"@type\":\"BreadcrumbList\",\"@id\":\"https:\\\/\\\/www.jugendfussball-wendelstein.de\\\/wordpress\\\/jfg-jfg-franken-jura-ii-80\\\/#breadcrumb\",\"itemListElement\":[{\"@type\":\"ListItem\",\"position\":1,\"name\":\"Startseite\",\"item\":\"https:\\\/\\\/www.jugendfussball-wendelstein.de\\\/wordpress\\\/\"},{\"@type\":\"ListItem\",\"position\":2,\"name\":\"JFG \u2013 JFG Franken-Jura II (8:0)\"}]},{\"@type\":\"WebSite\",\"@id\":\"https:\\\/\\\/www.jugendfussball-wendelstein.de\\\/wordpress\\\/#website\",\"url\":\"https:\\\/\\\/www.jugendfussball-wendelstein.de\\\/wordpress\\\/\",\"name\":\"JFG Wendelstein\",\"description\":\"Juniorenfu\u00dfball\",\"potentialAction\":[{\"@type\":\"SearchAction\",\"target\":{\"@type\":\"EntryPoint\",\"urlTemplate\":\"https:\\\/\\\/www.jugendfussball-wendelstein.de\\\/wordpress\\\/?s={search_term_string}\"},\"query-input\":{\"@type\":\"PropertyValueSpecification\",\"valueRequired\":true,\"valueName\":\"search_term_string\"}}],\"inLanguage\":\"de\"},{\"@type\":\"Person\",\"@id\":\"https:\\\/\\\/www.jugendfussball-wendelstein.de\\\/wordpress\\\/#\\\/schema\\\/person\\\/75aadcbd4be1b3af1c1d785397472bc9\",\"name\":\"Autor\",\"image\":{\"@type\":\"ImageObject\",\"inLanguage\":\"de\",\"@id\":\"https:\\\/\\\/secure.gravatar.com\\\/avatar\\\/01dd9b7f2dc8d635302f1c57c2289838e9fe288acd1c06c8f8ad332b8e2a60c9?s=96&d=mm&r=g\",\"url\":\"https:\\\/\\\/secure.gravatar.com\\\/avatar\\\/01dd9b7f2dc8d635302f1c57c2289838e9fe288acd1c06c8f8ad332b8e2a60c9?s=96&d=mm&r=g\",\"contentUrl\":\"https:\\\/\\\/secure.gravatar.com\\\/avatar\\\/01dd9b7f2dc8d635302f1c57c2289838e9fe288acd1c06c8f8ad332b8e2a60c9?s=96&d=mm&r=g\",\"caption\":\"Autor\"},\"url\":\"https:\\\/\\\/www.jugendfussball-wendelstein.de\\\/wordpress\\\/author\\\/autor\\\/\"}]}<\/script>\n<!-- \/ Yoast SEO plugin. -->","yoast_head_json":{"title":"JFG \u2013 JFG Franken-Jura II (8:0) - JFG Wendelstein","robots":{"index":"index","follow":"follow","max-snippet":"max-snippet:-1","max-image-preview":"max-image-preview:large","max-video-preview":"max-video-preview:-1"},"canonical":"https:\/\/www.jugendfussball-wendelstein.de\/wordpress\/jfg-jfg-franken-jura-ii-80\/","og_locale":"de_DE","og_type":"article","og_title":"JFG \u2013 JFG Franken-Jura II (8:0) - JFG Wendelstein","og_description":"25.09.14: Heimspielpremiere der 03er gegen die JFG Franken Jura 2 Das verlegte Spiel gegen die JFG Franken Jura 2 stand schon vor dem Anpfiff in keinem guten Stern. Bei der Verlegung unterlief der Fehler, dass parallel die U13\/1 ihr Spiel hatte. So wurde es schon vor dem Spiel in den Kabinen eng, jedoch hatten sowohl [&hellip;]","og_url":"https:\/\/www.jugendfussball-wendelstein.de\/wordpress\/jfg-jfg-franken-jura-ii-80\/","og_site_name":"JFG Wendelstein","article_published_time":"2014-09-25T20:08:41+00:00","author":"Autor","twitter_card":"summary_large_image","twitter_misc":{"Verfasst von":"Autor","Gesch\u00e4tzte Lesezeit":"1\u00a0Minute"},"schema":{"@context":"https:\/\/schema.org","@graph":[{"@type":"Article","@id":"https:\/\/www.jugendfussball-wendelstein.de\/wordpress\/jfg-jfg-franken-jura-ii-80\/#article","isPartOf":{"@id":"https:\/\/www.jugendfussball-wendelstein.de\/wordpress\/jfg-jfg-franken-jura-ii-80\/"},"author":{"name":"Autor","@id":"https:\/\/www.jugendfussball-wendelstein.de\/wordpress\/#\/schema\/person\/75aadcbd4be1b3af1c1d785397472bc9"},"headline":"JFG \u2013 JFG Franken-Jura II (8:0)","datePublished":"2014-09-25T20:08:41+00:00","mainEntityOfPage":{"@id":"https:\/\/www.jugendfussball-wendelstein.de\/wordpress\/jfg-jfg-franken-jura-ii-80\/"},"wordCount":199,"articleSection":["Gro\u00dffeld","Spielbericht","U12"],"inLanguage":"de"},{"@type":"WebPage","@id":"https:\/\/www.jugendfussball-wendelstein.de\/wordpress\/jfg-jfg-franken-jura-ii-80\/","url":"https:\/\/www.jugendfussball-wendelstein.de\/wordpress\/jfg-jfg-franken-jura-ii-80\/","name":"JFG \u2013 JFG Franken-Jura II (8:0) - JFG Wendelstein","isPartOf":{"@id":"https:\/\/www.jugendfussball-wendelstein.de\/wordpress\/#website"},"datePublished":"2014-09-25T20:08:41+00:00","author":{"@id":"https:\/\/www.jugendfussball-wendelstein.de\/wordpress\/#\/schema\/person\/75aadcbd4be1b3af1c1d785397472bc9"},"breadcrumb":{"@id":"https:\/\/www.jugendfussball-wendelstein.de\/wordpress\/jfg-jfg-franken-jura-ii-80\/#breadcrumb"},"inLanguage":"de","potentialAction":[{"@type":"ReadAction","target":["https:\/\/www.jugendfussball-wendelstein.de\/wordpress\/jfg-jfg-franken-jura-ii-80\/"]}]},{"@type":"BreadcrumbList","@id":"https:\/\/www.jugendfussball-wendelstein.de\/wordpress\/jfg-jfg-franken-jura-ii-80\/#breadcrumb","itemListElement":[{"@type":"ListItem","position":1,"name":"Startseite","item":"https:\/\/www.jugendfussball-wendelstein.de\/wordpress\/"},{"@type":"ListItem","position":2,"name":"JFG \u2013 JFG Franken-Jura II (8:0)"}]},{"@type":"WebSite","@id":"https:\/\/www.jugendfussball-wendelstein.de\/wordpress\/#website","url":"https:\/\/www.jugendfussball-wendelstein.de\/wordpress\/","name":"JFG Wendelstein","description":"Juniorenfu\u00dfball","potentialAction":[{"@type":"SearchAction","target":{"@type":"EntryPoint","urlTemplate":"https:\/\/www.jugendfussball-wendelstein.de\/wordpress\/?s={search_term_string}"},"query-input":{"@type":"PropertyValueSpecification","valueRequired":true,"valueName":"search_term_string"}}],"inLanguage":"de"},{"@type":"Person","@id":"https:\/\/www.jugendfussball-wendelstein.de\/wordpress\/#\/schema\/person\/75aadcbd4be1b3af1c1d785397472bc9","name":"Autor","image":{"@type":"ImageObject","inLanguage":"de","@id":"https:\/\/secure.gravatar.com\/avatar\/01dd9b7f2dc8d635302f1c57c2289838e9fe288acd1c06c8f8ad332b8e2a60c9?s=96&d=mm&r=g","url":"https:\/\/secure.gravatar.com\/avatar\/01dd9b7f2dc8d635302f1c57c2289838e9fe288acd1c06c8f8ad332b8e2a60c9?s=96&d=mm&r=g","contentUrl":"https:\/\/secure.gravatar.com\/avatar\/01dd9b7f2dc8d635302f1c57c2289838e9fe288acd1c06c8f8ad332b8e2a60c9?s=96&d=mm&r=g","caption":"Autor"},"url":"https:\/\/www.jugendfussball-wendelstein.de\/wordpress\/author\/autor\/"}]}},"_links":{"self":[{"href":"https:\/\/www.jugendfussball-wendelstein.de\/wordpress\/wp-json\/wp\/v2\/posts\/1417","targetHints":{"allow":["GET"]}}],"collection":[{"href":"https:\/\/www.jugendfussball-wendelstein.de\/wordpress\/wp-json\/wp\/v2\/posts"}],"about":[{"href":"https:\/\/www.jugendfussball-wendelstein.de\/wordpress\/wp-json\/wp\/v2\/types\/post"}],"author":[{"embeddable":true,"href":"https:\/\/www.jugendfussball-wendelstein.de\/wordpress\/wp-json\/wp\/v2\/users\/4"}],"replies":[{"embeddable":true,"href":"https:\/\/www.jugendfussball-wendelstein.de\/wordpress\/wp-json\/wp\/v2\/comments?post=1417"}],"version-history":[{"count":0,"href":"https:\/\/www.jugendfussball-wendelstein.de\/wordpress\/wp-json\/wp\/v2\/posts\/1417\/revisions"}],"wp:attachment":[{"href":"https:\/\/www.jugendfussball-wendelstein.de\/wordpress\/wp-json\/wp\/v2\/media?parent=1417"}],"wp:term":[{"taxonomy":"category","embeddable":true,"href":"https:\/\/www.jugendfussball-wendelstein.de\/wordpress\/wp-json\/wp\/v2\/categories?post=1417"},{"taxonomy":"post_tag","embeddable":true,"href":"https:\/\/www.jugendfussball-wendelstein.de\/wordpress\/wp-json\/wp\/v2\/tags?post=1417"}],"curies":[{"name":"wp","href":"https:\/\/api.w.org\/{rel}","templated":true}]}}