{"id":1436,"date":"2014-09-29T08:44:39","date_gmt":"2014-09-29T06:44:39","guid":{"rendered":"http:\/\/www.jugendfussball-wendelstein.de\/wordpress\/?p=1436"},"modified":"2014-09-29T08:44:39","modified_gmt":"2014-09-29T06:44:39","slug":"djk-allersberg-jfg-23","status":"publish","type":"post","link":"https:\/\/www.jugendfussball-wendelstein.de\/wordpress\/djk-allersberg-jfg-23\/","title":{"rendered":"DJK Allersberg \u2013 JFG  (2:3)"},"content":{"rendered":"<p>27.09.14: Ausw\u00e4rtskampf der 03er in Allersberg<\/p>\n<p>Nach dem hohen Sieg am letzten Spieltag zu Hause mussten die Kids des Jahrganges 2003 der JFG zum erwartet schweren Ausw\u00e4rtsspiel gegen die DJK Allersberg. Wir als Trainer versuchten schon vor dem Spiel auf unsere Kids einzugehen und forderten viel Direktspiel um Verletzungen zu vermeiden. Die ein Jahr \u00e4lteren Jungs der DJK legten sehr k\u00f6rperbetont los. Leider war der sehr junge Schiedsrichter schon in den ersten Minuten absolut \u00fcberfordert! Aufgrund eines Stellungsfehlers ging die DJK Allersberg mit 1:0 in F\u00fchrung. Das Gegentor war wie ein Weckruf f\u00fcr die 03er. Nun begann der Sturmlauf auf das gegnerische Tor. Nachdem einige grobe Fouls nicht geahndet  wurden, kam es dennoch dazu,  das wir den l\u00e4ngst f\u00e4lligen 9 Meter bekamen. Souver\u00e4n verwandelt, gingen wir mit 1:1 in die Halbzeit. <\/p>\n<p>In den zweiten 30 Minuten ging es weiter hart zur Sache und die 03er versuchten den Gegnern mit Direktspiel aus dem Weg zu gehen. Dies hatte zur Folge, dass ein Pass nicht ankam und dem Verteidiger letztendlich nur die Gr\u00e4tsche im Strafraum \u00fcbrig blieb. Den berechtigten 9 Meter verwandelten die Gegner gl\u00fccklich zum 2:1 da der Torh\u00fcter der 03er dran war. Somit liefen wir dem erneuten R\u00fcckstand hinterher. Es dauerte nur wenige Minuten da viel nach sch\u00f6ner Kombination das 2:2. Weiter ging der Druck Richtung Tor der DJK. Nach einer groben Unsportlichkeit des Torh\u00fcters von Allersberg setzten die 03er ihre Wut in Leistung um und erspielten sich die letzte Chance die eiskalt verwandelt wurde. Der 3:2 Siegtreffer wurde ohne Trikot des Sch\u00fctzen gefeiert worauf dieser noch Gelb sah.<\/p>\n<p>Die Trainer sind stolz auf die Leistung der kompletten Mannschaft und \u00fcber die Umsetzung der vor dem Spiel besprochenen Taktik.<\/p>\n","protected":false},"excerpt":{"rendered":"<p>27.09.14: Ausw\u00e4rtskampf der 03er in Allersberg Nach dem hohen Sieg am letzten Spieltag zu Hause mussten die Kids des Jahrganges 2003 der JFG zum erwartet schweren Ausw\u00e4rtsspiel gegen die DJK Allersberg. Wir als Trainer versuchten schon vor dem Spiel auf unsere Kids einzugehen und forderten viel Direktspiel um Verletzungen zu vermeiden. Die ein Jahr \u00e4lteren [&hellip;]<\/p>\n","protected":false},"author":4,"featured_media":0,"comment_status":"closed","ping_status":"closed","sticky":false,"template":"","format":"standard","meta":{"saved_in_kubio":false,"footnotes":""},"categories":[2,16,9],"tags":[],"class_list":["post-1436","post","type-post","status-publish","format-standard","hentry","category-gf","category-spielbericht","category-u12"],"yoast_head":"<!-- This site is optimized with the Yoast SEO plugin v27.4 - https:\/\/yoast.com\/product\/yoast-seo-wordpress\/ -->\n<title>DJK Allersberg \u2013 JFG (2:3) - JFG Wendelstein<\/title>\n<meta name=\"robots\" content=\"index, follow, max-snippet:-1, max-image-preview:large, max-video-preview:-1\" \/>\n<link rel=\"canonical\" href=\"https:\/\/www.jugendfussball-wendelstein.de\/wordpress\/djk-allersberg-jfg-23\/\" \/>\n<meta property=\"og:locale\" content=\"de_DE\" \/>\n<meta property=\"og:type\" content=\"article\" \/>\n<meta property=\"og:title\" content=\"DJK Allersberg \u2013 JFG (2:3) - JFG Wendelstein\" \/>\n<meta property=\"og:description\" content=\"27.09.14: Ausw\u00e4rtskampf der 03er in Allersberg Nach dem hohen Sieg am letzten Spieltag zu Hause mussten die Kids des Jahrganges 2003 der JFG zum erwartet schweren Ausw\u00e4rtsspiel gegen die DJK Allersberg. Wir als Trainer versuchten schon vor dem Spiel auf unsere Kids einzugehen und forderten viel Direktspiel um Verletzungen zu vermeiden. Die ein Jahr \u00e4lteren [&hellip;]\" \/>\n<meta property=\"og:url\" content=\"https:\/\/www.jugendfussball-wendelstein.de\/wordpress\/djk-allersberg-jfg-23\/\" \/>\n<meta property=\"og:site_name\" content=\"JFG Wendelstein\" \/>\n<meta property=\"article:published_time\" content=\"2014-09-29T06:44:39+00:00\" \/>\n<meta name=\"author\" content=\"Autor\" \/>\n<meta name=\"twitter:card\" content=\"summary_large_image\" \/>\n<meta name=\"twitter:label1\" content=\"Verfasst von\" \/>\n\t<meta name=\"twitter:data1\" content=\"Autor\" \/>\n\t<meta name=\"twitter:label2\" content=\"Gesch\u00e4tzte Lesezeit\" \/>\n\t<meta name=\"twitter:data2\" content=\"1\u00a0Minute\" \/>\n<script type=\"application\/ld+json\" class=\"yoast-schema-graph\">{\"@context\":\"https:\\\/\\\/schema.org\",\"@graph\":[{\"@type\":\"Article\",\"@id\":\"https:\\\/\\\/www.jugendfussball-wendelstein.de\\\/wordpress\\\/djk-allersberg-jfg-23\\\/#article\",\"isPartOf\":{\"@id\":\"https:\\\/\\\/www.jugendfussball-wendelstein.de\\\/wordpress\\\/djk-allersberg-jfg-23\\\/\"},\"author\":{\"name\":\"Autor\",\"@id\":\"https:\\\/\\\/www.jugendfussball-wendelstein.de\\\/wordpress\\\/#\\\/schema\\\/person\\\/75aadcbd4be1b3af1c1d785397472bc9\"},\"headline\":\"DJK Allersberg \u2013 JFG (2:3)\",\"datePublished\":\"2014-09-29T06:44:39+00:00\",\"mainEntityOfPage\":{\"@id\":\"https:\\\/\\\/www.jugendfussball-wendelstein.de\\\/wordpress\\\/djk-allersberg-jfg-23\\\/\"},\"wordCount\":287,\"articleSection\":[\"Gro\u00dffeld\",\"Spielbericht\",\"U12\"],\"inLanguage\":\"de\"},{\"@type\":\"WebPage\",\"@id\":\"https:\\\/\\\/www.jugendfussball-wendelstein.de\\\/wordpress\\\/djk-allersberg-jfg-23\\\/\",\"url\":\"https:\\\/\\\/www.jugendfussball-wendelstein.de\\\/wordpress\\\/djk-allersberg-jfg-23\\\/\",\"name\":\"DJK Allersberg \u2013 JFG (2:3) - JFG Wendelstein\",\"isPartOf\":{\"@id\":\"https:\\\/\\\/www.jugendfussball-wendelstein.de\\\/wordpress\\\/#website\"},\"datePublished\":\"2014-09-29T06:44:39+00:00\",\"author\":{\"@id\":\"https:\\\/\\\/www.jugendfussball-wendelstein.de\\\/wordpress\\\/#\\\/schema\\\/person\\\/75aadcbd4be1b3af1c1d785397472bc9\"},\"breadcrumb\":{\"@id\":\"https:\\\/\\\/www.jugendfussball-wendelstein.de\\\/wordpress\\\/djk-allersberg-jfg-23\\\/#breadcrumb\"},\"inLanguage\":\"de\",\"potentialAction\":[{\"@type\":\"ReadAction\",\"target\":[\"https:\\\/\\\/www.jugendfussball-wendelstein.de\\\/wordpress\\\/djk-allersberg-jfg-23\\\/\"]}]},{\"@type\":\"BreadcrumbList\",\"@id\":\"https:\\\/\\\/www.jugendfussball-wendelstein.de\\\/wordpress\\\/djk-allersberg-jfg-23\\\/#breadcrumb\",\"itemListElement\":[{\"@type\":\"ListItem\",\"position\":1,\"name\":\"Startseite\",\"item\":\"https:\\\/\\\/www.jugendfussball-wendelstein.de\\\/wordpress\\\/\"},{\"@type\":\"ListItem\",\"position\":2,\"name\":\"DJK Allersberg \u2013 JFG (2:3)\"}]},{\"@type\":\"WebSite\",\"@id\":\"https:\\\/\\\/www.jugendfussball-wendelstein.de\\\/wordpress\\\/#website\",\"url\":\"https:\\\/\\\/www.jugendfussball-wendelstein.de\\\/wordpress\\\/\",\"name\":\"JFG Wendelstein\",\"description\":\"Juniorenfu\u00dfball\",\"potentialAction\":[{\"@type\":\"SearchAction\",\"target\":{\"@type\":\"EntryPoint\",\"urlTemplate\":\"https:\\\/\\\/www.jugendfussball-wendelstein.de\\\/wordpress\\\/?s={search_term_string}\"},\"query-input\":{\"@type\":\"PropertyValueSpecification\",\"valueRequired\":true,\"valueName\":\"search_term_string\"}}],\"inLanguage\":\"de\"},{\"@type\":\"Person\",\"@id\":\"https:\\\/\\\/www.jugendfussball-wendelstein.de\\\/wordpress\\\/#\\\/schema\\\/person\\\/75aadcbd4be1b3af1c1d785397472bc9\",\"name\":\"Autor\",\"image\":{\"@type\":\"ImageObject\",\"inLanguage\":\"de\",\"@id\":\"https:\\\/\\\/secure.gravatar.com\\\/avatar\\\/01dd9b7f2dc8d635302f1c57c2289838e9fe288acd1c06c8f8ad332b8e2a60c9?s=96&d=mm&r=g\",\"url\":\"https:\\\/\\\/secure.gravatar.com\\\/avatar\\\/01dd9b7f2dc8d635302f1c57c2289838e9fe288acd1c06c8f8ad332b8e2a60c9?s=96&d=mm&r=g\",\"contentUrl\":\"https:\\\/\\\/secure.gravatar.com\\\/avatar\\\/01dd9b7f2dc8d635302f1c57c2289838e9fe288acd1c06c8f8ad332b8e2a60c9?s=96&d=mm&r=g\",\"caption\":\"Autor\"},\"url\":\"https:\\\/\\\/www.jugendfussball-wendelstein.de\\\/wordpress\\\/author\\\/autor\\\/\"}]}<\/script>\n<!-- \/ Yoast SEO plugin. -->","yoast_head_json":{"title":"DJK Allersberg \u2013 JFG (2:3) - JFG Wendelstein","robots":{"index":"index","follow":"follow","max-snippet":"max-snippet:-1","max-image-preview":"max-image-preview:large","max-video-preview":"max-video-preview:-1"},"canonical":"https:\/\/www.jugendfussball-wendelstein.de\/wordpress\/djk-allersberg-jfg-23\/","og_locale":"de_DE","og_type":"article","og_title":"DJK Allersberg \u2013 JFG (2:3) - JFG Wendelstein","og_description":"27.09.14: Ausw\u00e4rtskampf der 03er in Allersberg Nach dem hohen Sieg am letzten Spieltag zu Hause mussten die Kids des Jahrganges 2003 der JFG zum erwartet schweren Ausw\u00e4rtsspiel gegen die DJK Allersberg. Wir als Trainer versuchten schon vor dem Spiel auf unsere Kids einzugehen und forderten viel Direktspiel um Verletzungen zu vermeiden. Die ein Jahr \u00e4lteren [&hellip;]","og_url":"https:\/\/www.jugendfussball-wendelstein.de\/wordpress\/djk-allersberg-jfg-23\/","og_site_name":"JFG Wendelstein","article_published_time":"2014-09-29T06:44:39+00:00","author":"Autor","twitter_card":"summary_large_image","twitter_misc":{"Verfasst von":"Autor","Gesch\u00e4tzte Lesezeit":"1\u00a0Minute"},"schema":{"@context":"https:\/\/schema.org","@graph":[{"@type":"Article","@id":"https:\/\/www.jugendfussball-wendelstein.de\/wordpress\/djk-allersberg-jfg-23\/#article","isPartOf":{"@id":"https:\/\/www.jugendfussball-wendelstein.de\/wordpress\/djk-allersberg-jfg-23\/"},"author":{"name":"Autor","@id":"https:\/\/www.jugendfussball-wendelstein.de\/wordpress\/#\/schema\/person\/75aadcbd4be1b3af1c1d785397472bc9"},"headline":"DJK Allersberg \u2013 JFG (2:3)","datePublished":"2014-09-29T06:44:39+00:00","mainEntityOfPage":{"@id":"https:\/\/www.jugendfussball-wendelstein.de\/wordpress\/djk-allersberg-jfg-23\/"},"wordCount":287,"articleSection":["Gro\u00dffeld","Spielbericht","U12"],"inLanguage":"de"},{"@type":"WebPage","@id":"https:\/\/www.jugendfussball-wendelstein.de\/wordpress\/djk-allersberg-jfg-23\/","url":"https:\/\/www.jugendfussball-wendelstein.de\/wordpress\/djk-allersberg-jfg-23\/","name":"DJK Allersberg \u2013 JFG (2:3) - JFG Wendelstein","isPartOf":{"@id":"https:\/\/www.jugendfussball-wendelstein.de\/wordpress\/#website"},"datePublished":"2014-09-29T06:44:39+00:00","author":{"@id":"https:\/\/www.jugendfussball-wendelstein.de\/wordpress\/#\/schema\/person\/75aadcbd4be1b3af1c1d785397472bc9"},"breadcrumb":{"@id":"https:\/\/www.jugendfussball-wendelstein.de\/wordpress\/djk-allersberg-jfg-23\/#breadcrumb"},"inLanguage":"de","potentialAction":[{"@type":"ReadAction","target":["https:\/\/www.jugendfussball-wendelstein.de\/wordpress\/djk-allersberg-jfg-23\/"]}]},{"@type":"BreadcrumbList","@id":"https:\/\/www.jugendfussball-wendelstein.de\/wordpress\/djk-allersberg-jfg-23\/#breadcrumb","itemListElement":[{"@type":"ListItem","position":1,"name":"Startseite","item":"https:\/\/www.jugendfussball-wendelstein.de\/wordpress\/"},{"@type":"ListItem","position":2,"name":"DJK Allersberg \u2013 JFG (2:3)"}]},{"@type":"WebSite","@id":"https:\/\/www.jugendfussball-wendelstein.de\/wordpress\/#website","url":"https:\/\/www.jugendfussball-wendelstein.de\/wordpress\/","name":"JFG Wendelstein","description":"Juniorenfu\u00dfball","potentialAction":[{"@type":"SearchAction","target":{"@type":"EntryPoint","urlTemplate":"https:\/\/www.jugendfussball-wendelstein.de\/wordpress\/?s={search_term_string}"},"query-input":{"@type":"PropertyValueSpecification","valueRequired":true,"valueName":"search_term_string"}}],"inLanguage":"de"},{"@type":"Person","@id":"https:\/\/www.jugendfussball-wendelstein.de\/wordpress\/#\/schema\/person\/75aadcbd4be1b3af1c1d785397472bc9","name":"Autor","image":{"@type":"ImageObject","inLanguage":"de","@id":"https:\/\/secure.gravatar.com\/avatar\/01dd9b7f2dc8d635302f1c57c2289838e9fe288acd1c06c8f8ad332b8e2a60c9?s=96&d=mm&r=g","url":"https:\/\/secure.gravatar.com\/avatar\/01dd9b7f2dc8d635302f1c57c2289838e9fe288acd1c06c8f8ad332b8e2a60c9?s=96&d=mm&r=g","contentUrl":"https:\/\/secure.gravatar.com\/avatar\/01dd9b7f2dc8d635302f1c57c2289838e9fe288acd1c06c8f8ad332b8e2a60c9?s=96&d=mm&r=g","caption":"Autor"},"url":"https:\/\/www.jugendfussball-wendelstein.de\/wordpress\/author\/autor\/"}]}},"_links":{"self":[{"href":"https:\/\/www.jugendfussball-wendelstein.de\/wordpress\/wp-json\/wp\/v2\/posts\/1436","targetHints":{"allow":["GET"]}}],"collection":[{"href":"https:\/\/www.jugendfussball-wendelstein.de\/wordpress\/wp-json\/wp\/v2\/posts"}],"about":[{"href":"https:\/\/www.jugendfussball-wendelstein.de\/wordpress\/wp-json\/wp\/v2\/types\/post"}],"author":[{"embeddable":true,"href":"https:\/\/www.jugendfussball-wendelstein.de\/wordpress\/wp-json\/wp\/v2\/users\/4"}],"replies":[{"embeddable":true,"href":"https:\/\/www.jugendfussball-wendelstein.de\/wordpress\/wp-json\/wp\/v2\/comments?post=1436"}],"version-history":[{"count":0,"href":"https:\/\/www.jugendfussball-wendelstein.de\/wordpress\/wp-json\/wp\/v2\/posts\/1436\/revisions"}],"wp:attachment":[{"href":"https:\/\/www.jugendfussball-wendelstein.de\/wordpress\/wp-json\/wp\/v2\/media?parent=1436"}],"wp:term":[{"taxonomy":"category","embeddable":true,"href":"https:\/\/www.jugendfussball-wendelstein.de\/wordpress\/wp-json\/wp\/v2\/categories?post=1436"},{"taxonomy":"post_tag","embeddable":true,"href":"https:\/\/www.jugendfussball-wendelstein.de\/wordpress\/wp-json\/wp\/v2\/tags?post=1436"}],"curies":[{"name":"wp","href":"https:\/\/api.w.org\/{rel}","templated":true}]}}