{"id":1447,"date":"2014-09-29T09:19:50","date_gmt":"2014-09-29T07:19:50","guid":{"rendered":"http:\/\/www.jugendfussball-wendelstein.de\/wordpress\/?p=1447"},"modified":"2014-09-29T09:19:50","modified_gmt":"2014-09-29T07:19:50","slug":"spvgg-greuther-fuerth-jfg-30","status":"publish","type":"post","link":"https:\/\/www.jugendfussball-wendelstein.de\/wordpress\/spvgg-greuther-fuerth-jfg-30\/","title":{"rendered":"SpVgg Greuther F\u00fcrth \u2013 JFG  (3:0)"},"content":{"rendered":"<p><strong>13.09.14: BOL-Saisonstart der U13<\/strong><\/p>\n<p>Nun war es endlich soweit&#8230; die ganze Vorbereitung incl. Trainingslager hat man darauf hingearbeitet&#8230; die BOL Saison der U13-Junioren begann endlich auch f\u00fcr die JFG Wendelstein. Erster Gegner war die U12- der SpVgg Greuter F\u00fcrth. Die Anspannung und Motivation der Blues war schon vor Beginn zu sp\u00fcren. Man war froh, dass es nun endlich losging.<\/p>\n<p>Auf einem relativ gro\u00dfem, durch die Witterung tiefen Platz am NLZ in F\u00fcrth entwickelte sich von Beginn an eine intensive Partie zweier guter Fu\u00dfballmannschaften. Die JFG begann sehr engagiert und presste sehr hoch. Hierdurch erreichten die Wendelsteiner in der Anfangsviertelstunde optisch ein leichtes \u00dcbergewicht. Wenn es den F\u00fcrthern gelang die erste Pressinglinie der JFG zu \u00fcberspielen wurde es gef\u00e4hrlich f\u00fcr die Wendelsteiner Hintermannschaft, die jedoch die Angriffe verteidigen konnte. Lediglich bei eigenem Ballbesitz war man in der JFG-Defensive nerv\u00f6s und unsicher&#8230; so kamen die F\u00fcrthern nach Wendelsteinern Vorlagen zu ihren einzigen Torchancen in der ersten H\u00e4lfte. Der JFG gelang es durch das Pressing einige B\u00e4lle in der F\u00fcrther Spielh\u00e4lfte zu gewinnen, jedoch wurden die Ballgewinne nicht entscheidend zu Ende gespielt. Zu oft versuchte man es durch das Zentrum. Trotzdem wurden die Wendelsteiner einige Male gef\u00e4hrlich, beispielsweise als Arenas einen Ball des Keepers abfangen konnte, alleine aufs Tor lief und kurz vor dem Strafraum gefoult wurde. Aus diesem, sowie aus mehreren weiteren Freist\u00f6\u00dfen konnte Wendelstein nichts ertragreiches erreichen. Durch schnelles Umschaltspiel gelangen den Blues 2 sehr gef\u00e4hrliche Konterchancen, jedoch konnte man auch diese nicht im F\u00fcrther Geh\u00e4use unterbringen. Somit w\u00e4re ein Wendelsteiner F\u00fchrung zur Halbzeit wohl verdient gewesen.<\/p>\n<p>Nach der Pause zun\u00e4chst das gleiche Bild, Wendelstein leicht \u00fcberlegen, F\u00fcrth jedoch auch spielstark und gef\u00e4hrlich. Leider war der Wendelsteiner Spielaufbau an diesem Tag nicht so ballsicher und mutig wie sonst. So h\u00e4tte man das Spiel noch mehr kontrollieren und diktieren k\u00f6nnen. 10 Minuten nach der Halbzeit \u00fcbernahmen nun die F\u00fcrther immer mehr das Spielgeschehen. Die Wendelsteiner bekamen nun weniger Zugriff auf das Spiel, kamen nicht in die Zweik\u00e4mpfe und liefen die R\u00e4ume zu sp\u00e4t zu. Dies war wohl die Auswirkung einer sehr intensiven ersten Halbzeit, in der man verga\u00df das Tempo zu wechseln. So konnten die F\u00fcrther in der 50.Spielminute einen Angriff \u00fcber ihre rechte Seite bis an die Wendelsteiner Grundlinie spielen, die Flanke wurde zun\u00e4chst abgewehrt , den Abpraller aber nutzen die Kids der SpVgg zur F\u00fchrung. Ein Schlag in den Nacken f\u00fcr die Blues. Man versuchte nochmal alles, um das Spiel zu drehen bzw. einen Punkt mitzunehmen. Die F\u00fcrther spielten es jedoch nun sehr clever und konterten die JFGler zweimal b\u00f6se aus und erh\u00f6hten auf den 2:0 bzw. 3:0 Endstand.<\/p>\n<p>Fazit: Bitter&#8230; man bekam direkt im ersten Spiel zu sp\u00fcren wie hart diese Spielklasse sein kann. Eigene Fehler werden direkt bestraft&#8230; daran muss man sich gew\u00f6hnen. Nichtsdestotrotz zeigte man eine couragierte Leistung mit einer tollen ersten Halbzeit. Es gilt jedoch noch mutiger bei eigenem Ballbesitz zu sein, das Tempo zu wechseln und eben auch Torchancen zu nutzen.<\/p>\n","protected":false},"excerpt":{"rendered":"<p>13.09.14: BOL-Saisonstart der U13 Nun war es endlich soweit&#8230; die ganze Vorbereitung incl. Trainingslager hat man darauf hingearbeitet&#8230; die BOL Saison der U13-Junioren begann endlich auch f\u00fcr die JFG Wendelstein. Erster Gegner war die U12- der SpVgg Greuter F\u00fcrth. Die Anspannung und Motivation der Blues war schon vor Beginn zu sp\u00fcren. Man war froh, dass [&hellip;]<\/p>\n","protected":false},"author":4,"featured_media":0,"comment_status":"closed","ping_status":"closed","sticky":false,"template":"","format":"standard","meta":{"saved_in_kubio":false,"footnotes":""},"categories":[2,16,8],"tags":[],"class_list":["post-1447","post","type-post","status-publish","format-standard","hentry","category-gf","category-spielbericht","category-u13"],"yoast_head":"<!-- This site is optimized with the Yoast SEO plugin v27.4 - https:\/\/yoast.com\/product\/yoast-seo-wordpress\/ -->\n<title>SpVgg Greuther F\u00fcrth \u2013 JFG (3:0) - JFG Wendelstein<\/title>\n<meta name=\"robots\" content=\"index, follow, max-snippet:-1, max-image-preview:large, max-video-preview:-1\" \/>\n<link rel=\"canonical\" href=\"https:\/\/www.jugendfussball-wendelstein.de\/wordpress\/spvgg-greuther-fuerth-jfg-30\/\" \/>\n<meta property=\"og:locale\" content=\"de_DE\" \/>\n<meta property=\"og:type\" content=\"article\" \/>\n<meta property=\"og:title\" content=\"SpVgg Greuther F\u00fcrth \u2013 JFG (3:0) - JFG Wendelstein\" \/>\n<meta property=\"og:description\" content=\"13.09.14: BOL-Saisonstart der U13 Nun war es endlich soweit&#8230; die ganze Vorbereitung incl. Trainingslager hat man darauf hingearbeitet&#8230; die BOL Saison der U13-Junioren begann endlich auch f\u00fcr die JFG Wendelstein. Erster Gegner war die U12- der SpVgg Greuter F\u00fcrth. Die Anspannung und Motivation der Blues war schon vor Beginn zu sp\u00fcren. Man war froh, dass [&hellip;]\" \/>\n<meta property=\"og:url\" content=\"https:\/\/www.jugendfussball-wendelstein.de\/wordpress\/spvgg-greuther-fuerth-jfg-30\/\" \/>\n<meta property=\"og:site_name\" content=\"JFG Wendelstein\" \/>\n<meta property=\"article:published_time\" content=\"2014-09-29T07:19:50+00:00\" \/>\n<meta name=\"author\" content=\"Autor\" \/>\n<meta name=\"twitter:card\" content=\"summary_large_image\" \/>\n<meta name=\"twitter:label1\" content=\"Verfasst von\" \/>\n\t<meta name=\"twitter:data1\" content=\"Autor\" \/>\n\t<meta name=\"twitter:label2\" content=\"Gesch\u00e4tzte Lesezeit\" \/>\n\t<meta name=\"twitter:data2\" content=\"3\u00a0Minuten\" \/>\n<script type=\"application\/ld+json\" class=\"yoast-schema-graph\">{\"@context\":\"https:\\\/\\\/schema.org\",\"@graph\":[{\"@type\":\"Article\",\"@id\":\"https:\\\/\\\/www.jugendfussball-wendelstein.de\\\/wordpress\\\/spvgg-greuther-fuerth-jfg-30\\\/#article\",\"isPartOf\":{\"@id\":\"https:\\\/\\\/www.jugendfussball-wendelstein.de\\\/wordpress\\\/spvgg-greuther-fuerth-jfg-30\\\/\"},\"author\":{\"name\":\"Autor\",\"@id\":\"https:\\\/\\\/www.jugendfussball-wendelstein.de\\\/wordpress\\\/#\\\/schema\\\/person\\\/75aadcbd4be1b3af1c1d785397472bc9\"},\"headline\":\"SpVgg Greuther F\u00fcrth \u2013 JFG (3:0)\",\"datePublished\":\"2014-09-29T07:19:50+00:00\",\"mainEntityOfPage\":{\"@id\":\"https:\\\/\\\/www.jugendfussball-wendelstein.de\\\/wordpress\\\/spvgg-greuther-fuerth-jfg-30\\\/\"},\"wordCount\":527,\"articleSection\":[\"Gro\u00dffeld\",\"Spielbericht\",\"U13\"],\"inLanguage\":\"de\"},{\"@type\":\"WebPage\",\"@id\":\"https:\\\/\\\/www.jugendfussball-wendelstein.de\\\/wordpress\\\/spvgg-greuther-fuerth-jfg-30\\\/\",\"url\":\"https:\\\/\\\/www.jugendfussball-wendelstein.de\\\/wordpress\\\/spvgg-greuther-fuerth-jfg-30\\\/\",\"name\":\"SpVgg Greuther F\u00fcrth \u2013 JFG (3:0) - JFG Wendelstein\",\"isPartOf\":{\"@id\":\"https:\\\/\\\/www.jugendfussball-wendelstein.de\\\/wordpress\\\/#website\"},\"datePublished\":\"2014-09-29T07:19:50+00:00\",\"author\":{\"@id\":\"https:\\\/\\\/www.jugendfussball-wendelstein.de\\\/wordpress\\\/#\\\/schema\\\/person\\\/75aadcbd4be1b3af1c1d785397472bc9\"},\"breadcrumb\":{\"@id\":\"https:\\\/\\\/www.jugendfussball-wendelstein.de\\\/wordpress\\\/spvgg-greuther-fuerth-jfg-30\\\/#breadcrumb\"},\"inLanguage\":\"de\",\"potentialAction\":[{\"@type\":\"ReadAction\",\"target\":[\"https:\\\/\\\/www.jugendfussball-wendelstein.de\\\/wordpress\\\/spvgg-greuther-fuerth-jfg-30\\\/\"]}]},{\"@type\":\"BreadcrumbList\",\"@id\":\"https:\\\/\\\/www.jugendfussball-wendelstein.de\\\/wordpress\\\/spvgg-greuther-fuerth-jfg-30\\\/#breadcrumb\",\"itemListElement\":[{\"@type\":\"ListItem\",\"position\":1,\"name\":\"Startseite\",\"item\":\"https:\\\/\\\/www.jugendfussball-wendelstein.de\\\/wordpress\\\/\"},{\"@type\":\"ListItem\",\"position\":2,\"name\":\"SpVgg Greuther F\u00fcrth \u2013 JFG (3:0)\"}]},{\"@type\":\"WebSite\",\"@id\":\"https:\\\/\\\/www.jugendfussball-wendelstein.de\\\/wordpress\\\/#website\",\"url\":\"https:\\\/\\\/www.jugendfussball-wendelstein.de\\\/wordpress\\\/\",\"name\":\"JFG Wendelstein\",\"description\":\"Juniorenfu\u00dfball\",\"potentialAction\":[{\"@type\":\"SearchAction\",\"target\":{\"@type\":\"EntryPoint\",\"urlTemplate\":\"https:\\\/\\\/www.jugendfussball-wendelstein.de\\\/wordpress\\\/?s={search_term_string}\"},\"query-input\":{\"@type\":\"PropertyValueSpecification\",\"valueRequired\":true,\"valueName\":\"search_term_string\"}}],\"inLanguage\":\"de\"},{\"@type\":\"Person\",\"@id\":\"https:\\\/\\\/www.jugendfussball-wendelstein.de\\\/wordpress\\\/#\\\/schema\\\/person\\\/75aadcbd4be1b3af1c1d785397472bc9\",\"name\":\"Autor\",\"image\":{\"@type\":\"ImageObject\",\"inLanguage\":\"de\",\"@id\":\"https:\\\/\\\/secure.gravatar.com\\\/avatar\\\/01dd9b7f2dc8d635302f1c57c2289838e9fe288acd1c06c8f8ad332b8e2a60c9?s=96&d=mm&r=g\",\"url\":\"https:\\\/\\\/secure.gravatar.com\\\/avatar\\\/01dd9b7f2dc8d635302f1c57c2289838e9fe288acd1c06c8f8ad332b8e2a60c9?s=96&d=mm&r=g\",\"contentUrl\":\"https:\\\/\\\/secure.gravatar.com\\\/avatar\\\/01dd9b7f2dc8d635302f1c57c2289838e9fe288acd1c06c8f8ad332b8e2a60c9?s=96&d=mm&r=g\",\"caption\":\"Autor\"},\"url\":\"https:\\\/\\\/www.jugendfussball-wendelstein.de\\\/wordpress\\\/author\\\/autor\\\/\"}]}<\/script>\n<!-- \/ Yoast SEO plugin. -->","yoast_head_json":{"title":"SpVgg Greuther F\u00fcrth \u2013 JFG (3:0) - JFG Wendelstein","robots":{"index":"index","follow":"follow","max-snippet":"max-snippet:-1","max-image-preview":"max-image-preview:large","max-video-preview":"max-video-preview:-1"},"canonical":"https:\/\/www.jugendfussball-wendelstein.de\/wordpress\/spvgg-greuther-fuerth-jfg-30\/","og_locale":"de_DE","og_type":"article","og_title":"SpVgg Greuther F\u00fcrth \u2013 JFG (3:0) - JFG Wendelstein","og_description":"13.09.14: BOL-Saisonstart der U13 Nun war es endlich soweit&#8230; die ganze Vorbereitung incl. Trainingslager hat man darauf hingearbeitet&#8230; die BOL Saison der U13-Junioren begann endlich auch f\u00fcr die JFG Wendelstein. Erster Gegner war die U12- der SpVgg Greuter F\u00fcrth. Die Anspannung und Motivation der Blues war schon vor Beginn zu sp\u00fcren. Man war froh, dass [&hellip;]","og_url":"https:\/\/www.jugendfussball-wendelstein.de\/wordpress\/spvgg-greuther-fuerth-jfg-30\/","og_site_name":"JFG Wendelstein","article_published_time":"2014-09-29T07:19:50+00:00","author":"Autor","twitter_card":"summary_large_image","twitter_misc":{"Verfasst von":"Autor","Gesch\u00e4tzte Lesezeit":"3\u00a0Minuten"},"schema":{"@context":"https:\/\/schema.org","@graph":[{"@type":"Article","@id":"https:\/\/www.jugendfussball-wendelstein.de\/wordpress\/spvgg-greuther-fuerth-jfg-30\/#article","isPartOf":{"@id":"https:\/\/www.jugendfussball-wendelstein.de\/wordpress\/spvgg-greuther-fuerth-jfg-30\/"},"author":{"name":"Autor","@id":"https:\/\/www.jugendfussball-wendelstein.de\/wordpress\/#\/schema\/person\/75aadcbd4be1b3af1c1d785397472bc9"},"headline":"SpVgg Greuther F\u00fcrth \u2013 JFG (3:0)","datePublished":"2014-09-29T07:19:50+00:00","mainEntityOfPage":{"@id":"https:\/\/www.jugendfussball-wendelstein.de\/wordpress\/spvgg-greuther-fuerth-jfg-30\/"},"wordCount":527,"articleSection":["Gro\u00dffeld","Spielbericht","U13"],"inLanguage":"de"},{"@type":"WebPage","@id":"https:\/\/www.jugendfussball-wendelstein.de\/wordpress\/spvgg-greuther-fuerth-jfg-30\/","url":"https:\/\/www.jugendfussball-wendelstein.de\/wordpress\/spvgg-greuther-fuerth-jfg-30\/","name":"SpVgg Greuther F\u00fcrth \u2013 JFG (3:0) - JFG Wendelstein","isPartOf":{"@id":"https:\/\/www.jugendfussball-wendelstein.de\/wordpress\/#website"},"datePublished":"2014-09-29T07:19:50+00:00","author":{"@id":"https:\/\/www.jugendfussball-wendelstein.de\/wordpress\/#\/schema\/person\/75aadcbd4be1b3af1c1d785397472bc9"},"breadcrumb":{"@id":"https:\/\/www.jugendfussball-wendelstein.de\/wordpress\/spvgg-greuther-fuerth-jfg-30\/#breadcrumb"},"inLanguage":"de","potentialAction":[{"@type":"ReadAction","target":["https:\/\/www.jugendfussball-wendelstein.de\/wordpress\/spvgg-greuther-fuerth-jfg-30\/"]}]},{"@type":"BreadcrumbList","@id":"https:\/\/www.jugendfussball-wendelstein.de\/wordpress\/spvgg-greuther-fuerth-jfg-30\/#breadcrumb","itemListElement":[{"@type":"ListItem","position":1,"name":"Startseite","item":"https:\/\/www.jugendfussball-wendelstein.de\/wordpress\/"},{"@type":"ListItem","position":2,"name":"SpVgg Greuther F\u00fcrth \u2013 JFG (3:0)"}]},{"@type":"WebSite","@id":"https:\/\/www.jugendfussball-wendelstein.de\/wordpress\/#website","url":"https:\/\/www.jugendfussball-wendelstein.de\/wordpress\/","name":"JFG Wendelstein","description":"Juniorenfu\u00dfball","potentialAction":[{"@type":"SearchAction","target":{"@type":"EntryPoint","urlTemplate":"https:\/\/www.jugendfussball-wendelstein.de\/wordpress\/?s={search_term_string}"},"query-input":{"@type":"PropertyValueSpecification","valueRequired":true,"valueName":"search_term_string"}}],"inLanguage":"de"},{"@type":"Person","@id":"https:\/\/www.jugendfussball-wendelstein.de\/wordpress\/#\/schema\/person\/75aadcbd4be1b3af1c1d785397472bc9","name":"Autor","image":{"@type":"ImageObject","inLanguage":"de","@id":"https:\/\/secure.gravatar.com\/avatar\/01dd9b7f2dc8d635302f1c57c2289838e9fe288acd1c06c8f8ad332b8e2a60c9?s=96&d=mm&r=g","url":"https:\/\/secure.gravatar.com\/avatar\/01dd9b7f2dc8d635302f1c57c2289838e9fe288acd1c06c8f8ad332b8e2a60c9?s=96&d=mm&r=g","contentUrl":"https:\/\/secure.gravatar.com\/avatar\/01dd9b7f2dc8d635302f1c57c2289838e9fe288acd1c06c8f8ad332b8e2a60c9?s=96&d=mm&r=g","caption":"Autor"},"url":"https:\/\/www.jugendfussball-wendelstein.de\/wordpress\/author\/autor\/"}]}},"_links":{"self":[{"href":"https:\/\/www.jugendfussball-wendelstein.de\/wordpress\/wp-json\/wp\/v2\/posts\/1447","targetHints":{"allow":["GET"]}}],"collection":[{"href":"https:\/\/www.jugendfussball-wendelstein.de\/wordpress\/wp-json\/wp\/v2\/posts"}],"about":[{"href":"https:\/\/www.jugendfussball-wendelstein.de\/wordpress\/wp-json\/wp\/v2\/types\/post"}],"author":[{"embeddable":true,"href":"https:\/\/www.jugendfussball-wendelstein.de\/wordpress\/wp-json\/wp\/v2\/users\/4"}],"replies":[{"embeddable":true,"href":"https:\/\/www.jugendfussball-wendelstein.de\/wordpress\/wp-json\/wp\/v2\/comments?post=1447"}],"version-history":[{"count":0,"href":"https:\/\/www.jugendfussball-wendelstein.de\/wordpress\/wp-json\/wp\/v2\/posts\/1447\/revisions"}],"wp:attachment":[{"href":"https:\/\/www.jugendfussball-wendelstein.de\/wordpress\/wp-json\/wp\/v2\/media?parent=1447"}],"wp:term":[{"taxonomy":"category","embeddable":true,"href":"https:\/\/www.jugendfussball-wendelstein.de\/wordpress\/wp-json\/wp\/v2\/categories?post=1447"},{"taxonomy":"post_tag","embeddable":true,"href":"https:\/\/www.jugendfussball-wendelstein.de\/wordpress\/wp-json\/wp\/v2\/tags?post=1447"}],"curies":[{"name":"wp","href":"https:\/\/api.w.org\/{rel}","templated":true}]}}