{"id":1539,"date":"2014-10-13T21:21:40","date_gmt":"2014-10-13T19:21:40","guid":{"rendered":"http:\/\/www.jugendfussball-wendelstein.de\/wordpress\/?p=1539"},"modified":"2014-10-13T21:21:40","modified_gmt":"2014-10-13T19:21:40","slug":"tv-48-schwabach-jfg-10","status":"publish","type":"post","link":"https:\/\/www.jugendfussball-wendelstein.de\/wordpress\/tv-48-schwabach-jfg-10\/","title":{"rendered":"TV 48 Schwabach \u2013 JFG  (1:0)"},"content":{"rendered":"<p>11.10.14: Nach turbulenter Trainingswoche stand das f\u00fcnfte Punktspiel auf dem Plan. Hierzu mussten die 03er zu den erwartet starken und \u00e4lteren 48er aus Schwabach. Mit angeschlagenen Spielern und einem aus langer Verletzungspause herauskommenden Spieler stellten wir uns der Herausforderung.<\/p>\n<p>Die ersten 30 Minuten waren sehr z\u00e4h jedoch konnten wir uns eine Hand voll Chancen erarbeiten. Leider war die Besprechung vor dem Spiel nicht so in den K\u00f6pfen h\u00e4ngen geblieben wie erw\u00fcnscht. So verspielten die 03er vor dem Tor die wenigen Chancen kl\u00e4glich. Mit dem 0:0 ging es in die Pause.<\/p>\n<p>Die durchaus heftige Halbzeitansprache wirkte wunder, jedoch leider beim falschen Team\u2026 Die Jungs des TV 48 Schwabach kamen wie die Feuerwehr aus der Kabine und erspielten sich Chancen im Minutentakt. So war es nur eine Frage der Zeit bis der erste Treffer viel.<\/p>\n<p>In der 48 Minute war, nach toller Einzelleistung auf der rechten Seite, der super Keeper der JFG geschlagen. Einer der St\u00fcrmer der 48er kam in der Mitte freistehend zum Torabschluss und netzte zum 1:0 ein.\u00a0 Das war wiederum der Weckruf f\u00fcr die 03er aus Wendelstein. Leider konnten wir keine der Chancen mehr nutzen und so blieben die 3 Punkte verdient in Schwabach.<\/p>\n<p>Im Gro\u00dfen und Ganzen eines der schw\u00e4cheren Spiele der 03er aus Wendelstein. Die Umgew\u00f6hnung vom Klein- auf das Kompaktfeld geht auch an unseren Spielern nicht spurlos vorbei\u2026.<\/p>\n","protected":false},"excerpt":{"rendered":"<p>11.10.14: Nach turbulenter Trainingswoche stand das f\u00fcnfte Punktspiel auf dem Plan. Hierzu mussten die 03er zu den erwartet starken und \u00e4lteren 48er aus Schwabach. Mit angeschlagenen Spielern und einem aus langer Verletzungspause herauskommenden Spieler stellten wir uns der Herausforderung. Die ersten 30 Minuten waren sehr z\u00e4h jedoch konnten wir uns eine Hand voll Chancen erarbeiten. [&hellip;]<\/p>\n","protected":false},"author":4,"featured_media":0,"comment_status":"closed","ping_status":"closed","sticky":false,"template":"","format":"standard","meta":{"saved_in_kubio":false,"footnotes":""},"categories":[2,16,9],"tags":[],"class_list":["post-1539","post","type-post","status-publish","format-standard","hentry","category-gf","category-spielbericht","category-u12"],"yoast_head":"<!-- This site is optimized with the Yoast SEO plugin v27.4 - https:\/\/yoast.com\/product\/yoast-seo-wordpress\/ -->\n<title>TV 48 Schwabach \u2013 JFG (1:0) - JFG Wendelstein<\/title>\n<meta name=\"robots\" content=\"index, follow, max-snippet:-1, max-image-preview:large, max-video-preview:-1\" \/>\n<link rel=\"canonical\" href=\"https:\/\/www.jugendfussball-wendelstein.de\/wordpress\/tv-48-schwabach-jfg-10\/\" \/>\n<meta property=\"og:locale\" content=\"de_DE\" \/>\n<meta property=\"og:type\" content=\"article\" \/>\n<meta property=\"og:title\" content=\"TV 48 Schwabach \u2013 JFG (1:0) - JFG Wendelstein\" \/>\n<meta property=\"og:description\" content=\"11.10.14: Nach turbulenter Trainingswoche stand das f\u00fcnfte Punktspiel auf dem Plan. Hierzu mussten die 03er zu den erwartet starken und \u00e4lteren 48er aus Schwabach. Mit angeschlagenen Spielern und einem aus langer Verletzungspause herauskommenden Spieler stellten wir uns der Herausforderung. Die ersten 30 Minuten waren sehr z\u00e4h jedoch konnten wir uns eine Hand voll Chancen erarbeiten. [&hellip;]\" \/>\n<meta property=\"og:url\" content=\"https:\/\/www.jugendfussball-wendelstein.de\/wordpress\/tv-48-schwabach-jfg-10\/\" \/>\n<meta property=\"og:site_name\" content=\"JFG Wendelstein\" \/>\n<meta property=\"article:published_time\" content=\"2014-10-13T19:21:40+00:00\" \/>\n<meta name=\"author\" content=\"Autor\" \/>\n<meta name=\"twitter:card\" content=\"summary_large_image\" \/>\n<meta name=\"twitter:label1\" content=\"Verfasst von\" \/>\n\t<meta name=\"twitter:data1\" content=\"Autor\" \/>\n\t<meta name=\"twitter:label2\" content=\"Gesch\u00e4tzte Lesezeit\" \/>\n\t<meta name=\"twitter:data2\" content=\"1\u00a0Minute\" \/>\n<script type=\"application\/ld+json\" class=\"yoast-schema-graph\">{\"@context\":\"https:\\\/\\\/schema.org\",\"@graph\":[{\"@type\":\"Article\",\"@id\":\"https:\\\/\\\/www.jugendfussball-wendelstein.de\\\/wordpress\\\/tv-48-schwabach-jfg-10\\\/#article\",\"isPartOf\":{\"@id\":\"https:\\\/\\\/www.jugendfussball-wendelstein.de\\\/wordpress\\\/tv-48-schwabach-jfg-10\\\/\"},\"author\":{\"name\":\"Autor\",\"@id\":\"https:\\\/\\\/www.jugendfussball-wendelstein.de\\\/wordpress\\\/#\\\/schema\\\/person\\\/75aadcbd4be1b3af1c1d785397472bc9\"},\"headline\":\"TV 48 Schwabach \u2013 JFG (1:0)\",\"datePublished\":\"2014-10-13T19:21:40+00:00\",\"mainEntityOfPage\":{\"@id\":\"https:\\\/\\\/www.jugendfussball-wendelstein.de\\\/wordpress\\\/tv-48-schwabach-jfg-10\\\/\"},\"wordCount\":229,\"articleSection\":[\"Gro\u00dffeld\",\"Spielbericht\",\"U12\"],\"inLanguage\":\"de\"},{\"@type\":\"WebPage\",\"@id\":\"https:\\\/\\\/www.jugendfussball-wendelstein.de\\\/wordpress\\\/tv-48-schwabach-jfg-10\\\/\",\"url\":\"https:\\\/\\\/www.jugendfussball-wendelstein.de\\\/wordpress\\\/tv-48-schwabach-jfg-10\\\/\",\"name\":\"TV 48 Schwabach \u2013 JFG (1:0) - JFG Wendelstein\",\"isPartOf\":{\"@id\":\"https:\\\/\\\/www.jugendfussball-wendelstein.de\\\/wordpress\\\/#website\"},\"datePublished\":\"2014-10-13T19:21:40+00:00\",\"author\":{\"@id\":\"https:\\\/\\\/www.jugendfussball-wendelstein.de\\\/wordpress\\\/#\\\/schema\\\/person\\\/75aadcbd4be1b3af1c1d785397472bc9\"},\"breadcrumb\":{\"@id\":\"https:\\\/\\\/www.jugendfussball-wendelstein.de\\\/wordpress\\\/tv-48-schwabach-jfg-10\\\/#breadcrumb\"},\"inLanguage\":\"de\",\"potentialAction\":[{\"@type\":\"ReadAction\",\"target\":[\"https:\\\/\\\/www.jugendfussball-wendelstein.de\\\/wordpress\\\/tv-48-schwabach-jfg-10\\\/\"]}]},{\"@type\":\"BreadcrumbList\",\"@id\":\"https:\\\/\\\/www.jugendfussball-wendelstein.de\\\/wordpress\\\/tv-48-schwabach-jfg-10\\\/#breadcrumb\",\"itemListElement\":[{\"@type\":\"ListItem\",\"position\":1,\"name\":\"Startseite\",\"item\":\"https:\\\/\\\/www.jugendfussball-wendelstein.de\\\/wordpress\\\/\"},{\"@type\":\"ListItem\",\"position\":2,\"name\":\"TV 48 Schwabach \u2013 JFG (1:0)\"}]},{\"@type\":\"WebSite\",\"@id\":\"https:\\\/\\\/www.jugendfussball-wendelstein.de\\\/wordpress\\\/#website\",\"url\":\"https:\\\/\\\/www.jugendfussball-wendelstein.de\\\/wordpress\\\/\",\"name\":\"JFG Wendelstein\",\"description\":\"Juniorenfu\u00dfball\",\"potentialAction\":[{\"@type\":\"SearchAction\",\"target\":{\"@type\":\"EntryPoint\",\"urlTemplate\":\"https:\\\/\\\/www.jugendfussball-wendelstein.de\\\/wordpress\\\/?s={search_term_string}\"},\"query-input\":{\"@type\":\"PropertyValueSpecification\",\"valueRequired\":true,\"valueName\":\"search_term_string\"}}],\"inLanguage\":\"de\"},{\"@type\":\"Person\",\"@id\":\"https:\\\/\\\/www.jugendfussball-wendelstein.de\\\/wordpress\\\/#\\\/schema\\\/person\\\/75aadcbd4be1b3af1c1d785397472bc9\",\"name\":\"Autor\",\"image\":{\"@type\":\"ImageObject\",\"inLanguage\":\"de\",\"@id\":\"https:\\\/\\\/secure.gravatar.com\\\/avatar\\\/01dd9b7f2dc8d635302f1c57c2289838e9fe288acd1c06c8f8ad332b8e2a60c9?s=96&d=mm&r=g\",\"url\":\"https:\\\/\\\/secure.gravatar.com\\\/avatar\\\/01dd9b7f2dc8d635302f1c57c2289838e9fe288acd1c06c8f8ad332b8e2a60c9?s=96&d=mm&r=g\",\"contentUrl\":\"https:\\\/\\\/secure.gravatar.com\\\/avatar\\\/01dd9b7f2dc8d635302f1c57c2289838e9fe288acd1c06c8f8ad332b8e2a60c9?s=96&d=mm&r=g\",\"caption\":\"Autor\"},\"url\":\"https:\\\/\\\/www.jugendfussball-wendelstein.de\\\/wordpress\\\/author\\\/autor\\\/\"}]}<\/script>\n<!-- \/ Yoast SEO plugin. -->","yoast_head_json":{"title":"TV 48 Schwabach \u2013 JFG (1:0) - JFG Wendelstein","robots":{"index":"index","follow":"follow","max-snippet":"max-snippet:-1","max-image-preview":"max-image-preview:large","max-video-preview":"max-video-preview:-1"},"canonical":"https:\/\/www.jugendfussball-wendelstein.de\/wordpress\/tv-48-schwabach-jfg-10\/","og_locale":"de_DE","og_type":"article","og_title":"TV 48 Schwabach \u2013 JFG (1:0) - JFG Wendelstein","og_description":"11.10.14: Nach turbulenter Trainingswoche stand das f\u00fcnfte Punktspiel auf dem Plan. Hierzu mussten die 03er zu den erwartet starken und \u00e4lteren 48er aus Schwabach. Mit angeschlagenen Spielern und einem aus langer Verletzungspause herauskommenden Spieler stellten wir uns der Herausforderung. Die ersten 30 Minuten waren sehr z\u00e4h jedoch konnten wir uns eine Hand voll Chancen erarbeiten. [&hellip;]","og_url":"https:\/\/www.jugendfussball-wendelstein.de\/wordpress\/tv-48-schwabach-jfg-10\/","og_site_name":"JFG Wendelstein","article_published_time":"2014-10-13T19:21:40+00:00","author":"Autor","twitter_card":"summary_large_image","twitter_misc":{"Verfasst von":"Autor","Gesch\u00e4tzte Lesezeit":"1\u00a0Minute"},"schema":{"@context":"https:\/\/schema.org","@graph":[{"@type":"Article","@id":"https:\/\/www.jugendfussball-wendelstein.de\/wordpress\/tv-48-schwabach-jfg-10\/#article","isPartOf":{"@id":"https:\/\/www.jugendfussball-wendelstein.de\/wordpress\/tv-48-schwabach-jfg-10\/"},"author":{"name":"Autor","@id":"https:\/\/www.jugendfussball-wendelstein.de\/wordpress\/#\/schema\/person\/75aadcbd4be1b3af1c1d785397472bc9"},"headline":"TV 48 Schwabach \u2013 JFG (1:0)","datePublished":"2014-10-13T19:21:40+00:00","mainEntityOfPage":{"@id":"https:\/\/www.jugendfussball-wendelstein.de\/wordpress\/tv-48-schwabach-jfg-10\/"},"wordCount":229,"articleSection":["Gro\u00dffeld","Spielbericht","U12"],"inLanguage":"de"},{"@type":"WebPage","@id":"https:\/\/www.jugendfussball-wendelstein.de\/wordpress\/tv-48-schwabach-jfg-10\/","url":"https:\/\/www.jugendfussball-wendelstein.de\/wordpress\/tv-48-schwabach-jfg-10\/","name":"TV 48 Schwabach \u2013 JFG (1:0) - JFG Wendelstein","isPartOf":{"@id":"https:\/\/www.jugendfussball-wendelstein.de\/wordpress\/#website"},"datePublished":"2014-10-13T19:21:40+00:00","author":{"@id":"https:\/\/www.jugendfussball-wendelstein.de\/wordpress\/#\/schema\/person\/75aadcbd4be1b3af1c1d785397472bc9"},"breadcrumb":{"@id":"https:\/\/www.jugendfussball-wendelstein.de\/wordpress\/tv-48-schwabach-jfg-10\/#breadcrumb"},"inLanguage":"de","potentialAction":[{"@type":"ReadAction","target":["https:\/\/www.jugendfussball-wendelstein.de\/wordpress\/tv-48-schwabach-jfg-10\/"]}]},{"@type":"BreadcrumbList","@id":"https:\/\/www.jugendfussball-wendelstein.de\/wordpress\/tv-48-schwabach-jfg-10\/#breadcrumb","itemListElement":[{"@type":"ListItem","position":1,"name":"Startseite","item":"https:\/\/www.jugendfussball-wendelstein.de\/wordpress\/"},{"@type":"ListItem","position":2,"name":"TV 48 Schwabach \u2013 JFG (1:0)"}]},{"@type":"WebSite","@id":"https:\/\/www.jugendfussball-wendelstein.de\/wordpress\/#website","url":"https:\/\/www.jugendfussball-wendelstein.de\/wordpress\/","name":"JFG Wendelstein","description":"Juniorenfu\u00dfball","potentialAction":[{"@type":"SearchAction","target":{"@type":"EntryPoint","urlTemplate":"https:\/\/www.jugendfussball-wendelstein.de\/wordpress\/?s={search_term_string}"},"query-input":{"@type":"PropertyValueSpecification","valueRequired":true,"valueName":"search_term_string"}}],"inLanguage":"de"},{"@type":"Person","@id":"https:\/\/www.jugendfussball-wendelstein.de\/wordpress\/#\/schema\/person\/75aadcbd4be1b3af1c1d785397472bc9","name":"Autor","image":{"@type":"ImageObject","inLanguage":"de","@id":"https:\/\/secure.gravatar.com\/avatar\/01dd9b7f2dc8d635302f1c57c2289838e9fe288acd1c06c8f8ad332b8e2a60c9?s=96&d=mm&r=g","url":"https:\/\/secure.gravatar.com\/avatar\/01dd9b7f2dc8d635302f1c57c2289838e9fe288acd1c06c8f8ad332b8e2a60c9?s=96&d=mm&r=g","contentUrl":"https:\/\/secure.gravatar.com\/avatar\/01dd9b7f2dc8d635302f1c57c2289838e9fe288acd1c06c8f8ad332b8e2a60c9?s=96&d=mm&r=g","caption":"Autor"},"url":"https:\/\/www.jugendfussball-wendelstein.de\/wordpress\/author\/autor\/"}]}},"_links":{"self":[{"href":"https:\/\/www.jugendfussball-wendelstein.de\/wordpress\/wp-json\/wp\/v2\/posts\/1539","targetHints":{"allow":["GET"]}}],"collection":[{"href":"https:\/\/www.jugendfussball-wendelstein.de\/wordpress\/wp-json\/wp\/v2\/posts"}],"about":[{"href":"https:\/\/www.jugendfussball-wendelstein.de\/wordpress\/wp-json\/wp\/v2\/types\/post"}],"author":[{"embeddable":true,"href":"https:\/\/www.jugendfussball-wendelstein.de\/wordpress\/wp-json\/wp\/v2\/users\/4"}],"replies":[{"embeddable":true,"href":"https:\/\/www.jugendfussball-wendelstein.de\/wordpress\/wp-json\/wp\/v2\/comments?post=1539"}],"version-history":[{"count":0,"href":"https:\/\/www.jugendfussball-wendelstein.de\/wordpress\/wp-json\/wp\/v2\/posts\/1539\/revisions"}],"wp:attachment":[{"href":"https:\/\/www.jugendfussball-wendelstein.de\/wordpress\/wp-json\/wp\/v2\/media?parent=1539"}],"wp:term":[{"taxonomy":"category","embeddable":true,"href":"https:\/\/www.jugendfussball-wendelstein.de\/wordpress\/wp-json\/wp\/v2\/categories?post=1539"},{"taxonomy":"post_tag","embeddable":true,"href":"https:\/\/www.jugendfussball-wendelstein.de\/wordpress\/wp-json\/wp\/v2\/tags?post=1539"}],"curies":[{"name":"wp","href":"https:\/\/api.w.org\/{rel}","templated":true}]}}