{"id":1545,"date":"2014-10-13T21:31:51","date_gmt":"2014-10-13T19:31:51","guid":{"rendered":"http:\/\/www.jugendfussball-wendelstein.de\/wordpress\/?p=1545"},"modified":"2014-10-13T21:31:51","modified_gmt":"2014-10-13T19:31:51","slug":"jfg-franken-jura-jfg-12","status":"publish","type":"post","link":"https:\/\/www.jugendfussball-wendelstein.de\/wordpress\/jfg-franken-jura-jfg-12\/","title":{"rendered":"JFG Franken-Jura \u2013 JFG  (1:2)"},"content":{"rendered":"<p>12.10.14: 5. Punktspiel,JFG Franken-Jura : JFG Wendelstein 1:2 (1:0)<\/p>\n<p>Mit wenig spielerischem Glanz gegen aufopferungsvoll verteidigende Jura-Franken verteidigten unsere Jungs die Tabellenf\u00fchrung in der Bezirksoberliga Mittelfranken. Die Geschichte ist schnell erz\u00e4hlt, weil Sie allzuoft im Fussball vorkommt und ein Gesetz ist. Nachdem Wendelstein klarste Torchancen nicht in z\u00e4hlbares umsetzen konnte, legte man wenigstens der Heimmannschaft bei einem der wenigen Angriffe auf das Wendelsteiner Tor einen Treffer auf ! Damit war der Spielverlauf v\u00f6llig auf den Kopf gestellt und in der Folgezeit berannten unsere Jungs das Tor der Gastgeber. Drei Pfostentreffer und robust sowie aggressiv verteidigende Jura-Franken verhinderten im weiteren Spielverlauf einen mehr als \u00fcberf\u00e4llig und verdienten Wendelsteiner Torjubel. Immer wieder war irgendein Bein dazwischen oder der starke Torh\u00fcter der JFG Franken-Jura zeigte sein K\u00f6nnen. Der Ausgleichstreffer wurde dann durch Artur Reisch erzwungen. Den entscheidenden Siegtreffer steuerte (wieder einmal) Tim Zagel in unnachahmlicher Art und Weise bei. Mit einer tollen Moral \u00fcberzeugte die Z\u00f6llner\/Reindl Truppe zwar nicht unbedingt spielerisch. Erfolgreicher Fussball besteht aber auch aus viel Leidenschaft und eben Moral &#8211; und da war gegen Wendelstein heute kein Kraut gewachsen.<\/p>\n<p>You&#8217;ll never walk alone.<br \/>\nGratulation und herzlichen Gl\u00fcckwunsch !<\/p>\n","protected":false},"excerpt":{"rendered":"<p>12.10.14: 5. Punktspiel,JFG Franken-Jura : JFG Wendelstein 1:2 (1:0) Mit wenig spielerischem Glanz gegen aufopferungsvoll verteidigende Jura-Franken verteidigten unsere Jungs die Tabellenf\u00fchrung in der Bezirksoberliga Mittelfranken. Die Geschichte ist schnell erz\u00e4hlt, weil Sie allzuoft im Fussball vorkommt und ein Gesetz ist. Nachdem Wendelstein klarste Torchancen nicht in z\u00e4hlbares umsetzen konnte, legte man wenigstens der Heimmannschaft [&hellip;]<\/p>\n","protected":false},"author":4,"featured_media":0,"comment_status":"closed","ping_status":"closed","sticky":false,"template":"","format":"standard","meta":{"saved_in_kubio":false,"footnotes":""},"categories":[2,16,17],"tags":[],"class_list":["post-1545","post","type-post","status-publish","format-standard","hentry","category-gf","category-spielbericht","category-u15"],"yoast_head":"<!-- This site is optimized with the Yoast SEO plugin v27.4 - https:\/\/yoast.com\/product\/yoast-seo-wordpress\/ -->\n<title>JFG Franken-Jura \u2013 JFG (1:2) - JFG Wendelstein<\/title>\n<meta name=\"robots\" content=\"index, follow, max-snippet:-1, max-image-preview:large, max-video-preview:-1\" \/>\n<link rel=\"canonical\" href=\"https:\/\/www.jugendfussball-wendelstein.de\/wordpress\/jfg-franken-jura-jfg-12\/\" \/>\n<meta property=\"og:locale\" content=\"de_DE\" \/>\n<meta property=\"og:type\" content=\"article\" \/>\n<meta property=\"og:title\" content=\"JFG Franken-Jura \u2013 JFG (1:2) - JFG Wendelstein\" \/>\n<meta property=\"og:description\" content=\"12.10.14: 5. Punktspiel,JFG Franken-Jura : JFG Wendelstein 1:2 (1:0) Mit wenig spielerischem Glanz gegen aufopferungsvoll verteidigende Jura-Franken verteidigten unsere Jungs die Tabellenf\u00fchrung in der Bezirksoberliga Mittelfranken. Die Geschichte ist schnell erz\u00e4hlt, weil Sie allzuoft im Fussball vorkommt und ein Gesetz ist. Nachdem Wendelstein klarste Torchancen nicht in z\u00e4hlbares umsetzen konnte, legte man wenigstens der Heimmannschaft [&hellip;]\" \/>\n<meta property=\"og:url\" content=\"https:\/\/www.jugendfussball-wendelstein.de\/wordpress\/jfg-franken-jura-jfg-12\/\" \/>\n<meta property=\"og:site_name\" content=\"JFG Wendelstein\" \/>\n<meta property=\"article:published_time\" content=\"2014-10-13T19:31:51+00:00\" \/>\n<meta name=\"author\" content=\"Autor\" \/>\n<meta name=\"twitter:card\" content=\"summary_large_image\" \/>\n<meta name=\"twitter:label1\" content=\"Verfasst von\" \/>\n\t<meta name=\"twitter:data1\" content=\"Autor\" \/>\n\t<meta name=\"twitter:label2\" content=\"Gesch\u00e4tzte Lesezeit\" \/>\n\t<meta name=\"twitter:data2\" content=\"1\u00a0Minute\" \/>\n<script type=\"application\/ld+json\" class=\"yoast-schema-graph\">{\"@context\":\"https:\\\/\\\/schema.org\",\"@graph\":[{\"@type\":\"Article\",\"@id\":\"https:\\\/\\\/www.jugendfussball-wendelstein.de\\\/wordpress\\\/jfg-franken-jura-jfg-12\\\/#article\",\"isPartOf\":{\"@id\":\"https:\\\/\\\/www.jugendfussball-wendelstein.de\\\/wordpress\\\/jfg-franken-jura-jfg-12\\\/\"},\"author\":{\"name\":\"Autor\",\"@id\":\"https:\\\/\\\/www.jugendfussball-wendelstein.de\\\/wordpress\\\/#\\\/schema\\\/person\\\/75aadcbd4be1b3af1c1d785397472bc9\"},\"headline\":\"JFG Franken-Jura \u2013 JFG (1:2)\",\"datePublished\":\"2014-10-13T19:31:51+00:00\",\"mainEntityOfPage\":{\"@id\":\"https:\\\/\\\/www.jugendfussball-wendelstein.de\\\/wordpress\\\/jfg-franken-jura-jfg-12\\\/\"},\"wordCount\":196,\"articleSection\":[\"Gro\u00dffeld\",\"Spielbericht\",\"U15\"],\"inLanguage\":\"de\"},{\"@type\":\"WebPage\",\"@id\":\"https:\\\/\\\/www.jugendfussball-wendelstein.de\\\/wordpress\\\/jfg-franken-jura-jfg-12\\\/\",\"url\":\"https:\\\/\\\/www.jugendfussball-wendelstein.de\\\/wordpress\\\/jfg-franken-jura-jfg-12\\\/\",\"name\":\"JFG Franken-Jura \u2013 JFG (1:2) - JFG Wendelstein\",\"isPartOf\":{\"@id\":\"https:\\\/\\\/www.jugendfussball-wendelstein.de\\\/wordpress\\\/#website\"},\"datePublished\":\"2014-10-13T19:31:51+00:00\",\"author\":{\"@id\":\"https:\\\/\\\/www.jugendfussball-wendelstein.de\\\/wordpress\\\/#\\\/schema\\\/person\\\/75aadcbd4be1b3af1c1d785397472bc9\"},\"breadcrumb\":{\"@id\":\"https:\\\/\\\/www.jugendfussball-wendelstein.de\\\/wordpress\\\/jfg-franken-jura-jfg-12\\\/#breadcrumb\"},\"inLanguage\":\"de\",\"potentialAction\":[{\"@type\":\"ReadAction\",\"target\":[\"https:\\\/\\\/www.jugendfussball-wendelstein.de\\\/wordpress\\\/jfg-franken-jura-jfg-12\\\/\"]}]},{\"@type\":\"BreadcrumbList\",\"@id\":\"https:\\\/\\\/www.jugendfussball-wendelstein.de\\\/wordpress\\\/jfg-franken-jura-jfg-12\\\/#breadcrumb\",\"itemListElement\":[{\"@type\":\"ListItem\",\"position\":1,\"name\":\"Startseite\",\"item\":\"https:\\\/\\\/www.jugendfussball-wendelstein.de\\\/wordpress\\\/\"},{\"@type\":\"ListItem\",\"position\":2,\"name\":\"JFG Franken-Jura \u2013 JFG (1:2)\"}]},{\"@type\":\"WebSite\",\"@id\":\"https:\\\/\\\/www.jugendfussball-wendelstein.de\\\/wordpress\\\/#website\",\"url\":\"https:\\\/\\\/www.jugendfussball-wendelstein.de\\\/wordpress\\\/\",\"name\":\"JFG Wendelstein\",\"description\":\"Juniorenfu\u00dfball\",\"potentialAction\":[{\"@type\":\"SearchAction\",\"target\":{\"@type\":\"EntryPoint\",\"urlTemplate\":\"https:\\\/\\\/www.jugendfussball-wendelstein.de\\\/wordpress\\\/?s={search_term_string}\"},\"query-input\":{\"@type\":\"PropertyValueSpecification\",\"valueRequired\":true,\"valueName\":\"search_term_string\"}}],\"inLanguage\":\"de\"},{\"@type\":\"Person\",\"@id\":\"https:\\\/\\\/www.jugendfussball-wendelstein.de\\\/wordpress\\\/#\\\/schema\\\/person\\\/75aadcbd4be1b3af1c1d785397472bc9\",\"name\":\"Autor\",\"image\":{\"@type\":\"ImageObject\",\"inLanguage\":\"de\",\"@id\":\"https:\\\/\\\/secure.gravatar.com\\\/avatar\\\/01dd9b7f2dc8d635302f1c57c2289838e9fe288acd1c06c8f8ad332b8e2a60c9?s=96&d=mm&r=g\",\"url\":\"https:\\\/\\\/secure.gravatar.com\\\/avatar\\\/01dd9b7f2dc8d635302f1c57c2289838e9fe288acd1c06c8f8ad332b8e2a60c9?s=96&d=mm&r=g\",\"contentUrl\":\"https:\\\/\\\/secure.gravatar.com\\\/avatar\\\/01dd9b7f2dc8d635302f1c57c2289838e9fe288acd1c06c8f8ad332b8e2a60c9?s=96&d=mm&r=g\",\"caption\":\"Autor\"},\"url\":\"https:\\\/\\\/www.jugendfussball-wendelstein.de\\\/wordpress\\\/author\\\/autor\\\/\"}]}<\/script>\n<!-- \/ Yoast SEO plugin. -->","yoast_head_json":{"title":"JFG Franken-Jura \u2013 JFG (1:2) - JFG Wendelstein","robots":{"index":"index","follow":"follow","max-snippet":"max-snippet:-1","max-image-preview":"max-image-preview:large","max-video-preview":"max-video-preview:-1"},"canonical":"https:\/\/www.jugendfussball-wendelstein.de\/wordpress\/jfg-franken-jura-jfg-12\/","og_locale":"de_DE","og_type":"article","og_title":"JFG Franken-Jura \u2013 JFG (1:2) - JFG Wendelstein","og_description":"12.10.14: 5. Punktspiel,JFG Franken-Jura : JFG Wendelstein 1:2 (1:0) Mit wenig spielerischem Glanz gegen aufopferungsvoll verteidigende Jura-Franken verteidigten unsere Jungs die Tabellenf\u00fchrung in der Bezirksoberliga Mittelfranken. Die Geschichte ist schnell erz\u00e4hlt, weil Sie allzuoft im Fussball vorkommt und ein Gesetz ist. Nachdem Wendelstein klarste Torchancen nicht in z\u00e4hlbares umsetzen konnte, legte man wenigstens der Heimmannschaft [&hellip;]","og_url":"https:\/\/www.jugendfussball-wendelstein.de\/wordpress\/jfg-franken-jura-jfg-12\/","og_site_name":"JFG Wendelstein","article_published_time":"2014-10-13T19:31:51+00:00","author":"Autor","twitter_card":"summary_large_image","twitter_misc":{"Verfasst von":"Autor","Gesch\u00e4tzte Lesezeit":"1\u00a0Minute"},"schema":{"@context":"https:\/\/schema.org","@graph":[{"@type":"Article","@id":"https:\/\/www.jugendfussball-wendelstein.de\/wordpress\/jfg-franken-jura-jfg-12\/#article","isPartOf":{"@id":"https:\/\/www.jugendfussball-wendelstein.de\/wordpress\/jfg-franken-jura-jfg-12\/"},"author":{"name":"Autor","@id":"https:\/\/www.jugendfussball-wendelstein.de\/wordpress\/#\/schema\/person\/75aadcbd4be1b3af1c1d785397472bc9"},"headline":"JFG Franken-Jura \u2013 JFG (1:2)","datePublished":"2014-10-13T19:31:51+00:00","mainEntityOfPage":{"@id":"https:\/\/www.jugendfussball-wendelstein.de\/wordpress\/jfg-franken-jura-jfg-12\/"},"wordCount":196,"articleSection":["Gro\u00dffeld","Spielbericht","U15"],"inLanguage":"de"},{"@type":"WebPage","@id":"https:\/\/www.jugendfussball-wendelstein.de\/wordpress\/jfg-franken-jura-jfg-12\/","url":"https:\/\/www.jugendfussball-wendelstein.de\/wordpress\/jfg-franken-jura-jfg-12\/","name":"JFG Franken-Jura \u2013 JFG (1:2) - JFG Wendelstein","isPartOf":{"@id":"https:\/\/www.jugendfussball-wendelstein.de\/wordpress\/#website"},"datePublished":"2014-10-13T19:31:51+00:00","author":{"@id":"https:\/\/www.jugendfussball-wendelstein.de\/wordpress\/#\/schema\/person\/75aadcbd4be1b3af1c1d785397472bc9"},"breadcrumb":{"@id":"https:\/\/www.jugendfussball-wendelstein.de\/wordpress\/jfg-franken-jura-jfg-12\/#breadcrumb"},"inLanguage":"de","potentialAction":[{"@type":"ReadAction","target":["https:\/\/www.jugendfussball-wendelstein.de\/wordpress\/jfg-franken-jura-jfg-12\/"]}]},{"@type":"BreadcrumbList","@id":"https:\/\/www.jugendfussball-wendelstein.de\/wordpress\/jfg-franken-jura-jfg-12\/#breadcrumb","itemListElement":[{"@type":"ListItem","position":1,"name":"Startseite","item":"https:\/\/www.jugendfussball-wendelstein.de\/wordpress\/"},{"@type":"ListItem","position":2,"name":"JFG Franken-Jura \u2013 JFG (1:2)"}]},{"@type":"WebSite","@id":"https:\/\/www.jugendfussball-wendelstein.de\/wordpress\/#website","url":"https:\/\/www.jugendfussball-wendelstein.de\/wordpress\/","name":"JFG Wendelstein","description":"Juniorenfu\u00dfball","potentialAction":[{"@type":"SearchAction","target":{"@type":"EntryPoint","urlTemplate":"https:\/\/www.jugendfussball-wendelstein.de\/wordpress\/?s={search_term_string}"},"query-input":{"@type":"PropertyValueSpecification","valueRequired":true,"valueName":"search_term_string"}}],"inLanguage":"de"},{"@type":"Person","@id":"https:\/\/www.jugendfussball-wendelstein.de\/wordpress\/#\/schema\/person\/75aadcbd4be1b3af1c1d785397472bc9","name":"Autor","image":{"@type":"ImageObject","inLanguage":"de","@id":"https:\/\/secure.gravatar.com\/avatar\/01dd9b7f2dc8d635302f1c57c2289838e9fe288acd1c06c8f8ad332b8e2a60c9?s=96&d=mm&r=g","url":"https:\/\/secure.gravatar.com\/avatar\/01dd9b7f2dc8d635302f1c57c2289838e9fe288acd1c06c8f8ad332b8e2a60c9?s=96&d=mm&r=g","contentUrl":"https:\/\/secure.gravatar.com\/avatar\/01dd9b7f2dc8d635302f1c57c2289838e9fe288acd1c06c8f8ad332b8e2a60c9?s=96&d=mm&r=g","caption":"Autor"},"url":"https:\/\/www.jugendfussball-wendelstein.de\/wordpress\/author\/autor\/"}]}},"_links":{"self":[{"href":"https:\/\/www.jugendfussball-wendelstein.de\/wordpress\/wp-json\/wp\/v2\/posts\/1545","targetHints":{"allow":["GET"]}}],"collection":[{"href":"https:\/\/www.jugendfussball-wendelstein.de\/wordpress\/wp-json\/wp\/v2\/posts"}],"about":[{"href":"https:\/\/www.jugendfussball-wendelstein.de\/wordpress\/wp-json\/wp\/v2\/types\/post"}],"author":[{"embeddable":true,"href":"https:\/\/www.jugendfussball-wendelstein.de\/wordpress\/wp-json\/wp\/v2\/users\/4"}],"replies":[{"embeddable":true,"href":"https:\/\/www.jugendfussball-wendelstein.de\/wordpress\/wp-json\/wp\/v2\/comments?post=1545"}],"version-history":[{"count":0,"href":"https:\/\/www.jugendfussball-wendelstein.de\/wordpress\/wp-json\/wp\/v2\/posts\/1545\/revisions"}],"wp:attachment":[{"href":"https:\/\/www.jugendfussball-wendelstein.de\/wordpress\/wp-json\/wp\/v2\/media?parent=1545"}],"wp:term":[{"taxonomy":"category","embeddable":true,"href":"https:\/\/www.jugendfussball-wendelstein.de\/wordpress\/wp-json\/wp\/v2\/categories?post=1545"},{"taxonomy":"post_tag","embeddable":true,"href":"https:\/\/www.jugendfussball-wendelstein.de\/wordpress\/wp-json\/wp\/v2\/tags?post=1545"}],"curies":[{"name":"wp","href":"https:\/\/api.w.org\/{rel}","templated":true}]}}