{"id":1630,"date":"2014-10-19T22:44:58","date_gmt":"2014-10-19T20:44:58","guid":{"rendered":"http:\/\/www.jugendfussball-wendelstein.de\/wordpress\/?p=1630"},"modified":"2014-10-19T22:44:58","modified_gmt":"2014-10-19T20:44:58","slug":"jfg-fsv-erlangen-bruck-101","status":"publish","type":"post","link":"https:\/\/www.jugendfussball-wendelstein.de\/wordpress\/jfg-fsv-erlangen-bruck-101\/","title":{"rendered":"JFG \u2013 FSV Erlangen Bruck  (10:1)"},"content":{"rendered":"<p><strong>19.10.14: 6. Punktspiel JFG Wendelstein : FSV Erlangen-Bruck II 10:1 (5:0)<\/strong><\/p>\n<p>Der aktuelle Ligaprimus brauchte etwas Anlaufzeit um einen konstruktiven und schnellen Spielaufbau zu zeigen. Die erste Torm\u00f6glichkeit hatten die G\u00e4ste aus Erlangen, nachdem Wendelstein bei einem Ecksto\u00df f\u00fcr den FSV keine klare Zuordnung gelang und ein G\u00e4stest\u00fcrmer v\u00f6llig unbedr\u00e4ngt per Kopfball abschliessen konnte. Eine strittige Situation, da viele Akteure und auch Zuschauer den Ball hinter der Linie sahen ! Mit dieser &#8222;Hallowach&#8220; Aktion stemmte sich die JFG in das Spiel und konnte die insgesamt sehr einseitige Partie fast beliebig gestalten. Sehr sch\u00f6ne Torerfolge in regelm\u00e4\u00dfigen Abst\u00e4nden pr\u00e4sentierte unser Team den zahlreichen Zuschauern. Die jahrgangsj\u00fcngeren G\u00e4ste wehrten sich mit allen zur Verf\u00fcgung stehenden Mitteln, waren aber mit dem Tempo, der Physis und der Spielanlage der Gastgeber letztendlich \u00fcberfordert. Die bereits bekannte und vor dem Spiel kommunizierte Effizienz des FSV Erlangen-Bruck 2 lernten unsere Jungs in den Schlussminuten noch kennen. Mit der zweiten Torchance im gesamten Spiel gelang den Jungs aus der Unversit\u00e4tsstadt unter gro\u00dfz\u00fcgiger Mithilfe der Wendelsteiner Defensive der Ehrentreffer.<\/p>\n<p>Die bevorstehenden Aufgaben werden sicher wesentlich schwerer. Gratulation zu diesem Kantersieg und zur erfolgreichen Verteidigung der Tabellenf\u00fchrung !<\/p>\n","protected":false},"excerpt":{"rendered":"<p>19.10.14: 6. Punktspiel JFG Wendelstein : FSV Erlangen-Bruck II 10:1 (5:0) Der aktuelle Ligaprimus brauchte etwas Anlaufzeit um einen konstruktiven und schnellen Spielaufbau zu zeigen. Die erste Torm\u00f6glichkeit hatten die G\u00e4ste aus Erlangen, nachdem Wendelstein bei einem Ecksto\u00df f\u00fcr den FSV keine klare Zuordnung gelang und ein G\u00e4stest\u00fcrmer v\u00f6llig unbedr\u00e4ngt per Kopfball abschliessen konnte. Eine [&hellip;]<\/p>\n","protected":false},"author":4,"featured_media":0,"comment_status":"closed","ping_status":"closed","sticky":false,"template":"","format":"standard","meta":{"saved_in_kubio":false,"footnotes":""},"categories":[2,16,17],"tags":[],"class_list":["post-1630","post","type-post","status-publish","format-standard","hentry","category-gf","category-spielbericht","category-u15"],"yoast_head":"<!-- This site is optimized with the Yoast SEO plugin v27.4 - https:\/\/yoast.com\/product\/yoast-seo-wordpress\/ -->\n<title>JFG \u2013 FSV Erlangen Bruck (10:1) - JFG Wendelstein<\/title>\n<meta name=\"robots\" content=\"index, follow, max-snippet:-1, max-image-preview:large, max-video-preview:-1\" \/>\n<link rel=\"canonical\" href=\"https:\/\/www.jugendfussball-wendelstein.de\/wordpress\/jfg-fsv-erlangen-bruck-101\/\" \/>\n<meta property=\"og:locale\" content=\"de_DE\" \/>\n<meta property=\"og:type\" content=\"article\" \/>\n<meta property=\"og:title\" content=\"JFG \u2013 FSV Erlangen Bruck (10:1) - JFG Wendelstein\" \/>\n<meta property=\"og:description\" content=\"19.10.14: 6. Punktspiel JFG Wendelstein : FSV Erlangen-Bruck II 10:1 (5:0) Der aktuelle Ligaprimus brauchte etwas Anlaufzeit um einen konstruktiven und schnellen Spielaufbau zu zeigen. Die erste Torm\u00f6glichkeit hatten die G\u00e4ste aus Erlangen, nachdem Wendelstein bei einem Ecksto\u00df f\u00fcr den FSV keine klare Zuordnung gelang und ein G\u00e4stest\u00fcrmer v\u00f6llig unbedr\u00e4ngt per Kopfball abschliessen konnte. Eine [&hellip;]\" \/>\n<meta property=\"og:url\" content=\"https:\/\/www.jugendfussball-wendelstein.de\/wordpress\/jfg-fsv-erlangen-bruck-101\/\" \/>\n<meta property=\"og:site_name\" content=\"JFG Wendelstein\" \/>\n<meta property=\"article:published_time\" content=\"2014-10-19T20:44:58+00:00\" \/>\n<meta name=\"author\" content=\"Autor\" \/>\n<meta name=\"twitter:card\" content=\"summary_large_image\" \/>\n<meta name=\"twitter:label1\" content=\"Verfasst von\" \/>\n\t<meta name=\"twitter:data1\" content=\"Autor\" \/>\n\t<meta name=\"twitter:label2\" content=\"Gesch\u00e4tzte Lesezeit\" \/>\n\t<meta name=\"twitter:data2\" content=\"1\u00a0Minute\" \/>\n<script type=\"application\/ld+json\" class=\"yoast-schema-graph\">{\"@context\":\"https:\\\/\\\/schema.org\",\"@graph\":[{\"@type\":\"Article\",\"@id\":\"https:\\\/\\\/www.jugendfussball-wendelstein.de\\\/wordpress\\\/jfg-fsv-erlangen-bruck-101\\\/#article\",\"isPartOf\":{\"@id\":\"https:\\\/\\\/www.jugendfussball-wendelstein.de\\\/wordpress\\\/jfg-fsv-erlangen-bruck-101\\\/\"},\"author\":{\"name\":\"Autor\",\"@id\":\"https:\\\/\\\/www.jugendfussball-wendelstein.de\\\/wordpress\\\/#\\\/schema\\\/person\\\/75aadcbd4be1b3af1c1d785397472bc9\"},\"headline\":\"JFG \u2013 FSV Erlangen Bruck (10:1)\",\"datePublished\":\"2014-10-19T20:44:58+00:00\",\"mainEntityOfPage\":{\"@id\":\"https:\\\/\\\/www.jugendfussball-wendelstein.de\\\/wordpress\\\/jfg-fsv-erlangen-bruck-101\\\/\"},\"wordCount\":202,\"articleSection\":[\"Gro\u00dffeld\",\"Spielbericht\",\"U15\"],\"inLanguage\":\"de\"},{\"@type\":\"WebPage\",\"@id\":\"https:\\\/\\\/www.jugendfussball-wendelstein.de\\\/wordpress\\\/jfg-fsv-erlangen-bruck-101\\\/\",\"url\":\"https:\\\/\\\/www.jugendfussball-wendelstein.de\\\/wordpress\\\/jfg-fsv-erlangen-bruck-101\\\/\",\"name\":\"JFG \u2013 FSV Erlangen Bruck (10:1) - JFG Wendelstein\",\"isPartOf\":{\"@id\":\"https:\\\/\\\/www.jugendfussball-wendelstein.de\\\/wordpress\\\/#website\"},\"datePublished\":\"2014-10-19T20:44:58+00:00\",\"author\":{\"@id\":\"https:\\\/\\\/www.jugendfussball-wendelstein.de\\\/wordpress\\\/#\\\/schema\\\/person\\\/75aadcbd4be1b3af1c1d785397472bc9\"},\"breadcrumb\":{\"@id\":\"https:\\\/\\\/www.jugendfussball-wendelstein.de\\\/wordpress\\\/jfg-fsv-erlangen-bruck-101\\\/#breadcrumb\"},\"inLanguage\":\"de\",\"potentialAction\":[{\"@type\":\"ReadAction\",\"target\":[\"https:\\\/\\\/www.jugendfussball-wendelstein.de\\\/wordpress\\\/jfg-fsv-erlangen-bruck-101\\\/\"]}]},{\"@type\":\"BreadcrumbList\",\"@id\":\"https:\\\/\\\/www.jugendfussball-wendelstein.de\\\/wordpress\\\/jfg-fsv-erlangen-bruck-101\\\/#breadcrumb\",\"itemListElement\":[{\"@type\":\"ListItem\",\"position\":1,\"name\":\"Startseite\",\"item\":\"https:\\\/\\\/www.jugendfussball-wendelstein.de\\\/wordpress\\\/\"},{\"@type\":\"ListItem\",\"position\":2,\"name\":\"JFG \u2013 FSV Erlangen Bruck (10:1)\"}]},{\"@type\":\"WebSite\",\"@id\":\"https:\\\/\\\/www.jugendfussball-wendelstein.de\\\/wordpress\\\/#website\",\"url\":\"https:\\\/\\\/www.jugendfussball-wendelstein.de\\\/wordpress\\\/\",\"name\":\"JFG Wendelstein\",\"description\":\"Juniorenfu\u00dfball\",\"potentialAction\":[{\"@type\":\"SearchAction\",\"target\":{\"@type\":\"EntryPoint\",\"urlTemplate\":\"https:\\\/\\\/www.jugendfussball-wendelstein.de\\\/wordpress\\\/?s={search_term_string}\"},\"query-input\":{\"@type\":\"PropertyValueSpecification\",\"valueRequired\":true,\"valueName\":\"search_term_string\"}}],\"inLanguage\":\"de\"},{\"@type\":\"Person\",\"@id\":\"https:\\\/\\\/www.jugendfussball-wendelstein.de\\\/wordpress\\\/#\\\/schema\\\/person\\\/75aadcbd4be1b3af1c1d785397472bc9\",\"name\":\"Autor\",\"image\":{\"@type\":\"ImageObject\",\"inLanguage\":\"de\",\"@id\":\"https:\\\/\\\/secure.gravatar.com\\\/avatar\\\/01dd9b7f2dc8d635302f1c57c2289838e9fe288acd1c06c8f8ad332b8e2a60c9?s=96&d=mm&r=g\",\"url\":\"https:\\\/\\\/secure.gravatar.com\\\/avatar\\\/01dd9b7f2dc8d635302f1c57c2289838e9fe288acd1c06c8f8ad332b8e2a60c9?s=96&d=mm&r=g\",\"contentUrl\":\"https:\\\/\\\/secure.gravatar.com\\\/avatar\\\/01dd9b7f2dc8d635302f1c57c2289838e9fe288acd1c06c8f8ad332b8e2a60c9?s=96&d=mm&r=g\",\"caption\":\"Autor\"},\"url\":\"https:\\\/\\\/www.jugendfussball-wendelstein.de\\\/wordpress\\\/author\\\/autor\\\/\"}]}<\/script>\n<!-- \/ Yoast SEO plugin. -->","yoast_head_json":{"title":"JFG \u2013 FSV Erlangen Bruck (10:1) - JFG Wendelstein","robots":{"index":"index","follow":"follow","max-snippet":"max-snippet:-1","max-image-preview":"max-image-preview:large","max-video-preview":"max-video-preview:-1"},"canonical":"https:\/\/www.jugendfussball-wendelstein.de\/wordpress\/jfg-fsv-erlangen-bruck-101\/","og_locale":"de_DE","og_type":"article","og_title":"JFG \u2013 FSV Erlangen Bruck (10:1) - JFG Wendelstein","og_description":"19.10.14: 6. Punktspiel JFG Wendelstein : FSV Erlangen-Bruck II 10:1 (5:0) Der aktuelle Ligaprimus brauchte etwas Anlaufzeit um einen konstruktiven und schnellen Spielaufbau zu zeigen. Die erste Torm\u00f6glichkeit hatten die G\u00e4ste aus Erlangen, nachdem Wendelstein bei einem Ecksto\u00df f\u00fcr den FSV keine klare Zuordnung gelang und ein G\u00e4stest\u00fcrmer v\u00f6llig unbedr\u00e4ngt per Kopfball abschliessen konnte. Eine [&hellip;]","og_url":"https:\/\/www.jugendfussball-wendelstein.de\/wordpress\/jfg-fsv-erlangen-bruck-101\/","og_site_name":"JFG Wendelstein","article_published_time":"2014-10-19T20:44:58+00:00","author":"Autor","twitter_card":"summary_large_image","twitter_misc":{"Verfasst von":"Autor","Gesch\u00e4tzte Lesezeit":"1\u00a0Minute"},"schema":{"@context":"https:\/\/schema.org","@graph":[{"@type":"Article","@id":"https:\/\/www.jugendfussball-wendelstein.de\/wordpress\/jfg-fsv-erlangen-bruck-101\/#article","isPartOf":{"@id":"https:\/\/www.jugendfussball-wendelstein.de\/wordpress\/jfg-fsv-erlangen-bruck-101\/"},"author":{"name":"Autor","@id":"https:\/\/www.jugendfussball-wendelstein.de\/wordpress\/#\/schema\/person\/75aadcbd4be1b3af1c1d785397472bc9"},"headline":"JFG \u2013 FSV Erlangen Bruck (10:1)","datePublished":"2014-10-19T20:44:58+00:00","mainEntityOfPage":{"@id":"https:\/\/www.jugendfussball-wendelstein.de\/wordpress\/jfg-fsv-erlangen-bruck-101\/"},"wordCount":202,"articleSection":["Gro\u00dffeld","Spielbericht","U15"],"inLanguage":"de"},{"@type":"WebPage","@id":"https:\/\/www.jugendfussball-wendelstein.de\/wordpress\/jfg-fsv-erlangen-bruck-101\/","url":"https:\/\/www.jugendfussball-wendelstein.de\/wordpress\/jfg-fsv-erlangen-bruck-101\/","name":"JFG \u2013 FSV Erlangen Bruck (10:1) - JFG Wendelstein","isPartOf":{"@id":"https:\/\/www.jugendfussball-wendelstein.de\/wordpress\/#website"},"datePublished":"2014-10-19T20:44:58+00:00","author":{"@id":"https:\/\/www.jugendfussball-wendelstein.de\/wordpress\/#\/schema\/person\/75aadcbd4be1b3af1c1d785397472bc9"},"breadcrumb":{"@id":"https:\/\/www.jugendfussball-wendelstein.de\/wordpress\/jfg-fsv-erlangen-bruck-101\/#breadcrumb"},"inLanguage":"de","potentialAction":[{"@type":"ReadAction","target":["https:\/\/www.jugendfussball-wendelstein.de\/wordpress\/jfg-fsv-erlangen-bruck-101\/"]}]},{"@type":"BreadcrumbList","@id":"https:\/\/www.jugendfussball-wendelstein.de\/wordpress\/jfg-fsv-erlangen-bruck-101\/#breadcrumb","itemListElement":[{"@type":"ListItem","position":1,"name":"Startseite","item":"https:\/\/www.jugendfussball-wendelstein.de\/wordpress\/"},{"@type":"ListItem","position":2,"name":"JFG \u2013 FSV Erlangen Bruck (10:1)"}]},{"@type":"WebSite","@id":"https:\/\/www.jugendfussball-wendelstein.de\/wordpress\/#website","url":"https:\/\/www.jugendfussball-wendelstein.de\/wordpress\/","name":"JFG Wendelstein","description":"Juniorenfu\u00dfball","potentialAction":[{"@type":"SearchAction","target":{"@type":"EntryPoint","urlTemplate":"https:\/\/www.jugendfussball-wendelstein.de\/wordpress\/?s={search_term_string}"},"query-input":{"@type":"PropertyValueSpecification","valueRequired":true,"valueName":"search_term_string"}}],"inLanguage":"de"},{"@type":"Person","@id":"https:\/\/www.jugendfussball-wendelstein.de\/wordpress\/#\/schema\/person\/75aadcbd4be1b3af1c1d785397472bc9","name":"Autor","image":{"@type":"ImageObject","inLanguage":"de","@id":"https:\/\/secure.gravatar.com\/avatar\/01dd9b7f2dc8d635302f1c57c2289838e9fe288acd1c06c8f8ad332b8e2a60c9?s=96&d=mm&r=g","url":"https:\/\/secure.gravatar.com\/avatar\/01dd9b7f2dc8d635302f1c57c2289838e9fe288acd1c06c8f8ad332b8e2a60c9?s=96&d=mm&r=g","contentUrl":"https:\/\/secure.gravatar.com\/avatar\/01dd9b7f2dc8d635302f1c57c2289838e9fe288acd1c06c8f8ad332b8e2a60c9?s=96&d=mm&r=g","caption":"Autor"},"url":"https:\/\/www.jugendfussball-wendelstein.de\/wordpress\/author\/autor\/"}]}},"_links":{"self":[{"href":"https:\/\/www.jugendfussball-wendelstein.de\/wordpress\/wp-json\/wp\/v2\/posts\/1630","targetHints":{"allow":["GET"]}}],"collection":[{"href":"https:\/\/www.jugendfussball-wendelstein.de\/wordpress\/wp-json\/wp\/v2\/posts"}],"about":[{"href":"https:\/\/www.jugendfussball-wendelstein.de\/wordpress\/wp-json\/wp\/v2\/types\/post"}],"author":[{"embeddable":true,"href":"https:\/\/www.jugendfussball-wendelstein.de\/wordpress\/wp-json\/wp\/v2\/users\/4"}],"replies":[{"embeddable":true,"href":"https:\/\/www.jugendfussball-wendelstein.de\/wordpress\/wp-json\/wp\/v2\/comments?post=1630"}],"version-history":[{"count":0,"href":"https:\/\/www.jugendfussball-wendelstein.de\/wordpress\/wp-json\/wp\/v2\/posts\/1630\/revisions"}],"wp:attachment":[{"href":"https:\/\/www.jugendfussball-wendelstein.de\/wordpress\/wp-json\/wp\/v2\/media?parent=1630"}],"wp:term":[{"taxonomy":"category","embeddable":true,"href":"https:\/\/www.jugendfussball-wendelstein.de\/wordpress\/wp-json\/wp\/v2\/categories?post=1630"},{"taxonomy":"post_tag","embeddable":true,"href":"https:\/\/www.jugendfussball-wendelstein.de\/wordpress\/wp-json\/wp\/v2\/tags?post=1630"}],"curies":[{"name":"wp","href":"https:\/\/api.w.org\/{rel}","templated":true}]}}