{"id":1675,"date":"2014-10-26T22:26:52","date_gmt":"2014-10-26T20:26:52","guid":{"rendered":"http:\/\/www.jugendfussball-wendelstein.de\/wordpress\/?p=1675"},"modified":"2014-10-26T22:26:52","modified_gmt":"2014-10-26T20:26:52","slug":"sg-quelle-fuerth-ii-jfg-06","status":"publish","type":"post","link":"https:\/\/www.jugendfussball-wendelstein.de\/wordpress\/sg-quelle-fuerth-ii-jfg-06\/","title":{"rendered":"SG Quelle F\u00fcrth II &#8211; JFG (0:6)"},"content":{"rendered":"<p>25.10.2014 : Motiviert und lautstark vom Trainer angetrieben versuchte der Gastgeber SG Quelle dem aktuellen Ligaprimus mit hoher Laufbereitschaft und aggressivem Zweikampfverhalten Paroli zu bieten. Die JFG Wendelstein gl\u00e4nzte mit einer routinierten, abgekl\u00e4rten Leistung. Mit viel Ballbesitz ausgestattet lie\u00df Wendelstein phasenweise den Ball geschmeidig durch die eigenen Reihen laufen und erzielte nach jeweils sch\u00f6ner Vorarbeit regelm\u00e4\u00dfig herrliche Treffer. Auf dem kleinen C-Platz hatten unsere Jungs auf schmierigem Untergrund teilweise &#8222;Traktionsprobleme&#8220; und rutschten in aussichtsreichen Situationen oft aus. Eine effektivere Chancenverwertung w\u00e4re dann doch des Guten zuviel gewesen &#8211; auch die F\u00fcrther hatten zwei gro\u00dfe M\u00f6glichkeiten. Herzlichen Gl\u00fcckwunsch &#8211; n\u00e4chste Woche geht&#8217;s weiter (y) !<\/p>\n","protected":false},"excerpt":{"rendered":"<p>25.10.2014 : Motiviert und lautstark vom Trainer angetrieben versuchte der Gastgeber SG Quelle dem aktuellen Ligaprimus mit hoher Laufbereitschaft und aggressivem Zweikampfverhalten Paroli zu bieten. Die JFG Wendelstein gl\u00e4nzte mit einer routinierten, abgekl\u00e4rten Leistung. Mit viel Ballbesitz ausgestattet lie\u00df Wendelstein phasenweise den Ball geschmeidig durch die eigenen Reihen laufen und erzielte nach jeweils sch\u00f6ner Vorarbeit [&hellip;]<\/p>\n","protected":false},"author":4,"featured_media":0,"comment_status":"closed","ping_status":"closed","sticky":false,"template":"","format":"standard","meta":{"saved_in_kubio":false,"footnotes":""},"categories":[2,16,17],"tags":[],"class_list":["post-1675","post","type-post","status-publish","format-standard","hentry","category-gf","category-spielbericht","category-u15"],"yoast_head":"<!-- This site is optimized with the Yoast SEO plugin v27.4 - https:\/\/yoast.com\/product\/yoast-seo-wordpress\/ -->\n<title>SG Quelle F\u00fcrth II - JFG (0:6) - JFG Wendelstein<\/title>\n<meta name=\"robots\" content=\"index, follow, max-snippet:-1, max-image-preview:large, max-video-preview:-1\" \/>\n<link rel=\"canonical\" href=\"https:\/\/www.jugendfussball-wendelstein.de\/wordpress\/sg-quelle-fuerth-ii-jfg-06\/\" \/>\n<meta property=\"og:locale\" content=\"de_DE\" \/>\n<meta property=\"og:type\" content=\"article\" \/>\n<meta property=\"og:title\" content=\"SG Quelle F\u00fcrth II - JFG (0:6) - JFG Wendelstein\" \/>\n<meta property=\"og:description\" content=\"25.10.2014 : Motiviert und lautstark vom Trainer angetrieben versuchte der Gastgeber SG Quelle dem aktuellen Ligaprimus mit hoher Laufbereitschaft und aggressivem Zweikampfverhalten Paroli zu bieten. Die JFG Wendelstein gl\u00e4nzte mit einer routinierten, abgekl\u00e4rten Leistung. Mit viel Ballbesitz ausgestattet lie\u00df Wendelstein phasenweise den Ball geschmeidig durch die eigenen Reihen laufen und erzielte nach jeweils sch\u00f6ner Vorarbeit [&hellip;]\" \/>\n<meta property=\"og:url\" content=\"https:\/\/www.jugendfussball-wendelstein.de\/wordpress\/sg-quelle-fuerth-ii-jfg-06\/\" \/>\n<meta property=\"og:site_name\" content=\"JFG Wendelstein\" \/>\n<meta property=\"article:published_time\" content=\"2014-10-26T20:26:52+00:00\" \/>\n<meta name=\"author\" content=\"Autor\" \/>\n<meta name=\"twitter:card\" content=\"summary_large_image\" \/>\n<meta name=\"twitter:label1\" content=\"Verfasst von\" \/>\n\t<meta name=\"twitter:data1\" content=\"Autor\" \/>\n\t<meta name=\"twitter:label2\" content=\"Gesch\u00e4tzte Lesezeit\" \/>\n\t<meta name=\"twitter:data2\" content=\"1\u00a0Minute\" \/>\n<script type=\"application\/ld+json\" class=\"yoast-schema-graph\">{\"@context\":\"https:\\\/\\\/schema.org\",\"@graph\":[{\"@type\":\"Article\",\"@id\":\"https:\\\/\\\/www.jugendfussball-wendelstein.de\\\/wordpress\\\/sg-quelle-fuerth-ii-jfg-06\\\/#article\",\"isPartOf\":{\"@id\":\"https:\\\/\\\/www.jugendfussball-wendelstein.de\\\/wordpress\\\/sg-quelle-fuerth-ii-jfg-06\\\/\"},\"author\":{\"name\":\"Autor\",\"@id\":\"https:\\\/\\\/www.jugendfussball-wendelstein.de\\\/wordpress\\\/#\\\/schema\\\/person\\\/75aadcbd4be1b3af1c1d785397472bc9\"},\"headline\":\"SG Quelle F\u00fcrth II &#8211; JFG (0:6)\",\"datePublished\":\"2014-10-26T20:26:52+00:00\",\"mainEntityOfPage\":{\"@id\":\"https:\\\/\\\/www.jugendfussball-wendelstein.de\\\/wordpress\\\/sg-quelle-fuerth-ii-jfg-06\\\/\"},\"wordCount\":119,\"articleSection\":[\"Gro\u00dffeld\",\"Spielbericht\",\"U15\"],\"inLanguage\":\"de\"},{\"@type\":\"WebPage\",\"@id\":\"https:\\\/\\\/www.jugendfussball-wendelstein.de\\\/wordpress\\\/sg-quelle-fuerth-ii-jfg-06\\\/\",\"url\":\"https:\\\/\\\/www.jugendfussball-wendelstein.de\\\/wordpress\\\/sg-quelle-fuerth-ii-jfg-06\\\/\",\"name\":\"SG Quelle F\u00fcrth II - JFG (0:6) - JFG Wendelstein\",\"isPartOf\":{\"@id\":\"https:\\\/\\\/www.jugendfussball-wendelstein.de\\\/wordpress\\\/#website\"},\"datePublished\":\"2014-10-26T20:26:52+00:00\",\"author\":{\"@id\":\"https:\\\/\\\/www.jugendfussball-wendelstein.de\\\/wordpress\\\/#\\\/schema\\\/person\\\/75aadcbd4be1b3af1c1d785397472bc9\"},\"breadcrumb\":{\"@id\":\"https:\\\/\\\/www.jugendfussball-wendelstein.de\\\/wordpress\\\/sg-quelle-fuerth-ii-jfg-06\\\/#breadcrumb\"},\"inLanguage\":\"de\",\"potentialAction\":[{\"@type\":\"ReadAction\",\"target\":[\"https:\\\/\\\/www.jugendfussball-wendelstein.de\\\/wordpress\\\/sg-quelle-fuerth-ii-jfg-06\\\/\"]}]},{\"@type\":\"BreadcrumbList\",\"@id\":\"https:\\\/\\\/www.jugendfussball-wendelstein.de\\\/wordpress\\\/sg-quelle-fuerth-ii-jfg-06\\\/#breadcrumb\",\"itemListElement\":[{\"@type\":\"ListItem\",\"position\":1,\"name\":\"Startseite\",\"item\":\"https:\\\/\\\/www.jugendfussball-wendelstein.de\\\/wordpress\\\/\"},{\"@type\":\"ListItem\",\"position\":2,\"name\":\"SG Quelle F\u00fcrth II &#8211; JFG (0:6)\"}]},{\"@type\":\"WebSite\",\"@id\":\"https:\\\/\\\/www.jugendfussball-wendelstein.de\\\/wordpress\\\/#website\",\"url\":\"https:\\\/\\\/www.jugendfussball-wendelstein.de\\\/wordpress\\\/\",\"name\":\"JFG Wendelstein\",\"description\":\"Juniorenfu\u00dfball\",\"potentialAction\":[{\"@type\":\"SearchAction\",\"target\":{\"@type\":\"EntryPoint\",\"urlTemplate\":\"https:\\\/\\\/www.jugendfussball-wendelstein.de\\\/wordpress\\\/?s={search_term_string}\"},\"query-input\":{\"@type\":\"PropertyValueSpecification\",\"valueRequired\":true,\"valueName\":\"search_term_string\"}}],\"inLanguage\":\"de\"},{\"@type\":\"Person\",\"@id\":\"https:\\\/\\\/www.jugendfussball-wendelstein.de\\\/wordpress\\\/#\\\/schema\\\/person\\\/75aadcbd4be1b3af1c1d785397472bc9\",\"name\":\"Autor\",\"image\":{\"@type\":\"ImageObject\",\"inLanguage\":\"de\",\"@id\":\"https:\\\/\\\/secure.gravatar.com\\\/avatar\\\/01dd9b7f2dc8d635302f1c57c2289838e9fe288acd1c06c8f8ad332b8e2a60c9?s=96&d=mm&r=g\",\"url\":\"https:\\\/\\\/secure.gravatar.com\\\/avatar\\\/01dd9b7f2dc8d635302f1c57c2289838e9fe288acd1c06c8f8ad332b8e2a60c9?s=96&d=mm&r=g\",\"contentUrl\":\"https:\\\/\\\/secure.gravatar.com\\\/avatar\\\/01dd9b7f2dc8d635302f1c57c2289838e9fe288acd1c06c8f8ad332b8e2a60c9?s=96&d=mm&r=g\",\"caption\":\"Autor\"},\"url\":\"https:\\\/\\\/www.jugendfussball-wendelstein.de\\\/wordpress\\\/author\\\/autor\\\/\"}]}<\/script>\n<!-- \/ Yoast SEO plugin. -->","yoast_head_json":{"title":"SG Quelle F\u00fcrth II - JFG (0:6) - JFG Wendelstein","robots":{"index":"index","follow":"follow","max-snippet":"max-snippet:-1","max-image-preview":"max-image-preview:large","max-video-preview":"max-video-preview:-1"},"canonical":"https:\/\/www.jugendfussball-wendelstein.de\/wordpress\/sg-quelle-fuerth-ii-jfg-06\/","og_locale":"de_DE","og_type":"article","og_title":"SG Quelle F\u00fcrth II - JFG (0:6) - JFG Wendelstein","og_description":"25.10.2014 : Motiviert und lautstark vom Trainer angetrieben versuchte der Gastgeber SG Quelle dem aktuellen Ligaprimus mit hoher Laufbereitschaft und aggressivem Zweikampfverhalten Paroli zu bieten. Die JFG Wendelstein gl\u00e4nzte mit einer routinierten, abgekl\u00e4rten Leistung. Mit viel Ballbesitz ausgestattet lie\u00df Wendelstein phasenweise den Ball geschmeidig durch die eigenen Reihen laufen und erzielte nach jeweils sch\u00f6ner Vorarbeit [&hellip;]","og_url":"https:\/\/www.jugendfussball-wendelstein.de\/wordpress\/sg-quelle-fuerth-ii-jfg-06\/","og_site_name":"JFG Wendelstein","article_published_time":"2014-10-26T20:26:52+00:00","author":"Autor","twitter_card":"summary_large_image","twitter_misc":{"Verfasst von":"Autor","Gesch\u00e4tzte Lesezeit":"1\u00a0Minute"},"schema":{"@context":"https:\/\/schema.org","@graph":[{"@type":"Article","@id":"https:\/\/www.jugendfussball-wendelstein.de\/wordpress\/sg-quelle-fuerth-ii-jfg-06\/#article","isPartOf":{"@id":"https:\/\/www.jugendfussball-wendelstein.de\/wordpress\/sg-quelle-fuerth-ii-jfg-06\/"},"author":{"name":"Autor","@id":"https:\/\/www.jugendfussball-wendelstein.de\/wordpress\/#\/schema\/person\/75aadcbd4be1b3af1c1d785397472bc9"},"headline":"SG Quelle F\u00fcrth II &#8211; JFG (0:6)","datePublished":"2014-10-26T20:26:52+00:00","mainEntityOfPage":{"@id":"https:\/\/www.jugendfussball-wendelstein.de\/wordpress\/sg-quelle-fuerth-ii-jfg-06\/"},"wordCount":119,"articleSection":["Gro\u00dffeld","Spielbericht","U15"],"inLanguage":"de"},{"@type":"WebPage","@id":"https:\/\/www.jugendfussball-wendelstein.de\/wordpress\/sg-quelle-fuerth-ii-jfg-06\/","url":"https:\/\/www.jugendfussball-wendelstein.de\/wordpress\/sg-quelle-fuerth-ii-jfg-06\/","name":"SG Quelle F\u00fcrth II - JFG (0:6) - JFG Wendelstein","isPartOf":{"@id":"https:\/\/www.jugendfussball-wendelstein.de\/wordpress\/#website"},"datePublished":"2014-10-26T20:26:52+00:00","author":{"@id":"https:\/\/www.jugendfussball-wendelstein.de\/wordpress\/#\/schema\/person\/75aadcbd4be1b3af1c1d785397472bc9"},"breadcrumb":{"@id":"https:\/\/www.jugendfussball-wendelstein.de\/wordpress\/sg-quelle-fuerth-ii-jfg-06\/#breadcrumb"},"inLanguage":"de","potentialAction":[{"@type":"ReadAction","target":["https:\/\/www.jugendfussball-wendelstein.de\/wordpress\/sg-quelle-fuerth-ii-jfg-06\/"]}]},{"@type":"BreadcrumbList","@id":"https:\/\/www.jugendfussball-wendelstein.de\/wordpress\/sg-quelle-fuerth-ii-jfg-06\/#breadcrumb","itemListElement":[{"@type":"ListItem","position":1,"name":"Startseite","item":"https:\/\/www.jugendfussball-wendelstein.de\/wordpress\/"},{"@type":"ListItem","position":2,"name":"SG Quelle F\u00fcrth II &#8211; JFG (0:6)"}]},{"@type":"WebSite","@id":"https:\/\/www.jugendfussball-wendelstein.de\/wordpress\/#website","url":"https:\/\/www.jugendfussball-wendelstein.de\/wordpress\/","name":"JFG Wendelstein","description":"Juniorenfu\u00dfball","potentialAction":[{"@type":"SearchAction","target":{"@type":"EntryPoint","urlTemplate":"https:\/\/www.jugendfussball-wendelstein.de\/wordpress\/?s={search_term_string}"},"query-input":{"@type":"PropertyValueSpecification","valueRequired":true,"valueName":"search_term_string"}}],"inLanguage":"de"},{"@type":"Person","@id":"https:\/\/www.jugendfussball-wendelstein.de\/wordpress\/#\/schema\/person\/75aadcbd4be1b3af1c1d785397472bc9","name":"Autor","image":{"@type":"ImageObject","inLanguage":"de","@id":"https:\/\/secure.gravatar.com\/avatar\/01dd9b7f2dc8d635302f1c57c2289838e9fe288acd1c06c8f8ad332b8e2a60c9?s=96&d=mm&r=g","url":"https:\/\/secure.gravatar.com\/avatar\/01dd9b7f2dc8d635302f1c57c2289838e9fe288acd1c06c8f8ad332b8e2a60c9?s=96&d=mm&r=g","contentUrl":"https:\/\/secure.gravatar.com\/avatar\/01dd9b7f2dc8d635302f1c57c2289838e9fe288acd1c06c8f8ad332b8e2a60c9?s=96&d=mm&r=g","caption":"Autor"},"url":"https:\/\/www.jugendfussball-wendelstein.de\/wordpress\/author\/autor\/"}]}},"_links":{"self":[{"href":"https:\/\/www.jugendfussball-wendelstein.de\/wordpress\/wp-json\/wp\/v2\/posts\/1675","targetHints":{"allow":["GET"]}}],"collection":[{"href":"https:\/\/www.jugendfussball-wendelstein.de\/wordpress\/wp-json\/wp\/v2\/posts"}],"about":[{"href":"https:\/\/www.jugendfussball-wendelstein.de\/wordpress\/wp-json\/wp\/v2\/types\/post"}],"author":[{"embeddable":true,"href":"https:\/\/www.jugendfussball-wendelstein.de\/wordpress\/wp-json\/wp\/v2\/users\/4"}],"replies":[{"embeddable":true,"href":"https:\/\/www.jugendfussball-wendelstein.de\/wordpress\/wp-json\/wp\/v2\/comments?post=1675"}],"version-history":[{"count":0,"href":"https:\/\/www.jugendfussball-wendelstein.de\/wordpress\/wp-json\/wp\/v2\/posts\/1675\/revisions"}],"wp:attachment":[{"href":"https:\/\/www.jugendfussball-wendelstein.de\/wordpress\/wp-json\/wp\/v2\/media?parent=1675"}],"wp:term":[{"taxonomy":"category","embeddable":true,"href":"https:\/\/www.jugendfussball-wendelstein.de\/wordpress\/wp-json\/wp\/v2\/categories?post=1675"},{"taxonomy":"post_tag","embeddable":true,"href":"https:\/\/www.jugendfussball-wendelstein.de\/wordpress\/wp-json\/wp\/v2\/tags?post=1675"}],"curies":[{"name":"wp","href":"https:\/\/api.w.org\/{rel}","templated":true}]}}