{"id":1677,"date":"2014-10-28T14:18:02","date_gmt":"2014-10-28T12:18:02","guid":{"rendered":"http:\/\/www.jugendfussball-wendelstein.de\/wordpress\/?p=1677"},"modified":"2014-10-28T14:18:02","modified_gmt":"2014-10-28T12:18:02","slug":"jfg-sg-83-nbg-fuerth-13","status":"publish","type":"post","link":"https:\/\/www.jugendfussball-wendelstein.de\/wordpress\/jfg-sg-83-nbg-fuerth-13\/","title":{"rendered":"JFG &#8211; SG 83 Nbg.\/F\u00fcrth (1:3)"},"content":{"rendered":"<p>24.10.2014 : Mit dem Anpfiff des Schiedsrichters startete\u00a0ein \u00fcberdurchschnittlich gutes Fu\u00dfballspiel. Rassige Zweik\u00e4mpfe, Technik, Spielkultur und enormes Tempo waren die Attribute dieser Partie.<\/p>\n<p>Unsere Buben h\u00e4tten wie schon so oft in dieser Saison nach einer gespielten Minute durch Jonas Hammel in F\u00fchrung gehen m\u00fcssen, doch Jonas konnte die scharfe Hereingabe\u00a0von Kevin Kurtz nicht zu einem Torerfolg verwerten.\u00a0Im weiteren Verlauf dieser Partie\u00a0spielten beide Mannschaften\u00a0tollen Angriffsfu\u00dfball mit richtig gut vorgetragenen Angriffsz\u00fcgen.\u00a0Gute Einschu\u00dfm\u00f6glichkeiten waren\u00a0zu Hauf vorhanden, doch auch beide Abwehrreihen waren hoch konzentriert und brachten immer noch irgendwie ein K\u00f6rperteil zwischen Tor und Angreiffer, was nicht zu verteidigen\u00a0war, fischten die beiden tollen Torh\u00fctter von der Linie.<\/p>\n<p>In der 35. Minute war es dann doch soweit,\u00a0leider passierte unseren Buben beim Herauslaufen nach einem Eckball ein kravierender Stellungsfehler. Der Angreifer der 83er hatte im Anschlu\u00df keine gro\u00dfe M\u00fche alleine vor Jan Latzko zum 0:1\u00a0zu vollenden. Doch die Antwort\u00a0unserer Jung\u00b4s lie\u00df nicht lange auf sich warten. Kevin Kurtz\u00a0erzielte nach einer 4 gegen 2 \u00dcberzahlsituation\u00a0mit einem trockenen Schu\u00df aus 20 metern den verdienten Ausgleich (42.min).<\/p>\n<p>Mit diesem Ergebnis ging es dann auch in die Halbzeit.<\/p>\n<p>Nach dem\u00a0Wiederanpfiff\u00a0gleich der n\u00e4chste Aufreger auf unserer Seite, 20 Sekunden waren gespielt und Dominik Tekeser\u00a0vergab eine\u00a0Hereingabe von Kevin Kurtz aus einem Meter\u00a0Torentfernung. Diese Aktion war der Weckruf zur n\u00e4chsten atemberaubenden Halbzeit. Beide Mannschaften spielten weiter\u00a0voll auf Sieg und wollten unbedingt die drei Punkte auf ihre\u00a0Habenseite bringen.<\/p>\n<p>Gute M\u00f6glichkeiten auf beiden Seiten vereitelten\u00a0die Abwehrreihen oder die Torh\u00fcter\u00a0immer wieder in letzter Sekunde.<\/p>\n<p>In der 78.Minute dann der Nackenschlag f\u00fcr unsere Buben, als der starke Torwart Jan Latzko einen hohen Ball in den Strafraum aus den Armen gleiten lie\u00df und\u00a0der Ball zum vorentscheidenden 1:2 \u00fcber die Linie kullerte.\u00a0Leider erholten sich unsere Buben daraufhin nicht mehr von diesem Schock und das 1:3 zwei Minuten vor dem Ende war dann nur die logische Konsequenz. Die Art und Weise wie diese Tor dem Gegner nochmals geschenkt wurde war frustrierend. Ein viel zu leicht gespielter Querpass von Felix Schmeissner\u00a0im Spielaufbau erm\u00f6glichte den N\u00fcrnbergern eine 2 auf 1 Situation gegen unseren Goalie und die\u00a0beiden 83er hatten keine gro\u00dfe M\u00fche den Ball in unserem Tor unterzubringen.<\/p>\n<p>&nbsp;<\/p>\n<p>Fazit:\u00a0Bei uns liegt es nicht an der Qualit\u00e4t der Spieler\u00a0nur am mangelden Selbstvertrauen vor dem Tor. Was meine Jung\u00b4s in den ersten Minuten eines Spieles verballern ist der Wahnsinn (erste Minute in Neustadt\u00a0zwei Spieler behindern sich aus 4 Metern zum Tor v\u00f6llig freistehend gegenseitig, erste Minute Buckenhofen Kopfball an das Lattenkreuz, erste Minute 83 Nbg aus zwei Metern wird der TW angescho\u00dfen). Langsam ist es echt frustrierend f\u00fcr das Trainergespann Peuntinger\/M\u00fcller.\u00a0Beim Torschu\u00dftraining werden 50-60% der\u00a0Chancen eiskalt verwertet aber sobald der Schiri ein Spiel anpfeifft ist der Kopf bei unseren Jung\u00b4s blockiert. Ich hoffe das die Buben\u00a0diese Blockade schnellst m\u00f6glich in den Griff bekommen, denn sonst spielt eine tolle Mannschaft nur darum den Abstieg zu vermeiden.<\/p>\n<p>&nbsp;<\/p>\n<p>Bericht: A.M<\/p>\n","protected":false},"excerpt":{"rendered":"<p>24.10.2014 : Mit dem Anpfiff des Schiedsrichters startete\u00a0ein \u00fcberdurchschnittlich gutes Fu\u00dfballspiel. Rassige Zweik\u00e4mpfe, Technik, Spielkultur und enormes Tempo waren die Attribute dieser Partie. Unsere Buben h\u00e4tten wie schon so oft in dieser Saison nach einer gespielten Minute durch Jonas Hammel in F\u00fchrung gehen m\u00fcssen, doch Jonas konnte die scharfe Hereingabe\u00a0von Kevin Kurtz nicht zu einem [&hellip;]<\/p>\n","protected":false},"author":4,"featured_media":0,"comment_status":"closed","ping_status":"closed","sticky":false,"template":"","format":"standard","meta":{"saved_in_kubio":false,"footnotes":""},"categories":[2,16,22],"tags":[],"class_list":["post-1677","post","type-post","status-publish","format-standard","hentry","category-gf","category-spielbericht","category-u19"],"yoast_head":"<!-- This site is optimized with the Yoast SEO plugin v27.4 - https:\/\/yoast.com\/product\/yoast-seo-wordpress\/ -->\n<title>JFG - SG 83 Nbg.\/F\u00fcrth (1:3) - JFG Wendelstein<\/title>\n<meta name=\"robots\" content=\"index, follow, max-snippet:-1, max-image-preview:large, max-video-preview:-1\" \/>\n<link rel=\"canonical\" href=\"https:\/\/www.jugendfussball-wendelstein.de\/wordpress\/jfg-sg-83-nbg-fuerth-13\/\" \/>\n<meta property=\"og:locale\" content=\"de_DE\" \/>\n<meta property=\"og:type\" content=\"article\" \/>\n<meta property=\"og:title\" content=\"JFG - SG 83 Nbg.\/F\u00fcrth (1:3) - JFG Wendelstein\" \/>\n<meta property=\"og:description\" content=\"24.10.2014 : Mit dem Anpfiff des Schiedsrichters startete\u00a0ein \u00fcberdurchschnittlich gutes Fu\u00dfballspiel. Rassige Zweik\u00e4mpfe, Technik, Spielkultur und enormes Tempo waren die Attribute dieser Partie. Unsere Buben h\u00e4tten wie schon so oft in dieser Saison nach einer gespielten Minute durch Jonas Hammel in F\u00fchrung gehen m\u00fcssen, doch Jonas konnte die scharfe Hereingabe\u00a0von Kevin Kurtz nicht zu einem [&hellip;]\" \/>\n<meta property=\"og:url\" content=\"https:\/\/www.jugendfussball-wendelstein.de\/wordpress\/jfg-sg-83-nbg-fuerth-13\/\" \/>\n<meta property=\"og:site_name\" content=\"JFG Wendelstein\" \/>\n<meta property=\"article:published_time\" content=\"2014-10-28T12:18:02+00:00\" \/>\n<meta name=\"author\" content=\"Autor\" \/>\n<meta name=\"twitter:card\" content=\"summary_large_image\" \/>\n<meta name=\"twitter:label1\" content=\"Verfasst von\" \/>\n\t<meta name=\"twitter:data1\" content=\"Autor\" \/>\n\t<meta name=\"twitter:label2\" content=\"Gesch\u00e4tzte Lesezeit\" \/>\n\t<meta name=\"twitter:data2\" content=\"3\u00a0Minuten\" \/>\n<script type=\"application\/ld+json\" class=\"yoast-schema-graph\">{\"@context\":\"https:\\\/\\\/schema.org\",\"@graph\":[{\"@type\":\"Article\",\"@id\":\"https:\\\/\\\/www.jugendfussball-wendelstein.de\\\/wordpress\\\/jfg-sg-83-nbg-fuerth-13\\\/#article\",\"isPartOf\":{\"@id\":\"https:\\\/\\\/www.jugendfussball-wendelstein.de\\\/wordpress\\\/jfg-sg-83-nbg-fuerth-13\\\/\"},\"author\":{\"name\":\"Autor\",\"@id\":\"https:\\\/\\\/www.jugendfussball-wendelstein.de\\\/wordpress\\\/#\\\/schema\\\/person\\\/75aadcbd4be1b3af1c1d785397472bc9\"},\"headline\":\"JFG &#8211; SG 83 Nbg.\\\/F\u00fcrth (1:3)\",\"datePublished\":\"2014-10-28T12:18:02+00:00\",\"mainEntityOfPage\":{\"@id\":\"https:\\\/\\\/www.jugendfussball-wendelstein.de\\\/wordpress\\\/jfg-sg-83-nbg-fuerth-13\\\/\"},\"wordCount\":522,\"articleSection\":[\"Gro\u00dffeld\",\"Spielbericht\",\"U19\"],\"inLanguage\":\"de\"},{\"@type\":\"WebPage\",\"@id\":\"https:\\\/\\\/www.jugendfussball-wendelstein.de\\\/wordpress\\\/jfg-sg-83-nbg-fuerth-13\\\/\",\"url\":\"https:\\\/\\\/www.jugendfussball-wendelstein.de\\\/wordpress\\\/jfg-sg-83-nbg-fuerth-13\\\/\",\"name\":\"JFG - SG 83 Nbg.\\\/F\u00fcrth (1:3) - JFG Wendelstein\",\"isPartOf\":{\"@id\":\"https:\\\/\\\/www.jugendfussball-wendelstein.de\\\/wordpress\\\/#website\"},\"datePublished\":\"2014-10-28T12:18:02+00:00\",\"author\":{\"@id\":\"https:\\\/\\\/www.jugendfussball-wendelstein.de\\\/wordpress\\\/#\\\/schema\\\/person\\\/75aadcbd4be1b3af1c1d785397472bc9\"},\"breadcrumb\":{\"@id\":\"https:\\\/\\\/www.jugendfussball-wendelstein.de\\\/wordpress\\\/jfg-sg-83-nbg-fuerth-13\\\/#breadcrumb\"},\"inLanguage\":\"de\",\"potentialAction\":[{\"@type\":\"ReadAction\",\"target\":[\"https:\\\/\\\/www.jugendfussball-wendelstein.de\\\/wordpress\\\/jfg-sg-83-nbg-fuerth-13\\\/\"]}]},{\"@type\":\"BreadcrumbList\",\"@id\":\"https:\\\/\\\/www.jugendfussball-wendelstein.de\\\/wordpress\\\/jfg-sg-83-nbg-fuerth-13\\\/#breadcrumb\",\"itemListElement\":[{\"@type\":\"ListItem\",\"position\":1,\"name\":\"Startseite\",\"item\":\"https:\\\/\\\/www.jugendfussball-wendelstein.de\\\/wordpress\\\/\"},{\"@type\":\"ListItem\",\"position\":2,\"name\":\"JFG &#8211; SG 83 Nbg.\\\/F\u00fcrth (1:3)\"}]},{\"@type\":\"WebSite\",\"@id\":\"https:\\\/\\\/www.jugendfussball-wendelstein.de\\\/wordpress\\\/#website\",\"url\":\"https:\\\/\\\/www.jugendfussball-wendelstein.de\\\/wordpress\\\/\",\"name\":\"JFG Wendelstein\",\"description\":\"Juniorenfu\u00dfball\",\"potentialAction\":[{\"@type\":\"SearchAction\",\"target\":{\"@type\":\"EntryPoint\",\"urlTemplate\":\"https:\\\/\\\/www.jugendfussball-wendelstein.de\\\/wordpress\\\/?s={search_term_string}\"},\"query-input\":{\"@type\":\"PropertyValueSpecification\",\"valueRequired\":true,\"valueName\":\"search_term_string\"}}],\"inLanguage\":\"de\"},{\"@type\":\"Person\",\"@id\":\"https:\\\/\\\/www.jugendfussball-wendelstein.de\\\/wordpress\\\/#\\\/schema\\\/person\\\/75aadcbd4be1b3af1c1d785397472bc9\",\"name\":\"Autor\",\"image\":{\"@type\":\"ImageObject\",\"inLanguage\":\"de\",\"@id\":\"https:\\\/\\\/secure.gravatar.com\\\/avatar\\\/01dd9b7f2dc8d635302f1c57c2289838e9fe288acd1c06c8f8ad332b8e2a60c9?s=96&d=mm&r=g\",\"url\":\"https:\\\/\\\/secure.gravatar.com\\\/avatar\\\/01dd9b7f2dc8d635302f1c57c2289838e9fe288acd1c06c8f8ad332b8e2a60c9?s=96&d=mm&r=g\",\"contentUrl\":\"https:\\\/\\\/secure.gravatar.com\\\/avatar\\\/01dd9b7f2dc8d635302f1c57c2289838e9fe288acd1c06c8f8ad332b8e2a60c9?s=96&d=mm&r=g\",\"caption\":\"Autor\"},\"url\":\"https:\\\/\\\/www.jugendfussball-wendelstein.de\\\/wordpress\\\/author\\\/autor\\\/\"}]}<\/script>\n<!-- \/ Yoast SEO plugin. -->","yoast_head_json":{"title":"JFG - SG 83 Nbg.\/F\u00fcrth (1:3) - JFG Wendelstein","robots":{"index":"index","follow":"follow","max-snippet":"max-snippet:-1","max-image-preview":"max-image-preview:large","max-video-preview":"max-video-preview:-1"},"canonical":"https:\/\/www.jugendfussball-wendelstein.de\/wordpress\/jfg-sg-83-nbg-fuerth-13\/","og_locale":"de_DE","og_type":"article","og_title":"JFG - SG 83 Nbg.\/F\u00fcrth (1:3) - JFG Wendelstein","og_description":"24.10.2014 : Mit dem Anpfiff des Schiedsrichters startete\u00a0ein \u00fcberdurchschnittlich gutes Fu\u00dfballspiel. Rassige Zweik\u00e4mpfe, Technik, Spielkultur und enormes Tempo waren die Attribute dieser Partie. Unsere Buben h\u00e4tten wie schon so oft in dieser Saison nach einer gespielten Minute durch Jonas Hammel in F\u00fchrung gehen m\u00fcssen, doch Jonas konnte die scharfe Hereingabe\u00a0von Kevin Kurtz nicht zu einem [&hellip;]","og_url":"https:\/\/www.jugendfussball-wendelstein.de\/wordpress\/jfg-sg-83-nbg-fuerth-13\/","og_site_name":"JFG Wendelstein","article_published_time":"2014-10-28T12:18:02+00:00","author":"Autor","twitter_card":"summary_large_image","twitter_misc":{"Verfasst von":"Autor","Gesch\u00e4tzte Lesezeit":"3\u00a0Minuten"},"schema":{"@context":"https:\/\/schema.org","@graph":[{"@type":"Article","@id":"https:\/\/www.jugendfussball-wendelstein.de\/wordpress\/jfg-sg-83-nbg-fuerth-13\/#article","isPartOf":{"@id":"https:\/\/www.jugendfussball-wendelstein.de\/wordpress\/jfg-sg-83-nbg-fuerth-13\/"},"author":{"name":"Autor","@id":"https:\/\/www.jugendfussball-wendelstein.de\/wordpress\/#\/schema\/person\/75aadcbd4be1b3af1c1d785397472bc9"},"headline":"JFG &#8211; SG 83 Nbg.\/F\u00fcrth (1:3)","datePublished":"2014-10-28T12:18:02+00:00","mainEntityOfPage":{"@id":"https:\/\/www.jugendfussball-wendelstein.de\/wordpress\/jfg-sg-83-nbg-fuerth-13\/"},"wordCount":522,"articleSection":["Gro\u00dffeld","Spielbericht","U19"],"inLanguage":"de"},{"@type":"WebPage","@id":"https:\/\/www.jugendfussball-wendelstein.de\/wordpress\/jfg-sg-83-nbg-fuerth-13\/","url":"https:\/\/www.jugendfussball-wendelstein.de\/wordpress\/jfg-sg-83-nbg-fuerth-13\/","name":"JFG - SG 83 Nbg.\/F\u00fcrth (1:3) - JFG Wendelstein","isPartOf":{"@id":"https:\/\/www.jugendfussball-wendelstein.de\/wordpress\/#website"},"datePublished":"2014-10-28T12:18:02+00:00","author":{"@id":"https:\/\/www.jugendfussball-wendelstein.de\/wordpress\/#\/schema\/person\/75aadcbd4be1b3af1c1d785397472bc9"},"breadcrumb":{"@id":"https:\/\/www.jugendfussball-wendelstein.de\/wordpress\/jfg-sg-83-nbg-fuerth-13\/#breadcrumb"},"inLanguage":"de","potentialAction":[{"@type":"ReadAction","target":["https:\/\/www.jugendfussball-wendelstein.de\/wordpress\/jfg-sg-83-nbg-fuerth-13\/"]}]},{"@type":"BreadcrumbList","@id":"https:\/\/www.jugendfussball-wendelstein.de\/wordpress\/jfg-sg-83-nbg-fuerth-13\/#breadcrumb","itemListElement":[{"@type":"ListItem","position":1,"name":"Startseite","item":"https:\/\/www.jugendfussball-wendelstein.de\/wordpress\/"},{"@type":"ListItem","position":2,"name":"JFG &#8211; SG 83 Nbg.\/F\u00fcrth (1:3)"}]},{"@type":"WebSite","@id":"https:\/\/www.jugendfussball-wendelstein.de\/wordpress\/#website","url":"https:\/\/www.jugendfussball-wendelstein.de\/wordpress\/","name":"JFG Wendelstein","description":"Juniorenfu\u00dfball","potentialAction":[{"@type":"SearchAction","target":{"@type":"EntryPoint","urlTemplate":"https:\/\/www.jugendfussball-wendelstein.de\/wordpress\/?s={search_term_string}"},"query-input":{"@type":"PropertyValueSpecification","valueRequired":true,"valueName":"search_term_string"}}],"inLanguage":"de"},{"@type":"Person","@id":"https:\/\/www.jugendfussball-wendelstein.de\/wordpress\/#\/schema\/person\/75aadcbd4be1b3af1c1d785397472bc9","name":"Autor","image":{"@type":"ImageObject","inLanguage":"de","@id":"https:\/\/secure.gravatar.com\/avatar\/01dd9b7f2dc8d635302f1c57c2289838e9fe288acd1c06c8f8ad332b8e2a60c9?s=96&d=mm&r=g","url":"https:\/\/secure.gravatar.com\/avatar\/01dd9b7f2dc8d635302f1c57c2289838e9fe288acd1c06c8f8ad332b8e2a60c9?s=96&d=mm&r=g","contentUrl":"https:\/\/secure.gravatar.com\/avatar\/01dd9b7f2dc8d635302f1c57c2289838e9fe288acd1c06c8f8ad332b8e2a60c9?s=96&d=mm&r=g","caption":"Autor"},"url":"https:\/\/www.jugendfussball-wendelstein.de\/wordpress\/author\/autor\/"}]}},"_links":{"self":[{"href":"https:\/\/www.jugendfussball-wendelstein.de\/wordpress\/wp-json\/wp\/v2\/posts\/1677","targetHints":{"allow":["GET"]}}],"collection":[{"href":"https:\/\/www.jugendfussball-wendelstein.de\/wordpress\/wp-json\/wp\/v2\/posts"}],"about":[{"href":"https:\/\/www.jugendfussball-wendelstein.de\/wordpress\/wp-json\/wp\/v2\/types\/post"}],"author":[{"embeddable":true,"href":"https:\/\/www.jugendfussball-wendelstein.de\/wordpress\/wp-json\/wp\/v2\/users\/4"}],"replies":[{"embeddable":true,"href":"https:\/\/www.jugendfussball-wendelstein.de\/wordpress\/wp-json\/wp\/v2\/comments?post=1677"}],"version-history":[{"count":0,"href":"https:\/\/www.jugendfussball-wendelstein.de\/wordpress\/wp-json\/wp\/v2\/posts\/1677\/revisions"}],"wp:attachment":[{"href":"https:\/\/www.jugendfussball-wendelstein.de\/wordpress\/wp-json\/wp\/v2\/media?parent=1677"}],"wp:term":[{"taxonomy":"category","embeddable":true,"href":"https:\/\/www.jugendfussball-wendelstein.de\/wordpress\/wp-json\/wp\/v2\/categories?post=1677"},{"taxonomy":"post_tag","embeddable":true,"href":"https:\/\/www.jugendfussball-wendelstein.de\/wordpress\/wp-json\/wp\/v2\/tags?post=1677"}],"curies":[{"name":"wp","href":"https:\/\/api.w.org\/{rel}","templated":true}]}}