{"id":1754,"date":"2014-11-17T22:56:02","date_gmt":"2014-11-17T20:56:02","guid":{"rendered":"http:\/\/www.jugendfussball-wendelstein.de\/wordpress\/?p=1754"},"modified":"2014-11-17T22:56:02","modified_gmt":"2014-11-17T20:56:02","slug":"sv-unterreichenbach-jfg-12","status":"publish","type":"post","link":"https:\/\/www.jugendfussball-wendelstein.de\/wordpress\/sv-unterreichenbach-jfg-12\/","title":{"rendered":"SV Unterreichenbach &#8211; JFG (1:2)"},"content":{"rendered":"<p>09.11.2014 : \u201eBlues\u201c mit ganz starker Vorstellung im Spitzenspiel bei den \u201eUrus\u201c . Beim 2:1 Sieg der \u201eBlues\u201c gegen den bis dato verlustpunktfreien \u201eUrus\u201c sahen die zahlreichen Zuschauer ein \u201eKLASSESPIEL\u201c !!!! Zwei Spielerisch starke Mannschaften, hohes Tempo, rassige Zweik\u00e4mpfe, die zahlreichen Zuschauer sahen \u00fcber weite Strecken von der ersten Minute an ein wahres Spitzenspiel. \u201eHin und her ohne Abtasten, das war wahrlich ein starkes Spitzenspiel\u201c so G\u00e4stetrainer Uwe Feind , kurz nach dem Spiel. Bereits in der 7.Min. das 1:0 f\u00fcr die \u201eBlues\u201c durch einen satten Schuss aus 25 Metern von Maxi Wei\u00df. In der Folge ging es hin und her mit Chancen auf beiden Seiten. Bis zur Pause sollte kein weiteres Tor fallen. Die G\u00e4ste nahmen auch in der zweiten H\u00e4lfte das Kommando in die Hand und sorgten bereits in der 43.Minute f\u00fcr das 2:0. Nach Klasse Solo von M.Takacs schloss dieser aus 16 Metern ab, Flo Reeh im Tor der \u201eUrus\u201c konnte den Ball nur abklatschen lassen und L.Berberich vollstreckte im Nachsetzen. Wer dachte das war es , der war auf dem falschen Weg, weiterhin Turbofu\u00dfball von beiden Mannschaften. In der 60.Minute bekamen die G\u00e4ste den Ball nicht aus der Gefahrenzone und die Gastgeber verk\u00fcrzten auf 2:1. Nun war wieder Pfeffer drin, auch die Zweik\u00e4mpfe wurden intensiver. Wendelstein verpasste in der Schlussphase das 3:1 zu machen, nachdem Unterreichenbach aufmachte und auf Dreierkette umstellte. Aber Flo Adamaschek und die Defensivarbeit der Wendelsteiner war heute nicht mehr zu \u00fcberwinden, und so erzielte der Tabellenf\u00fchrer einen verdienten Ausw\u00e4rtsdreier in einem durchaus denkw\u00fcrdigem Spitzenspiel. Klasse Jungs, das war eine starke Vorstellung, ein Big Point, nun hei\u00dft es nachlegen in den letzten drei Spielen des Jahres 2014\u2026\u2026<\/p>\n<p>\u201eWE ARE THE BLUES\u201c\u2026\u2026\u2026\u2026\u2026\u2026\u2026..<\/p>\n","protected":false},"excerpt":{"rendered":"<p>09.11.2014 : \u201eBlues\u201c mit ganz starker Vorstellung im Spitzenspiel bei den \u201eUrus\u201c . Beim 2:1 Sieg der \u201eBlues\u201c gegen den bis dato verlustpunktfreien \u201eUrus\u201c sahen die zahlreichen Zuschauer ein \u201eKLASSESPIEL\u201c !!!! Zwei Spielerisch starke Mannschaften, hohes Tempo, rassige Zweik\u00e4mpfe, die zahlreichen Zuschauer sahen \u00fcber weite Strecken von der ersten Minute an ein wahres Spitzenspiel. \u201eHin [&hellip;]<\/p>\n","protected":false},"author":4,"featured_media":0,"comment_status":"closed","ping_status":"closed","sticky":false,"template":"","format":"standard","meta":{"saved_in_kubio":false,"footnotes":""},"categories":[2,16,21],"tags":[],"class_list":["post-1754","post","type-post","status-publish","format-standard","hentry","category-gf","category-spielbericht","category-u17"],"yoast_head":"<!-- This site is optimized with the Yoast SEO plugin v27.4 - https:\/\/yoast.com\/product\/yoast-seo-wordpress\/ -->\n<title>SV Unterreichenbach - JFG (1:2) - JFG Wendelstein<\/title>\n<meta name=\"robots\" content=\"index, follow, max-snippet:-1, max-image-preview:large, max-video-preview:-1\" \/>\n<link rel=\"canonical\" href=\"https:\/\/www.jugendfussball-wendelstein.de\/wordpress\/sv-unterreichenbach-jfg-12\/\" \/>\n<meta property=\"og:locale\" content=\"de_DE\" \/>\n<meta property=\"og:type\" content=\"article\" \/>\n<meta property=\"og:title\" content=\"SV Unterreichenbach - JFG (1:2) - JFG Wendelstein\" \/>\n<meta property=\"og:description\" content=\"09.11.2014 : \u201eBlues\u201c mit ganz starker Vorstellung im Spitzenspiel bei den \u201eUrus\u201c . Beim 2:1 Sieg der \u201eBlues\u201c gegen den bis dato verlustpunktfreien \u201eUrus\u201c sahen die zahlreichen Zuschauer ein \u201eKLASSESPIEL\u201c !!!! Zwei Spielerisch starke Mannschaften, hohes Tempo, rassige Zweik\u00e4mpfe, die zahlreichen Zuschauer sahen \u00fcber weite Strecken von der ersten Minute an ein wahres Spitzenspiel. \u201eHin [&hellip;]\" \/>\n<meta property=\"og:url\" content=\"https:\/\/www.jugendfussball-wendelstein.de\/wordpress\/sv-unterreichenbach-jfg-12\/\" \/>\n<meta property=\"og:site_name\" content=\"JFG Wendelstein\" \/>\n<meta property=\"article:published_time\" content=\"2014-11-17T20:56:02+00:00\" \/>\n<meta name=\"author\" content=\"Autor\" \/>\n<meta name=\"twitter:card\" content=\"summary_large_image\" \/>\n<meta name=\"twitter:label1\" content=\"Verfasst von\" \/>\n\t<meta name=\"twitter:data1\" content=\"Autor\" \/>\n\t<meta name=\"twitter:label2\" content=\"Gesch\u00e4tzte Lesezeit\" \/>\n\t<meta name=\"twitter:data2\" content=\"1\u00a0Minute\" \/>\n<script type=\"application\/ld+json\" class=\"yoast-schema-graph\">{\"@context\":\"https:\\\/\\\/schema.org\",\"@graph\":[{\"@type\":\"Article\",\"@id\":\"https:\\\/\\\/www.jugendfussball-wendelstein.de\\\/wordpress\\\/sv-unterreichenbach-jfg-12\\\/#article\",\"isPartOf\":{\"@id\":\"https:\\\/\\\/www.jugendfussball-wendelstein.de\\\/wordpress\\\/sv-unterreichenbach-jfg-12\\\/\"},\"author\":{\"name\":\"Autor\",\"@id\":\"https:\\\/\\\/www.jugendfussball-wendelstein.de\\\/wordpress\\\/#\\\/schema\\\/person\\\/75aadcbd4be1b3af1c1d785397472bc9\"},\"headline\":\"SV Unterreichenbach &#8211; JFG (1:2)\",\"datePublished\":\"2014-11-17T20:56:02+00:00\",\"mainEntityOfPage\":{\"@id\":\"https:\\\/\\\/www.jugendfussball-wendelstein.de\\\/wordpress\\\/sv-unterreichenbach-jfg-12\\\/\"},\"wordCount\":284,\"articleSection\":[\"Gro\u00dffeld\",\"Spielbericht\",\"U17\"],\"inLanguage\":\"de\"},{\"@type\":\"WebPage\",\"@id\":\"https:\\\/\\\/www.jugendfussball-wendelstein.de\\\/wordpress\\\/sv-unterreichenbach-jfg-12\\\/\",\"url\":\"https:\\\/\\\/www.jugendfussball-wendelstein.de\\\/wordpress\\\/sv-unterreichenbach-jfg-12\\\/\",\"name\":\"SV Unterreichenbach - JFG (1:2) - JFG Wendelstein\",\"isPartOf\":{\"@id\":\"https:\\\/\\\/www.jugendfussball-wendelstein.de\\\/wordpress\\\/#website\"},\"datePublished\":\"2014-11-17T20:56:02+00:00\",\"author\":{\"@id\":\"https:\\\/\\\/www.jugendfussball-wendelstein.de\\\/wordpress\\\/#\\\/schema\\\/person\\\/75aadcbd4be1b3af1c1d785397472bc9\"},\"breadcrumb\":{\"@id\":\"https:\\\/\\\/www.jugendfussball-wendelstein.de\\\/wordpress\\\/sv-unterreichenbach-jfg-12\\\/#breadcrumb\"},\"inLanguage\":\"de\",\"potentialAction\":[{\"@type\":\"ReadAction\",\"target\":[\"https:\\\/\\\/www.jugendfussball-wendelstein.de\\\/wordpress\\\/sv-unterreichenbach-jfg-12\\\/\"]}]},{\"@type\":\"BreadcrumbList\",\"@id\":\"https:\\\/\\\/www.jugendfussball-wendelstein.de\\\/wordpress\\\/sv-unterreichenbach-jfg-12\\\/#breadcrumb\",\"itemListElement\":[{\"@type\":\"ListItem\",\"position\":1,\"name\":\"Startseite\",\"item\":\"https:\\\/\\\/www.jugendfussball-wendelstein.de\\\/wordpress\\\/\"},{\"@type\":\"ListItem\",\"position\":2,\"name\":\"SV Unterreichenbach &#8211; JFG (1:2)\"}]},{\"@type\":\"WebSite\",\"@id\":\"https:\\\/\\\/www.jugendfussball-wendelstein.de\\\/wordpress\\\/#website\",\"url\":\"https:\\\/\\\/www.jugendfussball-wendelstein.de\\\/wordpress\\\/\",\"name\":\"JFG Wendelstein\",\"description\":\"Juniorenfu\u00dfball\",\"potentialAction\":[{\"@type\":\"SearchAction\",\"target\":{\"@type\":\"EntryPoint\",\"urlTemplate\":\"https:\\\/\\\/www.jugendfussball-wendelstein.de\\\/wordpress\\\/?s={search_term_string}\"},\"query-input\":{\"@type\":\"PropertyValueSpecification\",\"valueRequired\":true,\"valueName\":\"search_term_string\"}}],\"inLanguage\":\"de\"},{\"@type\":\"Person\",\"@id\":\"https:\\\/\\\/www.jugendfussball-wendelstein.de\\\/wordpress\\\/#\\\/schema\\\/person\\\/75aadcbd4be1b3af1c1d785397472bc9\",\"name\":\"Autor\",\"image\":{\"@type\":\"ImageObject\",\"inLanguage\":\"de\",\"@id\":\"https:\\\/\\\/secure.gravatar.com\\\/avatar\\\/01dd9b7f2dc8d635302f1c57c2289838e9fe288acd1c06c8f8ad332b8e2a60c9?s=96&d=mm&r=g\",\"url\":\"https:\\\/\\\/secure.gravatar.com\\\/avatar\\\/01dd9b7f2dc8d635302f1c57c2289838e9fe288acd1c06c8f8ad332b8e2a60c9?s=96&d=mm&r=g\",\"contentUrl\":\"https:\\\/\\\/secure.gravatar.com\\\/avatar\\\/01dd9b7f2dc8d635302f1c57c2289838e9fe288acd1c06c8f8ad332b8e2a60c9?s=96&d=mm&r=g\",\"caption\":\"Autor\"},\"url\":\"https:\\\/\\\/www.jugendfussball-wendelstein.de\\\/wordpress\\\/author\\\/autor\\\/\"}]}<\/script>\n<!-- \/ Yoast SEO plugin. -->","yoast_head_json":{"title":"SV Unterreichenbach - JFG (1:2) - JFG Wendelstein","robots":{"index":"index","follow":"follow","max-snippet":"max-snippet:-1","max-image-preview":"max-image-preview:large","max-video-preview":"max-video-preview:-1"},"canonical":"https:\/\/www.jugendfussball-wendelstein.de\/wordpress\/sv-unterreichenbach-jfg-12\/","og_locale":"de_DE","og_type":"article","og_title":"SV Unterreichenbach - JFG (1:2) - JFG Wendelstein","og_description":"09.11.2014 : \u201eBlues\u201c mit ganz starker Vorstellung im Spitzenspiel bei den \u201eUrus\u201c . Beim 2:1 Sieg der \u201eBlues\u201c gegen den bis dato verlustpunktfreien \u201eUrus\u201c sahen die zahlreichen Zuschauer ein \u201eKLASSESPIEL\u201c !!!! Zwei Spielerisch starke Mannschaften, hohes Tempo, rassige Zweik\u00e4mpfe, die zahlreichen Zuschauer sahen \u00fcber weite Strecken von der ersten Minute an ein wahres Spitzenspiel. \u201eHin [&hellip;]","og_url":"https:\/\/www.jugendfussball-wendelstein.de\/wordpress\/sv-unterreichenbach-jfg-12\/","og_site_name":"JFG Wendelstein","article_published_time":"2014-11-17T20:56:02+00:00","author":"Autor","twitter_card":"summary_large_image","twitter_misc":{"Verfasst von":"Autor","Gesch\u00e4tzte Lesezeit":"1\u00a0Minute"},"schema":{"@context":"https:\/\/schema.org","@graph":[{"@type":"Article","@id":"https:\/\/www.jugendfussball-wendelstein.de\/wordpress\/sv-unterreichenbach-jfg-12\/#article","isPartOf":{"@id":"https:\/\/www.jugendfussball-wendelstein.de\/wordpress\/sv-unterreichenbach-jfg-12\/"},"author":{"name":"Autor","@id":"https:\/\/www.jugendfussball-wendelstein.de\/wordpress\/#\/schema\/person\/75aadcbd4be1b3af1c1d785397472bc9"},"headline":"SV Unterreichenbach &#8211; JFG (1:2)","datePublished":"2014-11-17T20:56:02+00:00","mainEntityOfPage":{"@id":"https:\/\/www.jugendfussball-wendelstein.de\/wordpress\/sv-unterreichenbach-jfg-12\/"},"wordCount":284,"articleSection":["Gro\u00dffeld","Spielbericht","U17"],"inLanguage":"de"},{"@type":"WebPage","@id":"https:\/\/www.jugendfussball-wendelstein.de\/wordpress\/sv-unterreichenbach-jfg-12\/","url":"https:\/\/www.jugendfussball-wendelstein.de\/wordpress\/sv-unterreichenbach-jfg-12\/","name":"SV Unterreichenbach - JFG (1:2) - JFG Wendelstein","isPartOf":{"@id":"https:\/\/www.jugendfussball-wendelstein.de\/wordpress\/#website"},"datePublished":"2014-11-17T20:56:02+00:00","author":{"@id":"https:\/\/www.jugendfussball-wendelstein.de\/wordpress\/#\/schema\/person\/75aadcbd4be1b3af1c1d785397472bc9"},"breadcrumb":{"@id":"https:\/\/www.jugendfussball-wendelstein.de\/wordpress\/sv-unterreichenbach-jfg-12\/#breadcrumb"},"inLanguage":"de","potentialAction":[{"@type":"ReadAction","target":["https:\/\/www.jugendfussball-wendelstein.de\/wordpress\/sv-unterreichenbach-jfg-12\/"]}]},{"@type":"BreadcrumbList","@id":"https:\/\/www.jugendfussball-wendelstein.de\/wordpress\/sv-unterreichenbach-jfg-12\/#breadcrumb","itemListElement":[{"@type":"ListItem","position":1,"name":"Startseite","item":"https:\/\/www.jugendfussball-wendelstein.de\/wordpress\/"},{"@type":"ListItem","position":2,"name":"SV Unterreichenbach &#8211; JFG (1:2)"}]},{"@type":"WebSite","@id":"https:\/\/www.jugendfussball-wendelstein.de\/wordpress\/#website","url":"https:\/\/www.jugendfussball-wendelstein.de\/wordpress\/","name":"JFG Wendelstein","description":"Juniorenfu\u00dfball","potentialAction":[{"@type":"SearchAction","target":{"@type":"EntryPoint","urlTemplate":"https:\/\/www.jugendfussball-wendelstein.de\/wordpress\/?s={search_term_string}"},"query-input":{"@type":"PropertyValueSpecification","valueRequired":true,"valueName":"search_term_string"}}],"inLanguage":"de"},{"@type":"Person","@id":"https:\/\/www.jugendfussball-wendelstein.de\/wordpress\/#\/schema\/person\/75aadcbd4be1b3af1c1d785397472bc9","name":"Autor","image":{"@type":"ImageObject","inLanguage":"de","@id":"https:\/\/secure.gravatar.com\/avatar\/01dd9b7f2dc8d635302f1c57c2289838e9fe288acd1c06c8f8ad332b8e2a60c9?s=96&d=mm&r=g","url":"https:\/\/secure.gravatar.com\/avatar\/01dd9b7f2dc8d635302f1c57c2289838e9fe288acd1c06c8f8ad332b8e2a60c9?s=96&d=mm&r=g","contentUrl":"https:\/\/secure.gravatar.com\/avatar\/01dd9b7f2dc8d635302f1c57c2289838e9fe288acd1c06c8f8ad332b8e2a60c9?s=96&d=mm&r=g","caption":"Autor"},"url":"https:\/\/www.jugendfussball-wendelstein.de\/wordpress\/author\/autor\/"}]}},"_links":{"self":[{"href":"https:\/\/www.jugendfussball-wendelstein.de\/wordpress\/wp-json\/wp\/v2\/posts\/1754","targetHints":{"allow":["GET"]}}],"collection":[{"href":"https:\/\/www.jugendfussball-wendelstein.de\/wordpress\/wp-json\/wp\/v2\/posts"}],"about":[{"href":"https:\/\/www.jugendfussball-wendelstein.de\/wordpress\/wp-json\/wp\/v2\/types\/post"}],"author":[{"embeddable":true,"href":"https:\/\/www.jugendfussball-wendelstein.de\/wordpress\/wp-json\/wp\/v2\/users\/4"}],"replies":[{"embeddable":true,"href":"https:\/\/www.jugendfussball-wendelstein.de\/wordpress\/wp-json\/wp\/v2\/comments?post=1754"}],"version-history":[{"count":0,"href":"https:\/\/www.jugendfussball-wendelstein.de\/wordpress\/wp-json\/wp\/v2\/posts\/1754\/revisions"}],"wp:attachment":[{"href":"https:\/\/www.jugendfussball-wendelstein.de\/wordpress\/wp-json\/wp\/v2\/media?parent=1754"}],"wp:term":[{"taxonomy":"category","embeddable":true,"href":"https:\/\/www.jugendfussball-wendelstein.de\/wordpress\/wp-json\/wp\/v2\/categories?post=1754"},{"taxonomy":"post_tag","embeddable":true,"href":"https:\/\/www.jugendfussball-wendelstein.de\/wordpress\/wp-json\/wp\/v2\/tags?post=1754"}],"curies":[{"name":"wp","href":"https:\/\/api.w.org\/{rel}","templated":true}]}}