{"id":1831,"date":"2014-12-18T20:31:07","date_gmt":"2014-12-18T18:31:07","guid":{"rendered":"http:\/\/www.jugendfussball-wendelstein.de\/wordpress\/?p=1831"},"modified":"2014-12-18T20:31:07","modified_gmt":"2014-12-18T18:31:07","slug":"3-platz-beim-eigenem-u12-hallenturnier-in-wendelstein","status":"publish","type":"post","link":"https:\/\/www.jugendfussball-wendelstein.de\/wordpress\/3-platz-beim-eigenem-u12-hallenturnier-in-wendelstein\/","title":{"rendered":"3.Platz beim eigenem U12-Hallenturnier in Wendelstein"},"content":{"rendered":"<p>13.12.14 : Am Samstagvormittag war es endlich soweit. Das eigens ausgerichtete Turnier der 03er stand auf dem Programm. Nach tagelanger Vorbereitung sollte es ein gl\u00e4nzendes Turnier werden. Das Teilnehmerfeld versprach spannende und hochklassige Spiele.<\/p>\n<p>Folgende Mannschaften gaben sich die Ehre:<\/p>\n<p>1.FC Passau, SC Eltersdorf, ASV Neumarkt, TUS Feuchtwangen, SPVGG Bayreuth, 1.FC N\u00fcrnberg und SSV Jahn Regensburg.<\/p>\n<p>Als Gastgeber spielten wir in 3 Bl\u00f6cken um jedem Spieler genug Einsatzzeit zu geben. Das Er\u00f6ffnungsspiel\u00a0 JFG Wendelstein gegen ASV Neumarkt startete p\u00fcnktlich um 9 Uhr. Leider taten wir uns gegen die Jungs aus Neumarkt sehr schwer und so endete die Partie gerecht 0:0. Auch das zweite Spiel in dieser Gruppe gegen den 1.FC Passau ging Torlos aus. Trotz vieler Chancen auf beiden Seiten schaffte es keiner der Spieler den Ball im Tor unterzubringen. Somit waren wir im letzten Gruppenspiel gegen die Jungs aus Regensburg im Zugzwang. Unerwartet erspielte sich jeder der Bl\u00f6cke der 03er Torchance \u00fcber Torchance. Eine Energieleistung unseres Abwehrchefs erm\u00f6glichte den 1:0 Siegtreffer. Somit standen wir als Gruppenzweiter im Halbfinale. Hier erwartete uns kein geringerer Gegner als der 1.FC N\u00fcrnberg. \u00a0In einem fairen Spiel ergaben sich f\u00fcr beide Teams zahlreiche Chancen. Nach 10 Minuten musste ein sieben Meter \u00a0Schie\u00dfen den Finalisten feststellen da wir \u00fcber ein 1:1 nicht hinaus kamen. Leider war der Keeper des 1.FC N\u00fcrnberg nicht zu bezwingen und so verloren wir mit 1:3. Im Platzierungsspiel um den dritten Platz erwartete uns die Spielgemeinschaft aus Bayreuth. Ein harter Brocken. Durch eine geschlossene Mannschaftsleistung \u00a0gewannen wir deutlich mit 4:0. Alles in allem ein super Turnier was schon fast den Charakter eines Leistungvergleiches hatte. Ein super Jahresausklang vor der harten Vorbereitung im kommenden Jahr.<\/p>\n","protected":false},"excerpt":{"rendered":"<p>13.12.14 : Am Samstagvormittag war es endlich soweit. Das eigens ausgerichtete Turnier der 03er stand auf dem Programm. Nach tagelanger Vorbereitung sollte es ein gl\u00e4nzendes Turnier werden. Das Teilnehmerfeld versprach spannende und hochklassige Spiele. Folgende Mannschaften gaben sich die Ehre: 1.FC Passau, SC Eltersdorf, ASV Neumarkt, TUS Feuchtwangen, SPVGG Bayreuth, 1.FC N\u00fcrnberg und SSV Jahn [&hellip;]<\/p>\n","protected":false},"author":4,"featured_media":0,"comment_status":"closed","ping_status":"closed","sticky":false,"template":"","format":"standard","meta":{"saved_in_kubio":false,"footnotes":""},"categories":[2,16,9],"tags":[],"class_list":["post-1831","post","type-post","status-publish","format-standard","hentry","category-gf","category-spielbericht","category-u12"],"yoast_head":"<!-- This site is optimized with the Yoast SEO plugin v27.4 - https:\/\/yoast.com\/product\/yoast-seo-wordpress\/ -->\n<title>3.Platz beim eigenem U12-Hallenturnier in Wendelstein - JFG Wendelstein<\/title>\n<meta name=\"robots\" content=\"index, follow, max-snippet:-1, max-image-preview:large, max-video-preview:-1\" \/>\n<link rel=\"canonical\" href=\"https:\/\/www.jugendfussball-wendelstein.de\/wordpress\/3-platz-beim-eigenem-u12-hallenturnier-in-wendelstein\/\" \/>\n<meta property=\"og:locale\" content=\"de_DE\" \/>\n<meta property=\"og:type\" content=\"article\" \/>\n<meta property=\"og:title\" content=\"3.Platz beim eigenem U12-Hallenturnier in Wendelstein - JFG Wendelstein\" \/>\n<meta property=\"og:description\" content=\"13.12.14 : Am Samstagvormittag war es endlich soweit. Das eigens ausgerichtete Turnier der 03er stand auf dem Programm. Nach tagelanger Vorbereitung sollte es ein gl\u00e4nzendes Turnier werden. Das Teilnehmerfeld versprach spannende und hochklassige Spiele. Folgende Mannschaften gaben sich die Ehre: 1.FC Passau, SC Eltersdorf, ASV Neumarkt, TUS Feuchtwangen, SPVGG Bayreuth, 1.FC N\u00fcrnberg und SSV Jahn [&hellip;]\" \/>\n<meta property=\"og:url\" content=\"https:\/\/www.jugendfussball-wendelstein.de\/wordpress\/3-platz-beim-eigenem-u12-hallenturnier-in-wendelstein\/\" \/>\n<meta property=\"og:site_name\" content=\"JFG Wendelstein\" \/>\n<meta property=\"article:published_time\" content=\"2014-12-18T18:31:07+00:00\" \/>\n<meta name=\"author\" content=\"Autor\" \/>\n<meta name=\"twitter:card\" content=\"summary_large_image\" \/>\n<meta name=\"twitter:label1\" content=\"Verfasst von\" \/>\n\t<meta name=\"twitter:data1\" content=\"Autor\" \/>\n\t<meta name=\"twitter:label2\" content=\"Gesch\u00e4tzte Lesezeit\" \/>\n\t<meta name=\"twitter:data2\" content=\"1\u00a0Minute\" \/>\n<script type=\"application\/ld+json\" class=\"yoast-schema-graph\">{\"@context\":\"https:\\\/\\\/schema.org\",\"@graph\":[{\"@type\":\"Article\",\"@id\":\"https:\\\/\\\/www.jugendfussball-wendelstein.de\\\/wordpress\\\/3-platz-beim-eigenem-u12-hallenturnier-in-wendelstein\\\/#article\",\"isPartOf\":{\"@id\":\"https:\\\/\\\/www.jugendfussball-wendelstein.de\\\/wordpress\\\/3-platz-beim-eigenem-u12-hallenturnier-in-wendelstein\\\/\"},\"author\":{\"name\":\"Autor\",\"@id\":\"https:\\\/\\\/www.jugendfussball-wendelstein.de\\\/wordpress\\\/#\\\/schema\\\/person\\\/75aadcbd4be1b3af1c1d785397472bc9\"},\"headline\":\"3.Platz beim eigenem U12-Hallenturnier in Wendelstein\",\"datePublished\":\"2014-12-18T18:31:07+00:00\",\"mainEntityOfPage\":{\"@id\":\"https:\\\/\\\/www.jugendfussball-wendelstein.de\\\/wordpress\\\/3-platz-beim-eigenem-u12-hallenturnier-in-wendelstein\\\/\"},\"wordCount\":281,\"articleSection\":[\"Gro\u00dffeld\",\"Spielbericht\",\"U12\"],\"inLanguage\":\"de\"},{\"@type\":\"WebPage\",\"@id\":\"https:\\\/\\\/www.jugendfussball-wendelstein.de\\\/wordpress\\\/3-platz-beim-eigenem-u12-hallenturnier-in-wendelstein\\\/\",\"url\":\"https:\\\/\\\/www.jugendfussball-wendelstein.de\\\/wordpress\\\/3-platz-beim-eigenem-u12-hallenturnier-in-wendelstein\\\/\",\"name\":\"3.Platz beim eigenem U12-Hallenturnier in Wendelstein - JFG Wendelstein\",\"isPartOf\":{\"@id\":\"https:\\\/\\\/www.jugendfussball-wendelstein.de\\\/wordpress\\\/#website\"},\"datePublished\":\"2014-12-18T18:31:07+00:00\",\"author\":{\"@id\":\"https:\\\/\\\/www.jugendfussball-wendelstein.de\\\/wordpress\\\/#\\\/schema\\\/person\\\/75aadcbd4be1b3af1c1d785397472bc9\"},\"breadcrumb\":{\"@id\":\"https:\\\/\\\/www.jugendfussball-wendelstein.de\\\/wordpress\\\/3-platz-beim-eigenem-u12-hallenturnier-in-wendelstein\\\/#breadcrumb\"},\"inLanguage\":\"de\",\"potentialAction\":[{\"@type\":\"ReadAction\",\"target\":[\"https:\\\/\\\/www.jugendfussball-wendelstein.de\\\/wordpress\\\/3-platz-beim-eigenem-u12-hallenturnier-in-wendelstein\\\/\"]}]},{\"@type\":\"BreadcrumbList\",\"@id\":\"https:\\\/\\\/www.jugendfussball-wendelstein.de\\\/wordpress\\\/3-platz-beim-eigenem-u12-hallenturnier-in-wendelstein\\\/#breadcrumb\",\"itemListElement\":[{\"@type\":\"ListItem\",\"position\":1,\"name\":\"Startseite\",\"item\":\"https:\\\/\\\/www.jugendfussball-wendelstein.de\\\/wordpress\\\/\"},{\"@type\":\"ListItem\",\"position\":2,\"name\":\"3.Platz beim eigenem U12-Hallenturnier in Wendelstein\"}]},{\"@type\":\"WebSite\",\"@id\":\"https:\\\/\\\/www.jugendfussball-wendelstein.de\\\/wordpress\\\/#website\",\"url\":\"https:\\\/\\\/www.jugendfussball-wendelstein.de\\\/wordpress\\\/\",\"name\":\"JFG Wendelstein\",\"description\":\"Juniorenfu\u00dfball\",\"potentialAction\":[{\"@type\":\"SearchAction\",\"target\":{\"@type\":\"EntryPoint\",\"urlTemplate\":\"https:\\\/\\\/www.jugendfussball-wendelstein.de\\\/wordpress\\\/?s={search_term_string}\"},\"query-input\":{\"@type\":\"PropertyValueSpecification\",\"valueRequired\":true,\"valueName\":\"search_term_string\"}}],\"inLanguage\":\"de\"},{\"@type\":\"Person\",\"@id\":\"https:\\\/\\\/www.jugendfussball-wendelstein.de\\\/wordpress\\\/#\\\/schema\\\/person\\\/75aadcbd4be1b3af1c1d785397472bc9\",\"name\":\"Autor\",\"image\":{\"@type\":\"ImageObject\",\"inLanguage\":\"de\",\"@id\":\"https:\\\/\\\/secure.gravatar.com\\\/avatar\\\/01dd9b7f2dc8d635302f1c57c2289838e9fe288acd1c06c8f8ad332b8e2a60c9?s=96&d=mm&r=g\",\"url\":\"https:\\\/\\\/secure.gravatar.com\\\/avatar\\\/01dd9b7f2dc8d635302f1c57c2289838e9fe288acd1c06c8f8ad332b8e2a60c9?s=96&d=mm&r=g\",\"contentUrl\":\"https:\\\/\\\/secure.gravatar.com\\\/avatar\\\/01dd9b7f2dc8d635302f1c57c2289838e9fe288acd1c06c8f8ad332b8e2a60c9?s=96&d=mm&r=g\",\"caption\":\"Autor\"},\"url\":\"https:\\\/\\\/www.jugendfussball-wendelstein.de\\\/wordpress\\\/author\\\/autor\\\/\"}]}<\/script>\n<!-- \/ Yoast SEO plugin. -->","yoast_head_json":{"title":"3.Platz beim eigenem U12-Hallenturnier in Wendelstein - JFG Wendelstein","robots":{"index":"index","follow":"follow","max-snippet":"max-snippet:-1","max-image-preview":"max-image-preview:large","max-video-preview":"max-video-preview:-1"},"canonical":"https:\/\/www.jugendfussball-wendelstein.de\/wordpress\/3-platz-beim-eigenem-u12-hallenturnier-in-wendelstein\/","og_locale":"de_DE","og_type":"article","og_title":"3.Platz beim eigenem U12-Hallenturnier in Wendelstein - JFG Wendelstein","og_description":"13.12.14 : Am Samstagvormittag war es endlich soweit. Das eigens ausgerichtete Turnier der 03er stand auf dem Programm. Nach tagelanger Vorbereitung sollte es ein gl\u00e4nzendes Turnier werden. Das Teilnehmerfeld versprach spannende und hochklassige Spiele. Folgende Mannschaften gaben sich die Ehre: 1.FC Passau, SC Eltersdorf, ASV Neumarkt, TUS Feuchtwangen, SPVGG Bayreuth, 1.FC N\u00fcrnberg und SSV Jahn [&hellip;]","og_url":"https:\/\/www.jugendfussball-wendelstein.de\/wordpress\/3-platz-beim-eigenem-u12-hallenturnier-in-wendelstein\/","og_site_name":"JFG Wendelstein","article_published_time":"2014-12-18T18:31:07+00:00","author":"Autor","twitter_card":"summary_large_image","twitter_misc":{"Verfasst von":"Autor","Gesch\u00e4tzte Lesezeit":"1\u00a0Minute"},"schema":{"@context":"https:\/\/schema.org","@graph":[{"@type":"Article","@id":"https:\/\/www.jugendfussball-wendelstein.de\/wordpress\/3-platz-beim-eigenem-u12-hallenturnier-in-wendelstein\/#article","isPartOf":{"@id":"https:\/\/www.jugendfussball-wendelstein.de\/wordpress\/3-platz-beim-eigenem-u12-hallenturnier-in-wendelstein\/"},"author":{"name":"Autor","@id":"https:\/\/www.jugendfussball-wendelstein.de\/wordpress\/#\/schema\/person\/75aadcbd4be1b3af1c1d785397472bc9"},"headline":"3.Platz beim eigenem U12-Hallenturnier in Wendelstein","datePublished":"2014-12-18T18:31:07+00:00","mainEntityOfPage":{"@id":"https:\/\/www.jugendfussball-wendelstein.de\/wordpress\/3-platz-beim-eigenem-u12-hallenturnier-in-wendelstein\/"},"wordCount":281,"articleSection":["Gro\u00dffeld","Spielbericht","U12"],"inLanguage":"de"},{"@type":"WebPage","@id":"https:\/\/www.jugendfussball-wendelstein.de\/wordpress\/3-platz-beim-eigenem-u12-hallenturnier-in-wendelstein\/","url":"https:\/\/www.jugendfussball-wendelstein.de\/wordpress\/3-platz-beim-eigenem-u12-hallenturnier-in-wendelstein\/","name":"3.Platz beim eigenem U12-Hallenturnier in Wendelstein - JFG Wendelstein","isPartOf":{"@id":"https:\/\/www.jugendfussball-wendelstein.de\/wordpress\/#website"},"datePublished":"2014-12-18T18:31:07+00:00","author":{"@id":"https:\/\/www.jugendfussball-wendelstein.de\/wordpress\/#\/schema\/person\/75aadcbd4be1b3af1c1d785397472bc9"},"breadcrumb":{"@id":"https:\/\/www.jugendfussball-wendelstein.de\/wordpress\/3-platz-beim-eigenem-u12-hallenturnier-in-wendelstein\/#breadcrumb"},"inLanguage":"de","potentialAction":[{"@type":"ReadAction","target":["https:\/\/www.jugendfussball-wendelstein.de\/wordpress\/3-platz-beim-eigenem-u12-hallenturnier-in-wendelstein\/"]}]},{"@type":"BreadcrumbList","@id":"https:\/\/www.jugendfussball-wendelstein.de\/wordpress\/3-platz-beim-eigenem-u12-hallenturnier-in-wendelstein\/#breadcrumb","itemListElement":[{"@type":"ListItem","position":1,"name":"Startseite","item":"https:\/\/www.jugendfussball-wendelstein.de\/wordpress\/"},{"@type":"ListItem","position":2,"name":"3.Platz beim eigenem U12-Hallenturnier in Wendelstein"}]},{"@type":"WebSite","@id":"https:\/\/www.jugendfussball-wendelstein.de\/wordpress\/#website","url":"https:\/\/www.jugendfussball-wendelstein.de\/wordpress\/","name":"JFG Wendelstein","description":"Juniorenfu\u00dfball","potentialAction":[{"@type":"SearchAction","target":{"@type":"EntryPoint","urlTemplate":"https:\/\/www.jugendfussball-wendelstein.de\/wordpress\/?s={search_term_string}"},"query-input":{"@type":"PropertyValueSpecification","valueRequired":true,"valueName":"search_term_string"}}],"inLanguage":"de"},{"@type":"Person","@id":"https:\/\/www.jugendfussball-wendelstein.de\/wordpress\/#\/schema\/person\/75aadcbd4be1b3af1c1d785397472bc9","name":"Autor","image":{"@type":"ImageObject","inLanguage":"de","@id":"https:\/\/secure.gravatar.com\/avatar\/01dd9b7f2dc8d635302f1c57c2289838e9fe288acd1c06c8f8ad332b8e2a60c9?s=96&d=mm&r=g","url":"https:\/\/secure.gravatar.com\/avatar\/01dd9b7f2dc8d635302f1c57c2289838e9fe288acd1c06c8f8ad332b8e2a60c9?s=96&d=mm&r=g","contentUrl":"https:\/\/secure.gravatar.com\/avatar\/01dd9b7f2dc8d635302f1c57c2289838e9fe288acd1c06c8f8ad332b8e2a60c9?s=96&d=mm&r=g","caption":"Autor"},"url":"https:\/\/www.jugendfussball-wendelstein.de\/wordpress\/author\/autor\/"}]}},"_links":{"self":[{"href":"https:\/\/www.jugendfussball-wendelstein.de\/wordpress\/wp-json\/wp\/v2\/posts\/1831","targetHints":{"allow":["GET"]}}],"collection":[{"href":"https:\/\/www.jugendfussball-wendelstein.de\/wordpress\/wp-json\/wp\/v2\/posts"}],"about":[{"href":"https:\/\/www.jugendfussball-wendelstein.de\/wordpress\/wp-json\/wp\/v2\/types\/post"}],"author":[{"embeddable":true,"href":"https:\/\/www.jugendfussball-wendelstein.de\/wordpress\/wp-json\/wp\/v2\/users\/4"}],"replies":[{"embeddable":true,"href":"https:\/\/www.jugendfussball-wendelstein.de\/wordpress\/wp-json\/wp\/v2\/comments?post=1831"}],"version-history":[{"count":0,"href":"https:\/\/www.jugendfussball-wendelstein.de\/wordpress\/wp-json\/wp\/v2\/posts\/1831\/revisions"}],"wp:attachment":[{"href":"https:\/\/www.jugendfussball-wendelstein.de\/wordpress\/wp-json\/wp\/v2\/media?parent=1831"}],"wp:term":[{"taxonomy":"category","embeddable":true,"href":"https:\/\/www.jugendfussball-wendelstein.de\/wordpress\/wp-json\/wp\/v2\/categories?post=1831"},{"taxonomy":"post_tag","embeddable":true,"href":"https:\/\/www.jugendfussball-wendelstein.de\/wordpress\/wp-json\/wp\/v2\/tags?post=1831"}],"curies":[{"name":"wp","href":"https:\/\/api.w.org\/{rel}","templated":true}]}}