{"id":1869,"date":"2014-12-30T00:30:45","date_gmt":"2014-12-29T22:30:45","guid":{"rendered":"http:\/\/www.jugendfussball-wendelstein.de\/wordpress\/?p=1869"},"modified":"2014-12-30T00:32:46","modified_gmt":"2014-12-29T22:32:46","slug":"sieg-bei-den-hallenmasters-der-sg-quelle-fuerth","status":"publish","type":"post","link":"https:\/\/www.jugendfussball-wendelstein.de\/wordpress\/sieg-bei-den-hallenmasters-der-sg-quelle-fuerth\/","title":{"rendered":"Sieg bei den Hallenmasters <br>der SG Quelle F\u00fcrth"},"content":{"rendered":"<p>28.12.14: Zu den diesj\u00e4hrigen Hallenmasters der <strong>SG Quelle F\u00fcrth<\/strong> erwarteten die Gastgeber die U11-Junioren der Vereine <strong>FC Schweinfurt 05, FSV Erlangen Bruck, FC Kickers W\u00fcrzburg, FC Eintracht Bamberg, 1. SC Feucht, TSV Gro\u00dfbardorf, TG H\u00f6chberg, FC Union Heilbronn<\/strong> und unserer U11. Wir erwarteten ein anspruchsvolles Turnier.<\/p>\n<p>Wir starteten gegen den <strong>SC Feucht<\/strong>, die kurzfristig f\u00fcr den W\u00fcrzburger FV eingesprungen waren. Wir kamen gut ins Spiel und legten zwei Treffer vor. Nach dem Anschlusstreffer wurden endlich alle richtig wach und erzielten noch drei sch\u00f6ne Tore zum verdienten Sieg.<\/p>\n<p>Mit der U11-Jugend des <strong>FC Union Heilbronn<\/strong> erwarteten wir einen starken Gegner und ein kampfbetontes Spiel. So kam es auch, wir konnten aber gleich das Spiel bestimmen. Nach zwei sch\u00f6n erspielten Toren von unseren Blues versuchten die Heilbronner alles, um ihrerseits zum Erfolg zu kommen. Dabei ging es sehr rustikal zur Sache, doch das brachte uns nicht aus dem Spielfluss. Wir konnten dagegen noch zwei Tore zum verdienten 4:0 nachlegen.<\/p>\n<p>Gegen die <strong>TG H\u00f6chberg<\/strong> machten wir es etwas deutlicher und siegten nach furiosem Spiel mit einem klaren 7:0-Erfolg.<\/p>\n<p>Das letzte Vorrundenspiel f\u00fchrten wir gegen die <strong>TSV Gro\u00dfbardorf<\/strong>. Zum ersten Mal in diesem Turnier rannten wir einem R\u00fcckstand hinterher. Aber nur sehr kurz, dann konnten wir ausgleichen. Gegen einen sehr stark spielenden Gegner konnten wir mit zwei Toren nachlegen. Auch nach dem erneuten Anschlusstor machten wir mit dem 4:2 das Spiel klar.<\/p>\n<p>Im Halbfinale ging es nun gegen den Gastgeber <strong>SG<\/strong> <strong>Quelle<\/strong>. Gleich nach Anpfiff dribbelte ein JFGler zur 1:0 F\u00fchrung. Nachdem wir das Spiel gut im Griff hatten wurde es etwas kurios. Der Schiedsrichter <em>(im bisherigen Turnierverlauf waren beide Schiedsrichter hervorragend!)<\/em> gab nach etwas verz\u00f6gertem Abspiel pl\u00f6tzlich und unerkl\u00e4rlich einen Freisto\u00df an unserem 16er gegen uns. Nach Ausf\u00fchrung und Abwehr wurde unser Konter j\u00e4h und f\u00fcr alle Beteiligten \u00fcberraschend abgepfiffen \u2013 warum ist uns immernoch unklar. Den zweiten Versuch brachten die Gastgeber bei uns im Tor zum etwas gl\u00fccklichen Ausgleich unter. Nun folgte ein sehr interessantes Spiel mit einigen Chancen f\u00fcr unsere Blues. Doch es sollte einfach kein Tor mehr fallen. Also mussten wir ins 9er-Schiessen. Wie immer mehr Gl\u00fcckspiel als echtes K\u00f6nnen \u2013 derenige, der einen Fehlschu\u00df macht, ist quasi der &#8222;Depp&#8220;. Aber fast alle Spieler beider Teams trafen. Es brauchte immerhin zehn Paarungen um einen gl\u00fccklichen Sieger zu ermitteln: unsere Jungs waren dennoch sehr verdient im Finale!<\/p>\n<p>Dort erwartete uns mit der<strong> Eintracht Bamberg<\/strong> ein spielstarkes Team. Doch die Blues spielten unbeeindruckt nach vorne. So gingen wir auch mit 1:0 in F\u00fchrung. Nach einem Torwartfehler folgte das 2:0. Eigentlich schon eine relativ sichere Sache \u2013 doch die Bamberger Jungs nutzen zwei kleine Fehler zu zwei sch\u00f6nen Gegentoren. Bis zum Abpfiff der regul\u00e4ren Spielzeit blieb dies das Ergebnis. Also folgte nun eine 3-Minuten-Verl\u00e4ngerung. Sofort gaben wir Vollgas und setzten die Gegner geh\u00f6rig unter Druck. So konnten wir uns den 3:2 Treffer redlich erarbeiten. Es war der Schlusspunkt unter ein spannendes und tolles Finalspiel und unsere Wendelsteiner Jungs freuten sich beim baldigen Schlusspfiff \u00fcber den verdienten Turniersieg.<\/p>\n<p>Gelungener k\u00f6nnte der Abschluss dieses Fussballjahres kaum gelingen \u2013 ein gro\u00dfes Kompliment an unsere Mannschaft! Ebenso ein Dankesch\u00f6n an die Ausrichter Quelle F\u00fcrth f\u00fcr ein sch\u00f6nes Turnier mit tollen Teams.<\/p>\n<p><strong>Wir w\u00fcnschen allen einen guten Rutsch ins neue Fussballjahr und freuen uns auf die Begegnungen mit euch!<\/strong><\/p>\n<p><img loading=\"lazy\" decoding=\"async\" class=\"alignleft  wp-image-1852\" src=\"https:\/\/www.jugendfussball-wendelstein.de\/wordpress\/wp-content\/uploads\/2014\/06\/SGQuelle-web.jpg\" alt=\"SGQuelle-web\" width=\"649\" height=\"381\" \/><\/p>\n","protected":false},"excerpt":{"rendered":"<p>28.12.14: Zu den diesj\u00e4hrigen Hallenmasters der SG Quelle F\u00fcrth erwarteten die Gastgeber die U11-Junioren der Vereine FC Schweinfurt 05, FSV Erlangen Bruck, FC Kickers W\u00fcrzburg, FC Eintracht Bamberg, 1. SC Feucht, TSV Gro\u00dfbardorf, TG H\u00f6chberg, FC Union Heilbronn und unserer U11. Wir erwarteten ein anspruchsvolles Turnier. Wir starteten gegen den SC Feucht, die kurzfristig f\u00fcr [&hellip;]<\/p>\n","protected":false},"author":4,"featured_media":0,"comment_status":"closed","ping_status":"closed","sticky":false,"template":"","format":"standard","meta":{"saved_in_kubio":false,"footnotes":""},"categories":[3,16,4],"tags":[],"class_list":["post-1869","post","type-post","status-publish","format-standard","hentry","category-kf","category-spielbericht","category-u11"],"yoast_head":"<!-- This site is optimized with the Yoast SEO plugin v27.4 - https:\/\/yoast.com\/product\/yoast-seo-wordpress\/ -->\n<title>Sieg bei den Hallenmasters der SG Quelle F\u00fcrth - JFG Wendelstein<\/title>\n<meta name=\"robots\" content=\"index, follow, max-snippet:-1, max-image-preview:large, max-video-preview:-1\" \/>\n<link rel=\"canonical\" href=\"https:\/\/www.jugendfussball-wendelstein.de\/wordpress\/sieg-bei-den-hallenmasters-der-sg-quelle-fuerth\/\" \/>\n<meta property=\"og:locale\" content=\"de_DE\" \/>\n<meta property=\"og:type\" content=\"article\" \/>\n<meta property=\"og:title\" content=\"Sieg bei den Hallenmasters der SG Quelle F\u00fcrth - JFG Wendelstein\" \/>\n<meta property=\"og:description\" content=\"28.12.14: Zu den diesj\u00e4hrigen Hallenmasters der SG Quelle F\u00fcrth erwarteten die Gastgeber die U11-Junioren der Vereine FC Schweinfurt 05, FSV Erlangen Bruck, FC Kickers W\u00fcrzburg, FC Eintracht Bamberg, 1. SC Feucht, TSV Gro\u00dfbardorf, TG H\u00f6chberg, FC Union Heilbronn und unserer U11. Wir erwarteten ein anspruchsvolles Turnier. Wir starteten gegen den SC Feucht, die kurzfristig f\u00fcr [&hellip;]\" \/>\n<meta property=\"og:url\" content=\"https:\/\/www.jugendfussball-wendelstein.de\/wordpress\/sieg-bei-den-hallenmasters-der-sg-quelle-fuerth\/\" \/>\n<meta property=\"og:site_name\" content=\"JFG Wendelstein\" \/>\n<meta property=\"article:published_time\" content=\"2014-12-29T22:30:45+00:00\" \/>\n<meta property=\"article:modified_time\" content=\"2014-12-29T22:32:46+00:00\" \/>\n<meta property=\"og:image\" content=\"http:\/\/www.jugendfussball-wendelstein.de\/wordpress\/wp-content\/uploads\/2014\/06\/SGQuelle-web.jpg\" \/>\n<meta name=\"author\" content=\"Autor\" \/>\n<meta name=\"twitter:card\" content=\"summary_large_image\" \/>\n<meta name=\"twitter:label1\" content=\"Verfasst von\" \/>\n\t<meta name=\"twitter:data1\" content=\"Autor\" \/>\n\t<meta name=\"twitter:label2\" content=\"Gesch\u00e4tzte Lesezeit\" \/>\n\t<meta name=\"twitter:data2\" content=\"3\u00a0Minuten\" \/>\n<script type=\"application\/ld+json\" class=\"yoast-schema-graph\">{\"@context\":\"https:\\\/\\\/schema.org\",\"@graph\":[{\"@type\":\"Article\",\"@id\":\"https:\\\/\\\/www.jugendfussball-wendelstein.de\\\/wordpress\\\/sieg-bei-den-hallenmasters-der-sg-quelle-fuerth\\\/#article\",\"isPartOf\":{\"@id\":\"https:\\\/\\\/www.jugendfussball-wendelstein.de\\\/wordpress\\\/sieg-bei-den-hallenmasters-der-sg-quelle-fuerth\\\/\"},\"author\":{\"name\":\"Autor\",\"@id\":\"https:\\\/\\\/www.jugendfussball-wendelstein.de\\\/wordpress\\\/#\\\/schema\\\/person\\\/75aadcbd4be1b3af1c1d785397472bc9\"},\"headline\":\"Sieg bei den Hallenmasters der SG Quelle F\u00fcrth\",\"datePublished\":\"2014-12-29T22:30:45+00:00\",\"dateModified\":\"2014-12-29T22:32:46+00:00\",\"mainEntityOfPage\":{\"@id\":\"https:\\\/\\\/www.jugendfussball-wendelstein.de\\\/wordpress\\\/sieg-bei-den-hallenmasters-der-sg-quelle-fuerth\\\/\"},\"wordCount\":576,\"image\":{\"@id\":\"https:\\\/\\\/www.jugendfussball-wendelstein.de\\\/wordpress\\\/sieg-bei-den-hallenmasters-der-sg-quelle-fuerth\\\/#primaryimage\"},\"thumbnailUrl\":\"http:\\\/\\\/www.jugendfussball-wendelstein.de\\\/wordpress\\\/wp-content\\\/uploads\\\/2014\\\/06\\\/SGQuelle-web.jpg\",\"articleSection\":[\"Kleinfeld\",\"Spielbericht\",\"U11\"],\"inLanguage\":\"de\"},{\"@type\":\"WebPage\",\"@id\":\"https:\\\/\\\/www.jugendfussball-wendelstein.de\\\/wordpress\\\/sieg-bei-den-hallenmasters-der-sg-quelle-fuerth\\\/\",\"url\":\"https:\\\/\\\/www.jugendfussball-wendelstein.de\\\/wordpress\\\/sieg-bei-den-hallenmasters-der-sg-quelle-fuerth\\\/\",\"name\":\"Sieg bei den Hallenmasters der SG Quelle F\u00fcrth - JFG Wendelstein\",\"isPartOf\":{\"@id\":\"https:\\\/\\\/www.jugendfussball-wendelstein.de\\\/wordpress\\\/#website\"},\"primaryImageOfPage\":{\"@id\":\"https:\\\/\\\/www.jugendfussball-wendelstein.de\\\/wordpress\\\/sieg-bei-den-hallenmasters-der-sg-quelle-fuerth\\\/#primaryimage\"},\"image\":{\"@id\":\"https:\\\/\\\/www.jugendfussball-wendelstein.de\\\/wordpress\\\/sieg-bei-den-hallenmasters-der-sg-quelle-fuerth\\\/#primaryimage\"},\"thumbnailUrl\":\"http:\\\/\\\/www.jugendfussball-wendelstein.de\\\/wordpress\\\/wp-content\\\/uploads\\\/2014\\\/06\\\/SGQuelle-web.jpg\",\"datePublished\":\"2014-12-29T22:30:45+00:00\",\"dateModified\":\"2014-12-29T22:32:46+00:00\",\"author\":{\"@id\":\"https:\\\/\\\/www.jugendfussball-wendelstein.de\\\/wordpress\\\/#\\\/schema\\\/person\\\/75aadcbd4be1b3af1c1d785397472bc9\"},\"breadcrumb\":{\"@id\":\"https:\\\/\\\/www.jugendfussball-wendelstein.de\\\/wordpress\\\/sieg-bei-den-hallenmasters-der-sg-quelle-fuerth\\\/#breadcrumb\"},\"inLanguage\":\"de\",\"potentialAction\":[{\"@type\":\"ReadAction\",\"target\":[\"https:\\\/\\\/www.jugendfussball-wendelstein.de\\\/wordpress\\\/sieg-bei-den-hallenmasters-der-sg-quelle-fuerth\\\/\"]}]},{\"@type\":\"ImageObject\",\"inLanguage\":\"de\",\"@id\":\"https:\\\/\\\/www.jugendfussball-wendelstein.de\\\/wordpress\\\/sieg-bei-den-hallenmasters-der-sg-quelle-fuerth\\\/#primaryimage\",\"url\":\"http:\\\/\\\/www.jugendfussball-wendelstein.de\\\/wordpress\\\/wp-content\\\/uploads\\\/2014\\\/06\\\/SGQuelle-web.jpg\",\"contentUrl\":\"http:\\\/\\\/www.jugendfussball-wendelstein.de\\\/wordpress\\\/wp-content\\\/uploads\\\/2014\\\/06\\\/SGQuelle-web.jpg\"},{\"@type\":\"BreadcrumbList\",\"@id\":\"https:\\\/\\\/www.jugendfussball-wendelstein.de\\\/wordpress\\\/sieg-bei-den-hallenmasters-der-sg-quelle-fuerth\\\/#breadcrumb\",\"itemListElement\":[{\"@type\":\"ListItem\",\"position\":1,\"name\":\"Startseite\",\"item\":\"https:\\\/\\\/www.jugendfussball-wendelstein.de\\\/wordpress\\\/\"},{\"@type\":\"ListItem\",\"position\":2,\"name\":\"Sieg bei den Hallenmasters der SG Quelle F\u00fcrth\"}]},{\"@type\":\"WebSite\",\"@id\":\"https:\\\/\\\/www.jugendfussball-wendelstein.de\\\/wordpress\\\/#website\",\"url\":\"https:\\\/\\\/www.jugendfussball-wendelstein.de\\\/wordpress\\\/\",\"name\":\"JFG Wendelstein\",\"description\":\"Juniorenfu\u00dfball\",\"potentialAction\":[{\"@type\":\"SearchAction\",\"target\":{\"@type\":\"EntryPoint\",\"urlTemplate\":\"https:\\\/\\\/www.jugendfussball-wendelstein.de\\\/wordpress\\\/?s={search_term_string}\"},\"query-input\":{\"@type\":\"PropertyValueSpecification\",\"valueRequired\":true,\"valueName\":\"search_term_string\"}}],\"inLanguage\":\"de\"},{\"@type\":\"Person\",\"@id\":\"https:\\\/\\\/www.jugendfussball-wendelstein.de\\\/wordpress\\\/#\\\/schema\\\/person\\\/75aadcbd4be1b3af1c1d785397472bc9\",\"name\":\"Autor\",\"image\":{\"@type\":\"ImageObject\",\"inLanguage\":\"de\",\"@id\":\"https:\\\/\\\/secure.gravatar.com\\\/avatar\\\/01dd9b7f2dc8d635302f1c57c2289838e9fe288acd1c06c8f8ad332b8e2a60c9?s=96&d=mm&r=g\",\"url\":\"https:\\\/\\\/secure.gravatar.com\\\/avatar\\\/01dd9b7f2dc8d635302f1c57c2289838e9fe288acd1c06c8f8ad332b8e2a60c9?s=96&d=mm&r=g\",\"contentUrl\":\"https:\\\/\\\/secure.gravatar.com\\\/avatar\\\/01dd9b7f2dc8d635302f1c57c2289838e9fe288acd1c06c8f8ad332b8e2a60c9?s=96&d=mm&r=g\",\"caption\":\"Autor\"},\"url\":\"https:\\\/\\\/www.jugendfussball-wendelstein.de\\\/wordpress\\\/author\\\/autor\\\/\"}]}<\/script>\n<!-- \/ Yoast SEO plugin. -->","yoast_head_json":{"title":"Sieg bei den Hallenmasters der SG Quelle F\u00fcrth - JFG Wendelstein","robots":{"index":"index","follow":"follow","max-snippet":"max-snippet:-1","max-image-preview":"max-image-preview:large","max-video-preview":"max-video-preview:-1"},"canonical":"https:\/\/www.jugendfussball-wendelstein.de\/wordpress\/sieg-bei-den-hallenmasters-der-sg-quelle-fuerth\/","og_locale":"de_DE","og_type":"article","og_title":"Sieg bei den Hallenmasters der SG Quelle F\u00fcrth - JFG Wendelstein","og_description":"28.12.14: Zu den diesj\u00e4hrigen Hallenmasters der SG Quelle F\u00fcrth erwarteten die Gastgeber die U11-Junioren der Vereine FC Schweinfurt 05, FSV Erlangen Bruck, FC Kickers W\u00fcrzburg, FC Eintracht Bamberg, 1. SC Feucht, TSV Gro\u00dfbardorf, TG H\u00f6chberg, FC Union Heilbronn und unserer U11. Wir erwarteten ein anspruchsvolles Turnier. Wir starteten gegen den SC Feucht, die kurzfristig f\u00fcr [&hellip;]","og_url":"https:\/\/www.jugendfussball-wendelstein.de\/wordpress\/sieg-bei-den-hallenmasters-der-sg-quelle-fuerth\/","og_site_name":"JFG Wendelstein","article_published_time":"2014-12-29T22:30:45+00:00","article_modified_time":"2014-12-29T22:32:46+00:00","og_image":[{"url":"http:\/\/www.jugendfussball-wendelstein.de\/wordpress\/wp-content\/uploads\/2014\/06\/SGQuelle-web.jpg","type":"","width":"","height":""}],"author":"Autor","twitter_card":"summary_large_image","twitter_misc":{"Verfasst von":"Autor","Gesch\u00e4tzte Lesezeit":"3\u00a0Minuten"},"schema":{"@context":"https:\/\/schema.org","@graph":[{"@type":"Article","@id":"https:\/\/www.jugendfussball-wendelstein.de\/wordpress\/sieg-bei-den-hallenmasters-der-sg-quelle-fuerth\/#article","isPartOf":{"@id":"https:\/\/www.jugendfussball-wendelstein.de\/wordpress\/sieg-bei-den-hallenmasters-der-sg-quelle-fuerth\/"},"author":{"name":"Autor","@id":"https:\/\/www.jugendfussball-wendelstein.de\/wordpress\/#\/schema\/person\/75aadcbd4be1b3af1c1d785397472bc9"},"headline":"Sieg bei den Hallenmasters der SG Quelle F\u00fcrth","datePublished":"2014-12-29T22:30:45+00:00","dateModified":"2014-12-29T22:32:46+00:00","mainEntityOfPage":{"@id":"https:\/\/www.jugendfussball-wendelstein.de\/wordpress\/sieg-bei-den-hallenmasters-der-sg-quelle-fuerth\/"},"wordCount":576,"image":{"@id":"https:\/\/www.jugendfussball-wendelstein.de\/wordpress\/sieg-bei-den-hallenmasters-der-sg-quelle-fuerth\/#primaryimage"},"thumbnailUrl":"http:\/\/www.jugendfussball-wendelstein.de\/wordpress\/wp-content\/uploads\/2014\/06\/SGQuelle-web.jpg","articleSection":["Kleinfeld","Spielbericht","U11"],"inLanguage":"de"},{"@type":"WebPage","@id":"https:\/\/www.jugendfussball-wendelstein.de\/wordpress\/sieg-bei-den-hallenmasters-der-sg-quelle-fuerth\/","url":"https:\/\/www.jugendfussball-wendelstein.de\/wordpress\/sieg-bei-den-hallenmasters-der-sg-quelle-fuerth\/","name":"Sieg bei den Hallenmasters der SG Quelle F\u00fcrth - JFG Wendelstein","isPartOf":{"@id":"https:\/\/www.jugendfussball-wendelstein.de\/wordpress\/#website"},"primaryImageOfPage":{"@id":"https:\/\/www.jugendfussball-wendelstein.de\/wordpress\/sieg-bei-den-hallenmasters-der-sg-quelle-fuerth\/#primaryimage"},"image":{"@id":"https:\/\/www.jugendfussball-wendelstein.de\/wordpress\/sieg-bei-den-hallenmasters-der-sg-quelle-fuerth\/#primaryimage"},"thumbnailUrl":"http:\/\/www.jugendfussball-wendelstein.de\/wordpress\/wp-content\/uploads\/2014\/06\/SGQuelle-web.jpg","datePublished":"2014-12-29T22:30:45+00:00","dateModified":"2014-12-29T22:32:46+00:00","author":{"@id":"https:\/\/www.jugendfussball-wendelstein.de\/wordpress\/#\/schema\/person\/75aadcbd4be1b3af1c1d785397472bc9"},"breadcrumb":{"@id":"https:\/\/www.jugendfussball-wendelstein.de\/wordpress\/sieg-bei-den-hallenmasters-der-sg-quelle-fuerth\/#breadcrumb"},"inLanguage":"de","potentialAction":[{"@type":"ReadAction","target":["https:\/\/www.jugendfussball-wendelstein.de\/wordpress\/sieg-bei-den-hallenmasters-der-sg-quelle-fuerth\/"]}]},{"@type":"ImageObject","inLanguage":"de","@id":"https:\/\/www.jugendfussball-wendelstein.de\/wordpress\/sieg-bei-den-hallenmasters-der-sg-quelle-fuerth\/#primaryimage","url":"http:\/\/www.jugendfussball-wendelstein.de\/wordpress\/wp-content\/uploads\/2014\/06\/SGQuelle-web.jpg","contentUrl":"http:\/\/www.jugendfussball-wendelstein.de\/wordpress\/wp-content\/uploads\/2014\/06\/SGQuelle-web.jpg"},{"@type":"BreadcrumbList","@id":"https:\/\/www.jugendfussball-wendelstein.de\/wordpress\/sieg-bei-den-hallenmasters-der-sg-quelle-fuerth\/#breadcrumb","itemListElement":[{"@type":"ListItem","position":1,"name":"Startseite","item":"https:\/\/www.jugendfussball-wendelstein.de\/wordpress\/"},{"@type":"ListItem","position":2,"name":"Sieg bei den Hallenmasters der SG Quelle F\u00fcrth"}]},{"@type":"WebSite","@id":"https:\/\/www.jugendfussball-wendelstein.de\/wordpress\/#website","url":"https:\/\/www.jugendfussball-wendelstein.de\/wordpress\/","name":"JFG Wendelstein","description":"Juniorenfu\u00dfball","potentialAction":[{"@type":"SearchAction","target":{"@type":"EntryPoint","urlTemplate":"https:\/\/www.jugendfussball-wendelstein.de\/wordpress\/?s={search_term_string}"},"query-input":{"@type":"PropertyValueSpecification","valueRequired":true,"valueName":"search_term_string"}}],"inLanguage":"de"},{"@type":"Person","@id":"https:\/\/www.jugendfussball-wendelstein.de\/wordpress\/#\/schema\/person\/75aadcbd4be1b3af1c1d785397472bc9","name":"Autor","image":{"@type":"ImageObject","inLanguage":"de","@id":"https:\/\/secure.gravatar.com\/avatar\/01dd9b7f2dc8d635302f1c57c2289838e9fe288acd1c06c8f8ad332b8e2a60c9?s=96&d=mm&r=g","url":"https:\/\/secure.gravatar.com\/avatar\/01dd9b7f2dc8d635302f1c57c2289838e9fe288acd1c06c8f8ad332b8e2a60c9?s=96&d=mm&r=g","contentUrl":"https:\/\/secure.gravatar.com\/avatar\/01dd9b7f2dc8d635302f1c57c2289838e9fe288acd1c06c8f8ad332b8e2a60c9?s=96&d=mm&r=g","caption":"Autor"},"url":"https:\/\/www.jugendfussball-wendelstein.de\/wordpress\/author\/autor\/"}]}},"_links":{"self":[{"href":"https:\/\/www.jugendfussball-wendelstein.de\/wordpress\/wp-json\/wp\/v2\/posts\/1869","targetHints":{"allow":["GET"]}}],"collection":[{"href":"https:\/\/www.jugendfussball-wendelstein.de\/wordpress\/wp-json\/wp\/v2\/posts"}],"about":[{"href":"https:\/\/www.jugendfussball-wendelstein.de\/wordpress\/wp-json\/wp\/v2\/types\/post"}],"author":[{"embeddable":true,"href":"https:\/\/www.jugendfussball-wendelstein.de\/wordpress\/wp-json\/wp\/v2\/users\/4"}],"replies":[{"embeddable":true,"href":"https:\/\/www.jugendfussball-wendelstein.de\/wordpress\/wp-json\/wp\/v2\/comments?post=1869"}],"version-history":[{"count":0,"href":"https:\/\/www.jugendfussball-wendelstein.de\/wordpress\/wp-json\/wp\/v2\/posts\/1869\/revisions"}],"wp:attachment":[{"href":"https:\/\/www.jugendfussball-wendelstein.de\/wordpress\/wp-json\/wp\/v2\/media?parent=1869"}],"wp:term":[{"taxonomy":"category","embeddable":true,"href":"https:\/\/www.jugendfussball-wendelstein.de\/wordpress\/wp-json\/wp\/v2\/categories?post=1869"},{"taxonomy":"post_tag","embeddable":true,"href":"https:\/\/www.jugendfussball-wendelstein.de\/wordpress\/wp-json\/wp\/v2\/tags?post=1869"}],"curies":[{"name":"wp","href":"https:\/\/api.w.org\/{rel}","templated":true}]}}