{"id":1938,"date":"2015-01-19T23:37:08","date_gmt":"2015-01-19T21:37:08","guid":{"rendered":"http:\/\/www.jugendfussball-wendelstein.de\/wordpress\/?p=1938"},"modified":"2015-01-19T23:37:08","modified_gmt":"2015-01-19T21:37:08","slug":"blues-ziehen-auch-souveraen-in-die-endrunde-der-diesjaehrigen-hkm-ein","status":"publish","type":"post","link":"https:\/\/www.jugendfussball-wendelstein.de\/wordpress\/blues-ziehen-auch-souveraen-in-die-endrunde-der-diesjaehrigen-hkm-ein\/","title":{"rendered":"\u201eBlues\u201c ziehen auch souver\u00e4n in die Endrunde der diesj\u00e4hrigen HKM ein"},"content":{"rendered":"<p><span style=\"color: #000000; font-family: Calibri;\">11.01.2015 : 4 Spiele, 4 Siege bei 14:1 Tore- 2:0 Sieg im \u00dcberkreuzspiel gegen JFG Neumarkt !!<\/span><\/p>\n<p><span style=\"color: #000000; font-family: Calibri;\">In der 3.Runde der HKMS traf man gleich im ersten Spiel erneut auf den FV R\u00f6thenbach\/Altdorf, den man schon in der ersten Runde als Gruppengegner hatte, auch heute war man das klar bessere Team und siegte zum Auftakt souver\u00e4n mit 5:0. Im zweiten Spiel gegen die DJK\/SV Berg fuhr man dann einen 3:1 Sieg nach Hause und vergab hier etliche gute M\u00f6glichkeiten um das Ergebnis noch h\u00f6her zu gestalten. Im letzten Gruppenspiel \u00fcbertraf man sich dann im Chancen versieben, man hatte tolle Kombinationen gegen einen in allen Belangen \u00fcberforderten Gegner, am Ende stand ein 4:0 Sieg. Im sogenannten \u00dcberkreuzspiel ging es dann gegen die JFG Neumarkt, gegen die man in der zweiten Runde schon ran musste. Ein schwerer Brocken, was man aber im Vorfeld wusste, sehr konzentriert aus mit einem guten Aufbau und gut organisiert lies man dem Gegner keine Chance, am Ende zog man mit einem stark abgezocktem Spiel und einem 2:0 Erfolg in die Endrunde der diesj\u00e4hrigen HKMS, Gl\u00fcckwunsch Jungs zu dieser Eindrucksvollen Vorstellung, mit dieser Leistung ist man auch in der Endrunde sicherlich ein Kandidat, der ein Wort um den Titel mitreden kann. <\/span><\/p>\n<p>&nbsp;<\/p>\n","protected":false},"excerpt":{"rendered":"<p>11.01.2015 : 4 Spiele, 4 Siege bei 14:1 Tore- 2:0 Sieg im \u00dcberkreuzspiel gegen JFG Neumarkt !! In der 3.Runde der HKMS traf man gleich im ersten Spiel erneut auf den FV R\u00f6thenbach\/Altdorf, den man schon in der ersten Runde als Gruppengegner hatte, auch heute war man das klar bessere Team und siegte zum Auftakt [&hellip;]<\/p>\n","protected":false},"author":4,"featured_media":0,"comment_status":"closed","ping_status":"closed","sticky":false,"template":"","format":"standard","meta":{"saved_in_kubio":false,"footnotes":""},"categories":[2,16,21],"tags":[],"class_list":["post-1938","post","type-post","status-publish","format-standard","hentry","category-gf","category-spielbericht","category-u17"],"yoast_head":"<!-- This site is optimized with the Yoast SEO plugin v27.4 - https:\/\/yoast.com\/product\/yoast-seo-wordpress\/ -->\n<title>\u201eBlues\u201c ziehen auch souver\u00e4n in die Endrunde der diesj\u00e4hrigen HKM ein - JFG Wendelstein<\/title>\n<meta name=\"robots\" content=\"index, follow, max-snippet:-1, max-image-preview:large, max-video-preview:-1\" \/>\n<link rel=\"canonical\" href=\"https:\/\/www.jugendfussball-wendelstein.de\/wordpress\/blues-ziehen-auch-souveraen-in-die-endrunde-der-diesjaehrigen-hkm-ein\/\" \/>\n<meta property=\"og:locale\" content=\"de_DE\" \/>\n<meta property=\"og:type\" content=\"article\" \/>\n<meta property=\"og:title\" content=\"\u201eBlues\u201c ziehen auch souver\u00e4n in die Endrunde der diesj\u00e4hrigen HKM ein - JFG Wendelstein\" \/>\n<meta property=\"og:description\" content=\"11.01.2015 : 4 Spiele, 4 Siege bei 14:1 Tore- 2:0 Sieg im \u00dcberkreuzspiel gegen JFG Neumarkt !! In der 3.Runde der HKMS traf man gleich im ersten Spiel erneut auf den FV R\u00f6thenbach\/Altdorf, den man schon in der ersten Runde als Gruppengegner hatte, auch heute war man das klar bessere Team und siegte zum Auftakt [&hellip;]\" \/>\n<meta property=\"og:url\" content=\"https:\/\/www.jugendfussball-wendelstein.de\/wordpress\/blues-ziehen-auch-souveraen-in-die-endrunde-der-diesjaehrigen-hkm-ein\/\" \/>\n<meta property=\"og:site_name\" content=\"JFG Wendelstein\" \/>\n<meta property=\"article:published_time\" content=\"2015-01-19T21:37:08+00:00\" \/>\n<meta name=\"author\" content=\"Autor\" \/>\n<meta name=\"twitter:card\" content=\"summary_large_image\" \/>\n<meta name=\"twitter:label1\" content=\"Verfasst von\" \/>\n\t<meta name=\"twitter:data1\" content=\"Autor\" \/>\n\t<meta name=\"twitter:label2\" content=\"Gesch\u00e4tzte Lesezeit\" \/>\n\t<meta name=\"twitter:data2\" content=\"1\u00a0Minute\" \/>\n<script type=\"application\/ld+json\" class=\"yoast-schema-graph\">{\"@context\":\"https:\\\/\\\/schema.org\",\"@graph\":[{\"@type\":\"Article\",\"@id\":\"https:\\\/\\\/www.jugendfussball-wendelstein.de\\\/wordpress\\\/blues-ziehen-auch-souveraen-in-die-endrunde-der-diesjaehrigen-hkm-ein\\\/#article\",\"isPartOf\":{\"@id\":\"https:\\\/\\\/www.jugendfussball-wendelstein.de\\\/wordpress\\\/blues-ziehen-auch-souveraen-in-die-endrunde-der-diesjaehrigen-hkm-ein\\\/\"},\"author\":{\"name\":\"Autor\",\"@id\":\"https:\\\/\\\/www.jugendfussball-wendelstein.de\\\/wordpress\\\/#\\\/schema\\\/person\\\/75aadcbd4be1b3af1c1d785397472bc9\"},\"headline\":\"\u201eBlues\u201c ziehen auch souver\u00e4n in die Endrunde der diesj\u00e4hrigen HKM ein\",\"datePublished\":\"2015-01-19T21:37:08+00:00\",\"mainEntityOfPage\":{\"@id\":\"https:\\\/\\\/www.jugendfussball-wendelstein.de\\\/wordpress\\\/blues-ziehen-auch-souveraen-in-die-endrunde-der-diesjaehrigen-hkm-ein\\\/\"},\"wordCount\":214,\"articleSection\":[\"Gro\u00dffeld\",\"Spielbericht\",\"U17\"],\"inLanguage\":\"de\"},{\"@type\":\"WebPage\",\"@id\":\"https:\\\/\\\/www.jugendfussball-wendelstein.de\\\/wordpress\\\/blues-ziehen-auch-souveraen-in-die-endrunde-der-diesjaehrigen-hkm-ein\\\/\",\"url\":\"https:\\\/\\\/www.jugendfussball-wendelstein.de\\\/wordpress\\\/blues-ziehen-auch-souveraen-in-die-endrunde-der-diesjaehrigen-hkm-ein\\\/\",\"name\":\"\u201eBlues\u201c ziehen auch souver\u00e4n in die Endrunde der diesj\u00e4hrigen HKM ein - JFG Wendelstein\",\"isPartOf\":{\"@id\":\"https:\\\/\\\/www.jugendfussball-wendelstein.de\\\/wordpress\\\/#website\"},\"datePublished\":\"2015-01-19T21:37:08+00:00\",\"author\":{\"@id\":\"https:\\\/\\\/www.jugendfussball-wendelstein.de\\\/wordpress\\\/#\\\/schema\\\/person\\\/75aadcbd4be1b3af1c1d785397472bc9\"},\"breadcrumb\":{\"@id\":\"https:\\\/\\\/www.jugendfussball-wendelstein.de\\\/wordpress\\\/blues-ziehen-auch-souveraen-in-die-endrunde-der-diesjaehrigen-hkm-ein\\\/#breadcrumb\"},\"inLanguage\":\"de\",\"potentialAction\":[{\"@type\":\"ReadAction\",\"target\":[\"https:\\\/\\\/www.jugendfussball-wendelstein.de\\\/wordpress\\\/blues-ziehen-auch-souveraen-in-die-endrunde-der-diesjaehrigen-hkm-ein\\\/\"]}]},{\"@type\":\"BreadcrumbList\",\"@id\":\"https:\\\/\\\/www.jugendfussball-wendelstein.de\\\/wordpress\\\/blues-ziehen-auch-souveraen-in-die-endrunde-der-diesjaehrigen-hkm-ein\\\/#breadcrumb\",\"itemListElement\":[{\"@type\":\"ListItem\",\"position\":1,\"name\":\"Startseite\",\"item\":\"https:\\\/\\\/www.jugendfussball-wendelstein.de\\\/wordpress\\\/\"},{\"@type\":\"ListItem\",\"position\":2,\"name\":\"\u201eBlues\u201c ziehen auch souver\u00e4n in die Endrunde der diesj\u00e4hrigen HKM ein\"}]},{\"@type\":\"WebSite\",\"@id\":\"https:\\\/\\\/www.jugendfussball-wendelstein.de\\\/wordpress\\\/#website\",\"url\":\"https:\\\/\\\/www.jugendfussball-wendelstein.de\\\/wordpress\\\/\",\"name\":\"JFG Wendelstein\",\"description\":\"Juniorenfu\u00dfball\",\"potentialAction\":[{\"@type\":\"SearchAction\",\"target\":{\"@type\":\"EntryPoint\",\"urlTemplate\":\"https:\\\/\\\/www.jugendfussball-wendelstein.de\\\/wordpress\\\/?s={search_term_string}\"},\"query-input\":{\"@type\":\"PropertyValueSpecification\",\"valueRequired\":true,\"valueName\":\"search_term_string\"}}],\"inLanguage\":\"de\"},{\"@type\":\"Person\",\"@id\":\"https:\\\/\\\/www.jugendfussball-wendelstein.de\\\/wordpress\\\/#\\\/schema\\\/person\\\/75aadcbd4be1b3af1c1d785397472bc9\",\"name\":\"Autor\",\"image\":{\"@type\":\"ImageObject\",\"inLanguage\":\"de\",\"@id\":\"https:\\\/\\\/secure.gravatar.com\\\/avatar\\\/01dd9b7f2dc8d635302f1c57c2289838e9fe288acd1c06c8f8ad332b8e2a60c9?s=96&d=mm&r=g\",\"url\":\"https:\\\/\\\/secure.gravatar.com\\\/avatar\\\/01dd9b7f2dc8d635302f1c57c2289838e9fe288acd1c06c8f8ad332b8e2a60c9?s=96&d=mm&r=g\",\"contentUrl\":\"https:\\\/\\\/secure.gravatar.com\\\/avatar\\\/01dd9b7f2dc8d635302f1c57c2289838e9fe288acd1c06c8f8ad332b8e2a60c9?s=96&d=mm&r=g\",\"caption\":\"Autor\"},\"url\":\"https:\\\/\\\/www.jugendfussball-wendelstein.de\\\/wordpress\\\/author\\\/autor\\\/\"}]}<\/script>\n<!-- \/ Yoast SEO plugin. -->","yoast_head_json":{"title":"\u201eBlues\u201c ziehen auch souver\u00e4n in die Endrunde der diesj\u00e4hrigen HKM ein - JFG Wendelstein","robots":{"index":"index","follow":"follow","max-snippet":"max-snippet:-1","max-image-preview":"max-image-preview:large","max-video-preview":"max-video-preview:-1"},"canonical":"https:\/\/www.jugendfussball-wendelstein.de\/wordpress\/blues-ziehen-auch-souveraen-in-die-endrunde-der-diesjaehrigen-hkm-ein\/","og_locale":"de_DE","og_type":"article","og_title":"\u201eBlues\u201c ziehen auch souver\u00e4n in die Endrunde der diesj\u00e4hrigen HKM ein - JFG Wendelstein","og_description":"11.01.2015 : 4 Spiele, 4 Siege bei 14:1 Tore- 2:0 Sieg im \u00dcberkreuzspiel gegen JFG Neumarkt !! In der 3.Runde der HKMS traf man gleich im ersten Spiel erneut auf den FV R\u00f6thenbach\/Altdorf, den man schon in der ersten Runde als Gruppengegner hatte, auch heute war man das klar bessere Team und siegte zum Auftakt [&hellip;]","og_url":"https:\/\/www.jugendfussball-wendelstein.de\/wordpress\/blues-ziehen-auch-souveraen-in-die-endrunde-der-diesjaehrigen-hkm-ein\/","og_site_name":"JFG Wendelstein","article_published_time":"2015-01-19T21:37:08+00:00","author":"Autor","twitter_card":"summary_large_image","twitter_misc":{"Verfasst von":"Autor","Gesch\u00e4tzte Lesezeit":"1\u00a0Minute"},"schema":{"@context":"https:\/\/schema.org","@graph":[{"@type":"Article","@id":"https:\/\/www.jugendfussball-wendelstein.de\/wordpress\/blues-ziehen-auch-souveraen-in-die-endrunde-der-diesjaehrigen-hkm-ein\/#article","isPartOf":{"@id":"https:\/\/www.jugendfussball-wendelstein.de\/wordpress\/blues-ziehen-auch-souveraen-in-die-endrunde-der-diesjaehrigen-hkm-ein\/"},"author":{"name":"Autor","@id":"https:\/\/www.jugendfussball-wendelstein.de\/wordpress\/#\/schema\/person\/75aadcbd4be1b3af1c1d785397472bc9"},"headline":"\u201eBlues\u201c ziehen auch souver\u00e4n in die Endrunde der diesj\u00e4hrigen HKM ein","datePublished":"2015-01-19T21:37:08+00:00","mainEntityOfPage":{"@id":"https:\/\/www.jugendfussball-wendelstein.de\/wordpress\/blues-ziehen-auch-souveraen-in-die-endrunde-der-diesjaehrigen-hkm-ein\/"},"wordCount":214,"articleSection":["Gro\u00dffeld","Spielbericht","U17"],"inLanguage":"de"},{"@type":"WebPage","@id":"https:\/\/www.jugendfussball-wendelstein.de\/wordpress\/blues-ziehen-auch-souveraen-in-die-endrunde-der-diesjaehrigen-hkm-ein\/","url":"https:\/\/www.jugendfussball-wendelstein.de\/wordpress\/blues-ziehen-auch-souveraen-in-die-endrunde-der-diesjaehrigen-hkm-ein\/","name":"\u201eBlues\u201c ziehen auch souver\u00e4n in die Endrunde der diesj\u00e4hrigen HKM ein - JFG Wendelstein","isPartOf":{"@id":"https:\/\/www.jugendfussball-wendelstein.de\/wordpress\/#website"},"datePublished":"2015-01-19T21:37:08+00:00","author":{"@id":"https:\/\/www.jugendfussball-wendelstein.de\/wordpress\/#\/schema\/person\/75aadcbd4be1b3af1c1d785397472bc9"},"breadcrumb":{"@id":"https:\/\/www.jugendfussball-wendelstein.de\/wordpress\/blues-ziehen-auch-souveraen-in-die-endrunde-der-diesjaehrigen-hkm-ein\/#breadcrumb"},"inLanguage":"de","potentialAction":[{"@type":"ReadAction","target":["https:\/\/www.jugendfussball-wendelstein.de\/wordpress\/blues-ziehen-auch-souveraen-in-die-endrunde-der-diesjaehrigen-hkm-ein\/"]}]},{"@type":"BreadcrumbList","@id":"https:\/\/www.jugendfussball-wendelstein.de\/wordpress\/blues-ziehen-auch-souveraen-in-die-endrunde-der-diesjaehrigen-hkm-ein\/#breadcrumb","itemListElement":[{"@type":"ListItem","position":1,"name":"Startseite","item":"https:\/\/www.jugendfussball-wendelstein.de\/wordpress\/"},{"@type":"ListItem","position":2,"name":"\u201eBlues\u201c ziehen auch souver\u00e4n in die Endrunde der diesj\u00e4hrigen HKM ein"}]},{"@type":"WebSite","@id":"https:\/\/www.jugendfussball-wendelstein.de\/wordpress\/#website","url":"https:\/\/www.jugendfussball-wendelstein.de\/wordpress\/","name":"JFG Wendelstein","description":"Juniorenfu\u00dfball","potentialAction":[{"@type":"SearchAction","target":{"@type":"EntryPoint","urlTemplate":"https:\/\/www.jugendfussball-wendelstein.de\/wordpress\/?s={search_term_string}"},"query-input":{"@type":"PropertyValueSpecification","valueRequired":true,"valueName":"search_term_string"}}],"inLanguage":"de"},{"@type":"Person","@id":"https:\/\/www.jugendfussball-wendelstein.de\/wordpress\/#\/schema\/person\/75aadcbd4be1b3af1c1d785397472bc9","name":"Autor","image":{"@type":"ImageObject","inLanguage":"de","@id":"https:\/\/secure.gravatar.com\/avatar\/01dd9b7f2dc8d635302f1c57c2289838e9fe288acd1c06c8f8ad332b8e2a60c9?s=96&d=mm&r=g","url":"https:\/\/secure.gravatar.com\/avatar\/01dd9b7f2dc8d635302f1c57c2289838e9fe288acd1c06c8f8ad332b8e2a60c9?s=96&d=mm&r=g","contentUrl":"https:\/\/secure.gravatar.com\/avatar\/01dd9b7f2dc8d635302f1c57c2289838e9fe288acd1c06c8f8ad332b8e2a60c9?s=96&d=mm&r=g","caption":"Autor"},"url":"https:\/\/www.jugendfussball-wendelstein.de\/wordpress\/author\/autor\/"}]}},"_links":{"self":[{"href":"https:\/\/www.jugendfussball-wendelstein.de\/wordpress\/wp-json\/wp\/v2\/posts\/1938","targetHints":{"allow":["GET"]}}],"collection":[{"href":"https:\/\/www.jugendfussball-wendelstein.de\/wordpress\/wp-json\/wp\/v2\/posts"}],"about":[{"href":"https:\/\/www.jugendfussball-wendelstein.de\/wordpress\/wp-json\/wp\/v2\/types\/post"}],"author":[{"embeddable":true,"href":"https:\/\/www.jugendfussball-wendelstein.de\/wordpress\/wp-json\/wp\/v2\/users\/4"}],"replies":[{"embeddable":true,"href":"https:\/\/www.jugendfussball-wendelstein.de\/wordpress\/wp-json\/wp\/v2\/comments?post=1938"}],"version-history":[{"count":0,"href":"https:\/\/www.jugendfussball-wendelstein.de\/wordpress\/wp-json\/wp\/v2\/posts\/1938\/revisions"}],"wp:attachment":[{"href":"https:\/\/www.jugendfussball-wendelstein.de\/wordpress\/wp-json\/wp\/v2\/media?parent=1938"}],"wp:term":[{"taxonomy":"category","embeddable":true,"href":"https:\/\/www.jugendfussball-wendelstein.de\/wordpress\/wp-json\/wp\/v2\/categories?post=1938"},{"taxonomy":"post_tag","embeddable":true,"href":"https:\/\/www.jugendfussball-wendelstein.de\/wordpress\/wp-json\/wp\/v2\/tags?post=1938"}],"curies":[{"name":"wp","href":"https:\/\/api.w.org\/{rel}","templated":true}]}}