{"id":1940,"date":"2015-01-19T23:38:50","date_gmt":"2015-01-19T21:38:50","guid":{"rendered":"http:\/\/www.jugendfussball-wendelstein.de\/wordpress\/?p=1940"},"modified":"2015-01-19T23:38:50","modified_gmt":"2015-01-19T21:38:50","slug":"blues-mit-gutem-dritten-platz-in-erlangen","status":"publish","type":"post","link":"https:\/\/www.jugendfussball-wendelstein.de\/wordpress\/blues-mit-gutem-dritten-platz-in-erlangen\/","title":{"rendered":"\u201eBlues\u201c  mit gutem dritten Platz in Erlangen"},"content":{"rendered":"<p>17.01.2015 : \u201eBlues\u201c\u00a0 mit gutem dritten Platz in Erlangen.<\/p>\n<p>Starkes Teilnehmerfeld, auch diesmal vertrat man seine Farben gut !!<\/p>\n<p>Zwar konnte man heute nicht ganz an die letzten starken Auftritte in der Halle ankn\u00fcpfen, dennoch zeigte man in einem starken Teilnehmerfeld zum Teil gute Ans\u00e4tze und zeigte auch heute, dass man im Konzert der gro\u00dfen mithalten kann. Bereits im ersten Spiel sah man die Schwierigkeiten , was uns heute das Leben schwer machte \u2013 fehlende Laufbereitschaft und mangelnde Konzentration mancher Spieler. Trotzdem konnte man das erste Spiel gegen den Bezirksoberligisten JFG Rangau dank zweier Traumtore von Marcel mit 2:1 gewinnen. Auch im zweiten Spiel tat man sich gegen einen gut organisierten Gastgeber schwer, aber auch hier zeigte man gute Moral und siegte durch Tore von Jonas P., Leon und Tom mit 3:1. Damit hatte man das Halbfinale gebucht, was in diesem Teilnehmerfeld eine tolle Sache ist. Im letzten Spiel der Vorrunde konnte man seine guten Chancen nicht verwerten und zeigte in der Defensive ungewohnte Schw\u00e4chen, man verlor erst sein 4.Spiel im 8.Turnier dieser Hallensaison gegen einen technisch guten Bezirksoberligisten vom SV 73 S\u00fcd N\u00fcrnberg mit 1:2. Somit traf man als Gruppenzweiter im ersten Halbfinale auf den Landesligisten SC Eltersdorf, hier absolvierste man sein bestes Spiel an diesem Tag, gut organisiert machte man dem Favoriten das Leben schwer. Ein klares Chancenplus konnte man nicht nutzen, der SCE hatte einen ganz starken Keeper im Tor der alles was auf sein Tor kam zu kl\u00e4ren wusste, wie eine Wand. Hinten machte man den entscheidenden Fehler und so verlor man ungl\u00fccklich mit 0:1. Im Spiel um Platz drei tarf man wieder auf die S\u00fcder , die im zweiten HF gegen den Bayernligisten FSV Erlangen-Bruck nach 7-m Schie\u00dfen verloren. Diesmal stellte man sich besser ein auf den Gegner und kontrollierte dieses Geschehen \u00fcber acht Minuten. Folge, man konnte durch Tore von Oli S., Maxi R. und Jonas G. mit 3:1 in F\u00fchrung gehen, am Ende verlor man aber wieder etwas die Ordnung und S\u00fcd schaffte noch das 3:3 \u2013 im abschlie\u00dfenden 7-m Schie\u00dfen hatte man die besseren Nerven und gewann mit 6:4. Es war alles in allem eine ordentliche Leistung, aber nicht die beste. Zudem muss man lernen zu respektieren das auch der Gegner Fu\u00dfball spielt und eine Niederlage gegen einen h\u00f6her klassig spielende Mannschaft ist mit Sicherheit kein Beinbruch sondern man muss seine Lehren daraus ziehen, und ein dritter Platz in diesem Teilnehmerfeld ist aller Ehren wert Jungs. Jetzt gut vorbereiten und sich freuen auf die Endrunde der HKMS am 01.02.in Neumarkt.<\/p>\n<p>1.Platz: SC Eltersdorf (Landesliga)<\/p>\n<p>2.Platz: FSV Erlangen Bruck (Bayernliga)<\/p>\n<p>3.Platz: JFG Wendelstein (Kreisliga)<\/p>\n<p>4.Platz: SV 73 S\u00fcd N\u00fcrnberg (Bezirksoberliga)<\/p>\n<p>5.Platz: SpVgg Erlangen 2 (Kreisliga)<\/p>\n<p>6.Platz: ASV Neumarkt (Bezirksoberliga)<\/p>\n<p>7.Platz: JFG Rangau (Bezirksoberliga)<\/p>\n<p>8.Platz: SpVgg Erlangen 1 (Kreisliga)<\/p>\n","protected":false},"excerpt":{"rendered":"<p>17.01.2015 : \u201eBlues\u201c\u00a0 mit gutem dritten Platz in Erlangen. Starkes Teilnehmerfeld, auch diesmal vertrat man seine Farben gut !! Zwar konnte man heute nicht ganz an die letzten starken Auftritte in der Halle ankn\u00fcpfen, dennoch zeigte man in einem starken Teilnehmerfeld zum Teil gute Ans\u00e4tze und zeigte auch heute, dass man im Konzert der gro\u00dfen [&hellip;]<\/p>\n","protected":false},"author":4,"featured_media":0,"comment_status":"closed","ping_status":"closed","sticky":false,"template":"","format":"standard","meta":{"saved_in_kubio":false,"footnotes":""},"categories":[2,16,21],"tags":[],"class_list":["post-1940","post","type-post","status-publish","format-standard","hentry","category-gf","category-spielbericht","category-u17"],"yoast_head":"<!-- This site is optimized with the Yoast SEO plugin v27.4 - https:\/\/yoast.com\/product\/yoast-seo-wordpress\/ -->\n<title>\u201eBlues\u201c mit gutem dritten Platz in Erlangen - JFG Wendelstein<\/title>\n<meta name=\"robots\" content=\"index, follow, max-snippet:-1, max-image-preview:large, max-video-preview:-1\" \/>\n<link rel=\"canonical\" href=\"https:\/\/www.jugendfussball-wendelstein.de\/wordpress\/blues-mit-gutem-dritten-platz-in-erlangen\/\" \/>\n<meta property=\"og:locale\" content=\"de_DE\" \/>\n<meta property=\"og:type\" content=\"article\" \/>\n<meta property=\"og:title\" content=\"\u201eBlues\u201c mit gutem dritten Platz in Erlangen - JFG Wendelstein\" \/>\n<meta property=\"og:description\" content=\"17.01.2015 : \u201eBlues\u201c\u00a0 mit gutem dritten Platz in Erlangen. Starkes Teilnehmerfeld, auch diesmal vertrat man seine Farben gut !! Zwar konnte man heute nicht ganz an die letzten starken Auftritte in der Halle ankn\u00fcpfen, dennoch zeigte man in einem starken Teilnehmerfeld zum Teil gute Ans\u00e4tze und zeigte auch heute, dass man im Konzert der gro\u00dfen [&hellip;]\" \/>\n<meta property=\"og:url\" content=\"https:\/\/www.jugendfussball-wendelstein.de\/wordpress\/blues-mit-gutem-dritten-platz-in-erlangen\/\" \/>\n<meta property=\"og:site_name\" content=\"JFG Wendelstein\" \/>\n<meta property=\"article:published_time\" content=\"2015-01-19T21:38:50+00:00\" \/>\n<meta name=\"author\" content=\"Autor\" \/>\n<meta name=\"twitter:card\" content=\"summary_large_image\" \/>\n<meta name=\"twitter:label1\" content=\"Verfasst von\" \/>\n\t<meta name=\"twitter:data1\" content=\"Autor\" \/>\n\t<meta name=\"twitter:label2\" content=\"Gesch\u00e4tzte Lesezeit\" \/>\n\t<meta name=\"twitter:data2\" content=\"2\u00a0Minuten\" \/>\n<script type=\"application\/ld+json\" class=\"yoast-schema-graph\">{\"@context\":\"https:\\\/\\\/schema.org\",\"@graph\":[{\"@type\":\"Article\",\"@id\":\"https:\\\/\\\/www.jugendfussball-wendelstein.de\\\/wordpress\\\/blues-mit-gutem-dritten-platz-in-erlangen\\\/#article\",\"isPartOf\":{\"@id\":\"https:\\\/\\\/www.jugendfussball-wendelstein.de\\\/wordpress\\\/blues-mit-gutem-dritten-platz-in-erlangen\\\/\"},\"author\":{\"name\":\"Autor\",\"@id\":\"https:\\\/\\\/www.jugendfussball-wendelstein.de\\\/wordpress\\\/#\\\/schema\\\/person\\\/75aadcbd4be1b3af1c1d785397472bc9\"},\"headline\":\"\u201eBlues\u201c mit gutem dritten Platz in Erlangen\",\"datePublished\":\"2015-01-19T21:38:50+00:00\",\"mainEntityOfPage\":{\"@id\":\"https:\\\/\\\/www.jugendfussball-wendelstein.de\\\/wordpress\\\/blues-mit-gutem-dritten-platz-in-erlangen\\\/\"},\"wordCount\":462,\"articleSection\":[\"Gro\u00dffeld\",\"Spielbericht\",\"U17\"],\"inLanguage\":\"de\"},{\"@type\":\"WebPage\",\"@id\":\"https:\\\/\\\/www.jugendfussball-wendelstein.de\\\/wordpress\\\/blues-mit-gutem-dritten-platz-in-erlangen\\\/\",\"url\":\"https:\\\/\\\/www.jugendfussball-wendelstein.de\\\/wordpress\\\/blues-mit-gutem-dritten-platz-in-erlangen\\\/\",\"name\":\"\u201eBlues\u201c mit gutem dritten Platz in Erlangen - JFG Wendelstein\",\"isPartOf\":{\"@id\":\"https:\\\/\\\/www.jugendfussball-wendelstein.de\\\/wordpress\\\/#website\"},\"datePublished\":\"2015-01-19T21:38:50+00:00\",\"author\":{\"@id\":\"https:\\\/\\\/www.jugendfussball-wendelstein.de\\\/wordpress\\\/#\\\/schema\\\/person\\\/75aadcbd4be1b3af1c1d785397472bc9\"},\"breadcrumb\":{\"@id\":\"https:\\\/\\\/www.jugendfussball-wendelstein.de\\\/wordpress\\\/blues-mit-gutem-dritten-platz-in-erlangen\\\/#breadcrumb\"},\"inLanguage\":\"de\",\"potentialAction\":[{\"@type\":\"ReadAction\",\"target\":[\"https:\\\/\\\/www.jugendfussball-wendelstein.de\\\/wordpress\\\/blues-mit-gutem-dritten-platz-in-erlangen\\\/\"]}]},{\"@type\":\"BreadcrumbList\",\"@id\":\"https:\\\/\\\/www.jugendfussball-wendelstein.de\\\/wordpress\\\/blues-mit-gutem-dritten-platz-in-erlangen\\\/#breadcrumb\",\"itemListElement\":[{\"@type\":\"ListItem\",\"position\":1,\"name\":\"Startseite\",\"item\":\"https:\\\/\\\/www.jugendfussball-wendelstein.de\\\/wordpress\\\/\"},{\"@type\":\"ListItem\",\"position\":2,\"name\":\"\u201eBlues\u201c mit gutem dritten Platz in Erlangen\"}]},{\"@type\":\"WebSite\",\"@id\":\"https:\\\/\\\/www.jugendfussball-wendelstein.de\\\/wordpress\\\/#website\",\"url\":\"https:\\\/\\\/www.jugendfussball-wendelstein.de\\\/wordpress\\\/\",\"name\":\"JFG Wendelstein\",\"description\":\"Juniorenfu\u00dfball\",\"potentialAction\":[{\"@type\":\"SearchAction\",\"target\":{\"@type\":\"EntryPoint\",\"urlTemplate\":\"https:\\\/\\\/www.jugendfussball-wendelstein.de\\\/wordpress\\\/?s={search_term_string}\"},\"query-input\":{\"@type\":\"PropertyValueSpecification\",\"valueRequired\":true,\"valueName\":\"search_term_string\"}}],\"inLanguage\":\"de\"},{\"@type\":\"Person\",\"@id\":\"https:\\\/\\\/www.jugendfussball-wendelstein.de\\\/wordpress\\\/#\\\/schema\\\/person\\\/75aadcbd4be1b3af1c1d785397472bc9\",\"name\":\"Autor\",\"image\":{\"@type\":\"ImageObject\",\"inLanguage\":\"de\",\"@id\":\"https:\\\/\\\/secure.gravatar.com\\\/avatar\\\/01dd9b7f2dc8d635302f1c57c2289838e9fe288acd1c06c8f8ad332b8e2a60c9?s=96&d=mm&r=g\",\"url\":\"https:\\\/\\\/secure.gravatar.com\\\/avatar\\\/01dd9b7f2dc8d635302f1c57c2289838e9fe288acd1c06c8f8ad332b8e2a60c9?s=96&d=mm&r=g\",\"contentUrl\":\"https:\\\/\\\/secure.gravatar.com\\\/avatar\\\/01dd9b7f2dc8d635302f1c57c2289838e9fe288acd1c06c8f8ad332b8e2a60c9?s=96&d=mm&r=g\",\"caption\":\"Autor\"},\"url\":\"https:\\\/\\\/www.jugendfussball-wendelstein.de\\\/wordpress\\\/author\\\/autor\\\/\"}]}<\/script>\n<!-- \/ Yoast SEO plugin. -->","yoast_head_json":{"title":"\u201eBlues\u201c mit gutem dritten Platz in Erlangen - JFG Wendelstein","robots":{"index":"index","follow":"follow","max-snippet":"max-snippet:-1","max-image-preview":"max-image-preview:large","max-video-preview":"max-video-preview:-1"},"canonical":"https:\/\/www.jugendfussball-wendelstein.de\/wordpress\/blues-mit-gutem-dritten-platz-in-erlangen\/","og_locale":"de_DE","og_type":"article","og_title":"\u201eBlues\u201c mit gutem dritten Platz in Erlangen - JFG Wendelstein","og_description":"17.01.2015 : \u201eBlues\u201c\u00a0 mit gutem dritten Platz in Erlangen. Starkes Teilnehmerfeld, auch diesmal vertrat man seine Farben gut !! Zwar konnte man heute nicht ganz an die letzten starken Auftritte in der Halle ankn\u00fcpfen, dennoch zeigte man in einem starken Teilnehmerfeld zum Teil gute Ans\u00e4tze und zeigte auch heute, dass man im Konzert der gro\u00dfen [&hellip;]","og_url":"https:\/\/www.jugendfussball-wendelstein.de\/wordpress\/blues-mit-gutem-dritten-platz-in-erlangen\/","og_site_name":"JFG Wendelstein","article_published_time":"2015-01-19T21:38:50+00:00","author":"Autor","twitter_card":"summary_large_image","twitter_misc":{"Verfasst von":"Autor","Gesch\u00e4tzte Lesezeit":"2\u00a0Minuten"},"schema":{"@context":"https:\/\/schema.org","@graph":[{"@type":"Article","@id":"https:\/\/www.jugendfussball-wendelstein.de\/wordpress\/blues-mit-gutem-dritten-platz-in-erlangen\/#article","isPartOf":{"@id":"https:\/\/www.jugendfussball-wendelstein.de\/wordpress\/blues-mit-gutem-dritten-platz-in-erlangen\/"},"author":{"name":"Autor","@id":"https:\/\/www.jugendfussball-wendelstein.de\/wordpress\/#\/schema\/person\/75aadcbd4be1b3af1c1d785397472bc9"},"headline":"\u201eBlues\u201c mit gutem dritten Platz in Erlangen","datePublished":"2015-01-19T21:38:50+00:00","mainEntityOfPage":{"@id":"https:\/\/www.jugendfussball-wendelstein.de\/wordpress\/blues-mit-gutem-dritten-platz-in-erlangen\/"},"wordCount":462,"articleSection":["Gro\u00dffeld","Spielbericht","U17"],"inLanguage":"de"},{"@type":"WebPage","@id":"https:\/\/www.jugendfussball-wendelstein.de\/wordpress\/blues-mit-gutem-dritten-platz-in-erlangen\/","url":"https:\/\/www.jugendfussball-wendelstein.de\/wordpress\/blues-mit-gutem-dritten-platz-in-erlangen\/","name":"\u201eBlues\u201c mit gutem dritten Platz in Erlangen - JFG Wendelstein","isPartOf":{"@id":"https:\/\/www.jugendfussball-wendelstein.de\/wordpress\/#website"},"datePublished":"2015-01-19T21:38:50+00:00","author":{"@id":"https:\/\/www.jugendfussball-wendelstein.de\/wordpress\/#\/schema\/person\/75aadcbd4be1b3af1c1d785397472bc9"},"breadcrumb":{"@id":"https:\/\/www.jugendfussball-wendelstein.de\/wordpress\/blues-mit-gutem-dritten-platz-in-erlangen\/#breadcrumb"},"inLanguage":"de","potentialAction":[{"@type":"ReadAction","target":["https:\/\/www.jugendfussball-wendelstein.de\/wordpress\/blues-mit-gutem-dritten-platz-in-erlangen\/"]}]},{"@type":"BreadcrumbList","@id":"https:\/\/www.jugendfussball-wendelstein.de\/wordpress\/blues-mit-gutem-dritten-platz-in-erlangen\/#breadcrumb","itemListElement":[{"@type":"ListItem","position":1,"name":"Startseite","item":"https:\/\/www.jugendfussball-wendelstein.de\/wordpress\/"},{"@type":"ListItem","position":2,"name":"\u201eBlues\u201c mit gutem dritten Platz in Erlangen"}]},{"@type":"WebSite","@id":"https:\/\/www.jugendfussball-wendelstein.de\/wordpress\/#website","url":"https:\/\/www.jugendfussball-wendelstein.de\/wordpress\/","name":"JFG Wendelstein","description":"Juniorenfu\u00dfball","potentialAction":[{"@type":"SearchAction","target":{"@type":"EntryPoint","urlTemplate":"https:\/\/www.jugendfussball-wendelstein.de\/wordpress\/?s={search_term_string}"},"query-input":{"@type":"PropertyValueSpecification","valueRequired":true,"valueName":"search_term_string"}}],"inLanguage":"de"},{"@type":"Person","@id":"https:\/\/www.jugendfussball-wendelstein.de\/wordpress\/#\/schema\/person\/75aadcbd4be1b3af1c1d785397472bc9","name":"Autor","image":{"@type":"ImageObject","inLanguage":"de","@id":"https:\/\/secure.gravatar.com\/avatar\/01dd9b7f2dc8d635302f1c57c2289838e9fe288acd1c06c8f8ad332b8e2a60c9?s=96&d=mm&r=g","url":"https:\/\/secure.gravatar.com\/avatar\/01dd9b7f2dc8d635302f1c57c2289838e9fe288acd1c06c8f8ad332b8e2a60c9?s=96&d=mm&r=g","contentUrl":"https:\/\/secure.gravatar.com\/avatar\/01dd9b7f2dc8d635302f1c57c2289838e9fe288acd1c06c8f8ad332b8e2a60c9?s=96&d=mm&r=g","caption":"Autor"},"url":"https:\/\/www.jugendfussball-wendelstein.de\/wordpress\/author\/autor\/"}]}},"_links":{"self":[{"href":"https:\/\/www.jugendfussball-wendelstein.de\/wordpress\/wp-json\/wp\/v2\/posts\/1940","targetHints":{"allow":["GET"]}}],"collection":[{"href":"https:\/\/www.jugendfussball-wendelstein.de\/wordpress\/wp-json\/wp\/v2\/posts"}],"about":[{"href":"https:\/\/www.jugendfussball-wendelstein.de\/wordpress\/wp-json\/wp\/v2\/types\/post"}],"author":[{"embeddable":true,"href":"https:\/\/www.jugendfussball-wendelstein.de\/wordpress\/wp-json\/wp\/v2\/users\/4"}],"replies":[{"embeddable":true,"href":"https:\/\/www.jugendfussball-wendelstein.de\/wordpress\/wp-json\/wp\/v2\/comments?post=1940"}],"version-history":[{"count":0,"href":"https:\/\/www.jugendfussball-wendelstein.de\/wordpress\/wp-json\/wp\/v2\/posts\/1940\/revisions"}],"wp:attachment":[{"href":"https:\/\/www.jugendfussball-wendelstein.de\/wordpress\/wp-json\/wp\/v2\/media?parent=1940"}],"wp:term":[{"taxonomy":"category","embeddable":true,"href":"https:\/\/www.jugendfussball-wendelstein.de\/wordpress\/wp-json\/wp\/v2\/categories?post=1940"},{"taxonomy":"post_tag","embeddable":true,"href":"https:\/\/www.jugendfussball-wendelstein.de\/wordpress\/wp-json\/wp\/v2\/tags?post=1940"}],"curies":[{"name":"wp","href":"https:\/\/api.w.org\/{rel}","templated":true}]}}