{"id":1960,"date":"2015-02-06T22:18:28","date_gmt":"2015-02-06T20:18:28","guid":{"rendered":"http:\/\/www.jugendfussball-wendelstein.de\/wordpress\/?p=1960"},"modified":"2015-02-06T22:18:28","modified_gmt":"2015-02-06T20:18:28","slug":"endrunde-futsal-hallenkreismeisterschaft-nmkt-jura-3-platz","status":"publish","type":"post","link":"https:\/\/www.jugendfussball-wendelstein.de\/wordpress\/endrunde-futsal-hallenkreismeisterschaft-nmkt-jura-3-platz\/","title":{"rendered":"Endrunde Futsal Hallenkreismeisterschaft Nmkt.\/Jura -3.Platz"},"content":{"rendered":"<p>31.01.2015 :\u00a0Mit den Worten &#8222;Als Titelverteidiger und Favorit ist das doch Euer Turnier heute&#8220; begr\u00fc\u00dfte mich der Juniorenleiter der SpVgg Greuther F\u00fcrth auf der Trib\u00fcne. Nach dem Turnier sah das ganze jedoch etwas anders aus. Dazwischen war ein Turnier mit Spielverl\u00e4ufen, die wenig aufregend, aber sehr deutlich von taktischen Vorgaben gepr\u00e4gt waren. Praktisch alle Teams agierten im 3-1 System, machten vor dem eigenen Tor &#8222;dicht&#8220; und warfen bei Balleroberung zumindest einen Spieler (und auch den Ball) nach vorne. Die taktische Ausnahme war an dieser Endrunde unsere U15. Wir haben versucht, offensiven und torhungrigen Fussball zu spielen und haben uns letztendlich damit selbst geschlagen. Im ersten Spiel gegen den TSV Weissenburg rannten unsere Jungs gegen eine Betonwand an. Ein wenig ansehnliches Spiel. Der JFG Wendelstein fehlten wegen falschen Laufwegen und mangelhafter Zielstrebigkeit in der &#8222;Fu\u00dfg\u00e4ngerzone&#8220; vor dem Weissenburger Tor die Mittel, um diesen Riegel zu knacken. Im zweiten Gruppenspiel gegen die \u00fcberforderte JFG Sulzachtal schossen unsere Jungs dann einen 9:0 Kantersieg heraus. Damit war Wendelstein Gruppenerster und musste im Halbfinale gegen den Liga-Rivalen JFG Franken-Jura ins Rennen. Auch in diesem Spiel \u00fcberzeugte im Ergebnis das &#8222;geschlossene Visier&#8220;. Die Jura-Franken verteidigten tief und geschickt und versuchten die spielerische \u00dcberlegenheit der JFG Wendelstein nach Balleroberungen mit schnellen Kontern zu knacken. Das gelang auch zweimal, nachdem unsere Jungs wiederum recht halbherzig verteidigten und jeweils nach 15m Solol\u00e4ufen das Nachsehen hatten. Der Anschlu\u00df zum 1:2 kam sp\u00e4t und in der etwas hektischen Endphase verschossen unsere Jungs auch noch kurz vor Spielende einen 10m. Letztendlich gelang es uns nicht, aus 4-5 hochkar\u00e4tigen Torchancen und viel Ballbesitz mehr Treffer zu erzielen, w\u00e4hrend die Jura-Franken aus Ihren zwei M\u00f6glichkeiten eben sehr effektiv zwei Treffer markierten und somit verdient das Finale erreichten. Im Spiel um die goldene Ananas bestaunten wir nun wieder den Weissenburger Omnibus. Man h\u00e4tte das Spiel filmen sollen. Nach gef\u00fchlten 90% Ballbesitz setzten wir uns dennoch mit 1:0 durch. Als Fazit bleibt meine Antwort gegen\u00fcber dem Juniorenleiter der SGF stehen: &#8222;Jedes Spiel muss erst gespielt werden&#8230;&#8220; Kopf hoch Jungs ! Selten hat eine Mannschaft es geschafft, mit den meisten Toren und wenigsten Gegentreffern Platz 3 zu erreichen \ud83d\ude09 und lila Strumpfstutzen sind geil !<\/p>\n","protected":false},"excerpt":{"rendered":"<p>31.01.2015 :\u00a0Mit den Worten &#8222;Als Titelverteidiger und Favorit ist das doch Euer Turnier heute&#8220; begr\u00fc\u00dfte mich der Juniorenleiter der SpVgg Greuther F\u00fcrth auf der Trib\u00fcne. Nach dem Turnier sah das ganze jedoch etwas anders aus. Dazwischen war ein Turnier mit Spielverl\u00e4ufen, die wenig aufregend, aber sehr deutlich von taktischen Vorgaben gepr\u00e4gt waren. Praktisch alle Teams [&hellip;]<\/p>\n","protected":false},"author":4,"featured_media":0,"comment_status":"closed","ping_status":"closed","sticky":false,"template":"","format":"standard","meta":{"saved_in_kubio":false,"footnotes":""},"categories":[2,16,17],"tags":[],"class_list":["post-1960","post","type-post","status-publish","format-standard","hentry","category-gf","category-spielbericht","category-u15"],"yoast_head":"<!-- This site is optimized with the Yoast SEO plugin v27.4 - https:\/\/yoast.com\/product\/yoast-seo-wordpress\/ -->\n<title>Endrunde Futsal Hallenkreismeisterschaft Nmkt.\/Jura -3.Platz - JFG Wendelstein<\/title>\n<meta name=\"robots\" content=\"index, follow, max-snippet:-1, max-image-preview:large, max-video-preview:-1\" \/>\n<link rel=\"canonical\" href=\"https:\/\/www.jugendfussball-wendelstein.de\/wordpress\/endrunde-futsal-hallenkreismeisterschaft-nmkt-jura-3-platz\/\" \/>\n<meta property=\"og:locale\" content=\"de_DE\" \/>\n<meta property=\"og:type\" content=\"article\" \/>\n<meta property=\"og:title\" content=\"Endrunde Futsal Hallenkreismeisterschaft Nmkt.\/Jura -3.Platz - JFG Wendelstein\" \/>\n<meta property=\"og:description\" content=\"31.01.2015 :\u00a0Mit den Worten &#8222;Als Titelverteidiger und Favorit ist das doch Euer Turnier heute&#8220; begr\u00fc\u00dfte mich der Juniorenleiter der SpVgg Greuther F\u00fcrth auf der Trib\u00fcne. Nach dem Turnier sah das ganze jedoch etwas anders aus. Dazwischen war ein Turnier mit Spielverl\u00e4ufen, die wenig aufregend, aber sehr deutlich von taktischen Vorgaben gepr\u00e4gt waren. Praktisch alle Teams [&hellip;]\" \/>\n<meta property=\"og:url\" content=\"https:\/\/www.jugendfussball-wendelstein.de\/wordpress\/endrunde-futsal-hallenkreismeisterschaft-nmkt-jura-3-platz\/\" \/>\n<meta property=\"og:site_name\" content=\"JFG Wendelstein\" \/>\n<meta property=\"article:published_time\" content=\"2015-02-06T20:18:28+00:00\" \/>\n<meta name=\"author\" content=\"Autor\" \/>\n<meta name=\"twitter:card\" content=\"summary_large_image\" \/>\n<meta name=\"twitter:label1\" content=\"Verfasst von\" \/>\n\t<meta name=\"twitter:data1\" content=\"Autor\" \/>\n\t<meta name=\"twitter:label2\" content=\"Gesch\u00e4tzte Lesezeit\" \/>\n\t<meta name=\"twitter:data2\" content=\"2\u00a0Minuten\" \/>\n<script type=\"application\/ld+json\" class=\"yoast-schema-graph\">{\"@context\":\"https:\\\/\\\/schema.org\",\"@graph\":[{\"@type\":\"Article\",\"@id\":\"https:\\\/\\\/www.jugendfussball-wendelstein.de\\\/wordpress\\\/endrunde-futsal-hallenkreismeisterschaft-nmkt-jura-3-platz\\\/#article\",\"isPartOf\":{\"@id\":\"https:\\\/\\\/www.jugendfussball-wendelstein.de\\\/wordpress\\\/endrunde-futsal-hallenkreismeisterschaft-nmkt-jura-3-platz\\\/\"},\"author\":{\"name\":\"Autor\",\"@id\":\"https:\\\/\\\/www.jugendfussball-wendelstein.de\\\/wordpress\\\/#\\\/schema\\\/person\\\/75aadcbd4be1b3af1c1d785397472bc9\"},\"headline\":\"Endrunde Futsal Hallenkreismeisterschaft Nmkt.\\\/Jura -3.Platz\",\"datePublished\":\"2015-02-06T20:18:28+00:00\",\"mainEntityOfPage\":{\"@id\":\"https:\\\/\\\/www.jugendfussball-wendelstein.de\\\/wordpress\\\/endrunde-futsal-hallenkreismeisterschaft-nmkt-jura-3-platz\\\/\"},\"wordCount\":372,\"articleSection\":[\"Gro\u00dffeld\",\"Spielbericht\",\"U15\"],\"inLanguage\":\"de\"},{\"@type\":\"WebPage\",\"@id\":\"https:\\\/\\\/www.jugendfussball-wendelstein.de\\\/wordpress\\\/endrunde-futsal-hallenkreismeisterschaft-nmkt-jura-3-platz\\\/\",\"url\":\"https:\\\/\\\/www.jugendfussball-wendelstein.de\\\/wordpress\\\/endrunde-futsal-hallenkreismeisterschaft-nmkt-jura-3-platz\\\/\",\"name\":\"Endrunde Futsal Hallenkreismeisterschaft Nmkt.\\\/Jura -3.Platz - JFG Wendelstein\",\"isPartOf\":{\"@id\":\"https:\\\/\\\/www.jugendfussball-wendelstein.de\\\/wordpress\\\/#website\"},\"datePublished\":\"2015-02-06T20:18:28+00:00\",\"author\":{\"@id\":\"https:\\\/\\\/www.jugendfussball-wendelstein.de\\\/wordpress\\\/#\\\/schema\\\/person\\\/75aadcbd4be1b3af1c1d785397472bc9\"},\"breadcrumb\":{\"@id\":\"https:\\\/\\\/www.jugendfussball-wendelstein.de\\\/wordpress\\\/endrunde-futsal-hallenkreismeisterschaft-nmkt-jura-3-platz\\\/#breadcrumb\"},\"inLanguage\":\"de\",\"potentialAction\":[{\"@type\":\"ReadAction\",\"target\":[\"https:\\\/\\\/www.jugendfussball-wendelstein.de\\\/wordpress\\\/endrunde-futsal-hallenkreismeisterschaft-nmkt-jura-3-platz\\\/\"]}]},{\"@type\":\"BreadcrumbList\",\"@id\":\"https:\\\/\\\/www.jugendfussball-wendelstein.de\\\/wordpress\\\/endrunde-futsal-hallenkreismeisterschaft-nmkt-jura-3-platz\\\/#breadcrumb\",\"itemListElement\":[{\"@type\":\"ListItem\",\"position\":1,\"name\":\"Startseite\",\"item\":\"https:\\\/\\\/www.jugendfussball-wendelstein.de\\\/wordpress\\\/\"},{\"@type\":\"ListItem\",\"position\":2,\"name\":\"Endrunde Futsal Hallenkreismeisterschaft Nmkt.\\\/Jura -3.Platz\"}]},{\"@type\":\"WebSite\",\"@id\":\"https:\\\/\\\/www.jugendfussball-wendelstein.de\\\/wordpress\\\/#website\",\"url\":\"https:\\\/\\\/www.jugendfussball-wendelstein.de\\\/wordpress\\\/\",\"name\":\"JFG Wendelstein\",\"description\":\"Juniorenfu\u00dfball\",\"potentialAction\":[{\"@type\":\"SearchAction\",\"target\":{\"@type\":\"EntryPoint\",\"urlTemplate\":\"https:\\\/\\\/www.jugendfussball-wendelstein.de\\\/wordpress\\\/?s={search_term_string}\"},\"query-input\":{\"@type\":\"PropertyValueSpecification\",\"valueRequired\":true,\"valueName\":\"search_term_string\"}}],\"inLanguage\":\"de\"},{\"@type\":\"Person\",\"@id\":\"https:\\\/\\\/www.jugendfussball-wendelstein.de\\\/wordpress\\\/#\\\/schema\\\/person\\\/75aadcbd4be1b3af1c1d785397472bc9\",\"name\":\"Autor\",\"image\":{\"@type\":\"ImageObject\",\"inLanguage\":\"de\",\"@id\":\"https:\\\/\\\/secure.gravatar.com\\\/avatar\\\/01dd9b7f2dc8d635302f1c57c2289838e9fe288acd1c06c8f8ad332b8e2a60c9?s=96&d=mm&r=g\",\"url\":\"https:\\\/\\\/secure.gravatar.com\\\/avatar\\\/01dd9b7f2dc8d635302f1c57c2289838e9fe288acd1c06c8f8ad332b8e2a60c9?s=96&d=mm&r=g\",\"contentUrl\":\"https:\\\/\\\/secure.gravatar.com\\\/avatar\\\/01dd9b7f2dc8d635302f1c57c2289838e9fe288acd1c06c8f8ad332b8e2a60c9?s=96&d=mm&r=g\",\"caption\":\"Autor\"},\"url\":\"https:\\\/\\\/www.jugendfussball-wendelstein.de\\\/wordpress\\\/author\\\/autor\\\/\"}]}<\/script>\n<!-- \/ Yoast SEO plugin. -->","yoast_head_json":{"title":"Endrunde Futsal Hallenkreismeisterschaft Nmkt.\/Jura -3.Platz - JFG Wendelstein","robots":{"index":"index","follow":"follow","max-snippet":"max-snippet:-1","max-image-preview":"max-image-preview:large","max-video-preview":"max-video-preview:-1"},"canonical":"https:\/\/www.jugendfussball-wendelstein.de\/wordpress\/endrunde-futsal-hallenkreismeisterschaft-nmkt-jura-3-platz\/","og_locale":"de_DE","og_type":"article","og_title":"Endrunde Futsal Hallenkreismeisterschaft Nmkt.\/Jura -3.Platz - JFG Wendelstein","og_description":"31.01.2015 :\u00a0Mit den Worten &#8222;Als Titelverteidiger und Favorit ist das doch Euer Turnier heute&#8220; begr\u00fc\u00dfte mich der Juniorenleiter der SpVgg Greuther F\u00fcrth auf der Trib\u00fcne. Nach dem Turnier sah das ganze jedoch etwas anders aus. Dazwischen war ein Turnier mit Spielverl\u00e4ufen, die wenig aufregend, aber sehr deutlich von taktischen Vorgaben gepr\u00e4gt waren. Praktisch alle Teams [&hellip;]","og_url":"https:\/\/www.jugendfussball-wendelstein.de\/wordpress\/endrunde-futsal-hallenkreismeisterschaft-nmkt-jura-3-platz\/","og_site_name":"JFG Wendelstein","article_published_time":"2015-02-06T20:18:28+00:00","author":"Autor","twitter_card":"summary_large_image","twitter_misc":{"Verfasst von":"Autor","Gesch\u00e4tzte Lesezeit":"2\u00a0Minuten"},"schema":{"@context":"https:\/\/schema.org","@graph":[{"@type":"Article","@id":"https:\/\/www.jugendfussball-wendelstein.de\/wordpress\/endrunde-futsal-hallenkreismeisterschaft-nmkt-jura-3-platz\/#article","isPartOf":{"@id":"https:\/\/www.jugendfussball-wendelstein.de\/wordpress\/endrunde-futsal-hallenkreismeisterschaft-nmkt-jura-3-platz\/"},"author":{"name":"Autor","@id":"https:\/\/www.jugendfussball-wendelstein.de\/wordpress\/#\/schema\/person\/75aadcbd4be1b3af1c1d785397472bc9"},"headline":"Endrunde Futsal Hallenkreismeisterschaft Nmkt.\/Jura -3.Platz","datePublished":"2015-02-06T20:18:28+00:00","mainEntityOfPage":{"@id":"https:\/\/www.jugendfussball-wendelstein.de\/wordpress\/endrunde-futsal-hallenkreismeisterschaft-nmkt-jura-3-platz\/"},"wordCount":372,"articleSection":["Gro\u00dffeld","Spielbericht","U15"],"inLanguage":"de"},{"@type":"WebPage","@id":"https:\/\/www.jugendfussball-wendelstein.de\/wordpress\/endrunde-futsal-hallenkreismeisterschaft-nmkt-jura-3-platz\/","url":"https:\/\/www.jugendfussball-wendelstein.de\/wordpress\/endrunde-futsal-hallenkreismeisterschaft-nmkt-jura-3-platz\/","name":"Endrunde Futsal Hallenkreismeisterschaft Nmkt.\/Jura -3.Platz - JFG Wendelstein","isPartOf":{"@id":"https:\/\/www.jugendfussball-wendelstein.de\/wordpress\/#website"},"datePublished":"2015-02-06T20:18:28+00:00","author":{"@id":"https:\/\/www.jugendfussball-wendelstein.de\/wordpress\/#\/schema\/person\/75aadcbd4be1b3af1c1d785397472bc9"},"breadcrumb":{"@id":"https:\/\/www.jugendfussball-wendelstein.de\/wordpress\/endrunde-futsal-hallenkreismeisterschaft-nmkt-jura-3-platz\/#breadcrumb"},"inLanguage":"de","potentialAction":[{"@type":"ReadAction","target":["https:\/\/www.jugendfussball-wendelstein.de\/wordpress\/endrunde-futsal-hallenkreismeisterschaft-nmkt-jura-3-platz\/"]}]},{"@type":"BreadcrumbList","@id":"https:\/\/www.jugendfussball-wendelstein.de\/wordpress\/endrunde-futsal-hallenkreismeisterschaft-nmkt-jura-3-platz\/#breadcrumb","itemListElement":[{"@type":"ListItem","position":1,"name":"Startseite","item":"https:\/\/www.jugendfussball-wendelstein.de\/wordpress\/"},{"@type":"ListItem","position":2,"name":"Endrunde Futsal Hallenkreismeisterschaft Nmkt.\/Jura -3.Platz"}]},{"@type":"WebSite","@id":"https:\/\/www.jugendfussball-wendelstein.de\/wordpress\/#website","url":"https:\/\/www.jugendfussball-wendelstein.de\/wordpress\/","name":"JFG Wendelstein","description":"Juniorenfu\u00dfball","potentialAction":[{"@type":"SearchAction","target":{"@type":"EntryPoint","urlTemplate":"https:\/\/www.jugendfussball-wendelstein.de\/wordpress\/?s={search_term_string}"},"query-input":{"@type":"PropertyValueSpecification","valueRequired":true,"valueName":"search_term_string"}}],"inLanguage":"de"},{"@type":"Person","@id":"https:\/\/www.jugendfussball-wendelstein.de\/wordpress\/#\/schema\/person\/75aadcbd4be1b3af1c1d785397472bc9","name":"Autor","image":{"@type":"ImageObject","inLanguage":"de","@id":"https:\/\/secure.gravatar.com\/avatar\/01dd9b7f2dc8d635302f1c57c2289838e9fe288acd1c06c8f8ad332b8e2a60c9?s=96&d=mm&r=g","url":"https:\/\/secure.gravatar.com\/avatar\/01dd9b7f2dc8d635302f1c57c2289838e9fe288acd1c06c8f8ad332b8e2a60c9?s=96&d=mm&r=g","contentUrl":"https:\/\/secure.gravatar.com\/avatar\/01dd9b7f2dc8d635302f1c57c2289838e9fe288acd1c06c8f8ad332b8e2a60c9?s=96&d=mm&r=g","caption":"Autor"},"url":"https:\/\/www.jugendfussball-wendelstein.de\/wordpress\/author\/autor\/"}]}},"_links":{"self":[{"href":"https:\/\/www.jugendfussball-wendelstein.de\/wordpress\/wp-json\/wp\/v2\/posts\/1960","targetHints":{"allow":["GET"]}}],"collection":[{"href":"https:\/\/www.jugendfussball-wendelstein.de\/wordpress\/wp-json\/wp\/v2\/posts"}],"about":[{"href":"https:\/\/www.jugendfussball-wendelstein.de\/wordpress\/wp-json\/wp\/v2\/types\/post"}],"author":[{"embeddable":true,"href":"https:\/\/www.jugendfussball-wendelstein.de\/wordpress\/wp-json\/wp\/v2\/users\/4"}],"replies":[{"embeddable":true,"href":"https:\/\/www.jugendfussball-wendelstein.de\/wordpress\/wp-json\/wp\/v2\/comments?post=1960"}],"version-history":[{"count":0,"href":"https:\/\/www.jugendfussball-wendelstein.de\/wordpress\/wp-json\/wp\/v2\/posts\/1960\/revisions"}],"wp:attachment":[{"href":"https:\/\/www.jugendfussball-wendelstein.de\/wordpress\/wp-json\/wp\/v2\/media?parent=1960"}],"wp:term":[{"taxonomy":"category","embeddable":true,"href":"https:\/\/www.jugendfussball-wendelstein.de\/wordpress\/wp-json\/wp\/v2\/categories?post=1960"},{"taxonomy":"post_tag","embeddable":true,"href":"https:\/\/www.jugendfussball-wendelstein.de\/wordpress\/wp-json\/wp\/v2\/tags?post=1960"}],"curies":[{"name":"wp","href":"https:\/\/api.w.org\/{rel}","templated":true}]}}