{"id":2025,"date":"2015-02-16T22:54:29","date_gmt":"2015-02-16T20:54:29","guid":{"rendered":"http:\/\/www.jugendfussball-wendelstein.de\/wordpress\/?p=2025"},"modified":"2015-02-16T22:55:26","modified_gmt":"2015-02-16T20:55:26","slug":"naerrische-tage-beim-sc-eltersdorf","status":"publish","type":"post","link":"https:\/\/www.jugendfussball-wendelstein.de\/wordpress\/naerrische-tage-beim-sc-eltersdorf\/","title":{"rendered":"N\u00e4rrische Tage beim SC Eltersdorf"},"content":{"rendered":"<p>15.02.15: Ohne Clownsnasen aber in den bekannten Fussballkost\u00fcmen traten wir aufgrund einer Absage einer Mannschaft kurzentschlossen mit zwei Teams beim <strong>Hallenmaster der U11-Junioren in Eltersdorf<\/strong> an. Gespielt wurde in der Halle am Europakanal auf gro\u00dfe Tore mit Seitenbande und \u201calten\u201d Hallenregeln.<\/p>\n<p>Die Aufteilung brachte den Kindern viel Spielzeit, doch aufgrund einiger Ausf\u00e4lle waren die Wechselm\u00f6glichkeiten mit einem Kind pro Team sehr eingeschr\u00e4nkt. Zudem stand in einem Tor ein Feldspieler. Los ging es Gruppe 1 gegen den <strong>SV Rednitzhembach<\/strong>. Die Zuschauer sahen eine umk\u00e4mpfte Partie, bei der die Wendelsteiner klar die Oberhand hatten. Doch es war wie verhext, aus den vielen M\u00f6glichkeiten wollte kein Tor fallen. Dieses machten die Rednitzhembacher daf\u00fcr nach einem Konter. Damit war das Spiel auf den Kopf gestellt, doch der h\u00f6chst verdiente Ausgleich konnte dann zumindest noch eingefahren werden.<\/p>\n<p>Gleich darauf war Wendelstein II gegen <strong>TSV Kareth-Lappersdorf<\/strong> gefordert. Die Blues spielten sicher und kombinationsstark. Mit einem klaren 4:0 wurden die ersten Punkte eingefahren. Besonders sehenswert ein Schuss von der Mittellinie direkt ins lange Eck.<\/p>\n<p>Nach etwas Pause war wieder Wendelstein II dran gegen den <strong>VfL N\u00fcrnberg<\/strong>. Wieder begannen die Kinder stark und erzielten die fr\u00fche F\u00fchrung. Der zwischenzeitliche Ausgleich sorgte nochmals f\u00fcr mehr Belebung und so konnten sich die Kinder zum Ende hin \u00fcber einen 5:1-Sieg freuen.<\/p>\n<p>Im Wechsel durfte jetzt Wendelstein I gegen <strong>SC Feucht<\/strong> spielen. Wobei leider weniger die spielerischen Elemente das Geschehen pr\u00e4gten als das doch sehr ruppige Einsteigen der Feuchter. Spielerisch konnten die Blues \u00fcberzeugen und die fr\u00fche F\u00fchrung ausgleichen. Die harte Gangart der Gegner zeigte aber Wirkung und wir konnten nicht ad\u00e4quat auf die Blessuren der Jungs mit neuen Einwechslungen reagieren. Zwei Abwehrfehler konnte Feucht dann in eine 3:1-F\u00fchrung umwandeln. Die Blues schafften leider nur noch den 3:2-Anschluss.<\/p>\n<p>Nachdem sich die Gem\u00fcter wieder etwas beruhigt hatten spielte Wendelstein II gegen <strong>Eltersdorf II<\/strong>. Bei allem Bem\u00fchen konnten sich die Kinder nicht durchsetzen und mussten gegen hellwache Eltersdorfer eine verdiente 3:0 Niederlage einstecken.<\/p>\n<p>Im direkten Wechsel war jetzt wieder Wendelstein I gefordert. Der Gegner, <strong>SV Gloria Weilersbach<\/strong>, war ebenfalls kurzfristig eingesprungen, hatte sich bisher im Turnier sehr gut gezeigt. Unsere Jungs waren immer noch etwas angeschlagen und blieben unter ihren M\u00f6glichkeiten. Das F\u00fchrungstor wurde durch einen sch\u00f6nen Treffer ausgeglichen, doch dann war man zu nachl\u00e4ssig in der Verteidigung und kassierte noch zwei Gegentore.<\/p>\n<p>Nach ein paar Spielen Pause nahmen sich die Blues vor, nochmals gegen Eltersdorf\u00a0 I was zu zeigen. Und das setzten sie auch hervorragend um. Aus tollen Spielz\u00fcgen wurde eine 2:0 F\u00fchrung herausgespielt. Doch dann agierten sie wieder nachl\u00e4ssiger und mussten zwei Gegentore zum 2:2 Endstand hinnehmen.<\/p>\n<p>Wendelstein II machte es gegen die <strong>SpVgg Erlangen<\/strong> dagegen deutlich und gewann mit einem klaren 6:0. Dabei wurden nach der F\u00fchrung zwei Freist\u00f6\u00dfe direkt verwandelt.<\/p>\n<p>Nach kurzer Pause spielte Wendelstein II dann gleich im Halbfinale gegen <strong>SC Feucht<\/strong>. Die Kinder begannen sehr konzentriert und waren hellwach. Feucht kam wieder sehr ruppig ins Spiel und hatte Gl\u00fcck, dass der \u00fcberforderte Schiedsrichter vieles laufen lies. Zahlreiche klarste Fouls wurde nicht geahndet, teilweise sah man \u00fcbles Einsteigen, die Stimmung war sehr hitzig. Wenn spielerisch was m\u00f6glich war, kamen wir gut vors Tor und hatten zwei super M\u00f6glichkeiten zur F\u00fchrung. Doch leider gelang der verdiente Treffer nicht, also musste das Neun-Meter-Schiessen entscheiden. Hier hatten wir nicht das n\u00f6tige Gl\u00fcck und Feucht zog daher gl\u00fccklich ins Finale ein. Zu erw\u00e4hnen ist allerdings noch, dass die drei Schiedsrichter das Turnier \u00fcber sonst hervorragend gepfiffen hatten!<\/p>\n<p>Kurz darauf durfte Wendelstein I auch nochmals gegen <strong>SpVgg Erlangen<\/strong> ihr K\u00f6nnen zeigen. Nach einer tollen Leistung gelang den Blues ebenso wie der anderen Mannschaftsh\u00e4lfte ein klarer 6:0-Sieg. So konnten sich die Kinder mit einem Erfolgserlebnis aus dem Turnierverabschieden.<\/p>\n<p>Das Spiel um Platz 3 gegen <strong>Eltersdorf<\/strong> wurde von Wendelstein II wieder konzentriert angegangen. Dennoch lag man nach einem guten Spielzug mit 0:1 zur\u00fcck. Die Zuschauer konnten ein gutes Spiel sehen, bei dem der Kr\u00e4fteverschlei\u00df schon sichtbar wurde. Dennoch gelang nach schneller Kombination der Ausgleich. Doch am Ende machte Eltersdorf noch der Siegtreffer und damit belegten die Wendelsteiner Platz Vier und Sieben. Bei einem solchen Turnier mit zwei teilnehmenden Teams ist das ein tolles Ergebnis.<\/p>\n<p><strong>Die Eltersdorfer, die heute wirklich guten Fussball gezeigt hatten gewannen das Endspiel im Neun-Meter-Schiessen letztendlich verdient. Dazu herzlichen Gl\u00fcckwunsch, wie auch zu dem sehr gut organisierten Turnier.<\/strong><\/p>\n<p>Unser Spieler Daniel S. wurde von den Traniern zum <strong>besten Spieler<\/strong> gew\u00e4hlt, bester Torwart wurde jener aus Rednitzhembach. Auch hierzu gratulieren wir herzlich.<\/p>\n<p><img loading=\"lazy\" decoding=\"async\" class=\"alignleft size-full wp-image-2027\" src=\"https:\/\/www.jugendfussball-wendelstein.de\/wordpress\/wp-content\/uploads\/2015\/02\/beide-eltersdorf-.jpg\" alt=\"beide-eltersdorf-\" width=\"700\" height=\"499\" \/><\/p>\n","protected":false},"excerpt":{"rendered":"<p>15.02.15: Ohne Clownsnasen aber in den bekannten Fussballkost\u00fcmen traten wir aufgrund einer Absage einer Mannschaft kurzentschlossen mit zwei Teams beim Hallenmaster der U11-Junioren in Eltersdorf an. Gespielt wurde in der Halle am Europakanal auf gro\u00dfe Tore mit Seitenbande und \u201calten\u201d Hallenregeln. Die Aufteilung brachte den Kindern viel Spielzeit, doch aufgrund einiger Ausf\u00e4lle waren die Wechselm\u00f6glichkeiten [&hellip;]<\/p>\n","protected":false},"author":4,"featured_media":0,"comment_status":"closed","ping_status":"closed","sticky":false,"template":"","format":"standard","meta":{"saved_in_kubio":false,"footnotes":""},"categories":[3,16,4],"tags":[],"class_list":["post-2025","post","type-post","status-publish","format-standard","hentry","category-kf","category-spielbericht","category-u11"],"yoast_head":"<!-- This site is optimized with the Yoast SEO plugin v27.4 - https:\/\/yoast.com\/product\/yoast-seo-wordpress\/ -->\n<title>N\u00e4rrische Tage beim SC Eltersdorf - JFG Wendelstein<\/title>\n<meta name=\"robots\" content=\"index, follow, max-snippet:-1, max-image-preview:large, max-video-preview:-1\" \/>\n<link rel=\"canonical\" href=\"https:\/\/www.jugendfussball-wendelstein.de\/wordpress\/naerrische-tage-beim-sc-eltersdorf\/\" \/>\n<meta property=\"og:locale\" content=\"de_DE\" \/>\n<meta property=\"og:type\" content=\"article\" \/>\n<meta property=\"og:title\" content=\"N\u00e4rrische Tage beim SC Eltersdorf - JFG Wendelstein\" \/>\n<meta property=\"og:description\" content=\"15.02.15: Ohne Clownsnasen aber in den bekannten Fussballkost\u00fcmen traten wir aufgrund einer Absage einer Mannschaft kurzentschlossen mit zwei Teams beim Hallenmaster der U11-Junioren in Eltersdorf an. Gespielt wurde in der Halle am Europakanal auf gro\u00dfe Tore mit Seitenbande und \u201calten\u201d Hallenregeln. Die Aufteilung brachte den Kindern viel Spielzeit, doch aufgrund einiger Ausf\u00e4lle waren die Wechselm\u00f6glichkeiten [&hellip;]\" \/>\n<meta property=\"og:url\" content=\"https:\/\/www.jugendfussball-wendelstein.de\/wordpress\/naerrische-tage-beim-sc-eltersdorf\/\" \/>\n<meta property=\"og:site_name\" content=\"JFG Wendelstein\" \/>\n<meta property=\"article:published_time\" content=\"2015-02-16T20:54:29+00:00\" \/>\n<meta property=\"article:modified_time\" content=\"2015-02-16T20:55:26+00:00\" \/>\n<meta property=\"og:image\" content=\"http:\/\/www.jugendfussball-wendelstein.de\/wordpress\/wp-content\/uploads\/2015\/02\/beide-eltersdorf-.jpg\" \/>\n<meta name=\"author\" content=\"Autor\" \/>\n<meta name=\"twitter:card\" content=\"summary_large_image\" \/>\n<meta name=\"twitter:label1\" content=\"Verfasst von\" \/>\n\t<meta name=\"twitter:data1\" content=\"Autor\" \/>\n\t<meta name=\"twitter:label2\" content=\"Gesch\u00e4tzte Lesezeit\" \/>\n\t<meta name=\"twitter:data2\" content=\"4\u00a0Minuten\" \/>\n<script type=\"application\/ld+json\" class=\"yoast-schema-graph\">{\"@context\":\"https:\\\/\\\/schema.org\",\"@graph\":[{\"@type\":\"Article\",\"@id\":\"https:\\\/\\\/www.jugendfussball-wendelstein.de\\\/wordpress\\\/naerrische-tage-beim-sc-eltersdorf\\\/#article\",\"isPartOf\":{\"@id\":\"https:\\\/\\\/www.jugendfussball-wendelstein.de\\\/wordpress\\\/naerrische-tage-beim-sc-eltersdorf\\\/\"},\"author\":{\"name\":\"Autor\",\"@id\":\"https:\\\/\\\/www.jugendfussball-wendelstein.de\\\/wordpress\\\/#\\\/schema\\\/person\\\/75aadcbd4be1b3af1c1d785397472bc9\"},\"headline\":\"N\u00e4rrische Tage beim SC Eltersdorf\",\"datePublished\":\"2015-02-16T20:54:29+00:00\",\"dateModified\":\"2015-02-16T20:55:26+00:00\",\"mainEntityOfPage\":{\"@id\":\"https:\\\/\\\/www.jugendfussball-wendelstein.de\\\/wordpress\\\/naerrische-tage-beim-sc-eltersdorf\\\/\"},\"wordCount\":769,\"image\":{\"@id\":\"https:\\\/\\\/www.jugendfussball-wendelstein.de\\\/wordpress\\\/naerrische-tage-beim-sc-eltersdorf\\\/#primaryimage\"},\"thumbnailUrl\":\"http:\\\/\\\/www.jugendfussball-wendelstein.de\\\/wordpress\\\/wp-content\\\/uploads\\\/2015\\\/02\\\/beide-eltersdorf-.jpg\",\"articleSection\":[\"Kleinfeld\",\"Spielbericht\",\"U11\"],\"inLanguage\":\"de\"},{\"@type\":\"WebPage\",\"@id\":\"https:\\\/\\\/www.jugendfussball-wendelstein.de\\\/wordpress\\\/naerrische-tage-beim-sc-eltersdorf\\\/\",\"url\":\"https:\\\/\\\/www.jugendfussball-wendelstein.de\\\/wordpress\\\/naerrische-tage-beim-sc-eltersdorf\\\/\",\"name\":\"N\u00e4rrische Tage beim SC Eltersdorf - JFG Wendelstein\",\"isPartOf\":{\"@id\":\"https:\\\/\\\/www.jugendfussball-wendelstein.de\\\/wordpress\\\/#website\"},\"primaryImageOfPage\":{\"@id\":\"https:\\\/\\\/www.jugendfussball-wendelstein.de\\\/wordpress\\\/naerrische-tage-beim-sc-eltersdorf\\\/#primaryimage\"},\"image\":{\"@id\":\"https:\\\/\\\/www.jugendfussball-wendelstein.de\\\/wordpress\\\/naerrische-tage-beim-sc-eltersdorf\\\/#primaryimage\"},\"thumbnailUrl\":\"http:\\\/\\\/www.jugendfussball-wendelstein.de\\\/wordpress\\\/wp-content\\\/uploads\\\/2015\\\/02\\\/beide-eltersdorf-.jpg\",\"datePublished\":\"2015-02-16T20:54:29+00:00\",\"dateModified\":\"2015-02-16T20:55:26+00:00\",\"author\":{\"@id\":\"https:\\\/\\\/www.jugendfussball-wendelstein.de\\\/wordpress\\\/#\\\/schema\\\/person\\\/75aadcbd4be1b3af1c1d785397472bc9\"},\"breadcrumb\":{\"@id\":\"https:\\\/\\\/www.jugendfussball-wendelstein.de\\\/wordpress\\\/naerrische-tage-beim-sc-eltersdorf\\\/#breadcrumb\"},\"inLanguage\":\"de\",\"potentialAction\":[{\"@type\":\"ReadAction\",\"target\":[\"https:\\\/\\\/www.jugendfussball-wendelstein.de\\\/wordpress\\\/naerrische-tage-beim-sc-eltersdorf\\\/\"]}]},{\"@type\":\"ImageObject\",\"inLanguage\":\"de\",\"@id\":\"https:\\\/\\\/www.jugendfussball-wendelstein.de\\\/wordpress\\\/naerrische-tage-beim-sc-eltersdorf\\\/#primaryimage\",\"url\":\"http:\\\/\\\/www.jugendfussball-wendelstein.de\\\/wordpress\\\/wp-content\\\/uploads\\\/2015\\\/02\\\/beide-eltersdorf-.jpg\",\"contentUrl\":\"http:\\\/\\\/www.jugendfussball-wendelstein.de\\\/wordpress\\\/wp-content\\\/uploads\\\/2015\\\/02\\\/beide-eltersdorf-.jpg\"},{\"@type\":\"BreadcrumbList\",\"@id\":\"https:\\\/\\\/www.jugendfussball-wendelstein.de\\\/wordpress\\\/naerrische-tage-beim-sc-eltersdorf\\\/#breadcrumb\",\"itemListElement\":[{\"@type\":\"ListItem\",\"position\":1,\"name\":\"Startseite\",\"item\":\"https:\\\/\\\/www.jugendfussball-wendelstein.de\\\/wordpress\\\/\"},{\"@type\":\"ListItem\",\"position\":2,\"name\":\"N\u00e4rrische Tage beim SC Eltersdorf\"}]},{\"@type\":\"WebSite\",\"@id\":\"https:\\\/\\\/www.jugendfussball-wendelstein.de\\\/wordpress\\\/#website\",\"url\":\"https:\\\/\\\/www.jugendfussball-wendelstein.de\\\/wordpress\\\/\",\"name\":\"JFG Wendelstein\",\"description\":\"Juniorenfu\u00dfball\",\"potentialAction\":[{\"@type\":\"SearchAction\",\"target\":{\"@type\":\"EntryPoint\",\"urlTemplate\":\"https:\\\/\\\/www.jugendfussball-wendelstein.de\\\/wordpress\\\/?s={search_term_string}\"},\"query-input\":{\"@type\":\"PropertyValueSpecification\",\"valueRequired\":true,\"valueName\":\"search_term_string\"}}],\"inLanguage\":\"de\"},{\"@type\":\"Person\",\"@id\":\"https:\\\/\\\/www.jugendfussball-wendelstein.de\\\/wordpress\\\/#\\\/schema\\\/person\\\/75aadcbd4be1b3af1c1d785397472bc9\",\"name\":\"Autor\",\"image\":{\"@type\":\"ImageObject\",\"inLanguage\":\"de\",\"@id\":\"https:\\\/\\\/secure.gravatar.com\\\/avatar\\\/01dd9b7f2dc8d635302f1c57c2289838e9fe288acd1c06c8f8ad332b8e2a60c9?s=96&d=mm&r=g\",\"url\":\"https:\\\/\\\/secure.gravatar.com\\\/avatar\\\/01dd9b7f2dc8d635302f1c57c2289838e9fe288acd1c06c8f8ad332b8e2a60c9?s=96&d=mm&r=g\",\"contentUrl\":\"https:\\\/\\\/secure.gravatar.com\\\/avatar\\\/01dd9b7f2dc8d635302f1c57c2289838e9fe288acd1c06c8f8ad332b8e2a60c9?s=96&d=mm&r=g\",\"caption\":\"Autor\"},\"url\":\"https:\\\/\\\/www.jugendfussball-wendelstein.de\\\/wordpress\\\/author\\\/autor\\\/\"}]}<\/script>\n<!-- \/ Yoast SEO plugin. -->","yoast_head_json":{"title":"N\u00e4rrische Tage beim SC Eltersdorf - JFG Wendelstein","robots":{"index":"index","follow":"follow","max-snippet":"max-snippet:-1","max-image-preview":"max-image-preview:large","max-video-preview":"max-video-preview:-1"},"canonical":"https:\/\/www.jugendfussball-wendelstein.de\/wordpress\/naerrische-tage-beim-sc-eltersdorf\/","og_locale":"de_DE","og_type":"article","og_title":"N\u00e4rrische Tage beim SC Eltersdorf - JFG Wendelstein","og_description":"15.02.15: Ohne Clownsnasen aber in den bekannten Fussballkost\u00fcmen traten wir aufgrund einer Absage einer Mannschaft kurzentschlossen mit zwei Teams beim Hallenmaster der U11-Junioren in Eltersdorf an. Gespielt wurde in der Halle am Europakanal auf gro\u00dfe Tore mit Seitenbande und \u201calten\u201d Hallenregeln. Die Aufteilung brachte den Kindern viel Spielzeit, doch aufgrund einiger Ausf\u00e4lle waren die Wechselm\u00f6glichkeiten [&hellip;]","og_url":"https:\/\/www.jugendfussball-wendelstein.de\/wordpress\/naerrische-tage-beim-sc-eltersdorf\/","og_site_name":"JFG Wendelstein","article_published_time":"2015-02-16T20:54:29+00:00","article_modified_time":"2015-02-16T20:55:26+00:00","og_image":[{"url":"http:\/\/www.jugendfussball-wendelstein.de\/wordpress\/wp-content\/uploads\/2015\/02\/beide-eltersdorf-.jpg","type":"","width":"","height":""}],"author":"Autor","twitter_card":"summary_large_image","twitter_misc":{"Verfasst von":"Autor","Gesch\u00e4tzte Lesezeit":"4\u00a0Minuten"},"schema":{"@context":"https:\/\/schema.org","@graph":[{"@type":"Article","@id":"https:\/\/www.jugendfussball-wendelstein.de\/wordpress\/naerrische-tage-beim-sc-eltersdorf\/#article","isPartOf":{"@id":"https:\/\/www.jugendfussball-wendelstein.de\/wordpress\/naerrische-tage-beim-sc-eltersdorf\/"},"author":{"name":"Autor","@id":"https:\/\/www.jugendfussball-wendelstein.de\/wordpress\/#\/schema\/person\/75aadcbd4be1b3af1c1d785397472bc9"},"headline":"N\u00e4rrische Tage beim SC Eltersdorf","datePublished":"2015-02-16T20:54:29+00:00","dateModified":"2015-02-16T20:55:26+00:00","mainEntityOfPage":{"@id":"https:\/\/www.jugendfussball-wendelstein.de\/wordpress\/naerrische-tage-beim-sc-eltersdorf\/"},"wordCount":769,"image":{"@id":"https:\/\/www.jugendfussball-wendelstein.de\/wordpress\/naerrische-tage-beim-sc-eltersdorf\/#primaryimage"},"thumbnailUrl":"http:\/\/www.jugendfussball-wendelstein.de\/wordpress\/wp-content\/uploads\/2015\/02\/beide-eltersdorf-.jpg","articleSection":["Kleinfeld","Spielbericht","U11"],"inLanguage":"de"},{"@type":"WebPage","@id":"https:\/\/www.jugendfussball-wendelstein.de\/wordpress\/naerrische-tage-beim-sc-eltersdorf\/","url":"https:\/\/www.jugendfussball-wendelstein.de\/wordpress\/naerrische-tage-beim-sc-eltersdorf\/","name":"N\u00e4rrische Tage beim SC Eltersdorf - JFG Wendelstein","isPartOf":{"@id":"https:\/\/www.jugendfussball-wendelstein.de\/wordpress\/#website"},"primaryImageOfPage":{"@id":"https:\/\/www.jugendfussball-wendelstein.de\/wordpress\/naerrische-tage-beim-sc-eltersdorf\/#primaryimage"},"image":{"@id":"https:\/\/www.jugendfussball-wendelstein.de\/wordpress\/naerrische-tage-beim-sc-eltersdorf\/#primaryimage"},"thumbnailUrl":"http:\/\/www.jugendfussball-wendelstein.de\/wordpress\/wp-content\/uploads\/2015\/02\/beide-eltersdorf-.jpg","datePublished":"2015-02-16T20:54:29+00:00","dateModified":"2015-02-16T20:55:26+00:00","author":{"@id":"https:\/\/www.jugendfussball-wendelstein.de\/wordpress\/#\/schema\/person\/75aadcbd4be1b3af1c1d785397472bc9"},"breadcrumb":{"@id":"https:\/\/www.jugendfussball-wendelstein.de\/wordpress\/naerrische-tage-beim-sc-eltersdorf\/#breadcrumb"},"inLanguage":"de","potentialAction":[{"@type":"ReadAction","target":["https:\/\/www.jugendfussball-wendelstein.de\/wordpress\/naerrische-tage-beim-sc-eltersdorf\/"]}]},{"@type":"ImageObject","inLanguage":"de","@id":"https:\/\/www.jugendfussball-wendelstein.de\/wordpress\/naerrische-tage-beim-sc-eltersdorf\/#primaryimage","url":"http:\/\/www.jugendfussball-wendelstein.de\/wordpress\/wp-content\/uploads\/2015\/02\/beide-eltersdorf-.jpg","contentUrl":"http:\/\/www.jugendfussball-wendelstein.de\/wordpress\/wp-content\/uploads\/2015\/02\/beide-eltersdorf-.jpg"},{"@type":"BreadcrumbList","@id":"https:\/\/www.jugendfussball-wendelstein.de\/wordpress\/naerrische-tage-beim-sc-eltersdorf\/#breadcrumb","itemListElement":[{"@type":"ListItem","position":1,"name":"Startseite","item":"https:\/\/www.jugendfussball-wendelstein.de\/wordpress\/"},{"@type":"ListItem","position":2,"name":"N\u00e4rrische Tage beim SC Eltersdorf"}]},{"@type":"WebSite","@id":"https:\/\/www.jugendfussball-wendelstein.de\/wordpress\/#website","url":"https:\/\/www.jugendfussball-wendelstein.de\/wordpress\/","name":"JFG Wendelstein","description":"Juniorenfu\u00dfball","potentialAction":[{"@type":"SearchAction","target":{"@type":"EntryPoint","urlTemplate":"https:\/\/www.jugendfussball-wendelstein.de\/wordpress\/?s={search_term_string}"},"query-input":{"@type":"PropertyValueSpecification","valueRequired":true,"valueName":"search_term_string"}}],"inLanguage":"de"},{"@type":"Person","@id":"https:\/\/www.jugendfussball-wendelstein.de\/wordpress\/#\/schema\/person\/75aadcbd4be1b3af1c1d785397472bc9","name":"Autor","image":{"@type":"ImageObject","inLanguage":"de","@id":"https:\/\/secure.gravatar.com\/avatar\/01dd9b7f2dc8d635302f1c57c2289838e9fe288acd1c06c8f8ad332b8e2a60c9?s=96&d=mm&r=g","url":"https:\/\/secure.gravatar.com\/avatar\/01dd9b7f2dc8d635302f1c57c2289838e9fe288acd1c06c8f8ad332b8e2a60c9?s=96&d=mm&r=g","contentUrl":"https:\/\/secure.gravatar.com\/avatar\/01dd9b7f2dc8d635302f1c57c2289838e9fe288acd1c06c8f8ad332b8e2a60c9?s=96&d=mm&r=g","caption":"Autor"},"url":"https:\/\/www.jugendfussball-wendelstein.de\/wordpress\/author\/autor\/"}]}},"_links":{"self":[{"href":"https:\/\/www.jugendfussball-wendelstein.de\/wordpress\/wp-json\/wp\/v2\/posts\/2025","targetHints":{"allow":["GET"]}}],"collection":[{"href":"https:\/\/www.jugendfussball-wendelstein.de\/wordpress\/wp-json\/wp\/v2\/posts"}],"about":[{"href":"https:\/\/www.jugendfussball-wendelstein.de\/wordpress\/wp-json\/wp\/v2\/types\/post"}],"author":[{"embeddable":true,"href":"https:\/\/www.jugendfussball-wendelstein.de\/wordpress\/wp-json\/wp\/v2\/users\/4"}],"replies":[{"embeddable":true,"href":"https:\/\/www.jugendfussball-wendelstein.de\/wordpress\/wp-json\/wp\/v2\/comments?post=2025"}],"version-history":[{"count":0,"href":"https:\/\/www.jugendfussball-wendelstein.de\/wordpress\/wp-json\/wp\/v2\/posts\/2025\/revisions"}],"wp:attachment":[{"href":"https:\/\/www.jugendfussball-wendelstein.de\/wordpress\/wp-json\/wp\/v2\/media?parent=2025"}],"wp:term":[{"taxonomy":"category","embeddable":true,"href":"https:\/\/www.jugendfussball-wendelstein.de\/wordpress\/wp-json\/wp\/v2\/categories?post=2025"},{"taxonomy":"post_tag","embeddable":true,"href":"https:\/\/www.jugendfussball-wendelstein.de\/wordpress\/wp-json\/wp\/v2\/tags?post=2025"}],"curies":[{"name":"wp","href":"https:\/\/api.w.org\/{rel}","templated":true}]}}