{"id":2033,"date":"2015-02-23T23:39:34","date_gmt":"2015-02-23T21:39:34","guid":{"rendered":"http:\/\/www.jugendfussball-wendelstein.de\/wordpress\/?p=2033"},"modified":"2015-02-23T23:39:34","modified_gmt":"2015-02-23T21:39:34","slug":"hkm-endrunde-in-roth-am-21-02-2015","status":"publish","type":"post","link":"https:\/\/www.jugendfussball-wendelstein.de\/wordpress\/hkm-endrunde-in-roth-am-21-02-2015\/","title":{"rendered":"HKM Endrunde in Roth am 21.02.2015"},"content":{"rendered":"<p>21.02.2015 : Die Hallenkreismeisterschaft f\u00fchrte die 03er nach Roth wo in zwei 3er Gruppen die jeweiligen \u00dcberkreuzpaarungen ermittelt wurden. Folgende Mannschaften waren vertreten: Gruppe A: SV Unterreichenbach2 ; JFG Rothsee S\u00fcd2 ; ASV Neumarkt2 Gruppe B: JFG Franken Jura2 ; TV1848 Schwabach2 ; JFG Wendelstein2 Im ersten Gruppenspiel standen die Blues der JFG Franken Jura2 gegen\u00fcber. Wie vorher schon bekannt taten wir uns gegen den starken Torh\u00fcter der Franken schwer. Chance \u00fcber Chance lie\u00dfen die 03er der JFG aus. Letztendlich stand nach langen 14 Minuten ein 2:0 f\u00fcr uns zu Buche. Somit war der erste Schritt f\u00fcr das Halbfinale getan, da unsere Gruppengegner unentschieden spielten. Die n\u00e4chsten 14 Minuten sollten die 03ern als Gruppensieger beenden. Gegen die Kicker aus Schwabach konnten wir leider nicht alle Chancen nutzen und erspielten uns ein sehr ansehnliches 4:0. Zu diesem Zeitpunkt stand in der Gruppe A der Sieger (SV Unterreichenbach2) und der Gruppenzweite (JFG Rothsee S\u00fcd2)schon fest. Dies bedeutete nun, dass die Blues gegen die JFG Rothsee S\u00fcd das \u00dcberkreuzspiel bestreiten mussten. Motiviert und siegessicher ging es aus der Kabine aufs Spielfeld. Hier muss man dem Trainer der JFG Rothsee S\u00fcd ein Lob aussprechen. Eine taktische Meisterleistung, gegen die wir kein Mittel fanden, lie\u00df uns gegen eine Wand aus vier Abwehrspielern anrennen. Leider kamen unsere B\u00e4lle in die Tiefe nicht an und wir wurden klassisch ausgekontert. Hinzu kam, dass unser sonst so sicherer Keeper in den Gruppenspielen nicht eine Aktion hatte und nun im 1 gegen1 das Nachsehen hatte. So stand es nach 3 Minuten 0:2. Weiter fanden wir nicht die M\u00f6glichkeit unsere wenigen Chancen zu nutzen und so verloren wir dieses wichtige Spiel am Ende deutlich mit 2:4. Ein herber R\u00fcckschlag nach der guten Leistung in der Gruppenphase. Nun hie\u00df es die Mannschaft f\u00fcr das Spiel um Platz 3 zu motivieren. Hier erwartete uns der \u00dcberraschungsgegner JFG Franken Jura2. Deutlich lie\u00dfen die Blues ihren Frust herraus und schossen die Franken mit 5:0 ab. Erw\u00e4hnenswert war eine Direktabnahme unseres Torh\u00fcters zum 4:0. Zum Schluss bleibt nur zu sagen, dass ein Team gewonnen hat welches den ganzen Vormittag konzentriert war und die Gegner mit einer Defensivtaktik geschlagen hatte.<\/p>\n","protected":false},"excerpt":{"rendered":"<p>21.02.2015 : Die Hallenkreismeisterschaft f\u00fchrte die 03er nach Roth wo in zwei 3er Gruppen die jeweiligen \u00dcberkreuzpaarungen ermittelt wurden. Folgende Mannschaften waren vertreten: Gruppe A: SV Unterreichenbach2 ; JFG Rothsee S\u00fcd2 ; ASV Neumarkt2 Gruppe B: JFG Franken Jura2 ; TV1848 Schwabach2 ; JFG Wendelstein2 Im ersten Gruppenspiel standen die Blues der JFG Franken Jura2 [&hellip;]<\/p>\n","protected":false},"author":4,"featured_media":0,"comment_status":"closed","ping_status":"closed","sticky":false,"template":"","format":"standard","meta":{"saved_in_kubio":false,"footnotes":""},"categories":[2,16,9],"tags":[],"class_list":["post-2033","post","type-post","status-publish","format-standard","hentry","category-gf","category-spielbericht","category-u12"],"yoast_head":"<!-- This site is optimized with the Yoast SEO plugin v27.4 - https:\/\/yoast.com\/product\/yoast-seo-wordpress\/ -->\n<title>HKM Endrunde in Roth am 21.02.2015 - JFG Wendelstein<\/title>\n<meta name=\"robots\" content=\"index, follow, max-snippet:-1, max-image-preview:large, max-video-preview:-1\" \/>\n<link rel=\"canonical\" href=\"https:\/\/www.jugendfussball-wendelstein.de\/wordpress\/hkm-endrunde-in-roth-am-21-02-2015\/\" \/>\n<meta property=\"og:locale\" content=\"de_DE\" \/>\n<meta property=\"og:type\" content=\"article\" \/>\n<meta property=\"og:title\" content=\"HKM Endrunde in Roth am 21.02.2015 - JFG Wendelstein\" \/>\n<meta property=\"og:description\" content=\"21.02.2015 : Die Hallenkreismeisterschaft f\u00fchrte die 03er nach Roth wo in zwei 3er Gruppen die jeweiligen \u00dcberkreuzpaarungen ermittelt wurden. Folgende Mannschaften waren vertreten: Gruppe A: SV Unterreichenbach2 ; JFG Rothsee S\u00fcd2 ; ASV Neumarkt2 Gruppe B: JFG Franken Jura2 ; TV1848 Schwabach2 ; JFG Wendelstein2 Im ersten Gruppenspiel standen die Blues der JFG Franken Jura2 [&hellip;]\" \/>\n<meta property=\"og:url\" content=\"https:\/\/www.jugendfussball-wendelstein.de\/wordpress\/hkm-endrunde-in-roth-am-21-02-2015\/\" \/>\n<meta property=\"og:site_name\" content=\"JFG Wendelstein\" \/>\n<meta property=\"article:published_time\" content=\"2015-02-23T21:39:34+00:00\" \/>\n<meta name=\"author\" content=\"Autor\" \/>\n<meta name=\"twitter:card\" content=\"summary_large_image\" \/>\n<meta name=\"twitter:label1\" content=\"Verfasst von\" \/>\n\t<meta name=\"twitter:data1\" content=\"Autor\" \/>\n\t<meta name=\"twitter:label2\" content=\"Gesch\u00e4tzte Lesezeit\" \/>\n\t<meta name=\"twitter:data2\" content=\"2\u00a0Minuten\" \/>\n<script type=\"application\/ld+json\" class=\"yoast-schema-graph\">{\"@context\":\"https:\\\/\\\/schema.org\",\"@graph\":[{\"@type\":\"Article\",\"@id\":\"https:\\\/\\\/www.jugendfussball-wendelstein.de\\\/wordpress\\\/hkm-endrunde-in-roth-am-21-02-2015\\\/#article\",\"isPartOf\":{\"@id\":\"https:\\\/\\\/www.jugendfussball-wendelstein.de\\\/wordpress\\\/hkm-endrunde-in-roth-am-21-02-2015\\\/\"},\"author\":{\"name\":\"Autor\",\"@id\":\"https:\\\/\\\/www.jugendfussball-wendelstein.de\\\/wordpress\\\/#\\\/schema\\\/person\\\/75aadcbd4be1b3af1c1d785397472bc9\"},\"headline\":\"HKM Endrunde in Roth am 21.02.2015\",\"datePublished\":\"2015-02-23T21:39:34+00:00\",\"mainEntityOfPage\":{\"@id\":\"https:\\\/\\\/www.jugendfussball-wendelstein.de\\\/wordpress\\\/hkm-endrunde-in-roth-am-21-02-2015\\\/\"},\"wordCount\":360,\"articleSection\":[\"Gro\u00dffeld\",\"Spielbericht\",\"U12\"],\"inLanguage\":\"de\"},{\"@type\":\"WebPage\",\"@id\":\"https:\\\/\\\/www.jugendfussball-wendelstein.de\\\/wordpress\\\/hkm-endrunde-in-roth-am-21-02-2015\\\/\",\"url\":\"https:\\\/\\\/www.jugendfussball-wendelstein.de\\\/wordpress\\\/hkm-endrunde-in-roth-am-21-02-2015\\\/\",\"name\":\"HKM Endrunde in Roth am 21.02.2015 - JFG Wendelstein\",\"isPartOf\":{\"@id\":\"https:\\\/\\\/www.jugendfussball-wendelstein.de\\\/wordpress\\\/#website\"},\"datePublished\":\"2015-02-23T21:39:34+00:00\",\"author\":{\"@id\":\"https:\\\/\\\/www.jugendfussball-wendelstein.de\\\/wordpress\\\/#\\\/schema\\\/person\\\/75aadcbd4be1b3af1c1d785397472bc9\"},\"breadcrumb\":{\"@id\":\"https:\\\/\\\/www.jugendfussball-wendelstein.de\\\/wordpress\\\/hkm-endrunde-in-roth-am-21-02-2015\\\/#breadcrumb\"},\"inLanguage\":\"de\",\"potentialAction\":[{\"@type\":\"ReadAction\",\"target\":[\"https:\\\/\\\/www.jugendfussball-wendelstein.de\\\/wordpress\\\/hkm-endrunde-in-roth-am-21-02-2015\\\/\"]}]},{\"@type\":\"BreadcrumbList\",\"@id\":\"https:\\\/\\\/www.jugendfussball-wendelstein.de\\\/wordpress\\\/hkm-endrunde-in-roth-am-21-02-2015\\\/#breadcrumb\",\"itemListElement\":[{\"@type\":\"ListItem\",\"position\":1,\"name\":\"Startseite\",\"item\":\"https:\\\/\\\/www.jugendfussball-wendelstein.de\\\/wordpress\\\/\"},{\"@type\":\"ListItem\",\"position\":2,\"name\":\"HKM Endrunde in Roth am 21.02.2015\"}]},{\"@type\":\"WebSite\",\"@id\":\"https:\\\/\\\/www.jugendfussball-wendelstein.de\\\/wordpress\\\/#website\",\"url\":\"https:\\\/\\\/www.jugendfussball-wendelstein.de\\\/wordpress\\\/\",\"name\":\"JFG Wendelstein\",\"description\":\"Juniorenfu\u00dfball\",\"potentialAction\":[{\"@type\":\"SearchAction\",\"target\":{\"@type\":\"EntryPoint\",\"urlTemplate\":\"https:\\\/\\\/www.jugendfussball-wendelstein.de\\\/wordpress\\\/?s={search_term_string}\"},\"query-input\":{\"@type\":\"PropertyValueSpecification\",\"valueRequired\":true,\"valueName\":\"search_term_string\"}}],\"inLanguage\":\"de\"},{\"@type\":\"Person\",\"@id\":\"https:\\\/\\\/www.jugendfussball-wendelstein.de\\\/wordpress\\\/#\\\/schema\\\/person\\\/75aadcbd4be1b3af1c1d785397472bc9\",\"name\":\"Autor\",\"image\":{\"@type\":\"ImageObject\",\"inLanguage\":\"de\",\"@id\":\"https:\\\/\\\/secure.gravatar.com\\\/avatar\\\/01dd9b7f2dc8d635302f1c57c2289838e9fe288acd1c06c8f8ad332b8e2a60c9?s=96&d=mm&r=g\",\"url\":\"https:\\\/\\\/secure.gravatar.com\\\/avatar\\\/01dd9b7f2dc8d635302f1c57c2289838e9fe288acd1c06c8f8ad332b8e2a60c9?s=96&d=mm&r=g\",\"contentUrl\":\"https:\\\/\\\/secure.gravatar.com\\\/avatar\\\/01dd9b7f2dc8d635302f1c57c2289838e9fe288acd1c06c8f8ad332b8e2a60c9?s=96&d=mm&r=g\",\"caption\":\"Autor\"},\"url\":\"https:\\\/\\\/www.jugendfussball-wendelstein.de\\\/wordpress\\\/author\\\/autor\\\/\"}]}<\/script>\n<!-- \/ Yoast SEO plugin. -->","yoast_head_json":{"title":"HKM Endrunde in Roth am 21.02.2015 - JFG Wendelstein","robots":{"index":"index","follow":"follow","max-snippet":"max-snippet:-1","max-image-preview":"max-image-preview:large","max-video-preview":"max-video-preview:-1"},"canonical":"https:\/\/www.jugendfussball-wendelstein.de\/wordpress\/hkm-endrunde-in-roth-am-21-02-2015\/","og_locale":"de_DE","og_type":"article","og_title":"HKM Endrunde in Roth am 21.02.2015 - JFG Wendelstein","og_description":"21.02.2015 : Die Hallenkreismeisterschaft f\u00fchrte die 03er nach Roth wo in zwei 3er Gruppen die jeweiligen \u00dcberkreuzpaarungen ermittelt wurden. Folgende Mannschaften waren vertreten: Gruppe A: SV Unterreichenbach2 ; JFG Rothsee S\u00fcd2 ; ASV Neumarkt2 Gruppe B: JFG Franken Jura2 ; TV1848 Schwabach2 ; JFG Wendelstein2 Im ersten Gruppenspiel standen die Blues der JFG Franken Jura2 [&hellip;]","og_url":"https:\/\/www.jugendfussball-wendelstein.de\/wordpress\/hkm-endrunde-in-roth-am-21-02-2015\/","og_site_name":"JFG Wendelstein","article_published_time":"2015-02-23T21:39:34+00:00","author":"Autor","twitter_card":"summary_large_image","twitter_misc":{"Verfasst von":"Autor","Gesch\u00e4tzte Lesezeit":"2\u00a0Minuten"},"schema":{"@context":"https:\/\/schema.org","@graph":[{"@type":"Article","@id":"https:\/\/www.jugendfussball-wendelstein.de\/wordpress\/hkm-endrunde-in-roth-am-21-02-2015\/#article","isPartOf":{"@id":"https:\/\/www.jugendfussball-wendelstein.de\/wordpress\/hkm-endrunde-in-roth-am-21-02-2015\/"},"author":{"name":"Autor","@id":"https:\/\/www.jugendfussball-wendelstein.de\/wordpress\/#\/schema\/person\/75aadcbd4be1b3af1c1d785397472bc9"},"headline":"HKM Endrunde in Roth am 21.02.2015","datePublished":"2015-02-23T21:39:34+00:00","mainEntityOfPage":{"@id":"https:\/\/www.jugendfussball-wendelstein.de\/wordpress\/hkm-endrunde-in-roth-am-21-02-2015\/"},"wordCount":360,"articleSection":["Gro\u00dffeld","Spielbericht","U12"],"inLanguage":"de"},{"@type":"WebPage","@id":"https:\/\/www.jugendfussball-wendelstein.de\/wordpress\/hkm-endrunde-in-roth-am-21-02-2015\/","url":"https:\/\/www.jugendfussball-wendelstein.de\/wordpress\/hkm-endrunde-in-roth-am-21-02-2015\/","name":"HKM Endrunde in Roth am 21.02.2015 - JFG Wendelstein","isPartOf":{"@id":"https:\/\/www.jugendfussball-wendelstein.de\/wordpress\/#website"},"datePublished":"2015-02-23T21:39:34+00:00","author":{"@id":"https:\/\/www.jugendfussball-wendelstein.de\/wordpress\/#\/schema\/person\/75aadcbd4be1b3af1c1d785397472bc9"},"breadcrumb":{"@id":"https:\/\/www.jugendfussball-wendelstein.de\/wordpress\/hkm-endrunde-in-roth-am-21-02-2015\/#breadcrumb"},"inLanguage":"de","potentialAction":[{"@type":"ReadAction","target":["https:\/\/www.jugendfussball-wendelstein.de\/wordpress\/hkm-endrunde-in-roth-am-21-02-2015\/"]}]},{"@type":"BreadcrumbList","@id":"https:\/\/www.jugendfussball-wendelstein.de\/wordpress\/hkm-endrunde-in-roth-am-21-02-2015\/#breadcrumb","itemListElement":[{"@type":"ListItem","position":1,"name":"Startseite","item":"https:\/\/www.jugendfussball-wendelstein.de\/wordpress\/"},{"@type":"ListItem","position":2,"name":"HKM Endrunde in Roth am 21.02.2015"}]},{"@type":"WebSite","@id":"https:\/\/www.jugendfussball-wendelstein.de\/wordpress\/#website","url":"https:\/\/www.jugendfussball-wendelstein.de\/wordpress\/","name":"JFG Wendelstein","description":"Juniorenfu\u00dfball","potentialAction":[{"@type":"SearchAction","target":{"@type":"EntryPoint","urlTemplate":"https:\/\/www.jugendfussball-wendelstein.de\/wordpress\/?s={search_term_string}"},"query-input":{"@type":"PropertyValueSpecification","valueRequired":true,"valueName":"search_term_string"}}],"inLanguage":"de"},{"@type":"Person","@id":"https:\/\/www.jugendfussball-wendelstein.de\/wordpress\/#\/schema\/person\/75aadcbd4be1b3af1c1d785397472bc9","name":"Autor","image":{"@type":"ImageObject","inLanguage":"de","@id":"https:\/\/secure.gravatar.com\/avatar\/01dd9b7f2dc8d635302f1c57c2289838e9fe288acd1c06c8f8ad332b8e2a60c9?s=96&d=mm&r=g","url":"https:\/\/secure.gravatar.com\/avatar\/01dd9b7f2dc8d635302f1c57c2289838e9fe288acd1c06c8f8ad332b8e2a60c9?s=96&d=mm&r=g","contentUrl":"https:\/\/secure.gravatar.com\/avatar\/01dd9b7f2dc8d635302f1c57c2289838e9fe288acd1c06c8f8ad332b8e2a60c9?s=96&d=mm&r=g","caption":"Autor"},"url":"https:\/\/www.jugendfussball-wendelstein.de\/wordpress\/author\/autor\/"}]}},"_links":{"self":[{"href":"https:\/\/www.jugendfussball-wendelstein.de\/wordpress\/wp-json\/wp\/v2\/posts\/2033","targetHints":{"allow":["GET"]}}],"collection":[{"href":"https:\/\/www.jugendfussball-wendelstein.de\/wordpress\/wp-json\/wp\/v2\/posts"}],"about":[{"href":"https:\/\/www.jugendfussball-wendelstein.de\/wordpress\/wp-json\/wp\/v2\/types\/post"}],"author":[{"embeddable":true,"href":"https:\/\/www.jugendfussball-wendelstein.de\/wordpress\/wp-json\/wp\/v2\/users\/4"}],"replies":[{"embeddable":true,"href":"https:\/\/www.jugendfussball-wendelstein.de\/wordpress\/wp-json\/wp\/v2\/comments?post=2033"}],"version-history":[{"count":0,"href":"https:\/\/www.jugendfussball-wendelstein.de\/wordpress\/wp-json\/wp\/v2\/posts\/2033\/revisions"}],"wp:attachment":[{"href":"https:\/\/www.jugendfussball-wendelstein.de\/wordpress\/wp-json\/wp\/v2\/media?parent=2033"}],"wp:term":[{"taxonomy":"category","embeddable":true,"href":"https:\/\/www.jugendfussball-wendelstein.de\/wordpress\/wp-json\/wp\/v2\/categories?post=2033"},{"taxonomy":"post_tag","embeddable":true,"href":"https:\/\/www.jugendfussball-wendelstein.de\/wordpress\/wp-json\/wp\/v2\/tags?post=2033"}],"curies":[{"name":"wp","href":"https:\/\/api.w.org\/{rel}","templated":true}]}}