{"id":2041,"date":"2015-02-25T22:44:33","date_gmt":"2015-02-25T20:44:33","guid":{"rendered":"http:\/\/www.jugendfussball-wendelstein.de\/wordpress\/?p=2041"},"modified":"2015-02-25T22:44:33","modified_gmt":"2015-02-25T20:44:33","slug":"post-sv-nuernberg-jfg-22","status":"publish","type":"post","link":"https:\/\/www.jugendfussball-wendelstein.de\/wordpress\/post-sv-nuernberg-jfg-22\/","title":{"rendered":"Post SV N\u00fcrnberg &#8211; JFG  2:2"},"content":{"rendered":"<p>21.02.2015 : \u201eBlues\u201c mit ordentlichem Test nach der Hallenrunde!<\/p>\n<p>2:2\u00a0 bei\u00a0 Post SV ein gerechtes Ergebnis !!!!<\/p>\n<p>Der Kreisligist vom Post SV N\u00fcrnberg war wie schon im vergangenen Sommer der erwartet starke Testgegner. Nach nur einer Einheit in der R\u00fcckrundenvorbereitung war dies auch eine gute Trainingseinheit. Zwar musste man aufgrund Sperre, Urlaub und Verletzung auf vier Spieler verzichten, dennoch stand mit Enrico Haas auch ein alter neuer Neuzugang in den Reihen der \u201eBlues\u201c. Und dieser f\u00fcgte sich auch ordentlich ein. Eine sch\u00f6ne Flanke von Maxi Wei\u00df lie\u00df Joni Peuntinger clever durch und Enrico vollstreckte aus gut 10 Metern eiskalt zur 1:0 F\u00fchrung. Auch in der Folge sahen die Zuschauer ein temporeiches gutes B-Jungend Spiel mit klaren Vorteilen f\u00fcr die Wendelsteiner, Folge das 2:0 durch Paddy in der 26.Minute der mit einem sauberen Heber aus 18 Metern dem TW der Post keine Chance lie\u00df. Allerdings kam der Gastgeber noch in der 34.Minute zum Anschluss durch einen direkt verwandelten Freisto\u00df aus 22 Metern. Auch das neue System 4-3-3- der \u201eBlues\u201c wurde in der ersten H\u00e4lfte schon ordentlich umgesetzt. Sehr gut stand die Viererkette um Lukas , Oli S. , Chris und Jonas G., auch Tim auf der 6er Position zeigte eine starke Vorstellung. Zudem wurde immer schnell \u00fcber die beiden au\u00dfen Leon und Paddy versucht das Spiel aufzubauen. Auch gute Noten verdienten sich Maxi W. und Jonas P. die vor allem in der Laufbereitschaft \u00fcberzeugten. Allerdings ging in der zweiten H\u00e4lfte der Spielfluss etwas verloren, durch viele Wechsel auf Seiten der G\u00e4ste, so kam auch der Gastgeber besser ins Spiel, die Abwehr stand aber weiterhin ihren Mann, allerdings wurde der Aufwand der Post durch einen weiteren direkt verwandelten Freisto\u00df in der 75.Minute mit dem 2:2 belohnt. Alles in allem ein guter Test mit guten Erkenntnissen auf einem sehr guten Kunstrasen des Post SV, danke und bis zum n\u00e4chsten mal.<\/p>\n","protected":false},"excerpt":{"rendered":"<p>21.02.2015 : \u201eBlues\u201c mit ordentlichem Test nach der Hallenrunde! 2:2\u00a0 bei\u00a0 Post SV ein gerechtes Ergebnis !!!! Der Kreisligist vom Post SV N\u00fcrnberg war wie schon im vergangenen Sommer der erwartet starke Testgegner. Nach nur einer Einheit in der R\u00fcckrundenvorbereitung war dies auch eine gute Trainingseinheit. Zwar musste man aufgrund Sperre, Urlaub und Verletzung auf [&hellip;]<\/p>\n","protected":false},"author":4,"featured_media":0,"comment_status":"closed","ping_status":"closed","sticky":false,"template":"","format":"standard","meta":{"saved_in_kubio":false,"footnotes":""},"categories":[2,16,21],"tags":[],"class_list":["post-2041","post","type-post","status-publish","format-standard","hentry","category-gf","category-spielbericht","category-u17"],"yoast_head":"<!-- This site is optimized with the Yoast SEO plugin v27.4 - https:\/\/yoast.com\/product\/yoast-seo-wordpress\/ -->\n<title>Post SV N\u00fcrnberg - JFG 2:2 - JFG Wendelstein<\/title>\n<meta name=\"robots\" content=\"index, follow, max-snippet:-1, max-image-preview:large, max-video-preview:-1\" \/>\n<link rel=\"canonical\" href=\"https:\/\/www.jugendfussball-wendelstein.de\/wordpress\/post-sv-nuernberg-jfg-22\/\" \/>\n<meta property=\"og:locale\" content=\"de_DE\" \/>\n<meta property=\"og:type\" content=\"article\" \/>\n<meta property=\"og:title\" content=\"Post SV N\u00fcrnberg - JFG 2:2 - JFG Wendelstein\" \/>\n<meta property=\"og:description\" content=\"21.02.2015 : \u201eBlues\u201c mit ordentlichem Test nach der Hallenrunde! 2:2\u00a0 bei\u00a0 Post SV ein gerechtes Ergebnis !!!! Der Kreisligist vom Post SV N\u00fcrnberg war wie schon im vergangenen Sommer der erwartet starke Testgegner. Nach nur einer Einheit in der R\u00fcckrundenvorbereitung war dies auch eine gute Trainingseinheit. Zwar musste man aufgrund Sperre, Urlaub und Verletzung auf [&hellip;]\" \/>\n<meta property=\"og:url\" content=\"https:\/\/www.jugendfussball-wendelstein.de\/wordpress\/post-sv-nuernberg-jfg-22\/\" \/>\n<meta property=\"og:site_name\" content=\"JFG Wendelstein\" \/>\n<meta property=\"article:published_time\" content=\"2015-02-25T20:44:33+00:00\" \/>\n<meta name=\"author\" content=\"Autor\" \/>\n<meta name=\"twitter:card\" content=\"summary_large_image\" \/>\n<meta name=\"twitter:label1\" content=\"Verfasst von\" \/>\n\t<meta name=\"twitter:data1\" content=\"Autor\" \/>\n\t<meta name=\"twitter:label2\" content=\"Gesch\u00e4tzte Lesezeit\" \/>\n\t<meta name=\"twitter:data2\" content=\"2\u00a0Minuten\" \/>\n<script type=\"application\/ld+json\" class=\"yoast-schema-graph\">{\"@context\":\"https:\\\/\\\/schema.org\",\"@graph\":[{\"@type\":\"Article\",\"@id\":\"https:\\\/\\\/www.jugendfussball-wendelstein.de\\\/wordpress\\\/post-sv-nuernberg-jfg-22\\\/#article\",\"isPartOf\":{\"@id\":\"https:\\\/\\\/www.jugendfussball-wendelstein.de\\\/wordpress\\\/post-sv-nuernberg-jfg-22\\\/\"},\"author\":{\"name\":\"Autor\",\"@id\":\"https:\\\/\\\/www.jugendfussball-wendelstein.de\\\/wordpress\\\/#\\\/schema\\\/person\\\/75aadcbd4be1b3af1c1d785397472bc9\"},\"headline\":\"Post SV N\u00fcrnberg &#8211; JFG 2:2\",\"datePublished\":\"2015-02-25T20:44:33+00:00\",\"mainEntityOfPage\":{\"@id\":\"https:\\\/\\\/www.jugendfussball-wendelstein.de\\\/wordpress\\\/post-sv-nuernberg-jfg-22\\\/\"},\"wordCount\":314,\"articleSection\":[\"Gro\u00dffeld\",\"Spielbericht\",\"U17\"],\"inLanguage\":\"de\"},{\"@type\":\"WebPage\",\"@id\":\"https:\\\/\\\/www.jugendfussball-wendelstein.de\\\/wordpress\\\/post-sv-nuernberg-jfg-22\\\/\",\"url\":\"https:\\\/\\\/www.jugendfussball-wendelstein.de\\\/wordpress\\\/post-sv-nuernberg-jfg-22\\\/\",\"name\":\"Post SV N\u00fcrnberg - JFG 2:2 - JFG Wendelstein\",\"isPartOf\":{\"@id\":\"https:\\\/\\\/www.jugendfussball-wendelstein.de\\\/wordpress\\\/#website\"},\"datePublished\":\"2015-02-25T20:44:33+00:00\",\"author\":{\"@id\":\"https:\\\/\\\/www.jugendfussball-wendelstein.de\\\/wordpress\\\/#\\\/schema\\\/person\\\/75aadcbd4be1b3af1c1d785397472bc9\"},\"breadcrumb\":{\"@id\":\"https:\\\/\\\/www.jugendfussball-wendelstein.de\\\/wordpress\\\/post-sv-nuernberg-jfg-22\\\/#breadcrumb\"},\"inLanguage\":\"de\",\"potentialAction\":[{\"@type\":\"ReadAction\",\"target\":[\"https:\\\/\\\/www.jugendfussball-wendelstein.de\\\/wordpress\\\/post-sv-nuernberg-jfg-22\\\/\"]}]},{\"@type\":\"BreadcrumbList\",\"@id\":\"https:\\\/\\\/www.jugendfussball-wendelstein.de\\\/wordpress\\\/post-sv-nuernberg-jfg-22\\\/#breadcrumb\",\"itemListElement\":[{\"@type\":\"ListItem\",\"position\":1,\"name\":\"Startseite\",\"item\":\"https:\\\/\\\/www.jugendfussball-wendelstein.de\\\/wordpress\\\/\"},{\"@type\":\"ListItem\",\"position\":2,\"name\":\"Post SV N\u00fcrnberg &#8211; JFG 2:2\"}]},{\"@type\":\"WebSite\",\"@id\":\"https:\\\/\\\/www.jugendfussball-wendelstein.de\\\/wordpress\\\/#website\",\"url\":\"https:\\\/\\\/www.jugendfussball-wendelstein.de\\\/wordpress\\\/\",\"name\":\"JFG Wendelstein\",\"description\":\"Juniorenfu\u00dfball\",\"potentialAction\":[{\"@type\":\"SearchAction\",\"target\":{\"@type\":\"EntryPoint\",\"urlTemplate\":\"https:\\\/\\\/www.jugendfussball-wendelstein.de\\\/wordpress\\\/?s={search_term_string}\"},\"query-input\":{\"@type\":\"PropertyValueSpecification\",\"valueRequired\":true,\"valueName\":\"search_term_string\"}}],\"inLanguage\":\"de\"},{\"@type\":\"Person\",\"@id\":\"https:\\\/\\\/www.jugendfussball-wendelstein.de\\\/wordpress\\\/#\\\/schema\\\/person\\\/75aadcbd4be1b3af1c1d785397472bc9\",\"name\":\"Autor\",\"image\":{\"@type\":\"ImageObject\",\"inLanguage\":\"de\",\"@id\":\"https:\\\/\\\/secure.gravatar.com\\\/avatar\\\/01dd9b7f2dc8d635302f1c57c2289838e9fe288acd1c06c8f8ad332b8e2a60c9?s=96&d=mm&r=g\",\"url\":\"https:\\\/\\\/secure.gravatar.com\\\/avatar\\\/01dd9b7f2dc8d635302f1c57c2289838e9fe288acd1c06c8f8ad332b8e2a60c9?s=96&d=mm&r=g\",\"contentUrl\":\"https:\\\/\\\/secure.gravatar.com\\\/avatar\\\/01dd9b7f2dc8d635302f1c57c2289838e9fe288acd1c06c8f8ad332b8e2a60c9?s=96&d=mm&r=g\",\"caption\":\"Autor\"},\"url\":\"https:\\\/\\\/www.jugendfussball-wendelstein.de\\\/wordpress\\\/author\\\/autor\\\/\"}]}<\/script>\n<!-- \/ Yoast SEO plugin. -->","yoast_head_json":{"title":"Post SV N\u00fcrnberg - JFG 2:2 - JFG Wendelstein","robots":{"index":"index","follow":"follow","max-snippet":"max-snippet:-1","max-image-preview":"max-image-preview:large","max-video-preview":"max-video-preview:-1"},"canonical":"https:\/\/www.jugendfussball-wendelstein.de\/wordpress\/post-sv-nuernberg-jfg-22\/","og_locale":"de_DE","og_type":"article","og_title":"Post SV N\u00fcrnberg - JFG 2:2 - JFG Wendelstein","og_description":"21.02.2015 : \u201eBlues\u201c mit ordentlichem Test nach der Hallenrunde! 2:2\u00a0 bei\u00a0 Post SV ein gerechtes Ergebnis !!!! Der Kreisligist vom Post SV N\u00fcrnberg war wie schon im vergangenen Sommer der erwartet starke Testgegner. Nach nur einer Einheit in der R\u00fcckrundenvorbereitung war dies auch eine gute Trainingseinheit. Zwar musste man aufgrund Sperre, Urlaub und Verletzung auf [&hellip;]","og_url":"https:\/\/www.jugendfussball-wendelstein.de\/wordpress\/post-sv-nuernberg-jfg-22\/","og_site_name":"JFG Wendelstein","article_published_time":"2015-02-25T20:44:33+00:00","author":"Autor","twitter_card":"summary_large_image","twitter_misc":{"Verfasst von":"Autor","Gesch\u00e4tzte Lesezeit":"2\u00a0Minuten"},"schema":{"@context":"https:\/\/schema.org","@graph":[{"@type":"Article","@id":"https:\/\/www.jugendfussball-wendelstein.de\/wordpress\/post-sv-nuernberg-jfg-22\/#article","isPartOf":{"@id":"https:\/\/www.jugendfussball-wendelstein.de\/wordpress\/post-sv-nuernberg-jfg-22\/"},"author":{"name":"Autor","@id":"https:\/\/www.jugendfussball-wendelstein.de\/wordpress\/#\/schema\/person\/75aadcbd4be1b3af1c1d785397472bc9"},"headline":"Post SV N\u00fcrnberg &#8211; JFG 2:2","datePublished":"2015-02-25T20:44:33+00:00","mainEntityOfPage":{"@id":"https:\/\/www.jugendfussball-wendelstein.de\/wordpress\/post-sv-nuernberg-jfg-22\/"},"wordCount":314,"articleSection":["Gro\u00dffeld","Spielbericht","U17"],"inLanguage":"de"},{"@type":"WebPage","@id":"https:\/\/www.jugendfussball-wendelstein.de\/wordpress\/post-sv-nuernberg-jfg-22\/","url":"https:\/\/www.jugendfussball-wendelstein.de\/wordpress\/post-sv-nuernberg-jfg-22\/","name":"Post SV N\u00fcrnberg - JFG 2:2 - JFG Wendelstein","isPartOf":{"@id":"https:\/\/www.jugendfussball-wendelstein.de\/wordpress\/#website"},"datePublished":"2015-02-25T20:44:33+00:00","author":{"@id":"https:\/\/www.jugendfussball-wendelstein.de\/wordpress\/#\/schema\/person\/75aadcbd4be1b3af1c1d785397472bc9"},"breadcrumb":{"@id":"https:\/\/www.jugendfussball-wendelstein.de\/wordpress\/post-sv-nuernberg-jfg-22\/#breadcrumb"},"inLanguage":"de","potentialAction":[{"@type":"ReadAction","target":["https:\/\/www.jugendfussball-wendelstein.de\/wordpress\/post-sv-nuernberg-jfg-22\/"]}]},{"@type":"BreadcrumbList","@id":"https:\/\/www.jugendfussball-wendelstein.de\/wordpress\/post-sv-nuernberg-jfg-22\/#breadcrumb","itemListElement":[{"@type":"ListItem","position":1,"name":"Startseite","item":"https:\/\/www.jugendfussball-wendelstein.de\/wordpress\/"},{"@type":"ListItem","position":2,"name":"Post SV N\u00fcrnberg &#8211; JFG 2:2"}]},{"@type":"WebSite","@id":"https:\/\/www.jugendfussball-wendelstein.de\/wordpress\/#website","url":"https:\/\/www.jugendfussball-wendelstein.de\/wordpress\/","name":"JFG Wendelstein","description":"Juniorenfu\u00dfball","potentialAction":[{"@type":"SearchAction","target":{"@type":"EntryPoint","urlTemplate":"https:\/\/www.jugendfussball-wendelstein.de\/wordpress\/?s={search_term_string}"},"query-input":{"@type":"PropertyValueSpecification","valueRequired":true,"valueName":"search_term_string"}}],"inLanguage":"de"},{"@type":"Person","@id":"https:\/\/www.jugendfussball-wendelstein.de\/wordpress\/#\/schema\/person\/75aadcbd4be1b3af1c1d785397472bc9","name":"Autor","image":{"@type":"ImageObject","inLanguage":"de","@id":"https:\/\/secure.gravatar.com\/avatar\/01dd9b7f2dc8d635302f1c57c2289838e9fe288acd1c06c8f8ad332b8e2a60c9?s=96&d=mm&r=g","url":"https:\/\/secure.gravatar.com\/avatar\/01dd9b7f2dc8d635302f1c57c2289838e9fe288acd1c06c8f8ad332b8e2a60c9?s=96&d=mm&r=g","contentUrl":"https:\/\/secure.gravatar.com\/avatar\/01dd9b7f2dc8d635302f1c57c2289838e9fe288acd1c06c8f8ad332b8e2a60c9?s=96&d=mm&r=g","caption":"Autor"},"url":"https:\/\/www.jugendfussball-wendelstein.de\/wordpress\/author\/autor\/"}]}},"_links":{"self":[{"href":"https:\/\/www.jugendfussball-wendelstein.de\/wordpress\/wp-json\/wp\/v2\/posts\/2041","targetHints":{"allow":["GET"]}}],"collection":[{"href":"https:\/\/www.jugendfussball-wendelstein.de\/wordpress\/wp-json\/wp\/v2\/posts"}],"about":[{"href":"https:\/\/www.jugendfussball-wendelstein.de\/wordpress\/wp-json\/wp\/v2\/types\/post"}],"author":[{"embeddable":true,"href":"https:\/\/www.jugendfussball-wendelstein.de\/wordpress\/wp-json\/wp\/v2\/users\/4"}],"replies":[{"embeddable":true,"href":"https:\/\/www.jugendfussball-wendelstein.de\/wordpress\/wp-json\/wp\/v2\/comments?post=2041"}],"version-history":[{"count":0,"href":"https:\/\/www.jugendfussball-wendelstein.de\/wordpress\/wp-json\/wp\/v2\/posts\/2041\/revisions"}],"wp:attachment":[{"href":"https:\/\/www.jugendfussball-wendelstein.de\/wordpress\/wp-json\/wp\/v2\/media?parent=2041"}],"wp:term":[{"taxonomy":"category","embeddable":true,"href":"https:\/\/www.jugendfussball-wendelstein.de\/wordpress\/wp-json\/wp\/v2\/categories?post=2041"},{"taxonomy":"post_tag","embeddable":true,"href":"https:\/\/www.jugendfussball-wendelstein.de\/wordpress\/wp-json\/wp\/v2\/tags?post=2041"}],"curies":[{"name":"wp","href":"https:\/\/api.w.org\/{rel}","templated":true}]}}