{"id":2049,"date":"2015-03-01T21:06:18","date_gmt":"2015-03-01T19:06:18","guid":{"rendered":"http:\/\/www.jugendfussball-wendelstein.de\/wordpress\/?p=2049"},"modified":"2015-03-01T21:06:18","modified_gmt":"2015-03-01T19:06:18","slug":"fsv-erlangen-bruck-jfg-34","status":"publish","type":"post","link":"https:\/\/www.jugendfussball-wendelstein.de\/wordpress\/fsv-erlangen-bruck-jfg-34\/","title":{"rendered":"FSV Erlangen-Bruck &#8211; JFG  3:4"},"content":{"rendered":"<p>01.03.2015 : Testspiel &#8211; Auf dem sch\u00f6nen, aber kleinen und engen Kunstrasenplatz des ASV F\u00fcrth setzte sich unsere U15 zwar unspektakul\u00e4r aber dennoch verdient gegen den Bayernligisten aus Erlangen durch.<br \/>\nIn einer etwas zerfahrenen Partie mit vielen Fehlp\u00e4ssen und einfachen Ballverlusten auf beiden Seiten war Wendelstein in der ersten Halbzeit zielstrebiger im Spielaufbau und ging auch verdient deutlich in F\u00fchrung. Eine missgl\u00fcckte Kopfballabwehr schenkte dem FSV vor der Halbzeit den Anschluss. Auch in der zweiten Halbzeit dominierten die Fehler im Spielaufbau beider Teams. Obwohl Wendelstein die F\u00fchrung weiter ausbaute, nutzte die Galasek-Truppe eine durch viele Wechsel entstandene Unordnung der Wendelsteiner Hintermannschaft zur Ergebniskorrektur. Somit verdienten sich die aggressiv aufspielenden Brucker am Ende ein enges Ergebnis.<\/p>\n","protected":false},"excerpt":{"rendered":"<p>01.03.2015 : Testspiel &#8211; Auf dem sch\u00f6nen, aber kleinen und engen Kunstrasenplatz des ASV F\u00fcrth setzte sich unsere U15 zwar unspektakul\u00e4r aber dennoch verdient gegen den Bayernligisten aus Erlangen durch. In einer etwas zerfahrenen Partie mit vielen Fehlp\u00e4ssen und einfachen Ballverlusten auf beiden Seiten war Wendelstein in der ersten Halbzeit zielstrebiger im Spielaufbau und ging [&hellip;]<\/p>\n","protected":false},"author":4,"featured_media":0,"comment_status":"closed","ping_status":"closed","sticky":false,"template":"","format":"standard","meta":{"saved_in_kubio":false,"footnotes":""},"categories":[2,16,17],"tags":[],"class_list":["post-2049","post","type-post","status-publish","format-standard","hentry","category-gf","category-spielbericht","category-u15"],"yoast_head":"<!-- This site is optimized with the Yoast SEO plugin v27.4 - https:\/\/yoast.com\/product\/yoast-seo-wordpress\/ -->\n<title>FSV Erlangen-Bruck - JFG 3:4 - JFG Wendelstein<\/title>\n<meta name=\"robots\" content=\"index, follow, max-snippet:-1, max-image-preview:large, max-video-preview:-1\" \/>\n<link rel=\"canonical\" href=\"https:\/\/www.jugendfussball-wendelstein.de\/wordpress\/fsv-erlangen-bruck-jfg-34\/\" \/>\n<meta property=\"og:locale\" content=\"de_DE\" \/>\n<meta property=\"og:type\" content=\"article\" \/>\n<meta property=\"og:title\" content=\"FSV Erlangen-Bruck - JFG 3:4 - JFG Wendelstein\" \/>\n<meta property=\"og:description\" content=\"01.03.2015 : Testspiel &#8211; Auf dem sch\u00f6nen, aber kleinen und engen Kunstrasenplatz des ASV F\u00fcrth setzte sich unsere U15 zwar unspektakul\u00e4r aber dennoch verdient gegen den Bayernligisten aus Erlangen durch. In einer etwas zerfahrenen Partie mit vielen Fehlp\u00e4ssen und einfachen Ballverlusten auf beiden Seiten war Wendelstein in der ersten Halbzeit zielstrebiger im Spielaufbau und ging [&hellip;]\" \/>\n<meta property=\"og:url\" content=\"https:\/\/www.jugendfussball-wendelstein.de\/wordpress\/fsv-erlangen-bruck-jfg-34\/\" \/>\n<meta property=\"og:site_name\" content=\"JFG Wendelstein\" \/>\n<meta property=\"article:published_time\" content=\"2015-03-01T19:06:18+00:00\" \/>\n<meta name=\"author\" content=\"Autor\" \/>\n<meta name=\"twitter:card\" content=\"summary_large_image\" \/>\n<meta name=\"twitter:label1\" content=\"Verfasst von\" \/>\n\t<meta name=\"twitter:data1\" content=\"Autor\" \/>\n\t<meta name=\"twitter:label2\" content=\"Gesch\u00e4tzte Lesezeit\" \/>\n\t<meta name=\"twitter:data2\" content=\"1\u00a0Minute\" \/>\n<script type=\"application\/ld+json\" class=\"yoast-schema-graph\">{\"@context\":\"https:\\\/\\\/schema.org\",\"@graph\":[{\"@type\":\"Article\",\"@id\":\"https:\\\/\\\/www.jugendfussball-wendelstein.de\\\/wordpress\\\/fsv-erlangen-bruck-jfg-34\\\/#article\",\"isPartOf\":{\"@id\":\"https:\\\/\\\/www.jugendfussball-wendelstein.de\\\/wordpress\\\/fsv-erlangen-bruck-jfg-34\\\/\"},\"author\":{\"name\":\"Autor\",\"@id\":\"https:\\\/\\\/www.jugendfussball-wendelstein.de\\\/wordpress\\\/#\\\/schema\\\/person\\\/75aadcbd4be1b3af1c1d785397472bc9\"},\"headline\":\"FSV Erlangen-Bruck &#8211; JFG 3:4\",\"datePublished\":\"2015-03-01T19:06:18+00:00\",\"mainEntityOfPage\":{\"@id\":\"https:\\\/\\\/www.jugendfussball-wendelstein.de\\\/wordpress\\\/fsv-erlangen-bruck-jfg-34\\\/\"},\"wordCount\":124,\"articleSection\":[\"Gro\u00dffeld\",\"Spielbericht\",\"U15\"],\"inLanguage\":\"de\"},{\"@type\":\"WebPage\",\"@id\":\"https:\\\/\\\/www.jugendfussball-wendelstein.de\\\/wordpress\\\/fsv-erlangen-bruck-jfg-34\\\/\",\"url\":\"https:\\\/\\\/www.jugendfussball-wendelstein.de\\\/wordpress\\\/fsv-erlangen-bruck-jfg-34\\\/\",\"name\":\"FSV Erlangen-Bruck - JFG 3:4 - JFG Wendelstein\",\"isPartOf\":{\"@id\":\"https:\\\/\\\/www.jugendfussball-wendelstein.de\\\/wordpress\\\/#website\"},\"datePublished\":\"2015-03-01T19:06:18+00:00\",\"author\":{\"@id\":\"https:\\\/\\\/www.jugendfussball-wendelstein.de\\\/wordpress\\\/#\\\/schema\\\/person\\\/75aadcbd4be1b3af1c1d785397472bc9\"},\"breadcrumb\":{\"@id\":\"https:\\\/\\\/www.jugendfussball-wendelstein.de\\\/wordpress\\\/fsv-erlangen-bruck-jfg-34\\\/#breadcrumb\"},\"inLanguage\":\"de\",\"potentialAction\":[{\"@type\":\"ReadAction\",\"target\":[\"https:\\\/\\\/www.jugendfussball-wendelstein.de\\\/wordpress\\\/fsv-erlangen-bruck-jfg-34\\\/\"]}]},{\"@type\":\"BreadcrumbList\",\"@id\":\"https:\\\/\\\/www.jugendfussball-wendelstein.de\\\/wordpress\\\/fsv-erlangen-bruck-jfg-34\\\/#breadcrumb\",\"itemListElement\":[{\"@type\":\"ListItem\",\"position\":1,\"name\":\"Startseite\",\"item\":\"https:\\\/\\\/www.jugendfussball-wendelstein.de\\\/wordpress\\\/\"},{\"@type\":\"ListItem\",\"position\":2,\"name\":\"FSV Erlangen-Bruck &#8211; JFG 3:4\"}]},{\"@type\":\"WebSite\",\"@id\":\"https:\\\/\\\/www.jugendfussball-wendelstein.de\\\/wordpress\\\/#website\",\"url\":\"https:\\\/\\\/www.jugendfussball-wendelstein.de\\\/wordpress\\\/\",\"name\":\"JFG Wendelstein\",\"description\":\"Juniorenfu\u00dfball\",\"potentialAction\":[{\"@type\":\"SearchAction\",\"target\":{\"@type\":\"EntryPoint\",\"urlTemplate\":\"https:\\\/\\\/www.jugendfussball-wendelstein.de\\\/wordpress\\\/?s={search_term_string}\"},\"query-input\":{\"@type\":\"PropertyValueSpecification\",\"valueRequired\":true,\"valueName\":\"search_term_string\"}}],\"inLanguage\":\"de\"},{\"@type\":\"Person\",\"@id\":\"https:\\\/\\\/www.jugendfussball-wendelstein.de\\\/wordpress\\\/#\\\/schema\\\/person\\\/75aadcbd4be1b3af1c1d785397472bc9\",\"name\":\"Autor\",\"image\":{\"@type\":\"ImageObject\",\"inLanguage\":\"de\",\"@id\":\"https:\\\/\\\/secure.gravatar.com\\\/avatar\\\/01dd9b7f2dc8d635302f1c57c2289838e9fe288acd1c06c8f8ad332b8e2a60c9?s=96&d=mm&r=g\",\"url\":\"https:\\\/\\\/secure.gravatar.com\\\/avatar\\\/01dd9b7f2dc8d635302f1c57c2289838e9fe288acd1c06c8f8ad332b8e2a60c9?s=96&d=mm&r=g\",\"contentUrl\":\"https:\\\/\\\/secure.gravatar.com\\\/avatar\\\/01dd9b7f2dc8d635302f1c57c2289838e9fe288acd1c06c8f8ad332b8e2a60c9?s=96&d=mm&r=g\",\"caption\":\"Autor\"},\"url\":\"https:\\\/\\\/www.jugendfussball-wendelstein.de\\\/wordpress\\\/author\\\/autor\\\/\"}]}<\/script>\n<!-- \/ Yoast SEO plugin. -->","yoast_head_json":{"title":"FSV Erlangen-Bruck - JFG 3:4 - JFG Wendelstein","robots":{"index":"index","follow":"follow","max-snippet":"max-snippet:-1","max-image-preview":"max-image-preview:large","max-video-preview":"max-video-preview:-1"},"canonical":"https:\/\/www.jugendfussball-wendelstein.de\/wordpress\/fsv-erlangen-bruck-jfg-34\/","og_locale":"de_DE","og_type":"article","og_title":"FSV Erlangen-Bruck - JFG 3:4 - JFG Wendelstein","og_description":"01.03.2015 : Testspiel &#8211; Auf dem sch\u00f6nen, aber kleinen und engen Kunstrasenplatz des ASV F\u00fcrth setzte sich unsere U15 zwar unspektakul\u00e4r aber dennoch verdient gegen den Bayernligisten aus Erlangen durch. In einer etwas zerfahrenen Partie mit vielen Fehlp\u00e4ssen und einfachen Ballverlusten auf beiden Seiten war Wendelstein in der ersten Halbzeit zielstrebiger im Spielaufbau und ging [&hellip;]","og_url":"https:\/\/www.jugendfussball-wendelstein.de\/wordpress\/fsv-erlangen-bruck-jfg-34\/","og_site_name":"JFG Wendelstein","article_published_time":"2015-03-01T19:06:18+00:00","author":"Autor","twitter_card":"summary_large_image","twitter_misc":{"Verfasst von":"Autor","Gesch\u00e4tzte Lesezeit":"1\u00a0Minute"},"schema":{"@context":"https:\/\/schema.org","@graph":[{"@type":"Article","@id":"https:\/\/www.jugendfussball-wendelstein.de\/wordpress\/fsv-erlangen-bruck-jfg-34\/#article","isPartOf":{"@id":"https:\/\/www.jugendfussball-wendelstein.de\/wordpress\/fsv-erlangen-bruck-jfg-34\/"},"author":{"name":"Autor","@id":"https:\/\/www.jugendfussball-wendelstein.de\/wordpress\/#\/schema\/person\/75aadcbd4be1b3af1c1d785397472bc9"},"headline":"FSV Erlangen-Bruck &#8211; JFG 3:4","datePublished":"2015-03-01T19:06:18+00:00","mainEntityOfPage":{"@id":"https:\/\/www.jugendfussball-wendelstein.de\/wordpress\/fsv-erlangen-bruck-jfg-34\/"},"wordCount":124,"articleSection":["Gro\u00dffeld","Spielbericht","U15"],"inLanguage":"de"},{"@type":"WebPage","@id":"https:\/\/www.jugendfussball-wendelstein.de\/wordpress\/fsv-erlangen-bruck-jfg-34\/","url":"https:\/\/www.jugendfussball-wendelstein.de\/wordpress\/fsv-erlangen-bruck-jfg-34\/","name":"FSV Erlangen-Bruck - JFG 3:4 - JFG Wendelstein","isPartOf":{"@id":"https:\/\/www.jugendfussball-wendelstein.de\/wordpress\/#website"},"datePublished":"2015-03-01T19:06:18+00:00","author":{"@id":"https:\/\/www.jugendfussball-wendelstein.de\/wordpress\/#\/schema\/person\/75aadcbd4be1b3af1c1d785397472bc9"},"breadcrumb":{"@id":"https:\/\/www.jugendfussball-wendelstein.de\/wordpress\/fsv-erlangen-bruck-jfg-34\/#breadcrumb"},"inLanguage":"de","potentialAction":[{"@type":"ReadAction","target":["https:\/\/www.jugendfussball-wendelstein.de\/wordpress\/fsv-erlangen-bruck-jfg-34\/"]}]},{"@type":"BreadcrumbList","@id":"https:\/\/www.jugendfussball-wendelstein.de\/wordpress\/fsv-erlangen-bruck-jfg-34\/#breadcrumb","itemListElement":[{"@type":"ListItem","position":1,"name":"Startseite","item":"https:\/\/www.jugendfussball-wendelstein.de\/wordpress\/"},{"@type":"ListItem","position":2,"name":"FSV Erlangen-Bruck &#8211; JFG 3:4"}]},{"@type":"WebSite","@id":"https:\/\/www.jugendfussball-wendelstein.de\/wordpress\/#website","url":"https:\/\/www.jugendfussball-wendelstein.de\/wordpress\/","name":"JFG Wendelstein","description":"Juniorenfu\u00dfball","potentialAction":[{"@type":"SearchAction","target":{"@type":"EntryPoint","urlTemplate":"https:\/\/www.jugendfussball-wendelstein.de\/wordpress\/?s={search_term_string}"},"query-input":{"@type":"PropertyValueSpecification","valueRequired":true,"valueName":"search_term_string"}}],"inLanguage":"de"},{"@type":"Person","@id":"https:\/\/www.jugendfussball-wendelstein.de\/wordpress\/#\/schema\/person\/75aadcbd4be1b3af1c1d785397472bc9","name":"Autor","image":{"@type":"ImageObject","inLanguage":"de","@id":"https:\/\/secure.gravatar.com\/avatar\/01dd9b7f2dc8d635302f1c57c2289838e9fe288acd1c06c8f8ad332b8e2a60c9?s=96&d=mm&r=g","url":"https:\/\/secure.gravatar.com\/avatar\/01dd9b7f2dc8d635302f1c57c2289838e9fe288acd1c06c8f8ad332b8e2a60c9?s=96&d=mm&r=g","contentUrl":"https:\/\/secure.gravatar.com\/avatar\/01dd9b7f2dc8d635302f1c57c2289838e9fe288acd1c06c8f8ad332b8e2a60c9?s=96&d=mm&r=g","caption":"Autor"},"url":"https:\/\/www.jugendfussball-wendelstein.de\/wordpress\/author\/autor\/"}]}},"_links":{"self":[{"href":"https:\/\/www.jugendfussball-wendelstein.de\/wordpress\/wp-json\/wp\/v2\/posts\/2049","targetHints":{"allow":["GET"]}}],"collection":[{"href":"https:\/\/www.jugendfussball-wendelstein.de\/wordpress\/wp-json\/wp\/v2\/posts"}],"about":[{"href":"https:\/\/www.jugendfussball-wendelstein.de\/wordpress\/wp-json\/wp\/v2\/types\/post"}],"author":[{"embeddable":true,"href":"https:\/\/www.jugendfussball-wendelstein.de\/wordpress\/wp-json\/wp\/v2\/users\/4"}],"replies":[{"embeddable":true,"href":"https:\/\/www.jugendfussball-wendelstein.de\/wordpress\/wp-json\/wp\/v2\/comments?post=2049"}],"version-history":[{"count":0,"href":"https:\/\/www.jugendfussball-wendelstein.de\/wordpress\/wp-json\/wp\/v2\/posts\/2049\/revisions"}],"wp:attachment":[{"href":"https:\/\/www.jugendfussball-wendelstein.de\/wordpress\/wp-json\/wp\/v2\/media?parent=2049"}],"wp:term":[{"taxonomy":"category","embeddable":true,"href":"https:\/\/www.jugendfussball-wendelstein.de\/wordpress\/wp-json\/wp\/v2\/categories?post=2049"},{"taxonomy":"post_tag","embeddable":true,"href":"https:\/\/www.jugendfussball-wendelstein.de\/wordpress\/wp-json\/wp\/v2\/tags?post=2049"}],"curies":[{"name":"wp","href":"https:\/\/api.w.org\/{rel}","templated":true}]}}