{"id":2051,"date":"2015-03-05T11:36:18","date_gmt":"2015-03-05T09:36:18","guid":{"rendered":"http:\/\/www.jugendfussball-wendelstein.de\/wordpress\/?p=2051"},"modified":"2015-03-05T11:37:57","modified_gmt":"2015-03-05T09:37:57","slug":"erfolgreicher-hallencup-2015","status":"publish","type":"post","link":"https:\/\/www.jugendfussball-wendelstein.de\/wordpress\/erfolgreicher-hallencup-2015\/","title":{"rendered":"Erfolgreicher Hallencup 2015"},"content":{"rendered":"<p>Zu unseren Hallencup 2015 begr\u00fcssten wir die Mannschaften <strong>SG 83 Nbg.-F\u00fcrth, Kareth-Lappersdorf, ASC Boxdorf<\/strong> und <strong>VfL N\u00fcrnberg<\/strong> in der einen Gruppe. In der Anderen spielten neben uns der <strong>TSV Katzwang<\/strong>, die <strong>DjK Ingolstadt<\/strong> und der <strong>BC Aresing<\/strong>. Da wir am n\u00e4chsten Tag ein gr\u00f6\u00dferes Turnier spielen wollten, hatten einige unserer Kinder heute Pause &#8211; wir spielten nur mit einer Mannschaft.<\/p>\n<p>Gegen das Team aus <strong>Aresing<\/strong> ging es gleich in unser erstes Spiel. Dabei kamen die Blues eher schleppend ins Spiel und wurden durch muntere G\u00e4ste gut besch\u00e4ftigt. Dennoch erspielten sie sich zahlreiche Chancen, die sie nicht nutzen konnten. Aresing dagegen machte es besser und schloss einen sch\u00f6nen Spielzug zur F\u00fchrung ab. Im weiteren Verlauf verteidigten sie gegen die Wendelsteiner gut und so trennten sich beide Mannschaften mit 1:0.<\/p>\n<p>Gegen die <strong>DjK Ingolstadt<\/strong> lief es schon besser. Die Blues in Fahrt auf und zeigten sch\u00f6nen Fu\u00dfball. Die Konsequenz vieler Torchancen war der Treffer, bei dem es bis zum Ende blieb. Damit gingen die Wendelsteiner mit einem Sieg in die Kabine.<\/p>\n<p>Unsere &#8222;Nachbarn&#8220; aus <strong>Katzwang<\/strong> waren der letzte Gruppengegner. Gleich zu Beginn gelang die schnelle fr\u00fche F\u00fchrung, die nat\u00fcrlich Sicherheit gab. In der Folge beackerten sich beide Mannschaften auf gutem Niveau. Dabei machten die Katzwanger zwei Tore und f\u00fchrten bis kurz vor Abpfiff. Doch die Blues steckten nicht auf und konnten mit einem harten Schu\u00df den verdienten Ausgleich erzielen.<\/p>\n<p>F\u00fcrs Halbfinale hatten sich Katzwang und Aresing qualifiziert, wir spielten um Platz 5 gegen <strong>Kareth-Lappersdorf<\/strong>. Die Blues spielten sehr konzentriert gegen die Regensburger G\u00e4ste. In einem sch\u00f6nen Spiel konnten die Wendelsteiner mit einem 3:0-Sieg den f\u00fcnften Platz sichern.<\/p>\n<p>Die Mannschaft der <strong>SG 83 N\u00fcrnberg-F\u00fcrth<\/strong> hatte morgens noch mal eben die <strong><em>Hallenkreismeisterschaft<\/em><\/strong> gewonnen \u2013 <em><strong>herzlichen Gl\u00fcckwunsch<\/strong><\/em> nochmals \u2013 daher waren einige Kinder nicht mehr dabei. Dennoch kamen sie ins Halbfinale, bei dem sie im Siebenmeterschiessen gegen BC Aresing verloren.<\/p>\n<p>Diese konnten sich schlie\u00dflich auch im Finalspiel gegen den TSV Katzwang mit 2:0 letztendlich verdient durchsetzen und feierten den Turniersieg. <strong>Gl\u00fcckwunsch zu dem tollen Resultat an den BC Aresing<\/strong>!<\/p>\n<p><em><strong>Wir bedanken uns bei den Mannschaften f\u00fcr die fairen und tollen Spiele, bei unserer Elternschaft f\u00fcr &#8222;Speis und Pfiff&#8220; und bei Uwe und Yannick f\u00fcr die stimmungsvolle Turnierleitung!<\/strong><\/em><\/p>\n<p><img loading=\"lazy\" decoding=\"async\" class=\"alignleft  wp-image-2052\" src=\"https:\/\/www.jugendfussball-wendelstein.de\/wordpress\/wp-content\/uploads\/2015\/03\/DSC02213-ret.jpg\" alt=\"DSC02213-ret\" width=\"734\" height=\"186\" \/><\/p>\n<p>1.\u00a0 BC Aresing<br \/>\n2.\u00a0 TSV Katzwang<br \/>\n3.\u00a0 ASC Boxdorf4.\u00a0 SG 83 Nbg.-F\u00fcrth<br \/>\n5.\u00a0 JFG Wendelstein<br \/>\n6.\u00a0 Kareth-Lappersdorf<br \/>\n7.\u00a0 DJK Ingolstadt<br \/>\n8.\u00a0 VfL N\u00fcrnberg<\/p>\n","protected":false},"excerpt":{"rendered":"<p>Zu unseren Hallencup 2015 begr\u00fcssten wir die Mannschaften SG 83 Nbg.-F\u00fcrth, Kareth-Lappersdorf, ASC Boxdorf und VfL N\u00fcrnberg in der einen Gruppe. In der Anderen spielten neben uns der TSV Katzwang, die DjK Ingolstadt und der BC Aresing. Da wir am n\u00e4chsten Tag ein gr\u00f6\u00dferes Turnier spielen wollten, hatten einige unserer Kinder heute Pause &#8211; wir [&hellip;]<\/p>\n","protected":false},"author":4,"featured_media":0,"comment_status":"closed","ping_status":"closed","sticky":false,"template":"","format":"standard","meta":{"saved_in_kubio":false,"footnotes":""},"categories":[3,16,4],"tags":[],"class_list":["post-2051","post","type-post","status-publish","format-standard","hentry","category-kf","category-spielbericht","category-u11"],"yoast_head":"<!-- This site is optimized with the Yoast SEO plugin v27.4 - https:\/\/yoast.com\/product\/yoast-seo-wordpress\/ -->\n<title>Erfolgreicher Hallencup 2015 - JFG Wendelstein<\/title>\n<meta name=\"robots\" content=\"index, follow, max-snippet:-1, max-image-preview:large, max-video-preview:-1\" \/>\n<link rel=\"canonical\" href=\"https:\/\/www.jugendfussball-wendelstein.de\/wordpress\/erfolgreicher-hallencup-2015\/\" \/>\n<meta property=\"og:locale\" content=\"de_DE\" \/>\n<meta property=\"og:type\" content=\"article\" \/>\n<meta property=\"og:title\" content=\"Erfolgreicher Hallencup 2015 - JFG Wendelstein\" \/>\n<meta property=\"og:description\" content=\"Zu unseren Hallencup 2015 begr\u00fcssten wir die Mannschaften SG 83 Nbg.-F\u00fcrth, Kareth-Lappersdorf, ASC Boxdorf und VfL N\u00fcrnberg in der einen Gruppe. In der Anderen spielten neben uns der TSV Katzwang, die DjK Ingolstadt und der BC Aresing. Da wir am n\u00e4chsten Tag ein gr\u00f6\u00dferes Turnier spielen wollten, hatten einige unserer Kinder heute Pause &#8211; wir [&hellip;]\" \/>\n<meta property=\"og:url\" content=\"https:\/\/www.jugendfussball-wendelstein.de\/wordpress\/erfolgreicher-hallencup-2015\/\" \/>\n<meta property=\"og:site_name\" content=\"JFG Wendelstein\" \/>\n<meta property=\"article:published_time\" content=\"2015-03-05T09:36:18+00:00\" \/>\n<meta property=\"article:modified_time\" content=\"2015-03-05T09:37:57+00:00\" \/>\n<meta property=\"og:image\" content=\"http:\/\/www.jugendfussball-wendelstein.de\/wordpress\/wp-content\/uploads\/2015\/03\/DSC02213-ret.jpg\" \/>\n<meta name=\"author\" content=\"Autor\" \/>\n<meta name=\"twitter:card\" content=\"summary_large_image\" \/>\n<meta name=\"twitter:label1\" content=\"Verfasst von\" \/>\n\t<meta name=\"twitter:data1\" content=\"Autor\" \/>\n\t<meta name=\"twitter:label2\" content=\"Gesch\u00e4tzte Lesezeit\" \/>\n\t<meta name=\"twitter:data2\" content=\"2\u00a0Minuten\" \/>\n<script type=\"application\/ld+json\" class=\"yoast-schema-graph\">{\"@context\":\"https:\\\/\\\/schema.org\",\"@graph\":[{\"@type\":\"Article\",\"@id\":\"https:\\\/\\\/www.jugendfussball-wendelstein.de\\\/wordpress\\\/erfolgreicher-hallencup-2015\\\/#article\",\"isPartOf\":{\"@id\":\"https:\\\/\\\/www.jugendfussball-wendelstein.de\\\/wordpress\\\/erfolgreicher-hallencup-2015\\\/\"},\"author\":{\"name\":\"Autor\",\"@id\":\"https:\\\/\\\/www.jugendfussball-wendelstein.de\\\/wordpress\\\/#\\\/schema\\\/person\\\/75aadcbd4be1b3af1c1d785397472bc9\"},\"headline\":\"Erfolgreicher Hallencup 2015\",\"datePublished\":\"2015-03-05T09:36:18+00:00\",\"dateModified\":\"2015-03-05T09:37:57+00:00\",\"mainEntityOfPage\":{\"@id\":\"https:\\\/\\\/www.jugendfussball-wendelstein.de\\\/wordpress\\\/erfolgreicher-hallencup-2015\\\/\"},\"wordCount\":402,\"image\":{\"@id\":\"https:\\\/\\\/www.jugendfussball-wendelstein.de\\\/wordpress\\\/erfolgreicher-hallencup-2015\\\/#primaryimage\"},\"thumbnailUrl\":\"http:\\\/\\\/www.jugendfussball-wendelstein.de\\\/wordpress\\\/wp-content\\\/uploads\\\/2015\\\/03\\\/DSC02213-ret.jpg\",\"articleSection\":[\"Kleinfeld\",\"Spielbericht\",\"U11\"],\"inLanguage\":\"de\"},{\"@type\":\"WebPage\",\"@id\":\"https:\\\/\\\/www.jugendfussball-wendelstein.de\\\/wordpress\\\/erfolgreicher-hallencup-2015\\\/\",\"url\":\"https:\\\/\\\/www.jugendfussball-wendelstein.de\\\/wordpress\\\/erfolgreicher-hallencup-2015\\\/\",\"name\":\"Erfolgreicher Hallencup 2015 - JFG Wendelstein\",\"isPartOf\":{\"@id\":\"https:\\\/\\\/www.jugendfussball-wendelstein.de\\\/wordpress\\\/#website\"},\"primaryImageOfPage\":{\"@id\":\"https:\\\/\\\/www.jugendfussball-wendelstein.de\\\/wordpress\\\/erfolgreicher-hallencup-2015\\\/#primaryimage\"},\"image\":{\"@id\":\"https:\\\/\\\/www.jugendfussball-wendelstein.de\\\/wordpress\\\/erfolgreicher-hallencup-2015\\\/#primaryimage\"},\"thumbnailUrl\":\"http:\\\/\\\/www.jugendfussball-wendelstein.de\\\/wordpress\\\/wp-content\\\/uploads\\\/2015\\\/03\\\/DSC02213-ret.jpg\",\"datePublished\":\"2015-03-05T09:36:18+00:00\",\"dateModified\":\"2015-03-05T09:37:57+00:00\",\"author\":{\"@id\":\"https:\\\/\\\/www.jugendfussball-wendelstein.de\\\/wordpress\\\/#\\\/schema\\\/person\\\/75aadcbd4be1b3af1c1d785397472bc9\"},\"breadcrumb\":{\"@id\":\"https:\\\/\\\/www.jugendfussball-wendelstein.de\\\/wordpress\\\/erfolgreicher-hallencup-2015\\\/#breadcrumb\"},\"inLanguage\":\"de\",\"potentialAction\":[{\"@type\":\"ReadAction\",\"target\":[\"https:\\\/\\\/www.jugendfussball-wendelstein.de\\\/wordpress\\\/erfolgreicher-hallencup-2015\\\/\"]}]},{\"@type\":\"ImageObject\",\"inLanguage\":\"de\",\"@id\":\"https:\\\/\\\/www.jugendfussball-wendelstein.de\\\/wordpress\\\/erfolgreicher-hallencup-2015\\\/#primaryimage\",\"url\":\"http:\\\/\\\/www.jugendfussball-wendelstein.de\\\/wordpress\\\/wp-content\\\/uploads\\\/2015\\\/03\\\/DSC02213-ret.jpg\",\"contentUrl\":\"http:\\\/\\\/www.jugendfussball-wendelstein.de\\\/wordpress\\\/wp-content\\\/uploads\\\/2015\\\/03\\\/DSC02213-ret.jpg\"},{\"@type\":\"BreadcrumbList\",\"@id\":\"https:\\\/\\\/www.jugendfussball-wendelstein.de\\\/wordpress\\\/erfolgreicher-hallencup-2015\\\/#breadcrumb\",\"itemListElement\":[{\"@type\":\"ListItem\",\"position\":1,\"name\":\"Startseite\",\"item\":\"https:\\\/\\\/www.jugendfussball-wendelstein.de\\\/wordpress\\\/\"},{\"@type\":\"ListItem\",\"position\":2,\"name\":\"Erfolgreicher Hallencup 2015\"}]},{\"@type\":\"WebSite\",\"@id\":\"https:\\\/\\\/www.jugendfussball-wendelstein.de\\\/wordpress\\\/#website\",\"url\":\"https:\\\/\\\/www.jugendfussball-wendelstein.de\\\/wordpress\\\/\",\"name\":\"JFG Wendelstein\",\"description\":\"Juniorenfu\u00dfball\",\"potentialAction\":[{\"@type\":\"SearchAction\",\"target\":{\"@type\":\"EntryPoint\",\"urlTemplate\":\"https:\\\/\\\/www.jugendfussball-wendelstein.de\\\/wordpress\\\/?s={search_term_string}\"},\"query-input\":{\"@type\":\"PropertyValueSpecification\",\"valueRequired\":true,\"valueName\":\"search_term_string\"}}],\"inLanguage\":\"de\"},{\"@type\":\"Person\",\"@id\":\"https:\\\/\\\/www.jugendfussball-wendelstein.de\\\/wordpress\\\/#\\\/schema\\\/person\\\/75aadcbd4be1b3af1c1d785397472bc9\",\"name\":\"Autor\",\"image\":{\"@type\":\"ImageObject\",\"inLanguage\":\"de\",\"@id\":\"https:\\\/\\\/secure.gravatar.com\\\/avatar\\\/01dd9b7f2dc8d635302f1c57c2289838e9fe288acd1c06c8f8ad332b8e2a60c9?s=96&d=mm&r=g\",\"url\":\"https:\\\/\\\/secure.gravatar.com\\\/avatar\\\/01dd9b7f2dc8d635302f1c57c2289838e9fe288acd1c06c8f8ad332b8e2a60c9?s=96&d=mm&r=g\",\"contentUrl\":\"https:\\\/\\\/secure.gravatar.com\\\/avatar\\\/01dd9b7f2dc8d635302f1c57c2289838e9fe288acd1c06c8f8ad332b8e2a60c9?s=96&d=mm&r=g\",\"caption\":\"Autor\"},\"url\":\"https:\\\/\\\/www.jugendfussball-wendelstein.de\\\/wordpress\\\/author\\\/autor\\\/\"}]}<\/script>\n<!-- \/ Yoast SEO plugin. -->","yoast_head_json":{"title":"Erfolgreicher Hallencup 2015 - JFG Wendelstein","robots":{"index":"index","follow":"follow","max-snippet":"max-snippet:-1","max-image-preview":"max-image-preview:large","max-video-preview":"max-video-preview:-1"},"canonical":"https:\/\/www.jugendfussball-wendelstein.de\/wordpress\/erfolgreicher-hallencup-2015\/","og_locale":"de_DE","og_type":"article","og_title":"Erfolgreicher Hallencup 2015 - JFG Wendelstein","og_description":"Zu unseren Hallencup 2015 begr\u00fcssten wir die Mannschaften SG 83 Nbg.-F\u00fcrth, Kareth-Lappersdorf, ASC Boxdorf und VfL N\u00fcrnberg in der einen Gruppe. In der Anderen spielten neben uns der TSV Katzwang, die DjK Ingolstadt und der BC Aresing. Da wir am n\u00e4chsten Tag ein gr\u00f6\u00dferes Turnier spielen wollten, hatten einige unserer Kinder heute Pause &#8211; wir [&hellip;]","og_url":"https:\/\/www.jugendfussball-wendelstein.de\/wordpress\/erfolgreicher-hallencup-2015\/","og_site_name":"JFG Wendelstein","article_published_time":"2015-03-05T09:36:18+00:00","article_modified_time":"2015-03-05T09:37:57+00:00","og_image":[{"url":"http:\/\/www.jugendfussball-wendelstein.de\/wordpress\/wp-content\/uploads\/2015\/03\/DSC02213-ret.jpg","type":"","width":"","height":""}],"author":"Autor","twitter_card":"summary_large_image","twitter_misc":{"Verfasst von":"Autor","Gesch\u00e4tzte Lesezeit":"2\u00a0Minuten"},"schema":{"@context":"https:\/\/schema.org","@graph":[{"@type":"Article","@id":"https:\/\/www.jugendfussball-wendelstein.de\/wordpress\/erfolgreicher-hallencup-2015\/#article","isPartOf":{"@id":"https:\/\/www.jugendfussball-wendelstein.de\/wordpress\/erfolgreicher-hallencup-2015\/"},"author":{"name":"Autor","@id":"https:\/\/www.jugendfussball-wendelstein.de\/wordpress\/#\/schema\/person\/75aadcbd4be1b3af1c1d785397472bc9"},"headline":"Erfolgreicher Hallencup 2015","datePublished":"2015-03-05T09:36:18+00:00","dateModified":"2015-03-05T09:37:57+00:00","mainEntityOfPage":{"@id":"https:\/\/www.jugendfussball-wendelstein.de\/wordpress\/erfolgreicher-hallencup-2015\/"},"wordCount":402,"image":{"@id":"https:\/\/www.jugendfussball-wendelstein.de\/wordpress\/erfolgreicher-hallencup-2015\/#primaryimage"},"thumbnailUrl":"http:\/\/www.jugendfussball-wendelstein.de\/wordpress\/wp-content\/uploads\/2015\/03\/DSC02213-ret.jpg","articleSection":["Kleinfeld","Spielbericht","U11"],"inLanguage":"de"},{"@type":"WebPage","@id":"https:\/\/www.jugendfussball-wendelstein.de\/wordpress\/erfolgreicher-hallencup-2015\/","url":"https:\/\/www.jugendfussball-wendelstein.de\/wordpress\/erfolgreicher-hallencup-2015\/","name":"Erfolgreicher Hallencup 2015 - JFG Wendelstein","isPartOf":{"@id":"https:\/\/www.jugendfussball-wendelstein.de\/wordpress\/#website"},"primaryImageOfPage":{"@id":"https:\/\/www.jugendfussball-wendelstein.de\/wordpress\/erfolgreicher-hallencup-2015\/#primaryimage"},"image":{"@id":"https:\/\/www.jugendfussball-wendelstein.de\/wordpress\/erfolgreicher-hallencup-2015\/#primaryimage"},"thumbnailUrl":"http:\/\/www.jugendfussball-wendelstein.de\/wordpress\/wp-content\/uploads\/2015\/03\/DSC02213-ret.jpg","datePublished":"2015-03-05T09:36:18+00:00","dateModified":"2015-03-05T09:37:57+00:00","author":{"@id":"https:\/\/www.jugendfussball-wendelstein.de\/wordpress\/#\/schema\/person\/75aadcbd4be1b3af1c1d785397472bc9"},"breadcrumb":{"@id":"https:\/\/www.jugendfussball-wendelstein.de\/wordpress\/erfolgreicher-hallencup-2015\/#breadcrumb"},"inLanguage":"de","potentialAction":[{"@type":"ReadAction","target":["https:\/\/www.jugendfussball-wendelstein.de\/wordpress\/erfolgreicher-hallencup-2015\/"]}]},{"@type":"ImageObject","inLanguage":"de","@id":"https:\/\/www.jugendfussball-wendelstein.de\/wordpress\/erfolgreicher-hallencup-2015\/#primaryimage","url":"http:\/\/www.jugendfussball-wendelstein.de\/wordpress\/wp-content\/uploads\/2015\/03\/DSC02213-ret.jpg","contentUrl":"http:\/\/www.jugendfussball-wendelstein.de\/wordpress\/wp-content\/uploads\/2015\/03\/DSC02213-ret.jpg"},{"@type":"BreadcrumbList","@id":"https:\/\/www.jugendfussball-wendelstein.de\/wordpress\/erfolgreicher-hallencup-2015\/#breadcrumb","itemListElement":[{"@type":"ListItem","position":1,"name":"Startseite","item":"https:\/\/www.jugendfussball-wendelstein.de\/wordpress\/"},{"@type":"ListItem","position":2,"name":"Erfolgreicher Hallencup 2015"}]},{"@type":"WebSite","@id":"https:\/\/www.jugendfussball-wendelstein.de\/wordpress\/#website","url":"https:\/\/www.jugendfussball-wendelstein.de\/wordpress\/","name":"JFG Wendelstein","description":"Juniorenfu\u00dfball","potentialAction":[{"@type":"SearchAction","target":{"@type":"EntryPoint","urlTemplate":"https:\/\/www.jugendfussball-wendelstein.de\/wordpress\/?s={search_term_string}"},"query-input":{"@type":"PropertyValueSpecification","valueRequired":true,"valueName":"search_term_string"}}],"inLanguage":"de"},{"@type":"Person","@id":"https:\/\/www.jugendfussball-wendelstein.de\/wordpress\/#\/schema\/person\/75aadcbd4be1b3af1c1d785397472bc9","name":"Autor","image":{"@type":"ImageObject","inLanguage":"de","@id":"https:\/\/secure.gravatar.com\/avatar\/01dd9b7f2dc8d635302f1c57c2289838e9fe288acd1c06c8f8ad332b8e2a60c9?s=96&d=mm&r=g","url":"https:\/\/secure.gravatar.com\/avatar\/01dd9b7f2dc8d635302f1c57c2289838e9fe288acd1c06c8f8ad332b8e2a60c9?s=96&d=mm&r=g","contentUrl":"https:\/\/secure.gravatar.com\/avatar\/01dd9b7f2dc8d635302f1c57c2289838e9fe288acd1c06c8f8ad332b8e2a60c9?s=96&d=mm&r=g","caption":"Autor"},"url":"https:\/\/www.jugendfussball-wendelstein.de\/wordpress\/author\/autor\/"}]}},"_links":{"self":[{"href":"https:\/\/www.jugendfussball-wendelstein.de\/wordpress\/wp-json\/wp\/v2\/posts\/2051","targetHints":{"allow":["GET"]}}],"collection":[{"href":"https:\/\/www.jugendfussball-wendelstein.de\/wordpress\/wp-json\/wp\/v2\/posts"}],"about":[{"href":"https:\/\/www.jugendfussball-wendelstein.de\/wordpress\/wp-json\/wp\/v2\/types\/post"}],"author":[{"embeddable":true,"href":"https:\/\/www.jugendfussball-wendelstein.de\/wordpress\/wp-json\/wp\/v2\/users\/4"}],"replies":[{"embeddable":true,"href":"https:\/\/www.jugendfussball-wendelstein.de\/wordpress\/wp-json\/wp\/v2\/comments?post=2051"}],"version-history":[{"count":0,"href":"https:\/\/www.jugendfussball-wendelstein.de\/wordpress\/wp-json\/wp\/v2\/posts\/2051\/revisions"}],"wp:attachment":[{"href":"https:\/\/www.jugendfussball-wendelstein.de\/wordpress\/wp-json\/wp\/v2\/media?parent=2051"}],"wp:term":[{"taxonomy":"category","embeddable":true,"href":"https:\/\/www.jugendfussball-wendelstein.de\/wordpress\/wp-json\/wp\/v2\/categories?post=2051"},{"taxonomy":"post_tag","embeddable":true,"href":"https:\/\/www.jugendfussball-wendelstein.de\/wordpress\/wp-json\/wp\/v2\/tags?post=2051"}],"curies":[{"name":"wp","href":"https:\/\/api.w.org\/{rel}","templated":true}]}}