{"id":2068,"date":"2015-03-08T12:00:43","date_gmt":"2015-03-08T10:00:43","guid":{"rendered":"http:\/\/www.jugendfussball-wendelstein.de\/wordpress\/?p=2068"},"modified":"2015-03-08T12:00:43","modified_gmt":"2015-03-08T10:00:43","slug":"tsv-60-weissenburg-jfg-24","status":"publish","type":"post","link":"https:\/\/www.jugendfussball-wendelstein.de\/wordpress\/tsv-60-weissenburg-jfg-24\/","title":{"rendered":"TSV 60 Weissenburg &#8211; JFG 2:4"},"content":{"rendered":"<p>07.03.2015 : Siegeswille, Moral und Torinstinkt waren entscheident beim R\u00fcckrundenauftakt unserer A-Jugend. Die erste rie\u00dfen Einschu\u00dfchance nach einer Minute noch vergeben, nutzten unsere Jung\u00b4s ihre zweite und dritte Torm\u00f6glichkeit gnadenlos zur beruhigenden 2:0 F\u00fchrung aus. Das 0:1 (5.min) entstand durch eine scharfe Hereingabe von rechts durch Jonas Hammel, die der Gegner selbst vor dem Einschu\u00df bereiten Robin Kreisselmeier \u00fcber die Linie dr\u00fcckte. Das 0:2 (7.min) erzielte Kevin Kurtz dabei umkurvte er den gegnerischen Torwart gekonnt und schob l\u00e4ssig ein. Nach diesem tollen Auftakt beruhigte sich das Spiel sehr schnell, unsere Buben verwalteten das Ergebnis und dem Gegner viel au\u00dfer langen, sinnlosen B\u00e4llen in die Spitze nichts ein. Nach dem Seitenwechsel erm\u00f6glichte ein Eigentor von Kapit\u00e4n Dennis Schwalb den Wei\u00dfenburgern kurzzeitig den Anschlu\u00df (1:2,55.min), doch ein Traumpass von Nicolas Kuttruff auf Markus Nerreter der sicher zum 3:1 einschob beendete die aufkommende Moral der Wei\u00dfenburger auch gleich wieder. Nun versuchten es die 60er mit einem 5 Mann Sturm ( habe ich in meiner 20j\u00e4hrigen Trainert\u00e4tigkeit noch nie gesehen) aber auch da war lange Zeit kein Kraut gegen unsere Abwehr gewachsen. Erst 10 Minuten vor dem Ende erm\u00f6glichte es unser einzigster gro\u00dfe Bock in der Hintermannschaft den erneuten Anschlu\u00df (2:3, 80.min), aber wieder war nur zwei Minuten sp\u00e4ter alles zu recht ger\u00fcckt. Einen schnellen Konter \u00fcber Jonas Hammel schob diesmal Nicolas Kuttruff seelenruhig zum 2:4 Endstand ein.<br \/>\nFazit: 4 Wochen Qual genau auf dem Punkt Topfit, diese Buben sind mittlerweile ein richtiges Team, so kann und soll es weiter gehen.<\/p>\n","protected":false},"excerpt":{"rendered":"<p>07.03.2015 : Siegeswille, Moral und Torinstinkt waren entscheident beim R\u00fcckrundenauftakt unserer A-Jugend. Die erste rie\u00dfen Einschu\u00dfchance nach einer Minute noch vergeben, nutzten unsere Jung\u00b4s ihre zweite und dritte Torm\u00f6glichkeit gnadenlos zur beruhigenden 2:0 F\u00fchrung aus. Das 0:1 (5.min) entstand durch eine scharfe Hereingabe von rechts durch Jonas Hammel, die der Gegner selbst vor dem Einschu\u00df [&hellip;]<\/p>\n","protected":false},"author":4,"featured_media":0,"comment_status":"closed","ping_status":"closed","sticky":false,"template":"","format":"standard","meta":{"saved_in_kubio":false,"footnotes":""},"categories":[2,16,22],"tags":[],"class_list":["post-2068","post","type-post","status-publish","format-standard","hentry","category-gf","category-spielbericht","category-u19"],"yoast_head":"<!-- This site is optimized with the Yoast SEO plugin v27.4 - https:\/\/yoast.com\/product\/yoast-seo-wordpress\/ -->\n<title>TSV 60 Weissenburg - JFG 2:4 - JFG Wendelstein<\/title>\n<meta name=\"robots\" content=\"index, follow, max-snippet:-1, max-image-preview:large, max-video-preview:-1\" \/>\n<link rel=\"canonical\" href=\"https:\/\/www.jugendfussball-wendelstein.de\/wordpress\/tsv-60-weissenburg-jfg-24\/\" \/>\n<meta property=\"og:locale\" content=\"de_DE\" \/>\n<meta property=\"og:type\" content=\"article\" \/>\n<meta property=\"og:title\" content=\"TSV 60 Weissenburg - JFG 2:4 - JFG Wendelstein\" \/>\n<meta property=\"og:description\" content=\"07.03.2015 : Siegeswille, Moral und Torinstinkt waren entscheident beim R\u00fcckrundenauftakt unserer A-Jugend. Die erste rie\u00dfen Einschu\u00dfchance nach einer Minute noch vergeben, nutzten unsere Jung\u00b4s ihre zweite und dritte Torm\u00f6glichkeit gnadenlos zur beruhigenden 2:0 F\u00fchrung aus. Das 0:1 (5.min) entstand durch eine scharfe Hereingabe von rechts durch Jonas Hammel, die der Gegner selbst vor dem Einschu\u00df [&hellip;]\" \/>\n<meta property=\"og:url\" content=\"https:\/\/www.jugendfussball-wendelstein.de\/wordpress\/tsv-60-weissenburg-jfg-24\/\" \/>\n<meta property=\"og:site_name\" content=\"JFG Wendelstein\" \/>\n<meta property=\"article:published_time\" content=\"2015-03-08T10:00:43+00:00\" \/>\n<meta name=\"author\" content=\"Autor\" \/>\n<meta name=\"twitter:card\" content=\"summary_large_image\" \/>\n<meta name=\"twitter:label1\" content=\"Verfasst von\" \/>\n\t<meta name=\"twitter:data1\" content=\"Autor\" \/>\n\t<meta name=\"twitter:label2\" content=\"Gesch\u00e4tzte Lesezeit\" \/>\n\t<meta name=\"twitter:data2\" content=\"1\u00a0Minute\" \/>\n<script type=\"application\/ld+json\" class=\"yoast-schema-graph\">{\"@context\":\"https:\\\/\\\/schema.org\",\"@graph\":[{\"@type\":\"Article\",\"@id\":\"https:\\\/\\\/www.jugendfussball-wendelstein.de\\\/wordpress\\\/tsv-60-weissenburg-jfg-24\\\/#article\",\"isPartOf\":{\"@id\":\"https:\\\/\\\/www.jugendfussball-wendelstein.de\\\/wordpress\\\/tsv-60-weissenburg-jfg-24\\\/\"},\"author\":{\"name\":\"Autor\",\"@id\":\"https:\\\/\\\/www.jugendfussball-wendelstein.de\\\/wordpress\\\/#\\\/schema\\\/person\\\/75aadcbd4be1b3af1c1d785397472bc9\"},\"headline\":\"TSV 60 Weissenburg &#8211; JFG 2:4\",\"datePublished\":\"2015-03-08T10:00:43+00:00\",\"mainEntityOfPage\":{\"@id\":\"https:\\\/\\\/www.jugendfussball-wendelstein.de\\\/wordpress\\\/tsv-60-weissenburg-jfg-24\\\/\"},\"wordCount\":259,\"articleSection\":[\"Gro\u00dffeld\",\"Spielbericht\",\"U19\"],\"inLanguage\":\"de\"},{\"@type\":\"WebPage\",\"@id\":\"https:\\\/\\\/www.jugendfussball-wendelstein.de\\\/wordpress\\\/tsv-60-weissenburg-jfg-24\\\/\",\"url\":\"https:\\\/\\\/www.jugendfussball-wendelstein.de\\\/wordpress\\\/tsv-60-weissenburg-jfg-24\\\/\",\"name\":\"TSV 60 Weissenburg - JFG 2:4 - JFG Wendelstein\",\"isPartOf\":{\"@id\":\"https:\\\/\\\/www.jugendfussball-wendelstein.de\\\/wordpress\\\/#website\"},\"datePublished\":\"2015-03-08T10:00:43+00:00\",\"author\":{\"@id\":\"https:\\\/\\\/www.jugendfussball-wendelstein.de\\\/wordpress\\\/#\\\/schema\\\/person\\\/75aadcbd4be1b3af1c1d785397472bc9\"},\"breadcrumb\":{\"@id\":\"https:\\\/\\\/www.jugendfussball-wendelstein.de\\\/wordpress\\\/tsv-60-weissenburg-jfg-24\\\/#breadcrumb\"},\"inLanguage\":\"de\",\"potentialAction\":[{\"@type\":\"ReadAction\",\"target\":[\"https:\\\/\\\/www.jugendfussball-wendelstein.de\\\/wordpress\\\/tsv-60-weissenburg-jfg-24\\\/\"]}]},{\"@type\":\"BreadcrumbList\",\"@id\":\"https:\\\/\\\/www.jugendfussball-wendelstein.de\\\/wordpress\\\/tsv-60-weissenburg-jfg-24\\\/#breadcrumb\",\"itemListElement\":[{\"@type\":\"ListItem\",\"position\":1,\"name\":\"Startseite\",\"item\":\"https:\\\/\\\/www.jugendfussball-wendelstein.de\\\/wordpress\\\/\"},{\"@type\":\"ListItem\",\"position\":2,\"name\":\"TSV 60 Weissenburg &#8211; JFG 2:4\"}]},{\"@type\":\"WebSite\",\"@id\":\"https:\\\/\\\/www.jugendfussball-wendelstein.de\\\/wordpress\\\/#website\",\"url\":\"https:\\\/\\\/www.jugendfussball-wendelstein.de\\\/wordpress\\\/\",\"name\":\"JFG Wendelstein\",\"description\":\"Juniorenfu\u00dfball\",\"potentialAction\":[{\"@type\":\"SearchAction\",\"target\":{\"@type\":\"EntryPoint\",\"urlTemplate\":\"https:\\\/\\\/www.jugendfussball-wendelstein.de\\\/wordpress\\\/?s={search_term_string}\"},\"query-input\":{\"@type\":\"PropertyValueSpecification\",\"valueRequired\":true,\"valueName\":\"search_term_string\"}}],\"inLanguage\":\"de\"},{\"@type\":\"Person\",\"@id\":\"https:\\\/\\\/www.jugendfussball-wendelstein.de\\\/wordpress\\\/#\\\/schema\\\/person\\\/75aadcbd4be1b3af1c1d785397472bc9\",\"name\":\"Autor\",\"image\":{\"@type\":\"ImageObject\",\"inLanguage\":\"de\",\"@id\":\"https:\\\/\\\/secure.gravatar.com\\\/avatar\\\/01dd9b7f2dc8d635302f1c57c2289838e9fe288acd1c06c8f8ad332b8e2a60c9?s=96&d=mm&r=g\",\"url\":\"https:\\\/\\\/secure.gravatar.com\\\/avatar\\\/01dd9b7f2dc8d635302f1c57c2289838e9fe288acd1c06c8f8ad332b8e2a60c9?s=96&d=mm&r=g\",\"contentUrl\":\"https:\\\/\\\/secure.gravatar.com\\\/avatar\\\/01dd9b7f2dc8d635302f1c57c2289838e9fe288acd1c06c8f8ad332b8e2a60c9?s=96&d=mm&r=g\",\"caption\":\"Autor\"},\"url\":\"https:\\\/\\\/www.jugendfussball-wendelstein.de\\\/wordpress\\\/author\\\/autor\\\/\"}]}<\/script>\n<!-- \/ Yoast SEO plugin. -->","yoast_head_json":{"title":"TSV 60 Weissenburg - JFG 2:4 - JFG Wendelstein","robots":{"index":"index","follow":"follow","max-snippet":"max-snippet:-1","max-image-preview":"max-image-preview:large","max-video-preview":"max-video-preview:-1"},"canonical":"https:\/\/www.jugendfussball-wendelstein.de\/wordpress\/tsv-60-weissenburg-jfg-24\/","og_locale":"de_DE","og_type":"article","og_title":"TSV 60 Weissenburg - JFG 2:4 - JFG Wendelstein","og_description":"07.03.2015 : Siegeswille, Moral und Torinstinkt waren entscheident beim R\u00fcckrundenauftakt unserer A-Jugend. Die erste rie\u00dfen Einschu\u00dfchance nach einer Minute noch vergeben, nutzten unsere Jung\u00b4s ihre zweite und dritte Torm\u00f6glichkeit gnadenlos zur beruhigenden 2:0 F\u00fchrung aus. Das 0:1 (5.min) entstand durch eine scharfe Hereingabe von rechts durch Jonas Hammel, die der Gegner selbst vor dem Einschu\u00df [&hellip;]","og_url":"https:\/\/www.jugendfussball-wendelstein.de\/wordpress\/tsv-60-weissenburg-jfg-24\/","og_site_name":"JFG Wendelstein","article_published_time":"2015-03-08T10:00:43+00:00","author":"Autor","twitter_card":"summary_large_image","twitter_misc":{"Verfasst von":"Autor","Gesch\u00e4tzte Lesezeit":"1\u00a0Minute"},"schema":{"@context":"https:\/\/schema.org","@graph":[{"@type":"Article","@id":"https:\/\/www.jugendfussball-wendelstein.de\/wordpress\/tsv-60-weissenburg-jfg-24\/#article","isPartOf":{"@id":"https:\/\/www.jugendfussball-wendelstein.de\/wordpress\/tsv-60-weissenburg-jfg-24\/"},"author":{"name":"Autor","@id":"https:\/\/www.jugendfussball-wendelstein.de\/wordpress\/#\/schema\/person\/75aadcbd4be1b3af1c1d785397472bc9"},"headline":"TSV 60 Weissenburg &#8211; JFG 2:4","datePublished":"2015-03-08T10:00:43+00:00","mainEntityOfPage":{"@id":"https:\/\/www.jugendfussball-wendelstein.de\/wordpress\/tsv-60-weissenburg-jfg-24\/"},"wordCount":259,"articleSection":["Gro\u00dffeld","Spielbericht","U19"],"inLanguage":"de"},{"@type":"WebPage","@id":"https:\/\/www.jugendfussball-wendelstein.de\/wordpress\/tsv-60-weissenburg-jfg-24\/","url":"https:\/\/www.jugendfussball-wendelstein.de\/wordpress\/tsv-60-weissenburg-jfg-24\/","name":"TSV 60 Weissenburg - JFG 2:4 - JFG Wendelstein","isPartOf":{"@id":"https:\/\/www.jugendfussball-wendelstein.de\/wordpress\/#website"},"datePublished":"2015-03-08T10:00:43+00:00","author":{"@id":"https:\/\/www.jugendfussball-wendelstein.de\/wordpress\/#\/schema\/person\/75aadcbd4be1b3af1c1d785397472bc9"},"breadcrumb":{"@id":"https:\/\/www.jugendfussball-wendelstein.de\/wordpress\/tsv-60-weissenburg-jfg-24\/#breadcrumb"},"inLanguage":"de","potentialAction":[{"@type":"ReadAction","target":["https:\/\/www.jugendfussball-wendelstein.de\/wordpress\/tsv-60-weissenburg-jfg-24\/"]}]},{"@type":"BreadcrumbList","@id":"https:\/\/www.jugendfussball-wendelstein.de\/wordpress\/tsv-60-weissenburg-jfg-24\/#breadcrumb","itemListElement":[{"@type":"ListItem","position":1,"name":"Startseite","item":"https:\/\/www.jugendfussball-wendelstein.de\/wordpress\/"},{"@type":"ListItem","position":2,"name":"TSV 60 Weissenburg &#8211; JFG 2:4"}]},{"@type":"WebSite","@id":"https:\/\/www.jugendfussball-wendelstein.de\/wordpress\/#website","url":"https:\/\/www.jugendfussball-wendelstein.de\/wordpress\/","name":"JFG Wendelstein","description":"Juniorenfu\u00dfball","potentialAction":[{"@type":"SearchAction","target":{"@type":"EntryPoint","urlTemplate":"https:\/\/www.jugendfussball-wendelstein.de\/wordpress\/?s={search_term_string}"},"query-input":{"@type":"PropertyValueSpecification","valueRequired":true,"valueName":"search_term_string"}}],"inLanguage":"de"},{"@type":"Person","@id":"https:\/\/www.jugendfussball-wendelstein.de\/wordpress\/#\/schema\/person\/75aadcbd4be1b3af1c1d785397472bc9","name":"Autor","image":{"@type":"ImageObject","inLanguage":"de","@id":"https:\/\/secure.gravatar.com\/avatar\/01dd9b7f2dc8d635302f1c57c2289838e9fe288acd1c06c8f8ad332b8e2a60c9?s=96&d=mm&r=g","url":"https:\/\/secure.gravatar.com\/avatar\/01dd9b7f2dc8d635302f1c57c2289838e9fe288acd1c06c8f8ad332b8e2a60c9?s=96&d=mm&r=g","contentUrl":"https:\/\/secure.gravatar.com\/avatar\/01dd9b7f2dc8d635302f1c57c2289838e9fe288acd1c06c8f8ad332b8e2a60c9?s=96&d=mm&r=g","caption":"Autor"},"url":"https:\/\/www.jugendfussball-wendelstein.de\/wordpress\/author\/autor\/"}]}},"_links":{"self":[{"href":"https:\/\/www.jugendfussball-wendelstein.de\/wordpress\/wp-json\/wp\/v2\/posts\/2068","targetHints":{"allow":["GET"]}}],"collection":[{"href":"https:\/\/www.jugendfussball-wendelstein.de\/wordpress\/wp-json\/wp\/v2\/posts"}],"about":[{"href":"https:\/\/www.jugendfussball-wendelstein.de\/wordpress\/wp-json\/wp\/v2\/types\/post"}],"author":[{"embeddable":true,"href":"https:\/\/www.jugendfussball-wendelstein.de\/wordpress\/wp-json\/wp\/v2\/users\/4"}],"replies":[{"embeddable":true,"href":"https:\/\/www.jugendfussball-wendelstein.de\/wordpress\/wp-json\/wp\/v2\/comments?post=2068"}],"version-history":[{"count":0,"href":"https:\/\/www.jugendfussball-wendelstein.de\/wordpress\/wp-json\/wp\/v2\/posts\/2068\/revisions"}],"wp:attachment":[{"href":"https:\/\/www.jugendfussball-wendelstein.de\/wordpress\/wp-json\/wp\/v2\/media?parent=2068"}],"wp:term":[{"taxonomy":"category","embeddable":true,"href":"https:\/\/www.jugendfussball-wendelstein.de\/wordpress\/wp-json\/wp\/v2\/categories?post=2068"},{"taxonomy":"post_tag","embeddable":true,"href":"https:\/\/www.jugendfussball-wendelstein.de\/wordpress\/wp-json\/wp\/v2\/tags?post=2068"}],"curies":[{"name":"wp","href":"https:\/\/api.w.org\/{rel}","templated":true}]}}