{"id":2075,"date":"2015-03-15T09:44:12","date_gmt":"2015-03-15T07:44:12","guid":{"rendered":"http:\/\/www.jugendfussball-wendelstein.de\/wordpress\/?p=2075"},"modified":"2015-03-15T09:44:12","modified_gmt":"2015-03-15T07:44:12","slug":"guter-auftakt-in-die-freiluftsaison","status":"publish","type":"post","link":"https:\/\/www.jugendfussball-wendelstein.de\/wordpress\/guter-auftakt-in-die-freiluftsaison\/","title":{"rendered":"Guter Auftakt in die Freiluftsaison"},"content":{"rendered":"<p>Nach einer sehr erfolgreichen Hallensaison zog es die Kinder mit den ersten warmen Tagen ins Freie. Endlich wieder Fu\u00dfball dort wo er hingeh\u00f6rt: auf den &#8222;Rasen&#8220;. Die Umstellung klappte gut, mit Begeisterung wurden die Trainingseinheiten an der frischen Luft durchgezogen. Zur Vorbereitung auf das 9er-Feld wurden zwei Testspiele ausgemacht. Im ersten Spiel gegen den<strong> SC Eltersdorf<\/strong> vor einer Woche wollte noch kein rechter Spielfluss zustande kommen, beide Mannschaften taten sich mit den neuen Bedingungen doch noch schwer. Nach 3x 20 Minuten trennten wir uns mit 3:5.<\/p>\n<p>Im heutigen Spiel gegen den <strong>SC Feucht<\/strong> klappte vieles dagegen schon besser. Die Jungs hielten ihre Positionen gut, nutzten die Spielfl\u00e4che besser, hatten die ver\u00e4nderten Regeln oftmals richtig verstanden. Die Zweikampfst\u00e4rke war wie gewohnt stark, das Zusammenspiel schon effektiver. Die Zuschauer konnten ein interessantes Spiel auf gutem Niveau sehen. Von Beginn an machten die Gastgeber Druck und spielten sich gut vor das Tor der Feuchter. Einige Chancen wurden ausgelassen, ein Freisto\u00df brachte die verdiente F\u00fchrung f\u00fcr die Blues. In allen Mannschaftsteilen spielten die Gastgeber sehr konzentriert und brachten ihre St\u00fcrmer immer wieder in aussichtsreiche Positionen. Das 2:0 folgte nach einem Eckball. Doch die Feuchter Jungs spielten durchaus mit und sorgten f\u00fcr Gefahr, wenn sie mit ihrem guten Mittelfeld den Ball erobern konnten. Doch die Verteidigung war hellwach und konnte die meist langen B\u00e4lle abfangen. Dennoch gelang den G\u00e4sten nach schlechter Verteidigung der Anschlusstreffer von der Strafraumecke. Mit diesem Ergebnis gingen beide Teams in die Pause.<\/p>\n<p>In der zweiten H\u00e4lfte sah man beide Mannschaften wieder mit viel Engagement. Die Wendelsteiner spielten super zusammen und hatten noch einige M\u00f6glichkeiten die F\u00fchrung auszubauen. Nach l\u00e4ngerer Dauer ohne Torerfolg vor allem auf Wendelsteiner Seite hatten\u00a0 die Feuchter G\u00e4ste den Ausgleich auf dem Schlappen. Danach steigerten die Blues den Druck und machten nach einem ung\u00fcltigen Abseitstor den Treffer zum 3:1 nach einem R\u00fcckpass auf den Torwart, der den Ball nicht kontrollieren konnte. Das Spiel wurde jetzt etwas ruppiger, es gab mehr Unterbrechungen wegen Foulspielen. Zwei daraus resultierende Freist\u00f6\u00dfe konnten die Wendelsteiner nicht verwandeln. Doch aus dem Spiel heraus wurde mit dem 4:1 der Deckel auf das Spiel gemacht. Mit diesem Endstand trennten sich beide Mannschaften nach einem guten Spiel, bei dem die Feuchter G\u00e4ste mit dem Ergebnis nach einigen ausgelassenen Chancen noch gut bedient waren.<\/p>\n<p><strong>Auch wenn noch vieles verbessert werden kann zeigt sich die Wendelsteiner Mannschaft f\u00fcr den Kompaktfeld-Start ger\u00fcstet.<\/strong><\/p>\n<p><img loading=\"lazy\" decoding=\"async\" class=\"alignleft  wp-image-2077\" src=\"https:\/\/www.jugendfussball-wendelstein.de\/wordpress\/wp-content\/uploads\/2015\/03\/IMG_0283-ret.jpg\" alt=\"IMG_0283-ret\" width=\"312\" height=\"342\" \/><img loading=\"lazy\" decoding=\"async\" class=\"alignleft  wp-image-2076\" src=\"https:\/\/www.jugendfussball-wendelstein.de\/wordpress\/wp-content\/uploads\/2015\/03\/IMG_0264-ret.jpg\" alt=\"IMG_0264-ret\" width=\"310\" height=\"248\" \/><\/p>\n","protected":false},"excerpt":{"rendered":"<p>Nach einer sehr erfolgreichen Hallensaison zog es die Kinder mit den ersten warmen Tagen ins Freie. Endlich wieder Fu\u00dfball dort wo er hingeh\u00f6rt: auf den &#8222;Rasen&#8220;. Die Umstellung klappte gut, mit Begeisterung wurden die Trainingseinheiten an der frischen Luft durchgezogen. Zur Vorbereitung auf das 9er-Feld wurden zwei Testspiele ausgemacht. Im ersten Spiel gegen den SC [&hellip;]<\/p>\n","protected":false},"author":4,"featured_media":0,"comment_status":"closed","ping_status":"closed","sticky":false,"template":"","format":"standard","meta":{"saved_in_kubio":false,"footnotes":""},"categories":[3,16,4],"tags":[],"class_list":["post-2075","post","type-post","status-publish","format-standard","hentry","category-kf","category-spielbericht","category-u11"],"yoast_head":"<!-- This site is optimized with the Yoast SEO plugin v27.4 - https:\/\/yoast.com\/product\/yoast-seo-wordpress\/ -->\n<title>Guter Auftakt in die Freiluftsaison - JFG Wendelstein<\/title>\n<meta name=\"robots\" content=\"index, follow, max-snippet:-1, max-image-preview:large, max-video-preview:-1\" \/>\n<link rel=\"canonical\" href=\"https:\/\/www.jugendfussball-wendelstein.de\/wordpress\/guter-auftakt-in-die-freiluftsaison\/\" \/>\n<meta property=\"og:locale\" content=\"de_DE\" \/>\n<meta property=\"og:type\" content=\"article\" \/>\n<meta property=\"og:title\" content=\"Guter Auftakt in die Freiluftsaison - JFG Wendelstein\" \/>\n<meta property=\"og:description\" content=\"Nach einer sehr erfolgreichen Hallensaison zog es die Kinder mit den ersten warmen Tagen ins Freie. Endlich wieder Fu\u00dfball dort wo er hingeh\u00f6rt: auf den &#8222;Rasen&#8220;. Die Umstellung klappte gut, mit Begeisterung wurden die Trainingseinheiten an der frischen Luft durchgezogen. Zur Vorbereitung auf das 9er-Feld wurden zwei Testspiele ausgemacht. Im ersten Spiel gegen den SC [&hellip;]\" \/>\n<meta property=\"og:url\" content=\"https:\/\/www.jugendfussball-wendelstein.de\/wordpress\/guter-auftakt-in-die-freiluftsaison\/\" \/>\n<meta property=\"og:site_name\" content=\"JFG Wendelstein\" \/>\n<meta property=\"article:published_time\" content=\"2015-03-15T07:44:12+00:00\" \/>\n<meta property=\"og:image\" content=\"http:\/\/www.jugendfussball-wendelstein.de\/wordpress\/wp-content\/uploads\/2015\/03\/IMG_0283-ret.jpg\" \/>\n<meta name=\"author\" content=\"Autor\" \/>\n<meta name=\"twitter:card\" content=\"summary_large_image\" \/>\n<meta name=\"twitter:label1\" content=\"Verfasst von\" \/>\n\t<meta name=\"twitter:data1\" content=\"Autor\" \/>\n\t<meta name=\"twitter:label2\" content=\"Gesch\u00e4tzte Lesezeit\" \/>\n\t<meta name=\"twitter:data2\" content=\"2\u00a0Minuten\" \/>\n<script type=\"application\/ld+json\" class=\"yoast-schema-graph\">{\"@context\":\"https:\\\/\\\/schema.org\",\"@graph\":[{\"@type\":\"Article\",\"@id\":\"https:\\\/\\\/www.jugendfussball-wendelstein.de\\\/wordpress\\\/guter-auftakt-in-die-freiluftsaison\\\/#article\",\"isPartOf\":{\"@id\":\"https:\\\/\\\/www.jugendfussball-wendelstein.de\\\/wordpress\\\/guter-auftakt-in-die-freiluftsaison\\\/\"},\"author\":{\"name\":\"Autor\",\"@id\":\"https:\\\/\\\/www.jugendfussball-wendelstein.de\\\/wordpress\\\/#\\\/schema\\\/person\\\/75aadcbd4be1b3af1c1d785397472bc9\"},\"headline\":\"Guter Auftakt in die Freiluftsaison\",\"datePublished\":\"2015-03-15T07:44:12+00:00\",\"mainEntityOfPage\":{\"@id\":\"https:\\\/\\\/www.jugendfussball-wendelstein.de\\\/wordpress\\\/guter-auftakt-in-die-freiluftsaison\\\/\"},\"wordCount\":414,\"image\":{\"@id\":\"https:\\\/\\\/www.jugendfussball-wendelstein.de\\\/wordpress\\\/guter-auftakt-in-die-freiluftsaison\\\/#primaryimage\"},\"thumbnailUrl\":\"http:\\\/\\\/www.jugendfussball-wendelstein.de\\\/wordpress\\\/wp-content\\\/uploads\\\/2015\\\/03\\\/IMG_0283-ret.jpg\",\"articleSection\":[\"Kleinfeld\",\"Spielbericht\",\"U11\"],\"inLanguage\":\"de\"},{\"@type\":\"WebPage\",\"@id\":\"https:\\\/\\\/www.jugendfussball-wendelstein.de\\\/wordpress\\\/guter-auftakt-in-die-freiluftsaison\\\/\",\"url\":\"https:\\\/\\\/www.jugendfussball-wendelstein.de\\\/wordpress\\\/guter-auftakt-in-die-freiluftsaison\\\/\",\"name\":\"Guter Auftakt in die Freiluftsaison - JFG Wendelstein\",\"isPartOf\":{\"@id\":\"https:\\\/\\\/www.jugendfussball-wendelstein.de\\\/wordpress\\\/#website\"},\"primaryImageOfPage\":{\"@id\":\"https:\\\/\\\/www.jugendfussball-wendelstein.de\\\/wordpress\\\/guter-auftakt-in-die-freiluftsaison\\\/#primaryimage\"},\"image\":{\"@id\":\"https:\\\/\\\/www.jugendfussball-wendelstein.de\\\/wordpress\\\/guter-auftakt-in-die-freiluftsaison\\\/#primaryimage\"},\"thumbnailUrl\":\"http:\\\/\\\/www.jugendfussball-wendelstein.de\\\/wordpress\\\/wp-content\\\/uploads\\\/2015\\\/03\\\/IMG_0283-ret.jpg\",\"datePublished\":\"2015-03-15T07:44:12+00:00\",\"author\":{\"@id\":\"https:\\\/\\\/www.jugendfussball-wendelstein.de\\\/wordpress\\\/#\\\/schema\\\/person\\\/75aadcbd4be1b3af1c1d785397472bc9\"},\"breadcrumb\":{\"@id\":\"https:\\\/\\\/www.jugendfussball-wendelstein.de\\\/wordpress\\\/guter-auftakt-in-die-freiluftsaison\\\/#breadcrumb\"},\"inLanguage\":\"de\",\"potentialAction\":[{\"@type\":\"ReadAction\",\"target\":[\"https:\\\/\\\/www.jugendfussball-wendelstein.de\\\/wordpress\\\/guter-auftakt-in-die-freiluftsaison\\\/\"]}]},{\"@type\":\"ImageObject\",\"inLanguage\":\"de\",\"@id\":\"https:\\\/\\\/www.jugendfussball-wendelstein.de\\\/wordpress\\\/guter-auftakt-in-die-freiluftsaison\\\/#primaryimage\",\"url\":\"http:\\\/\\\/www.jugendfussball-wendelstein.de\\\/wordpress\\\/wp-content\\\/uploads\\\/2015\\\/03\\\/IMG_0283-ret.jpg\",\"contentUrl\":\"http:\\\/\\\/www.jugendfussball-wendelstein.de\\\/wordpress\\\/wp-content\\\/uploads\\\/2015\\\/03\\\/IMG_0283-ret.jpg\"},{\"@type\":\"BreadcrumbList\",\"@id\":\"https:\\\/\\\/www.jugendfussball-wendelstein.de\\\/wordpress\\\/guter-auftakt-in-die-freiluftsaison\\\/#breadcrumb\",\"itemListElement\":[{\"@type\":\"ListItem\",\"position\":1,\"name\":\"Startseite\",\"item\":\"https:\\\/\\\/www.jugendfussball-wendelstein.de\\\/wordpress\\\/\"},{\"@type\":\"ListItem\",\"position\":2,\"name\":\"Guter Auftakt in die Freiluftsaison\"}]},{\"@type\":\"WebSite\",\"@id\":\"https:\\\/\\\/www.jugendfussball-wendelstein.de\\\/wordpress\\\/#website\",\"url\":\"https:\\\/\\\/www.jugendfussball-wendelstein.de\\\/wordpress\\\/\",\"name\":\"JFG Wendelstein\",\"description\":\"Juniorenfu\u00dfball\",\"potentialAction\":[{\"@type\":\"SearchAction\",\"target\":{\"@type\":\"EntryPoint\",\"urlTemplate\":\"https:\\\/\\\/www.jugendfussball-wendelstein.de\\\/wordpress\\\/?s={search_term_string}\"},\"query-input\":{\"@type\":\"PropertyValueSpecification\",\"valueRequired\":true,\"valueName\":\"search_term_string\"}}],\"inLanguage\":\"de\"},{\"@type\":\"Person\",\"@id\":\"https:\\\/\\\/www.jugendfussball-wendelstein.de\\\/wordpress\\\/#\\\/schema\\\/person\\\/75aadcbd4be1b3af1c1d785397472bc9\",\"name\":\"Autor\",\"image\":{\"@type\":\"ImageObject\",\"inLanguage\":\"de\",\"@id\":\"https:\\\/\\\/secure.gravatar.com\\\/avatar\\\/01dd9b7f2dc8d635302f1c57c2289838e9fe288acd1c06c8f8ad332b8e2a60c9?s=96&d=mm&r=g\",\"url\":\"https:\\\/\\\/secure.gravatar.com\\\/avatar\\\/01dd9b7f2dc8d635302f1c57c2289838e9fe288acd1c06c8f8ad332b8e2a60c9?s=96&d=mm&r=g\",\"contentUrl\":\"https:\\\/\\\/secure.gravatar.com\\\/avatar\\\/01dd9b7f2dc8d635302f1c57c2289838e9fe288acd1c06c8f8ad332b8e2a60c9?s=96&d=mm&r=g\",\"caption\":\"Autor\"},\"url\":\"https:\\\/\\\/www.jugendfussball-wendelstein.de\\\/wordpress\\\/author\\\/autor\\\/\"}]}<\/script>\n<!-- \/ Yoast SEO plugin. -->","yoast_head_json":{"title":"Guter Auftakt in die Freiluftsaison - JFG Wendelstein","robots":{"index":"index","follow":"follow","max-snippet":"max-snippet:-1","max-image-preview":"max-image-preview:large","max-video-preview":"max-video-preview:-1"},"canonical":"https:\/\/www.jugendfussball-wendelstein.de\/wordpress\/guter-auftakt-in-die-freiluftsaison\/","og_locale":"de_DE","og_type":"article","og_title":"Guter Auftakt in die Freiluftsaison - JFG Wendelstein","og_description":"Nach einer sehr erfolgreichen Hallensaison zog es die Kinder mit den ersten warmen Tagen ins Freie. Endlich wieder Fu\u00dfball dort wo er hingeh\u00f6rt: auf den &#8222;Rasen&#8220;. Die Umstellung klappte gut, mit Begeisterung wurden die Trainingseinheiten an der frischen Luft durchgezogen. Zur Vorbereitung auf das 9er-Feld wurden zwei Testspiele ausgemacht. Im ersten Spiel gegen den SC [&hellip;]","og_url":"https:\/\/www.jugendfussball-wendelstein.de\/wordpress\/guter-auftakt-in-die-freiluftsaison\/","og_site_name":"JFG Wendelstein","article_published_time":"2015-03-15T07:44:12+00:00","og_image":[{"url":"http:\/\/www.jugendfussball-wendelstein.de\/wordpress\/wp-content\/uploads\/2015\/03\/IMG_0283-ret.jpg","type":"","width":"","height":""}],"author":"Autor","twitter_card":"summary_large_image","twitter_misc":{"Verfasst von":"Autor","Gesch\u00e4tzte Lesezeit":"2\u00a0Minuten"},"schema":{"@context":"https:\/\/schema.org","@graph":[{"@type":"Article","@id":"https:\/\/www.jugendfussball-wendelstein.de\/wordpress\/guter-auftakt-in-die-freiluftsaison\/#article","isPartOf":{"@id":"https:\/\/www.jugendfussball-wendelstein.de\/wordpress\/guter-auftakt-in-die-freiluftsaison\/"},"author":{"name":"Autor","@id":"https:\/\/www.jugendfussball-wendelstein.de\/wordpress\/#\/schema\/person\/75aadcbd4be1b3af1c1d785397472bc9"},"headline":"Guter Auftakt in die Freiluftsaison","datePublished":"2015-03-15T07:44:12+00:00","mainEntityOfPage":{"@id":"https:\/\/www.jugendfussball-wendelstein.de\/wordpress\/guter-auftakt-in-die-freiluftsaison\/"},"wordCount":414,"image":{"@id":"https:\/\/www.jugendfussball-wendelstein.de\/wordpress\/guter-auftakt-in-die-freiluftsaison\/#primaryimage"},"thumbnailUrl":"http:\/\/www.jugendfussball-wendelstein.de\/wordpress\/wp-content\/uploads\/2015\/03\/IMG_0283-ret.jpg","articleSection":["Kleinfeld","Spielbericht","U11"],"inLanguage":"de"},{"@type":"WebPage","@id":"https:\/\/www.jugendfussball-wendelstein.de\/wordpress\/guter-auftakt-in-die-freiluftsaison\/","url":"https:\/\/www.jugendfussball-wendelstein.de\/wordpress\/guter-auftakt-in-die-freiluftsaison\/","name":"Guter Auftakt in die Freiluftsaison - JFG Wendelstein","isPartOf":{"@id":"https:\/\/www.jugendfussball-wendelstein.de\/wordpress\/#website"},"primaryImageOfPage":{"@id":"https:\/\/www.jugendfussball-wendelstein.de\/wordpress\/guter-auftakt-in-die-freiluftsaison\/#primaryimage"},"image":{"@id":"https:\/\/www.jugendfussball-wendelstein.de\/wordpress\/guter-auftakt-in-die-freiluftsaison\/#primaryimage"},"thumbnailUrl":"http:\/\/www.jugendfussball-wendelstein.de\/wordpress\/wp-content\/uploads\/2015\/03\/IMG_0283-ret.jpg","datePublished":"2015-03-15T07:44:12+00:00","author":{"@id":"https:\/\/www.jugendfussball-wendelstein.de\/wordpress\/#\/schema\/person\/75aadcbd4be1b3af1c1d785397472bc9"},"breadcrumb":{"@id":"https:\/\/www.jugendfussball-wendelstein.de\/wordpress\/guter-auftakt-in-die-freiluftsaison\/#breadcrumb"},"inLanguage":"de","potentialAction":[{"@type":"ReadAction","target":["https:\/\/www.jugendfussball-wendelstein.de\/wordpress\/guter-auftakt-in-die-freiluftsaison\/"]}]},{"@type":"ImageObject","inLanguage":"de","@id":"https:\/\/www.jugendfussball-wendelstein.de\/wordpress\/guter-auftakt-in-die-freiluftsaison\/#primaryimage","url":"http:\/\/www.jugendfussball-wendelstein.de\/wordpress\/wp-content\/uploads\/2015\/03\/IMG_0283-ret.jpg","contentUrl":"http:\/\/www.jugendfussball-wendelstein.de\/wordpress\/wp-content\/uploads\/2015\/03\/IMG_0283-ret.jpg"},{"@type":"BreadcrumbList","@id":"https:\/\/www.jugendfussball-wendelstein.de\/wordpress\/guter-auftakt-in-die-freiluftsaison\/#breadcrumb","itemListElement":[{"@type":"ListItem","position":1,"name":"Startseite","item":"https:\/\/www.jugendfussball-wendelstein.de\/wordpress\/"},{"@type":"ListItem","position":2,"name":"Guter Auftakt in die Freiluftsaison"}]},{"@type":"WebSite","@id":"https:\/\/www.jugendfussball-wendelstein.de\/wordpress\/#website","url":"https:\/\/www.jugendfussball-wendelstein.de\/wordpress\/","name":"JFG Wendelstein","description":"Juniorenfu\u00dfball","potentialAction":[{"@type":"SearchAction","target":{"@type":"EntryPoint","urlTemplate":"https:\/\/www.jugendfussball-wendelstein.de\/wordpress\/?s={search_term_string}"},"query-input":{"@type":"PropertyValueSpecification","valueRequired":true,"valueName":"search_term_string"}}],"inLanguage":"de"},{"@type":"Person","@id":"https:\/\/www.jugendfussball-wendelstein.de\/wordpress\/#\/schema\/person\/75aadcbd4be1b3af1c1d785397472bc9","name":"Autor","image":{"@type":"ImageObject","inLanguage":"de","@id":"https:\/\/secure.gravatar.com\/avatar\/01dd9b7f2dc8d635302f1c57c2289838e9fe288acd1c06c8f8ad332b8e2a60c9?s=96&d=mm&r=g","url":"https:\/\/secure.gravatar.com\/avatar\/01dd9b7f2dc8d635302f1c57c2289838e9fe288acd1c06c8f8ad332b8e2a60c9?s=96&d=mm&r=g","contentUrl":"https:\/\/secure.gravatar.com\/avatar\/01dd9b7f2dc8d635302f1c57c2289838e9fe288acd1c06c8f8ad332b8e2a60c9?s=96&d=mm&r=g","caption":"Autor"},"url":"https:\/\/www.jugendfussball-wendelstein.de\/wordpress\/author\/autor\/"}]}},"_links":{"self":[{"href":"https:\/\/www.jugendfussball-wendelstein.de\/wordpress\/wp-json\/wp\/v2\/posts\/2075","targetHints":{"allow":["GET"]}}],"collection":[{"href":"https:\/\/www.jugendfussball-wendelstein.de\/wordpress\/wp-json\/wp\/v2\/posts"}],"about":[{"href":"https:\/\/www.jugendfussball-wendelstein.de\/wordpress\/wp-json\/wp\/v2\/types\/post"}],"author":[{"embeddable":true,"href":"https:\/\/www.jugendfussball-wendelstein.de\/wordpress\/wp-json\/wp\/v2\/users\/4"}],"replies":[{"embeddable":true,"href":"https:\/\/www.jugendfussball-wendelstein.de\/wordpress\/wp-json\/wp\/v2\/comments?post=2075"}],"version-history":[{"count":0,"href":"https:\/\/www.jugendfussball-wendelstein.de\/wordpress\/wp-json\/wp\/v2\/posts\/2075\/revisions"}],"wp:attachment":[{"href":"https:\/\/www.jugendfussball-wendelstein.de\/wordpress\/wp-json\/wp\/v2\/media?parent=2075"}],"wp:term":[{"taxonomy":"category","embeddable":true,"href":"https:\/\/www.jugendfussball-wendelstein.de\/wordpress\/wp-json\/wp\/v2\/categories?post=2075"},{"taxonomy":"post_tag","embeddable":true,"href":"https:\/\/www.jugendfussball-wendelstein.de\/wordpress\/wp-json\/wp\/v2\/tags?post=2075"}],"curies":[{"name":"wp","href":"https:\/\/api.w.org\/{rel}","templated":true}]}}