{"id":2079,"date":"2015-03-16T15:24:21","date_gmt":"2015-03-16T13:24:21","guid":{"rendered":"http:\/\/www.jugendfussball-wendelstein.de\/wordpress\/?p=2079"},"modified":"2015-03-16T16:51:31","modified_gmt":"2015-03-16T14:51:31","slug":"sehr-erfolgreicher-leistungsvergleich","status":"publish","type":"post","link":"https:\/\/www.jugendfussball-wendelstein.de\/wordpress\/sehr-erfolgreicher-leistungsvergleich\/","title":{"rendered":"Sehr erfolgreicher Leistungsvergleich"},"content":{"rendered":"<p><em>15.03.15: Um wirklich den allerletzten Hallenmief aus den Trikots zu sch\u00fctteln hatten wir heute einen Leistungsvergleich auf h\u00f6chstem Niveau organisiert. Die <strong>SpVgg Greuther F\u00fcrth<\/strong> und der Nachwuchs vom <strong>1. FCN<\/strong> waren neben dem <strong>VfB Stuttgart<\/strong> unsere Gegner. Leider spielte die Wetterprognise nicht ganz mit, statt erwarteter Fr\u00fchlingssonne war es durchwegs frisch, doch sonst war alles f\u00fcr tolle Spiele gerichtet.<\/em><\/p>\n<p>Unser erstes Spiel gegen den <strong>VfB Stuttgart<\/strong> begann noch etwas verhalten. Beide Teams tasteten sich ab und wurden langsam &#8222;wach&#8220;. Ein gut getretener Freisto\u00dftreffer vom VfB brachte den Schwung ins Spiel. Im weiteren Verlauf hatte unsere Abwehr gut zu tun, ein hinterlaufener Pass brachte das 2:0. Doch aus einer tollen Vorbereitung erzielten die Wendelsteiner ihr erstes Tor zum Anschluss. Doch die Stuttgarter spielten unbeirrt weiter und machten nach starker Kombination das finale 3:1.<\/p>\n<p>Nach einer kurzen Pause hatten wir <strong>Greuther F\u00fcrth<\/strong> als Gegner. Unbeeindruckt vom letzten Ergebnis spielten unsere Blues sauber von hinten raus und erarbeiteten sich ihre Chancen. Ein Torwartfehler auf F\u00fcrther Seite wurde gleich zur F\u00fchrung genutzt. Bald darauf ging ein Weitschuss ins Netz, die JFG f\u00fchrte mit 2:0. Die F\u00fcrther spielten dann eine sch\u00f6ne Kombination zu Ende und schafften den 2:1 Anschluss. Trotz vieler M\u00f6glichkeiten auf beiden Seiten gelang kein weiteres Tor.<\/p>\n<p>Mit dem <strong>1.FC N\u00fcrnberg<\/strong> trafen wir auf unseren letzten Gegner der Hinrunde. Die Blues konnten den Schwung aus dem vorherigen Spiel direkt mitnehmen und blieben sehr konzentriert. Aus einer schnellen Kombination fiel das umjubelte 1:0 f\u00fcr die Gastgeber. Der Club dr\u00e4ngte nach vorne und kam nach einer feinen Einzelaktion zum Ausgleich. Doch das konnte die Wendelsteiner heute nicht nerv\u00f6s machen. Weiterhin zeigte die Mannschaft eine kompakte Leistung. Der tolle Einsatz wurde mit zwei weiteren Toren zum verdienten 3:1-Erfolg belohnt.<\/p>\n<p>Nach einer Pause zum Durchschnaufen starteten unsere Kinder gegen die im bisherigen Turnierverlauf \u00fcberlegenen <strong>VfB<\/strong>-ler in die R\u00fcckrunde. Die G\u00e4ste waren voll in Fahrt und schossen zwei schnelle Tore. Die Blues waren noch nicht richtig im Spiel, dagegen wirbelten die Stuttgarter durch unseren Strafraum. Das Aufb\u00e4umen kam jetzt und prombt konnten sich die Jungs den Anschlu\u00df erk\u00e4mpfen. Aus einer verl\u00e4ngerten Ecke fiel dann bald schon das 4:1. Der hoch\u00fcberlegene VfB spielte kombinationssicher und schaffte noch zwei sehenswerte Treffer zum 6:1 Endstand.<\/p>\n<p>Gegen den Gegner aus <strong>F\u00fcrth<\/strong> waren die JFG-ler aber wieder in Fahrt. Spielfreudig und sicher in der Abwehr hatten sie das Spiel im Griff und kamen durch einen tollen Fernschuss in F\u00fchrung. Doch auf diesem Niveau wurden Fehler sofort gef\u00e4hrlich. Die Greuther nutzen einen solchen direkt zum Ausgleich. Der Spielstand spiegelte das recht ausgelichene Spiel gut wider. Doch durch eine sch\u00f6n abgeschlossene Aktion gelang den Wendelsteinern der gl\u00fcckliche aber nicht unverdiente 2:1 Siegtreffer.<\/p>\n<p>Direkt nach diesem Spiel durften die Kinder gegen den <strong>FCN<\/strong> ran. Wobei man unserem Spiel nun bei allem Bem\u00fchen schon den Kr\u00e4fteverschlei\u00df ansah. Dennoch gaben sich unsere Kinder nicht auf und arbeiteten sich rein. Vor allem die Defensive war gefordert, der Club hatte einige gute Chancen, die sie aber nicht im Tor unterbringen konnten. Am Ende trennten sich beide Teams mit einem f\u00fcr die Blues etwas gl\u00fccklichen Unentschieden.<\/p>\n<p><strong>Insgesamt zeigten unsere Kinder im Vergleichsturnier eine tolle Mannschaftsleistung. Gegen solch spielstarke Mannschaften konnten sie nur beim VfB nicht punkten und erreichten damit einen fantastischen zweiten Platz.<\/strong><\/p>\n<p>Stuttgart gewann den Vergleich mit seiner starken Spielanlage sehr verdient &#8211; herzlichen Gl\u00fcckwunsch! Auf und neben dem Platz machte diese Mannschaft einen sehr symphatischen und professionellen Eindruck. Die Zuschauer rund um den Platz honorierten ein ums andere Mal die tolle Leistung der G\u00e4ste aus Schwaben. Zur Erinnerung an diese nette Begegnung schossen unsere Mannschaften noch ein gemeinsames Foto.<\/p>\n<p><strong>Allen Mannschaften einen Dank f\u00fcr die Teilnahme an diesem Leistungsvergleich. Die Spiele wurden sehr fair gef\u00fchrt, es gab wenig Foulspiele, daf\u00fcr sch\u00f6ne Spielz\u00fcge und reichlich Tore. Wir freuen uns auf ein Wiedersehen!<\/strong><\/p>\n<p>1. VfB Stuttgart (16 Punkte)<br \/>\n2. <strong>JFG Wendelstein<\/strong> (10 Punkte)<br \/>\n3. SpVgg Greuther F\u00fcrth (4 Punkte)<br \/>\n4. 1.FC N\u00fcrnberg (4 Punkte)<\/p>\n<p><img loading=\"lazy\" decoding=\"async\" class=\"alignleft size-full wp-image-2080\" src=\"https:\/\/www.jugendfussball-wendelstein.de\/wordpress\/wp-content\/uploads\/2015\/03\/LVG-VfB.jpg\" alt=\"LVG-VfB\" width=\"1000\" height=\"527\" srcset=\"https:\/\/www.jugendfussball-wendelstein.de\/wordpress\/wp-content\/uploads\/2015\/03\/LVG-VfB.jpg 1000w, https:\/\/www.jugendfussball-wendelstein.de\/wordpress\/wp-content\/uploads\/2015\/03\/LVG-VfB-350x184.jpg 350w\" sizes=\"(max-width: 1000px) 100vw, 1000px\" \/><\/p>\n","protected":false},"excerpt":{"rendered":"<p>15.03.15: Um wirklich den allerletzten Hallenmief aus den Trikots zu sch\u00fctteln hatten wir heute einen Leistungsvergleich auf h\u00f6chstem Niveau organisiert. Die SpVgg Greuther F\u00fcrth und der Nachwuchs vom 1. FCN waren neben dem VfB Stuttgart unsere Gegner. Leider spielte die Wetterprognise nicht ganz mit, statt erwarteter Fr\u00fchlingssonne war es durchwegs frisch, doch sonst war alles [&hellip;]<\/p>\n","protected":false},"author":4,"featured_media":0,"comment_status":"closed","ping_status":"closed","sticky":false,"template":"","format":"standard","meta":{"saved_in_kubio":false,"footnotes":""},"categories":[3,16,4],"tags":[],"class_list":["post-2079","post","type-post","status-publish","format-standard","hentry","category-kf","category-spielbericht","category-u11"],"yoast_head":"<!-- This site is optimized with the Yoast SEO plugin v27.4 - https:\/\/yoast.com\/product\/yoast-seo-wordpress\/ -->\n<title>Sehr erfolgreicher Leistungsvergleich - JFG Wendelstein<\/title>\n<meta name=\"robots\" content=\"index, follow, max-snippet:-1, max-image-preview:large, max-video-preview:-1\" \/>\n<link rel=\"canonical\" href=\"https:\/\/www.jugendfussball-wendelstein.de\/wordpress\/sehr-erfolgreicher-leistungsvergleich\/\" \/>\n<meta property=\"og:locale\" content=\"de_DE\" \/>\n<meta property=\"og:type\" content=\"article\" \/>\n<meta property=\"og:title\" content=\"Sehr erfolgreicher Leistungsvergleich - JFG Wendelstein\" \/>\n<meta property=\"og:description\" content=\"15.03.15: Um wirklich den allerletzten Hallenmief aus den Trikots zu sch\u00fctteln hatten wir heute einen Leistungsvergleich auf h\u00f6chstem Niveau organisiert. Die SpVgg Greuther F\u00fcrth und der Nachwuchs vom 1. FCN waren neben dem VfB Stuttgart unsere Gegner. Leider spielte die Wetterprognise nicht ganz mit, statt erwarteter Fr\u00fchlingssonne war es durchwegs frisch, doch sonst war alles [&hellip;]\" \/>\n<meta property=\"og:url\" content=\"https:\/\/www.jugendfussball-wendelstein.de\/wordpress\/sehr-erfolgreicher-leistungsvergleich\/\" \/>\n<meta property=\"og:site_name\" content=\"JFG Wendelstein\" \/>\n<meta property=\"article:published_time\" content=\"2015-03-16T13:24:21+00:00\" \/>\n<meta property=\"article:modified_time\" content=\"2015-03-16T14:51:31+00:00\" \/>\n<meta property=\"og:image\" content=\"http:\/\/www.jugendfussball-wendelstein.de\/wordpress\/wp-content\/uploads\/2015\/03\/LVG-VfB.jpg\" \/>\n<meta name=\"author\" content=\"Autor\" \/>\n<meta name=\"twitter:card\" content=\"summary_large_image\" \/>\n<meta name=\"twitter:label1\" content=\"Verfasst von\" \/>\n\t<meta name=\"twitter:data1\" content=\"Autor\" \/>\n\t<meta name=\"twitter:label2\" content=\"Gesch\u00e4tzte Lesezeit\" \/>\n\t<meta name=\"twitter:data2\" content=\"3\u00a0Minuten\" \/>\n<script type=\"application\/ld+json\" class=\"yoast-schema-graph\">{\"@context\":\"https:\\\/\\\/schema.org\",\"@graph\":[{\"@type\":\"Article\",\"@id\":\"https:\\\/\\\/www.jugendfussball-wendelstein.de\\\/wordpress\\\/sehr-erfolgreicher-leistungsvergleich\\\/#article\",\"isPartOf\":{\"@id\":\"https:\\\/\\\/www.jugendfussball-wendelstein.de\\\/wordpress\\\/sehr-erfolgreicher-leistungsvergleich\\\/\"},\"author\":{\"name\":\"Autor\",\"@id\":\"https:\\\/\\\/www.jugendfussball-wendelstein.de\\\/wordpress\\\/#\\\/schema\\\/person\\\/75aadcbd4be1b3af1c1d785397472bc9\"},\"headline\":\"Sehr erfolgreicher Leistungsvergleich\",\"datePublished\":\"2015-03-16T13:24:21+00:00\",\"dateModified\":\"2015-03-16T14:51:31+00:00\",\"mainEntityOfPage\":{\"@id\":\"https:\\\/\\\/www.jugendfussball-wendelstein.de\\\/wordpress\\\/sehr-erfolgreicher-leistungsvergleich\\\/\"},\"wordCount\":669,\"image\":{\"@id\":\"https:\\\/\\\/www.jugendfussball-wendelstein.de\\\/wordpress\\\/sehr-erfolgreicher-leistungsvergleich\\\/#primaryimage\"},\"thumbnailUrl\":\"http:\\\/\\\/www.jugendfussball-wendelstein.de\\\/wordpress\\\/wp-content\\\/uploads\\\/2015\\\/03\\\/LVG-VfB.jpg\",\"articleSection\":[\"Kleinfeld\",\"Spielbericht\",\"U11\"],\"inLanguage\":\"de\"},{\"@type\":\"WebPage\",\"@id\":\"https:\\\/\\\/www.jugendfussball-wendelstein.de\\\/wordpress\\\/sehr-erfolgreicher-leistungsvergleich\\\/\",\"url\":\"https:\\\/\\\/www.jugendfussball-wendelstein.de\\\/wordpress\\\/sehr-erfolgreicher-leistungsvergleich\\\/\",\"name\":\"Sehr erfolgreicher Leistungsvergleich - JFG Wendelstein\",\"isPartOf\":{\"@id\":\"https:\\\/\\\/www.jugendfussball-wendelstein.de\\\/wordpress\\\/#website\"},\"primaryImageOfPage\":{\"@id\":\"https:\\\/\\\/www.jugendfussball-wendelstein.de\\\/wordpress\\\/sehr-erfolgreicher-leistungsvergleich\\\/#primaryimage\"},\"image\":{\"@id\":\"https:\\\/\\\/www.jugendfussball-wendelstein.de\\\/wordpress\\\/sehr-erfolgreicher-leistungsvergleich\\\/#primaryimage\"},\"thumbnailUrl\":\"http:\\\/\\\/www.jugendfussball-wendelstein.de\\\/wordpress\\\/wp-content\\\/uploads\\\/2015\\\/03\\\/LVG-VfB.jpg\",\"datePublished\":\"2015-03-16T13:24:21+00:00\",\"dateModified\":\"2015-03-16T14:51:31+00:00\",\"author\":{\"@id\":\"https:\\\/\\\/www.jugendfussball-wendelstein.de\\\/wordpress\\\/#\\\/schema\\\/person\\\/75aadcbd4be1b3af1c1d785397472bc9\"},\"breadcrumb\":{\"@id\":\"https:\\\/\\\/www.jugendfussball-wendelstein.de\\\/wordpress\\\/sehr-erfolgreicher-leistungsvergleich\\\/#breadcrumb\"},\"inLanguage\":\"de\",\"potentialAction\":[{\"@type\":\"ReadAction\",\"target\":[\"https:\\\/\\\/www.jugendfussball-wendelstein.de\\\/wordpress\\\/sehr-erfolgreicher-leistungsvergleich\\\/\"]}]},{\"@type\":\"ImageObject\",\"inLanguage\":\"de\",\"@id\":\"https:\\\/\\\/www.jugendfussball-wendelstein.de\\\/wordpress\\\/sehr-erfolgreicher-leistungsvergleich\\\/#primaryimage\",\"url\":\"http:\\\/\\\/www.jugendfussball-wendelstein.de\\\/wordpress\\\/wp-content\\\/uploads\\\/2015\\\/03\\\/LVG-VfB.jpg\",\"contentUrl\":\"http:\\\/\\\/www.jugendfussball-wendelstein.de\\\/wordpress\\\/wp-content\\\/uploads\\\/2015\\\/03\\\/LVG-VfB.jpg\"},{\"@type\":\"BreadcrumbList\",\"@id\":\"https:\\\/\\\/www.jugendfussball-wendelstein.de\\\/wordpress\\\/sehr-erfolgreicher-leistungsvergleich\\\/#breadcrumb\",\"itemListElement\":[{\"@type\":\"ListItem\",\"position\":1,\"name\":\"Startseite\",\"item\":\"https:\\\/\\\/www.jugendfussball-wendelstein.de\\\/wordpress\\\/\"},{\"@type\":\"ListItem\",\"position\":2,\"name\":\"Sehr erfolgreicher Leistungsvergleich\"}]},{\"@type\":\"WebSite\",\"@id\":\"https:\\\/\\\/www.jugendfussball-wendelstein.de\\\/wordpress\\\/#website\",\"url\":\"https:\\\/\\\/www.jugendfussball-wendelstein.de\\\/wordpress\\\/\",\"name\":\"JFG Wendelstein\",\"description\":\"Juniorenfu\u00dfball\",\"potentialAction\":[{\"@type\":\"SearchAction\",\"target\":{\"@type\":\"EntryPoint\",\"urlTemplate\":\"https:\\\/\\\/www.jugendfussball-wendelstein.de\\\/wordpress\\\/?s={search_term_string}\"},\"query-input\":{\"@type\":\"PropertyValueSpecification\",\"valueRequired\":true,\"valueName\":\"search_term_string\"}}],\"inLanguage\":\"de\"},{\"@type\":\"Person\",\"@id\":\"https:\\\/\\\/www.jugendfussball-wendelstein.de\\\/wordpress\\\/#\\\/schema\\\/person\\\/75aadcbd4be1b3af1c1d785397472bc9\",\"name\":\"Autor\",\"image\":{\"@type\":\"ImageObject\",\"inLanguage\":\"de\",\"@id\":\"https:\\\/\\\/secure.gravatar.com\\\/avatar\\\/01dd9b7f2dc8d635302f1c57c2289838e9fe288acd1c06c8f8ad332b8e2a60c9?s=96&d=mm&r=g\",\"url\":\"https:\\\/\\\/secure.gravatar.com\\\/avatar\\\/01dd9b7f2dc8d635302f1c57c2289838e9fe288acd1c06c8f8ad332b8e2a60c9?s=96&d=mm&r=g\",\"contentUrl\":\"https:\\\/\\\/secure.gravatar.com\\\/avatar\\\/01dd9b7f2dc8d635302f1c57c2289838e9fe288acd1c06c8f8ad332b8e2a60c9?s=96&d=mm&r=g\",\"caption\":\"Autor\"},\"url\":\"https:\\\/\\\/www.jugendfussball-wendelstein.de\\\/wordpress\\\/author\\\/autor\\\/\"}]}<\/script>\n<!-- \/ Yoast SEO plugin. -->","yoast_head_json":{"title":"Sehr erfolgreicher Leistungsvergleich - JFG Wendelstein","robots":{"index":"index","follow":"follow","max-snippet":"max-snippet:-1","max-image-preview":"max-image-preview:large","max-video-preview":"max-video-preview:-1"},"canonical":"https:\/\/www.jugendfussball-wendelstein.de\/wordpress\/sehr-erfolgreicher-leistungsvergleich\/","og_locale":"de_DE","og_type":"article","og_title":"Sehr erfolgreicher Leistungsvergleich - JFG Wendelstein","og_description":"15.03.15: Um wirklich den allerletzten Hallenmief aus den Trikots zu sch\u00fctteln hatten wir heute einen Leistungsvergleich auf h\u00f6chstem Niveau organisiert. Die SpVgg Greuther F\u00fcrth und der Nachwuchs vom 1. FCN waren neben dem VfB Stuttgart unsere Gegner. Leider spielte die Wetterprognise nicht ganz mit, statt erwarteter Fr\u00fchlingssonne war es durchwegs frisch, doch sonst war alles [&hellip;]","og_url":"https:\/\/www.jugendfussball-wendelstein.de\/wordpress\/sehr-erfolgreicher-leistungsvergleich\/","og_site_name":"JFG Wendelstein","article_published_time":"2015-03-16T13:24:21+00:00","article_modified_time":"2015-03-16T14:51:31+00:00","og_image":[{"url":"http:\/\/www.jugendfussball-wendelstein.de\/wordpress\/wp-content\/uploads\/2015\/03\/LVG-VfB.jpg","type":"","width":"","height":""}],"author":"Autor","twitter_card":"summary_large_image","twitter_misc":{"Verfasst von":"Autor","Gesch\u00e4tzte Lesezeit":"3\u00a0Minuten"},"schema":{"@context":"https:\/\/schema.org","@graph":[{"@type":"Article","@id":"https:\/\/www.jugendfussball-wendelstein.de\/wordpress\/sehr-erfolgreicher-leistungsvergleich\/#article","isPartOf":{"@id":"https:\/\/www.jugendfussball-wendelstein.de\/wordpress\/sehr-erfolgreicher-leistungsvergleich\/"},"author":{"name":"Autor","@id":"https:\/\/www.jugendfussball-wendelstein.de\/wordpress\/#\/schema\/person\/75aadcbd4be1b3af1c1d785397472bc9"},"headline":"Sehr erfolgreicher Leistungsvergleich","datePublished":"2015-03-16T13:24:21+00:00","dateModified":"2015-03-16T14:51:31+00:00","mainEntityOfPage":{"@id":"https:\/\/www.jugendfussball-wendelstein.de\/wordpress\/sehr-erfolgreicher-leistungsvergleich\/"},"wordCount":669,"image":{"@id":"https:\/\/www.jugendfussball-wendelstein.de\/wordpress\/sehr-erfolgreicher-leistungsvergleich\/#primaryimage"},"thumbnailUrl":"http:\/\/www.jugendfussball-wendelstein.de\/wordpress\/wp-content\/uploads\/2015\/03\/LVG-VfB.jpg","articleSection":["Kleinfeld","Spielbericht","U11"],"inLanguage":"de"},{"@type":"WebPage","@id":"https:\/\/www.jugendfussball-wendelstein.de\/wordpress\/sehr-erfolgreicher-leistungsvergleich\/","url":"https:\/\/www.jugendfussball-wendelstein.de\/wordpress\/sehr-erfolgreicher-leistungsvergleich\/","name":"Sehr erfolgreicher Leistungsvergleich - JFG Wendelstein","isPartOf":{"@id":"https:\/\/www.jugendfussball-wendelstein.de\/wordpress\/#website"},"primaryImageOfPage":{"@id":"https:\/\/www.jugendfussball-wendelstein.de\/wordpress\/sehr-erfolgreicher-leistungsvergleich\/#primaryimage"},"image":{"@id":"https:\/\/www.jugendfussball-wendelstein.de\/wordpress\/sehr-erfolgreicher-leistungsvergleich\/#primaryimage"},"thumbnailUrl":"http:\/\/www.jugendfussball-wendelstein.de\/wordpress\/wp-content\/uploads\/2015\/03\/LVG-VfB.jpg","datePublished":"2015-03-16T13:24:21+00:00","dateModified":"2015-03-16T14:51:31+00:00","author":{"@id":"https:\/\/www.jugendfussball-wendelstein.de\/wordpress\/#\/schema\/person\/75aadcbd4be1b3af1c1d785397472bc9"},"breadcrumb":{"@id":"https:\/\/www.jugendfussball-wendelstein.de\/wordpress\/sehr-erfolgreicher-leistungsvergleich\/#breadcrumb"},"inLanguage":"de","potentialAction":[{"@type":"ReadAction","target":["https:\/\/www.jugendfussball-wendelstein.de\/wordpress\/sehr-erfolgreicher-leistungsvergleich\/"]}]},{"@type":"ImageObject","inLanguage":"de","@id":"https:\/\/www.jugendfussball-wendelstein.de\/wordpress\/sehr-erfolgreicher-leistungsvergleich\/#primaryimage","url":"http:\/\/www.jugendfussball-wendelstein.de\/wordpress\/wp-content\/uploads\/2015\/03\/LVG-VfB.jpg","contentUrl":"http:\/\/www.jugendfussball-wendelstein.de\/wordpress\/wp-content\/uploads\/2015\/03\/LVG-VfB.jpg"},{"@type":"BreadcrumbList","@id":"https:\/\/www.jugendfussball-wendelstein.de\/wordpress\/sehr-erfolgreicher-leistungsvergleich\/#breadcrumb","itemListElement":[{"@type":"ListItem","position":1,"name":"Startseite","item":"https:\/\/www.jugendfussball-wendelstein.de\/wordpress\/"},{"@type":"ListItem","position":2,"name":"Sehr erfolgreicher Leistungsvergleich"}]},{"@type":"WebSite","@id":"https:\/\/www.jugendfussball-wendelstein.de\/wordpress\/#website","url":"https:\/\/www.jugendfussball-wendelstein.de\/wordpress\/","name":"JFG Wendelstein","description":"Juniorenfu\u00dfball","potentialAction":[{"@type":"SearchAction","target":{"@type":"EntryPoint","urlTemplate":"https:\/\/www.jugendfussball-wendelstein.de\/wordpress\/?s={search_term_string}"},"query-input":{"@type":"PropertyValueSpecification","valueRequired":true,"valueName":"search_term_string"}}],"inLanguage":"de"},{"@type":"Person","@id":"https:\/\/www.jugendfussball-wendelstein.de\/wordpress\/#\/schema\/person\/75aadcbd4be1b3af1c1d785397472bc9","name":"Autor","image":{"@type":"ImageObject","inLanguage":"de","@id":"https:\/\/secure.gravatar.com\/avatar\/01dd9b7f2dc8d635302f1c57c2289838e9fe288acd1c06c8f8ad332b8e2a60c9?s=96&d=mm&r=g","url":"https:\/\/secure.gravatar.com\/avatar\/01dd9b7f2dc8d635302f1c57c2289838e9fe288acd1c06c8f8ad332b8e2a60c9?s=96&d=mm&r=g","contentUrl":"https:\/\/secure.gravatar.com\/avatar\/01dd9b7f2dc8d635302f1c57c2289838e9fe288acd1c06c8f8ad332b8e2a60c9?s=96&d=mm&r=g","caption":"Autor"},"url":"https:\/\/www.jugendfussball-wendelstein.de\/wordpress\/author\/autor\/"}]}},"_links":{"self":[{"href":"https:\/\/www.jugendfussball-wendelstein.de\/wordpress\/wp-json\/wp\/v2\/posts\/2079","targetHints":{"allow":["GET"]}}],"collection":[{"href":"https:\/\/www.jugendfussball-wendelstein.de\/wordpress\/wp-json\/wp\/v2\/posts"}],"about":[{"href":"https:\/\/www.jugendfussball-wendelstein.de\/wordpress\/wp-json\/wp\/v2\/types\/post"}],"author":[{"embeddable":true,"href":"https:\/\/www.jugendfussball-wendelstein.de\/wordpress\/wp-json\/wp\/v2\/users\/4"}],"replies":[{"embeddable":true,"href":"https:\/\/www.jugendfussball-wendelstein.de\/wordpress\/wp-json\/wp\/v2\/comments?post=2079"}],"version-history":[{"count":0,"href":"https:\/\/www.jugendfussball-wendelstein.de\/wordpress\/wp-json\/wp\/v2\/posts\/2079\/revisions"}],"wp:attachment":[{"href":"https:\/\/www.jugendfussball-wendelstein.de\/wordpress\/wp-json\/wp\/v2\/media?parent=2079"}],"wp:term":[{"taxonomy":"category","embeddable":true,"href":"https:\/\/www.jugendfussball-wendelstein.de\/wordpress\/wp-json\/wp\/v2\/categories?post=2079"},{"taxonomy":"post_tag","embeddable":true,"href":"https:\/\/www.jugendfussball-wendelstein.de\/wordpress\/wp-json\/wp\/v2\/tags?post=2079"}],"curies":[{"name":"wp","href":"https:\/\/api.w.org\/{rel}","templated":true}]}}