{"id":2107,"date":"2015-03-29T21:00:19","date_gmt":"2015-03-29T19:00:19","guid":{"rendered":"http:\/\/www.jugendfussball-wendelstein.de\/wordpress\/?p=2107"},"modified":"2015-03-29T22:44:05","modified_gmt":"2015-03-29T20:44:05","slug":"tsv-pyrbaum-d2-jfg-d3-05","status":"publish","type":"post","link":"https:\/\/www.jugendfussball-wendelstein.de\/wordpress\/tsv-pyrbaum-d2-jfg-d3-05\/","title":{"rendered":"TSV Pyrbaum D1 \u2013 JFG D3  0:5"},"content":{"rendered":"<p>28.03.15: Zum Beginn der Osterferien wollten die JFGler nochmal einen Dreier einsammeln. Der Gegner war aber nicht zu untersch\u00e4tzen, immerhin spielte der <strong>TSV Pyrbaum<\/strong> in der kompletten Hinrunde ohne eine Niederlage.<\/p>\n<p>Doch die Blues waren sofort gut im Spiel. Bereits der erste Angriff wurde zur schnellen F\u00fchrung genutzt. Die Gastgeber fanden daraufhin schwer ins Spiel, w\u00e4hrend die Wendelsteiner Chance um Chance herausspielten. Doch unser Manko war heute wieder einmal die Verwertung der M\u00f6glichkeiten \u2013 es wollte einfach keiner mehr reingehen. Zum Ende der ersten H\u00e4lfte dr\u00fcckte ein Wendelsteiner den Ball dann endlich zum l\u00e4ngst \u00fcberf\u00e4lligen 2:0 \u00fcber die Linie. Kurz vor Abpfiff der Halbzeit erh\u00f6hten sie noch auf 3:0.<\/p>\n<p>Mit der F\u00fchrung sollte es jetzt eigentlich runder laufen. Doch wieder ergab sich das gleiche Bild: viele B\u00e4lle im 16er der Pyrbaumer, doch keiner im Tor. So musste ein Abpraller vom Torh\u00fcter zum n\u00e4chsten Treffer herhalten. Aus einer sch\u00f6nen Einzelaktion heraus fiel dann das 5:0. Weitere Tore blieben aus, Wendelstein gewann das sehr fair gef\u00fchrte Spiel hochverdient.<\/p>\n<p>Die zwei Spiele gegen den Zweiten und Dritten der Hinrunde mit zwei klaren Siegen zeigen, dass wir in der D-Jugend angekommen sind. Die Kinder freuen sich jetzt auf die Schulferien und auf volle Osternester!<\/p>\n","protected":false},"excerpt":{"rendered":"<p>28.03.15: Zum Beginn der Osterferien wollten die JFGler nochmal einen Dreier einsammeln. Der Gegner war aber nicht zu untersch\u00e4tzen, immerhin spielte der TSV Pyrbaum in der kompletten Hinrunde ohne eine Niederlage. Doch die Blues waren sofort gut im Spiel. Bereits der erste Angriff wurde zur schnellen F\u00fchrung genutzt. Die Gastgeber fanden daraufhin schwer ins Spiel, [&hellip;]<\/p>\n","protected":false},"author":4,"featured_media":2121,"comment_status":"closed","ping_status":"closed","sticky":false,"template":"","format":"standard","meta":{"saved_in_kubio":false,"footnotes":""},"categories":[2,16,4],"tags":[],"class_list":["post-2107","post","type-post","status-publish","format-standard","has-post-thumbnail","hentry","category-gf","category-spielbericht","category-u11"],"yoast_head":"<!-- This site is optimized with the Yoast SEO plugin v27.4 - https:\/\/yoast.com\/product\/yoast-seo-wordpress\/ -->\n<title>TSV Pyrbaum D1 \u2013 JFG D3 0:5 - JFG Wendelstein<\/title>\n<meta name=\"robots\" content=\"index, follow, max-snippet:-1, max-image-preview:large, max-video-preview:-1\" \/>\n<link rel=\"canonical\" href=\"https:\/\/www.jugendfussball-wendelstein.de\/wordpress\/tsv-pyrbaum-d2-jfg-d3-05\/\" \/>\n<meta property=\"og:locale\" content=\"de_DE\" \/>\n<meta property=\"og:type\" content=\"article\" \/>\n<meta property=\"og:title\" content=\"TSV Pyrbaum D1 \u2013 JFG D3 0:5 - JFG Wendelstein\" \/>\n<meta property=\"og:description\" content=\"28.03.15: Zum Beginn der Osterferien wollten die JFGler nochmal einen Dreier einsammeln. Der Gegner war aber nicht zu untersch\u00e4tzen, immerhin spielte der TSV Pyrbaum in der kompletten Hinrunde ohne eine Niederlage. Doch die Blues waren sofort gut im Spiel. Bereits der erste Angriff wurde zur schnellen F\u00fchrung genutzt. Die Gastgeber fanden daraufhin schwer ins Spiel, [&hellip;]\" \/>\n<meta property=\"og:url\" content=\"https:\/\/www.jugendfussball-wendelstein.de\/wordpress\/tsv-pyrbaum-d2-jfg-d3-05\/\" \/>\n<meta property=\"og:site_name\" content=\"JFG Wendelstein\" \/>\n<meta property=\"article:published_time\" content=\"2015-03-29T19:00:19+00:00\" \/>\n<meta property=\"article:modified_time\" content=\"2015-03-29T20:44:05+00:00\" \/>\n<meta property=\"og:image\" content=\"https:\/\/www.jugendfussball-wendelstein.de\/wordpress\/wp-content\/uploads\/2015\/03\/Teaser-D3.jpg\" \/>\n\t<meta property=\"og:image:width\" content=\"406\" \/>\n\t<meta property=\"og:image:height\" content=\"229\" \/>\n\t<meta property=\"og:image:type\" content=\"image\/jpeg\" \/>\n<meta name=\"author\" content=\"Autor\" \/>\n<meta name=\"twitter:card\" content=\"summary_large_image\" \/>\n<meta name=\"twitter:label1\" content=\"Verfasst von\" \/>\n\t<meta name=\"twitter:data1\" content=\"Autor\" \/>\n\t<meta name=\"twitter:label2\" content=\"Gesch\u00e4tzte Lesezeit\" \/>\n\t<meta name=\"twitter:data2\" content=\"1\u00a0Minute\" \/>\n<script type=\"application\/ld+json\" class=\"yoast-schema-graph\">{\"@context\":\"https:\\\/\\\/schema.org\",\"@graph\":[{\"@type\":\"Article\",\"@id\":\"https:\\\/\\\/www.jugendfussball-wendelstein.de\\\/wordpress\\\/tsv-pyrbaum-d2-jfg-d3-05\\\/#article\",\"isPartOf\":{\"@id\":\"https:\\\/\\\/www.jugendfussball-wendelstein.de\\\/wordpress\\\/tsv-pyrbaum-d2-jfg-d3-05\\\/\"},\"author\":{\"name\":\"Autor\",\"@id\":\"https:\\\/\\\/www.jugendfussball-wendelstein.de\\\/wordpress\\\/#\\\/schema\\\/person\\\/75aadcbd4be1b3af1c1d785397472bc9\"},\"headline\":\"TSV Pyrbaum D1 \u2013 JFG D3 0:5\",\"datePublished\":\"2015-03-29T19:00:19+00:00\",\"dateModified\":\"2015-03-29T20:44:05+00:00\",\"mainEntityOfPage\":{\"@id\":\"https:\\\/\\\/www.jugendfussball-wendelstein.de\\\/wordpress\\\/tsv-pyrbaum-d2-jfg-d3-05\\\/\"},\"wordCount\":215,\"image\":{\"@id\":\"https:\\\/\\\/www.jugendfussball-wendelstein.de\\\/wordpress\\\/tsv-pyrbaum-d2-jfg-d3-05\\\/#primaryimage\"},\"thumbnailUrl\":\"https:\\\/\\\/www.jugendfussball-wendelstein.de\\\/wordpress\\\/wp-content\\\/uploads\\\/2015\\\/03\\\/Teaser-D3.jpg\",\"articleSection\":[\"Gro\u00dffeld\",\"Spielbericht\",\"U11\"],\"inLanguage\":\"de\"},{\"@type\":\"WebPage\",\"@id\":\"https:\\\/\\\/www.jugendfussball-wendelstein.de\\\/wordpress\\\/tsv-pyrbaum-d2-jfg-d3-05\\\/\",\"url\":\"https:\\\/\\\/www.jugendfussball-wendelstein.de\\\/wordpress\\\/tsv-pyrbaum-d2-jfg-d3-05\\\/\",\"name\":\"TSV Pyrbaum D1 \u2013 JFG D3 0:5 - JFG Wendelstein\",\"isPartOf\":{\"@id\":\"https:\\\/\\\/www.jugendfussball-wendelstein.de\\\/wordpress\\\/#website\"},\"primaryImageOfPage\":{\"@id\":\"https:\\\/\\\/www.jugendfussball-wendelstein.de\\\/wordpress\\\/tsv-pyrbaum-d2-jfg-d3-05\\\/#primaryimage\"},\"image\":{\"@id\":\"https:\\\/\\\/www.jugendfussball-wendelstein.de\\\/wordpress\\\/tsv-pyrbaum-d2-jfg-d3-05\\\/#primaryimage\"},\"thumbnailUrl\":\"https:\\\/\\\/www.jugendfussball-wendelstein.de\\\/wordpress\\\/wp-content\\\/uploads\\\/2015\\\/03\\\/Teaser-D3.jpg\",\"datePublished\":\"2015-03-29T19:00:19+00:00\",\"dateModified\":\"2015-03-29T20:44:05+00:00\",\"author\":{\"@id\":\"https:\\\/\\\/www.jugendfussball-wendelstein.de\\\/wordpress\\\/#\\\/schema\\\/person\\\/75aadcbd4be1b3af1c1d785397472bc9\"},\"breadcrumb\":{\"@id\":\"https:\\\/\\\/www.jugendfussball-wendelstein.de\\\/wordpress\\\/tsv-pyrbaum-d2-jfg-d3-05\\\/#breadcrumb\"},\"inLanguage\":\"de\",\"potentialAction\":[{\"@type\":\"ReadAction\",\"target\":[\"https:\\\/\\\/www.jugendfussball-wendelstein.de\\\/wordpress\\\/tsv-pyrbaum-d2-jfg-d3-05\\\/\"]}]},{\"@type\":\"ImageObject\",\"inLanguage\":\"de\",\"@id\":\"https:\\\/\\\/www.jugendfussball-wendelstein.de\\\/wordpress\\\/tsv-pyrbaum-d2-jfg-d3-05\\\/#primaryimage\",\"url\":\"https:\\\/\\\/www.jugendfussball-wendelstein.de\\\/wordpress\\\/wp-content\\\/uploads\\\/2015\\\/03\\\/Teaser-D3.jpg\",\"contentUrl\":\"https:\\\/\\\/www.jugendfussball-wendelstein.de\\\/wordpress\\\/wp-content\\\/uploads\\\/2015\\\/03\\\/Teaser-D3.jpg\",\"width\":406,\"height\":229},{\"@type\":\"BreadcrumbList\",\"@id\":\"https:\\\/\\\/www.jugendfussball-wendelstein.de\\\/wordpress\\\/tsv-pyrbaum-d2-jfg-d3-05\\\/#breadcrumb\",\"itemListElement\":[{\"@type\":\"ListItem\",\"position\":1,\"name\":\"Startseite\",\"item\":\"https:\\\/\\\/www.jugendfussball-wendelstein.de\\\/wordpress\\\/\"},{\"@type\":\"ListItem\",\"position\":2,\"name\":\"TSV Pyrbaum D1 \u2013 JFG D3 0:5\"}]},{\"@type\":\"WebSite\",\"@id\":\"https:\\\/\\\/www.jugendfussball-wendelstein.de\\\/wordpress\\\/#website\",\"url\":\"https:\\\/\\\/www.jugendfussball-wendelstein.de\\\/wordpress\\\/\",\"name\":\"JFG Wendelstein\",\"description\":\"Juniorenfu\u00dfball\",\"potentialAction\":[{\"@type\":\"SearchAction\",\"target\":{\"@type\":\"EntryPoint\",\"urlTemplate\":\"https:\\\/\\\/www.jugendfussball-wendelstein.de\\\/wordpress\\\/?s={search_term_string}\"},\"query-input\":{\"@type\":\"PropertyValueSpecification\",\"valueRequired\":true,\"valueName\":\"search_term_string\"}}],\"inLanguage\":\"de\"},{\"@type\":\"Person\",\"@id\":\"https:\\\/\\\/www.jugendfussball-wendelstein.de\\\/wordpress\\\/#\\\/schema\\\/person\\\/75aadcbd4be1b3af1c1d785397472bc9\",\"name\":\"Autor\",\"image\":{\"@type\":\"ImageObject\",\"inLanguage\":\"de\",\"@id\":\"https:\\\/\\\/secure.gravatar.com\\\/avatar\\\/01dd9b7f2dc8d635302f1c57c2289838e9fe288acd1c06c8f8ad332b8e2a60c9?s=96&d=mm&r=g\",\"url\":\"https:\\\/\\\/secure.gravatar.com\\\/avatar\\\/01dd9b7f2dc8d635302f1c57c2289838e9fe288acd1c06c8f8ad332b8e2a60c9?s=96&d=mm&r=g\",\"contentUrl\":\"https:\\\/\\\/secure.gravatar.com\\\/avatar\\\/01dd9b7f2dc8d635302f1c57c2289838e9fe288acd1c06c8f8ad332b8e2a60c9?s=96&d=mm&r=g\",\"caption\":\"Autor\"},\"url\":\"https:\\\/\\\/www.jugendfussball-wendelstein.de\\\/wordpress\\\/author\\\/autor\\\/\"}]}<\/script>\n<!-- \/ Yoast SEO plugin. -->","yoast_head_json":{"title":"TSV Pyrbaum D1 \u2013 JFG D3 0:5 - JFG Wendelstein","robots":{"index":"index","follow":"follow","max-snippet":"max-snippet:-1","max-image-preview":"max-image-preview:large","max-video-preview":"max-video-preview:-1"},"canonical":"https:\/\/www.jugendfussball-wendelstein.de\/wordpress\/tsv-pyrbaum-d2-jfg-d3-05\/","og_locale":"de_DE","og_type":"article","og_title":"TSV Pyrbaum D1 \u2013 JFG D3 0:5 - JFG Wendelstein","og_description":"28.03.15: Zum Beginn der Osterferien wollten die JFGler nochmal einen Dreier einsammeln. Der Gegner war aber nicht zu untersch\u00e4tzen, immerhin spielte der TSV Pyrbaum in der kompletten Hinrunde ohne eine Niederlage. Doch die Blues waren sofort gut im Spiel. Bereits der erste Angriff wurde zur schnellen F\u00fchrung genutzt. Die Gastgeber fanden daraufhin schwer ins Spiel, [&hellip;]","og_url":"https:\/\/www.jugendfussball-wendelstein.de\/wordpress\/tsv-pyrbaum-d2-jfg-d3-05\/","og_site_name":"JFG Wendelstein","article_published_time":"2015-03-29T19:00:19+00:00","article_modified_time":"2015-03-29T20:44:05+00:00","og_image":[{"width":406,"height":229,"url":"https:\/\/www.jugendfussball-wendelstein.de\/wordpress\/wp-content\/uploads\/2015\/03\/Teaser-D3.jpg","type":"image\/jpeg"}],"author":"Autor","twitter_card":"summary_large_image","twitter_misc":{"Verfasst von":"Autor","Gesch\u00e4tzte Lesezeit":"1\u00a0Minute"},"schema":{"@context":"https:\/\/schema.org","@graph":[{"@type":"Article","@id":"https:\/\/www.jugendfussball-wendelstein.de\/wordpress\/tsv-pyrbaum-d2-jfg-d3-05\/#article","isPartOf":{"@id":"https:\/\/www.jugendfussball-wendelstein.de\/wordpress\/tsv-pyrbaum-d2-jfg-d3-05\/"},"author":{"name":"Autor","@id":"https:\/\/www.jugendfussball-wendelstein.de\/wordpress\/#\/schema\/person\/75aadcbd4be1b3af1c1d785397472bc9"},"headline":"TSV Pyrbaum D1 \u2013 JFG D3 0:5","datePublished":"2015-03-29T19:00:19+00:00","dateModified":"2015-03-29T20:44:05+00:00","mainEntityOfPage":{"@id":"https:\/\/www.jugendfussball-wendelstein.de\/wordpress\/tsv-pyrbaum-d2-jfg-d3-05\/"},"wordCount":215,"image":{"@id":"https:\/\/www.jugendfussball-wendelstein.de\/wordpress\/tsv-pyrbaum-d2-jfg-d3-05\/#primaryimage"},"thumbnailUrl":"https:\/\/www.jugendfussball-wendelstein.de\/wordpress\/wp-content\/uploads\/2015\/03\/Teaser-D3.jpg","articleSection":["Gro\u00dffeld","Spielbericht","U11"],"inLanguage":"de"},{"@type":"WebPage","@id":"https:\/\/www.jugendfussball-wendelstein.de\/wordpress\/tsv-pyrbaum-d2-jfg-d3-05\/","url":"https:\/\/www.jugendfussball-wendelstein.de\/wordpress\/tsv-pyrbaum-d2-jfg-d3-05\/","name":"TSV Pyrbaum D1 \u2013 JFG D3 0:5 - JFG Wendelstein","isPartOf":{"@id":"https:\/\/www.jugendfussball-wendelstein.de\/wordpress\/#website"},"primaryImageOfPage":{"@id":"https:\/\/www.jugendfussball-wendelstein.de\/wordpress\/tsv-pyrbaum-d2-jfg-d3-05\/#primaryimage"},"image":{"@id":"https:\/\/www.jugendfussball-wendelstein.de\/wordpress\/tsv-pyrbaum-d2-jfg-d3-05\/#primaryimage"},"thumbnailUrl":"https:\/\/www.jugendfussball-wendelstein.de\/wordpress\/wp-content\/uploads\/2015\/03\/Teaser-D3.jpg","datePublished":"2015-03-29T19:00:19+00:00","dateModified":"2015-03-29T20:44:05+00:00","author":{"@id":"https:\/\/www.jugendfussball-wendelstein.de\/wordpress\/#\/schema\/person\/75aadcbd4be1b3af1c1d785397472bc9"},"breadcrumb":{"@id":"https:\/\/www.jugendfussball-wendelstein.de\/wordpress\/tsv-pyrbaum-d2-jfg-d3-05\/#breadcrumb"},"inLanguage":"de","potentialAction":[{"@type":"ReadAction","target":["https:\/\/www.jugendfussball-wendelstein.de\/wordpress\/tsv-pyrbaum-d2-jfg-d3-05\/"]}]},{"@type":"ImageObject","inLanguage":"de","@id":"https:\/\/www.jugendfussball-wendelstein.de\/wordpress\/tsv-pyrbaum-d2-jfg-d3-05\/#primaryimage","url":"https:\/\/www.jugendfussball-wendelstein.de\/wordpress\/wp-content\/uploads\/2015\/03\/Teaser-D3.jpg","contentUrl":"https:\/\/www.jugendfussball-wendelstein.de\/wordpress\/wp-content\/uploads\/2015\/03\/Teaser-D3.jpg","width":406,"height":229},{"@type":"BreadcrumbList","@id":"https:\/\/www.jugendfussball-wendelstein.de\/wordpress\/tsv-pyrbaum-d2-jfg-d3-05\/#breadcrumb","itemListElement":[{"@type":"ListItem","position":1,"name":"Startseite","item":"https:\/\/www.jugendfussball-wendelstein.de\/wordpress\/"},{"@type":"ListItem","position":2,"name":"TSV Pyrbaum D1 \u2013 JFG D3 0:5"}]},{"@type":"WebSite","@id":"https:\/\/www.jugendfussball-wendelstein.de\/wordpress\/#website","url":"https:\/\/www.jugendfussball-wendelstein.de\/wordpress\/","name":"JFG Wendelstein","description":"Juniorenfu\u00dfball","potentialAction":[{"@type":"SearchAction","target":{"@type":"EntryPoint","urlTemplate":"https:\/\/www.jugendfussball-wendelstein.de\/wordpress\/?s={search_term_string}"},"query-input":{"@type":"PropertyValueSpecification","valueRequired":true,"valueName":"search_term_string"}}],"inLanguage":"de"},{"@type":"Person","@id":"https:\/\/www.jugendfussball-wendelstein.de\/wordpress\/#\/schema\/person\/75aadcbd4be1b3af1c1d785397472bc9","name":"Autor","image":{"@type":"ImageObject","inLanguage":"de","@id":"https:\/\/secure.gravatar.com\/avatar\/01dd9b7f2dc8d635302f1c57c2289838e9fe288acd1c06c8f8ad332b8e2a60c9?s=96&d=mm&r=g","url":"https:\/\/secure.gravatar.com\/avatar\/01dd9b7f2dc8d635302f1c57c2289838e9fe288acd1c06c8f8ad332b8e2a60c9?s=96&d=mm&r=g","contentUrl":"https:\/\/secure.gravatar.com\/avatar\/01dd9b7f2dc8d635302f1c57c2289838e9fe288acd1c06c8f8ad332b8e2a60c9?s=96&d=mm&r=g","caption":"Autor"},"url":"https:\/\/www.jugendfussball-wendelstein.de\/wordpress\/author\/autor\/"}]}},"_links":{"self":[{"href":"https:\/\/www.jugendfussball-wendelstein.de\/wordpress\/wp-json\/wp\/v2\/posts\/2107","targetHints":{"allow":["GET"]}}],"collection":[{"href":"https:\/\/www.jugendfussball-wendelstein.de\/wordpress\/wp-json\/wp\/v2\/posts"}],"about":[{"href":"https:\/\/www.jugendfussball-wendelstein.de\/wordpress\/wp-json\/wp\/v2\/types\/post"}],"author":[{"embeddable":true,"href":"https:\/\/www.jugendfussball-wendelstein.de\/wordpress\/wp-json\/wp\/v2\/users\/4"}],"replies":[{"embeddable":true,"href":"https:\/\/www.jugendfussball-wendelstein.de\/wordpress\/wp-json\/wp\/v2\/comments?post=2107"}],"version-history":[{"count":0,"href":"https:\/\/www.jugendfussball-wendelstein.de\/wordpress\/wp-json\/wp\/v2\/posts\/2107\/revisions"}],"wp:featuredmedia":[{"embeddable":true,"href":"https:\/\/www.jugendfussball-wendelstein.de\/wordpress\/wp-json\/wp\/v2\/media\/2121"}],"wp:attachment":[{"href":"https:\/\/www.jugendfussball-wendelstein.de\/wordpress\/wp-json\/wp\/v2\/media?parent=2107"}],"wp:term":[{"taxonomy":"category","embeddable":true,"href":"https:\/\/www.jugendfussball-wendelstein.de\/wordpress\/wp-json\/wp\/v2\/categories?post=2107"},{"taxonomy":"post_tag","embeddable":true,"href":"https:\/\/www.jugendfussball-wendelstein.de\/wordpress\/wp-json\/wp\/v2\/tags?post=2107"}],"curies":[{"name":"wp","href":"https:\/\/api.w.org\/{rel}","templated":true}]}}