{"id":2112,"date":"2015-03-29T11:09:40","date_gmt":"2015-03-29T09:09:40","guid":{"rendered":"http:\/\/www.jugendfussball-wendelstein.de\/wordpress\/?p=2112"},"modified":"2015-03-29T11:09:40","modified_gmt":"2015-03-29T09:09:40","slug":"jfg-tsv-neustadta-42","status":"publish","type":"post","link":"https:\/\/www.jugendfussball-wendelstein.de\/wordpress\/jfg-tsv-neustadta-42\/","title":{"rendered":"JFG &#8211; TSV Neustadt\/A. 4:2"},"content":{"rendered":"<p>27.03.2015 : Nur einen Spieltag weiter und wieder standen unsere Jungs vor der Aufgabe, nach einer tollen ersten Spielh\u00e4lfte eine eigentlich beruhigende 3:0 F\u00fchrung nur noch \u00fcber die Zeit zu spielen. Was letzte Woche gr\u00fcndlich in die Hose ging, wurde diesmal sehr konzentriert und mit der n\u00f6tigen Entschlossenheit zu Ende gebracht.<br \/>\nAuch weil unseren Buben immer noch das Hinspiel in sehr guter Erinnerung war. In diesem Spiel hatten wir bis zur 30.Spielminute nicht weniger als 9 teilweise 100%ige Einschu\u00dfm\u00f6glichkeiten, der Sieger hie\u00df damals Neustadt. Diesen Vorzeichen zum Trotz konnte man von Anfang an den Siegeswillen deutlich erkennen und unsere Jungs legten los wie die Feuerwehr. Bereits nach zwei Minuten h\u00e4tte Angelo Mahler nach toller Einzeileistung einnetzen k\u00f6nnen, doch landete sein Schu\u00df an der Unterkante der Latte. Daraufhin entwickelte sich ein sehr munteres Spiel mit guten Chancen auf beiden Seiten, doch beide Torh\u00fcter waren dabei stets auf dem Posten. Nach einer Freisto\u00dfflanke von Marco F\u00fcrst konnte Ferhan Kahve in der 35. Spielminute endlich die engagierte Leitung unserer Mannschaft mit dem 1:0 belohnen. Keine zwei Minuten sp\u00e4ter erh\u00f6hte Kevin Kurtz durch Elfmeter auf 2:0 und noch vor dem Pausenpfiff war es abermals Kevin Kurtz der mit einem strammen 20m Schu\u00df auf 3:0 erh\u00f6hte.<br \/>\nNach einer deutlichen Halbzeitansprache und der Warnung auf letzter Woche hin, wurde auch in der zweiten H\u00e4lfte im Zweikampfverhalten nicht nachgelassen. Der Gegner aus Neustadt versuchte das Spiel dennoch zu drehen und kam in der 56. Minute zum 3:1 Anschlu\u00dftreffer, doch diesmal blieben unsere Buben eiskalt und beendeten 10 Minuten sp\u00e4ter die Aufholjagd der Neust\u00e4dter. Wieder war es Kevin Kurtz der eine Freisto\u00dfflanke von Marco F\u00fcrst mit dem Kopf verwertete und somit mit dem 4:1 f\u00fcr die Vorentscheidung sorgte. Zwei Minuten vor dem Abpfiff gestattete man dem Gast noch einen Weitschu\u00df den die Neust\u00e4dter zum 4:2 Entstand nutzen.<\/p>\n<p>Fazit: Trotz eines scheinbar beruhigenden Vorsprunges sollte man in unserer Spielklasse niemals vergessen, dass jeder Gegner in der Lage ist ein Spiel zu drehen. Bemerkenswert ist immer wieder das Mannschaften in der BOL niemals aufgeben und immer bis zum Schlu\u00df versuchen ein Tor zu erzielen. Ich hoffe das letzte Spiel unsrer Jungs in Erlangen war hier f\u00fcr die Zukunft eine deutliche Warnung.<\/p>\n","protected":false},"excerpt":{"rendered":"<p>27.03.2015 : Nur einen Spieltag weiter und wieder standen unsere Jungs vor der Aufgabe, nach einer tollen ersten Spielh\u00e4lfte eine eigentlich beruhigende 3:0 F\u00fchrung nur noch \u00fcber die Zeit zu spielen. Was letzte Woche gr\u00fcndlich in die Hose ging, wurde diesmal sehr konzentriert und mit der n\u00f6tigen Entschlossenheit zu Ende gebracht. Auch weil unseren Buben [&hellip;]<\/p>\n","protected":false},"author":4,"featured_media":0,"comment_status":"closed","ping_status":"closed","sticky":false,"template":"","format":"standard","meta":{"saved_in_kubio":false,"footnotes":""},"categories":[2,16,22],"tags":[],"class_list":["post-2112","post","type-post","status-publish","format-standard","hentry","category-gf","category-spielbericht","category-u19"],"yoast_head":"<!-- This site is optimized with the Yoast SEO plugin v27.4 - https:\/\/yoast.com\/product\/yoast-seo-wordpress\/ -->\n<title>JFG - TSV Neustadt\/A. 4:2  - JFG Wendelstein<\/title>\n<meta name=\"robots\" content=\"index, follow, max-snippet:-1, max-image-preview:large, max-video-preview:-1\" \/>\n<link rel=\"canonical\" href=\"https:\/\/www.jugendfussball-wendelstein.de\/wordpress\/jfg-tsv-neustadta-42\/\" \/>\n<meta property=\"og:locale\" content=\"de_DE\" \/>\n<meta property=\"og:type\" content=\"article\" \/>\n<meta property=\"og:title\" content=\"JFG - TSV Neustadt\/A. 4:2  - JFG Wendelstein\" \/>\n<meta property=\"og:description\" content=\"27.03.2015 : Nur einen Spieltag weiter und wieder standen unsere Jungs vor der Aufgabe, nach einer tollen ersten Spielh\u00e4lfte eine eigentlich beruhigende 3:0 F\u00fchrung nur noch \u00fcber die Zeit zu spielen. Was letzte Woche gr\u00fcndlich in die Hose ging, wurde diesmal sehr konzentriert und mit der n\u00f6tigen Entschlossenheit zu Ende gebracht. Auch weil unseren Buben [&hellip;]\" \/>\n<meta property=\"og:url\" content=\"https:\/\/www.jugendfussball-wendelstein.de\/wordpress\/jfg-tsv-neustadta-42\/\" \/>\n<meta property=\"og:site_name\" content=\"JFG Wendelstein\" \/>\n<meta property=\"article:published_time\" content=\"2015-03-29T09:09:40+00:00\" \/>\n<meta name=\"author\" content=\"Autor\" \/>\n<meta name=\"twitter:card\" content=\"summary_large_image\" \/>\n<meta name=\"twitter:label1\" content=\"Verfasst von\" \/>\n\t<meta name=\"twitter:data1\" content=\"Autor\" \/>\n\t<meta name=\"twitter:label2\" content=\"Gesch\u00e4tzte Lesezeit\" \/>\n\t<meta name=\"twitter:data2\" content=\"2\u00a0Minuten\" \/>\n<script type=\"application\/ld+json\" class=\"yoast-schema-graph\">{\"@context\":\"https:\\\/\\\/schema.org\",\"@graph\":[{\"@type\":\"Article\",\"@id\":\"https:\\\/\\\/www.jugendfussball-wendelstein.de\\\/wordpress\\\/jfg-tsv-neustadta-42\\\/#article\",\"isPartOf\":{\"@id\":\"https:\\\/\\\/www.jugendfussball-wendelstein.de\\\/wordpress\\\/jfg-tsv-neustadta-42\\\/\"},\"author\":{\"name\":\"Autor\",\"@id\":\"https:\\\/\\\/www.jugendfussball-wendelstein.de\\\/wordpress\\\/#\\\/schema\\\/person\\\/75aadcbd4be1b3af1c1d785397472bc9\"},\"headline\":\"JFG &#8211; TSV Neustadt\\\/A. 4:2\",\"datePublished\":\"2015-03-29T09:09:40+00:00\",\"mainEntityOfPage\":{\"@id\":\"https:\\\/\\\/www.jugendfussball-wendelstein.de\\\/wordpress\\\/jfg-tsv-neustadta-42\\\/\"},\"wordCount\":376,\"articleSection\":[\"Gro\u00dffeld\",\"Spielbericht\",\"U19\"],\"inLanguage\":\"de\"},{\"@type\":\"WebPage\",\"@id\":\"https:\\\/\\\/www.jugendfussball-wendelstein.de\\\/wordpress\\\/jfg-tsv-neustadta-42\\\/\",\"url\":\"https:\\\/\\\/www.jugendfussball-wendelstein.de\\\/wordpress\\\/jfg-tsv-neustadta-42\\\/\",\"name\":\"JFG - TSV Neustadt\\\/A. 4:2 - JFG Wendelstein\",\"isPartOf\":{\"@id\":\"https:\\\/\\\/www.jugendfussball-wendelstein.de\\\/wordpress\\\/#website\"},\"datePublished\":\"2015-03-29T09:09:40+00:00\",\"author\":{\"@id\":\"https:\\\/\\\/www.jugendfussball-wendelstein.de\\\/wordpress\\\/#\\\/schema\\\/person\\\/75aadcbd4be1b3af1c1d785397472bc9\"},\"breadcrumb\":{\"@id\":\"https:\\\/\\\/www.jugendfussball-wendelstein.de\\\/wordpress\\\/jfg-tsv-neustadta-42\\\/#breadcrumb\"},\"inLanguage\":\"de\",\"potentialAction\":[{\"@type\":\"ReadAction\",\"target\":[\"https:\\\/\\\/www.jugendfussball-wendelstein.de\\\/wordpress\\\/jfg-tsv-neustadta-42\\\/\"]}]},{\"@type\":\"BreadcrumbList\",\"@id\":\"https:\\\/\\\/www.jugendfussball-wendelstein.de\\\/wordpress\\\/jfg-tsv-neustadta-42\\\/#breadcrumb\",\"itemListElement\":[{\"@type\":\"ListItem\",\"position\":1,\"name\":\"Startseite\",\"item\":\"https:\\\/\\\/www.jugendfussball-wendelstein.de\\\/wordpress\\\/\"},{\"@type\":\"ListItem\",\"position\":2,\"name\":\"JFG &#8211; TSV Neustadt\\\/A. 4:2\"}]},{\"@type\":\"WebSite\",\"@id\":\"https:\\\/\\\/www.jugendfussball-wendelstein.de\\\/wordpress\\\/#website\",\"url\":\"https:\\\/\\\/www.jugendfussball-wendelstein.de\\\/wordpress\\\/\",\"name\":\"JFG Wendelstein\",\"description\":\"Juniorenfu\u00dfball\",\"potentialAction\":[{\"@type\":\"SearchAction\",\"target\":{\"@type\":\"EntryPoint\",\"urlTemplate\":\"https:\\\/\\\/www.jugendfussball-wendelstein.de\\\/wordpress\\\/?s={search_term_string}\"},\"query-input\":{\"@type\":\"PropertyValueSpecification\",\"valueRequired\":true,\"valueName\":\"search_term_string\"}}],\"inLanguage\":\"de\"},{\"@type\":\"Person\",\"@id\":\"https:\\\/\\\/www.jugendfussball-wendelstein.de\\\/wordpress\\\/#\\\/schema\\\/person\\\/75aadcbd4be1b3af1c1d785397472bc9\",\"name\":\"Autor\",\"image\":{\"@type\":\"ImageObject\",\"inLanguage\":\"de\",\"@id\":\"https:\\\/\\\/secure.gravatar.com\\\/avatar\\\/01dd9b7f2dc8d635302f1c57c2289838e9fe288acd1c06c8f8ad332b8e2a60c9?s=96&d=mm&r=g\",\"url\":\"https:\\\/\\\/secure.gravatar.com\\\/avatar\\\/01dd9b7f2dc8d635302f1c57c2289838e9fe288acd1c06c8f8ad332b8e2a60c9?s=96&d=mm&r=g\",\"contentUrl\":\"https:\\\/\\\/secure.gravatar.com\\\/avatar\\\/01dd9b7f2dc8d635302f1c57c2289838e9fe288acd1c06c8f8ad332b8e2a60c9?s=96&d=mm&r=g\",\"caption\":\"Autor\"},\"url\":\"https:\\\/\\\/www.jugendfussball-wendelstein.de\\\/wordpress\\\/author\\\/autor\\\/\"}]}<\/script>\n<!-- \/ Yoast SEO plugin. -->","yoast_head_json":{"title":"JFG - TSV Neustadt\/A. 4:2  - JFG Wendelstein","robots":{"index":"index","follow":"follow","max-snippet":"max-snippet:-1","max-image-preview":"max-image-preview:large","max-video-preview":"max-video-preview:-1"},"canonical":"https:\/\/www.jugendfussball-wendelstein.de\/wordpress\/jfg-tsv-neustadta-42\/","og_locale":"de_DE","og_type":"article","og_title":"JFG - TSV Neustadt\/A. 4:2  - JFG Wendelstein","og_description":"27.03.2015 : Nur einen Spieltag weiter und wieder standen unsere Jungs vor der Aufgabe, nach einer tollen ersten Spielh\u00e4lfte eine eigentlich beruhigende 3:0 F\u00fchrung nur noch \u00fcber die Zeit zu spielen. Was letzte Woche gr\u00fcndlich in die Hose ging, wurde diesmal sehr konzentriert und mit der n\u00f6tigen Entschlossenheit zu Ende gebracht. Auch weil unseren Buben [&hellip;]","og_url":"https:\/\/www.jugendfussball-wendelstein.de\/wordpress\/jfg-tsv-neustadta-42\/","og_site_name":"JFG Wendelstein","article_published_time":"2015-03-29T09:09:40+00:00","author":"Autor","twitter_card":"summary_large_image","twitter_misc":{"Verfasst von":"Autor","Gesch\u00e4tzte Lesezeit":"2\u00a0Minuten"},"schema":{"@context":"https:\/\/schema.org","@graph":[{"@type":"Article","@id":"https:\/\/www.jugendfussball-wendelstein.de\/wordpress\/jfg-tsv-neustadta-42\/#article","isPartOf":{"@id":"https:\/\/www.jugendfussball-wendelstein.de\/wordpress\/jfg-tsv-neustadta-42\/"},"author":{"name":"Autor","@id":"https:\/\/www.jugendfussball-wendelstein.de\/wordpress\/#\/schema\/person\/75aadcbd4be1b3af1c1d785397472bc9"},"headline":"JFG &#8211; TSV Neustadt\/A. 4:2","datePublished":"2015-03-29T09:09:40+00:00","mainEntityOfPage":{"@id":"https:\/\/www.jugendfussball-wendelstein.de\/wordpress\/jfg-tsv-neustadta-42\/"},"wordCount":376,"articleSection":["Gro\u00dffeld","Spielbericht","U19"],"inLanguage":"de"},{"@type":"WebPage","@id":"https:\/\/www.jugendfussball-wendelstein.de\/wordpress\/jfg-tsv-neustadta-42\/","url":"https:\/\/www.jugendfussball-wendelstein.de\/wordpress\/jfg-tsv-neustadta-42\/","name":"JFG - TSV Neustadt\/A. 4:2 - JFG Wendelstein","isPartOf":{"@id":"https:\/\/www.jugendfussball-wendelstein.de\/wordpress\/#website"},"datePublished":"2015-03-29T09:09:40+00:00","author":{"@id":"https:\/\/www.jugendfussball-wendelstein.de\/wordpress\/#\/schema\/person\/75aadcbd4be1b3af1c1d785397472bc9"},"breadcrumb":{"@id":"https:\/\/www.jugendfussball-wendelstein.de\/wordpress\/jfg-tsv-neustadta-42\/#breadcrumb"},"inLanguage":"de","potentialAction":[{"@type":"ReadAction","target":["https:\/\/www.jugendfussball-wendelstein.de\/wordpress\/jfg-tsv-neustadta-42\/"]}]},{"@type":"BreadcrumbList","@id":"https:\/\/www.jugendfussball-wendelstein.de\/wordpress\/jfg-tsv-neustadta-42\/#breadcrumb","itemListElement":[{"@type":"ListItem","position":1,"name":"Startseite","item":"https:\/\/www.jugendfussball-wendelstein.de\/wordpress\/"},{"@type":"ListItem","position":2,"name":"JFG &#8211; TSV Neustadt\/A. 4:2"}]},{"@type":"WebSite","@id":"https:\/\/www.jugendfussball-wendelstein.de\/wordpress\/#website","url":"https:\/\/www.jugendfussball-wendelstein.de\/wordpress\/","name":"JFG Wendelstein","description":"Juniorenfu\u00dfball","potentialAction":[{"@type":"SearchAction","target":{"@type":"EntryPoint","urlTemplate":"https:\/\/www.jugendfussball-wendelstein.de\/wordpress\/?s={search_term_string}"},"query-input":{"@type":"PropertyValueSpecification","valueRequired":true,"valueName":"search_term_string"}}],"inLanguage":"de"},{"@type":"Person","@id":"https:\/\/www.jugendfussball-wendelstein.de\/wordpress\/#\/schema\/person\/75aadcbd4be1b3af1c1d785397472bc9","name":"Autor","image":{"@type":"ImageObject","inLanguage":"de","@id":"https:\/\/secure.gravatar.com\/avatar\/01dd9b7f2dc8d635302f1c57c2289838e9fe288acd1c06c8f8ad332b8e2a60c9?s=96&d=mm&r=g","url":"https:\/\/secure.gravatar.com\/avatar\/01dd9b7f2dc8d635302f1c57c2289838e9fe288acd1c06c8f8ad332b8e2a60c9?s=96&d=mm&r=g","contentUrl":"https:\/\/secure.gravatar.com\/avatar\/01dd9b7f2dc8d635302f1c57c2289838e9fe288acd1c06c8f8ad332b8e2a60c9?s=96&d=mm&r=g","caption":"Autor"},"url":"https:\/\/www.jugendfussball-wendelstein.de\/wordpress\/author\/autor\/"}]}},"_links":{"self":[{"href":"https:\/\/www.jugendfussball-wendelstein.de\/wordpress\/wp-json\/wp\/v2\/posts\/2112","targetHints":{"allow":["GET"]}}],"collection":[{"href":"https:\/\/www.jugendfussball-wendelstein.de\/wordpress\/wp-json\/wp\/v2\/posts"}],"about":[{"href":"https:\/\/www.jugendfussball-wendelstein.de\/wordpress\/wp-json\/wp\/v2\/types\/post"}],"author":[{"embeddable":true,"href":"https:\/\/www.jugendfussball-wendelstein.de\/wordpress\/wp-json\/wp\/v2\/users\/4"}],"replies":[{"embeddable":true,"href":"https:\/\/www.jugendfussball-wendelstein.de\/wordpress\/wp-json\/wp\/v2\/comments?post=2112"}],"version-history":[{"count":0,"href":"https:\/\/www.jugendfussball-wendelstein.de\/wordpress\/wp-json\/wp\/v2\/posts\/2112\/revisions"}],"wp:attachment":[{"href":"https:\/\/www.jugendfussball-wendelstein.de\/wordpress\/wp-json\/wp\/v2\/media?parent=2112"}],"wp:term":[{"taxonomy":"category","embeddable":true,"href":"https:\/\/www.jugendfussball-wendelstein.de\/wordpress\/wp-json\/wp\/v2\/categories?post=2112"},{"taxonomy":"post_tag","embeddable":true,"href":"https:\/\/www.jugendfussball-wendelstein.de\/wordpress\/wp-json\/wp\/v2\/tags?post=2112"}],"curies":[{"name":"wp","href":"https:\/\/api.w.org\/{rel}","templated":true}]}}