{"id":2118,"date":"2015-03-29T11:17:44","date_gmt":"2015-03-29T09:17:44","guid":{"rendered":"http:\/\/www.jugendfussball-wendelstein.de\/wordpress\/?p=2118"},"modified":"2015-03-29T11:17:44","modified_gmt":"2015-03-29T09:17:44","slug":"spvgg-moegeldorf-jfg-12","status":"publish","type":"post","link":"https:\/\/www.jugendfussball-wendelstein.de\/wordpress\/spvgg-moegeldorf-jfg-12\/","title":{"rendered":"SpVgg M\u00f6geldorf &#8211; JFG  1:2"},"content":{"rendered":"<p>28.03.2015 : Obwohl im BFV Rahmenterminkalender als Spielort ein Rasenplatz auf der M\u00f6geldorfer Sportanlage angek\u00fcndigt war, mussten beide Teams auf dem Hockeyfeld spielen. Einige unserer Jungs hatten Hallenschuhe in der Tasche, die sich auf diesem kurzflorigen, stumpfen Kunststoffgel\u00e4uf als beste Wahl erwiesen. Wie gef\u00e4hrlich dieser Sportplatz ist, musste leider zum tiefen Bedauern aller Beteiligten ein M\u00f6geldorfer Spieler in der 56. Spielminute erfahren. Aufgrund des praktisch nicht vorhandenen Auslaufes nach den Tor- und Seitenauslinien st\u00fcrzte der M\u00f6geldorfer Abwehrspieler nach einem Zweikampf im Vollsprint ungebremst in die 80cm (!!!) neben der Seitenauslinie befindliche Absperrung mit Betonsockel. Der Spieler verletzte sich derart schwer, da\u00df aufgrund seiner nicht mehr vorhandenen Transportf\u00e4higkeit der Notarzt zur Hilfe geholt wurde. Nach einer 30 min\u00fctigen Spielunterbrechung wurde das Spiel dann fortgesetzt. Beide Teams zeigten bei bestem Fussballwetter den Platzverh\u00e4ltnissen angepasste Fussball-Magerkost. Das probate Mittel waren beiderseits lange B\u00e4lle in die Spitze, um Torgefahr zu erzwingen. Obwohl Wendelstein etwas mehr vom Spiel hatte, gingen die Gastgeber nach einem Stellungsfehler fr\u00fch in F\u00fchrung. Kurz darauf glich Wendelstein nach einer un\u00fcbersichtlichen Spielsituation aus: M\u00f6geldorf reklamierte die vorzeitige Spielunterbrechung durch den Schiedsrichter &#8211; Wendelstein wertete den Pfiff als Foulelfmeter. Der Schiedrichter entschied sich jedoch, den Treffer zu geben. In der zweiten Halbzeit entwickelte die JFG mehr Druck und kam auch zu einigen guten Gelegenheiten, die jedoch nur mit einem weiteren Tor belohnt wurden. In der hektischen Endphase des Spiels warf die SpVgg noch mal alles nach vorne und wurde fast belohnt. Nach einem kapitalen Abwehrschnitzer zielte der M\u00f6geldorfer Angreifer jedoch neben das Tor. Insgesamt erzwang unser dezimiertes U15 Team einen zum Schluss etwas gl\u00fccklichen, aber insgesamt verdienten Arbeitssieg. Wir w\u00fcnschen dem M\u00f6geldorfer Spieler an dieser Stelle gute Besserung und eine schnelle Genesung.<\/p>\n","protected":false},"excerpt":{"rendered":"<p>28.03.2015 : Obwohl im BFV Rahmenterminkalender als Spielort ein Rasenplatz auf der M\u00f6geldorfer Sportanlage angek\u00fcndigt war, mussten beide Teams auf dem Hockeyfeld spielen. Einige unserer Jungs hatten Hallenschuhe in der Tasche, die sich auf diesem kurzflorigen, stumpfen Kunststoffgel\u00e4uf als beste Wahl erwiesen. Wie gef\u00e4hrlich dieser Sportplatz ist, musste leider zum tiefen Bedauern aller Beteiligten ein [&hellip;]<\/p>\n","protected":false},"author":4,"featured_media":0,"comment_status":"closed","ping_status":"closed","sticky":false,"template":"","format":"standard","meta":{"saved_in_kubio":false,"footnotes":""},"categories":[2,16,17],"tags":[],"class_list":["post-2118","post","type-post","status-publish","format-standard","hentry","category-gf","category-spielbericht","category-u15"],"yoast_head":"<!-- This site is optimized with the Yoast SEO plugin v27.4 - https:\/\/yoast.com\/product\/yoast-seo-wordpress\/ -->\n<title>SpVgg M\u00f6geldorf - JFG 1:2 - JFG Wendelstein<\/title>\n<meta name=\"robots\" content=\"index, follow, max-snippet:-1, max-image-preview:large, max-video-preview:-1\" \/>\n<link rel=\"canonical\" href=\"https:\/\/www.jugendfussball-wendelstein.de\/wordpress\/spvgg-moegeldorf-jfg-12\/\" \/>\n<meta property=\"og:locale\" content=\"de_DE\" \/>\n<meta property=\"og:type\" content=\"article\" \/>\n<meta property=\"og:title\" content=\"SpVgg M\u00f6geldorf - JFG 1:2 - JFG Wendelstein\" \/>\n<meta property=\"og:description\" content=\"28.03.2015 : Obwohl im BFV Rahmenterminkalender als Spielort ein Rasenplatz auf der M\u00f6geldorfer Sportanlage angek\u00fcndigt war, mussten beide Teams auf dem Hockeyfeld spielen. Einige unserer Jungs hatten Hallenschuhe in der Tasche, die sich auf diesem kurzflorigen, stumpfen Kunststoffgel\u00e4uf als beste Wahl erwiesen. Wie gef\u00e4hrlich dieser Sportplatz ist, musste leider zum tiefen Bedauern aller Beteiligten ein [&hellip;]\" \/>\n<meta property=\"og:url\" content=\"https:\/\/www.jugendfussball-wendelstein.de\/wordpress\/spvgg-moegeldorf-jfg-12\/\" \/>\n<meta property=\"og:site_name\" content=\"JFG Wendelstein\" \/>\n<meta property=\"article:published_time\" content=\"2015-03-29T09:17:44+00:00\" \/>\n<meta name=\"author\" content=\"Autor\" \/>\n<meta name=\"twitter:card\" content=\"summary_large_image\" \/>\n<meta name=\"twitter:label1\" content=\"Verfasst von\" \/>\n\t<meta name=\"twitter:data1\" content=\"Autor\" \/>\n\t<meta name=\"twitter:label2\" content=\"Gesch\u00e4tzte Lesezeit\" \/>\n\t<meta name=\"twitter:data2\" content=\"1\u00a0Minute\" \/>\n<script type=\"application\/ld+json\" class=\"yoast-schema-graph\">{\"@context\":\"https:\\\/\\\/schema.org\",\"@graph\":[{\"@type\":\"Article\",\"@id\":\"https:\\\/\\\/www.jugendfussball-wendelstein.de\\\/wordpress\\\/spvgg-moegeldorf-jfg-12\\\/#article\",\"isPartOf\":{\"@id\":\"https:\\\/\\\/www.jugendfussball-wendelstein.de\\\/wordpress\\\/spvgg-moegeldorf-jfg-12\\\/\"},\"author\":{\"name\":\"Autor\",\"@id\":\"https:\\\/\\\/www.jugendfussball-wendelstein.de\\\/wordpress\\\/#\\\/schema\\\/person\\\/75aadcbd4be1b3af1c1d785397472bc9\"},\"headline\":\"SpVgg M\u00f6geldorf &#8211; JFG 1:2\",\"datePublished\":\"2015-03-29T09:17:44+00:00\",\"mainEntityOfPage\":{\"@id\":\"https:\\\/\\\/www.jugendfussball-wendelstein.de\\\/wordpress\\\/spvgg-moegeldorf-jfg-12\\\/\"},\"wordCount\":299,\"articleSection\":[\"Gro\u00dffeld\",\"Spielbericht\",\"U15\"],\"inLanguage\":\"de\"},{\"@type\":\"WebPage\",\"@id\":\"https:\\\/\\\/www.jugendfussball-wendelstein.de\\\/wordpress\\\/spvgg-moegeldorf-jfg-12\\\/\",\"url\":\"https:\\\/\\\/www.jugendfussball-wendelstein.de\\\/wordpress\\\/spvgg-moegeldorf-jfg-12\\\/\",\"name\":\"SpVgg M\u00f6geldorf - JFG 1:2 - JFG Wendelstein\",\"isPartOf\":{\"@id\":\"https:\\\/\\\/www.jugendfussball-wendelstein.de\\\/wordpress\\\/#website\"},\"datePublished\":\"2015-03-29T09:17:44+00:00\",\"author\":{\"@id\":\"https:\\\/\\\/www.jugendfussball-wendelstein.de\\\/wordpress\\\/#\\\/schema\\\/person\\\/75aadcbd4be1b3af1c1d785397472bc9\"},\"breadcrumb\":{\"@id\":\"https:\\\/\\\/www.jugendfussball-wendelstein.de\\\/wordpress\\\/spvgg-moegeldorf-jfg-12\\\/#breadcrumb\"},\"inLanguage\":\"de\",\"potentialAction\":[{\"@type\":\"ReadAction\",\"target\":[\"https:\\\/\\\/www.jugendfussball-wendelstein.de\\\/wordpress\\\/spvgg-moegeldorf-jfg-12\\\/\"]}]},{\"@type\":\"BreadcrumbList\",\"@id\":\"https:\\\/\\\/www.jugendfussball-wendelstein.de\\\/wordpress\\\/spvgg-moegeldorf-jfg-12\\\/#breadcrumb\",\"itemListElement\":[{\"@type\":\"ListItem\",\"position\":1,\"name\":\"Startseite\",\"item\":\"https:\\\/\\\/www.jugendfussball-wendelstein.de\\\/wordpress\\\/\"},{\"@type\":\"ListItem\",\"position\":2,\"name\":\"SpVgg M\u00f6geldorf &#8211; JFG 1:2\"}]},{\"@type\":\"WebSite\",\"@id\":\"https:\\\/\\\/www.jugendfussball-wendelstein.de\\\/wordpress\\\/#website\",\"url\":\"https:\\\/\\\/www.jugendfussball-wendelstein.de\\\/wordpress\\\/\",\"name\":\"JFG Wendelstein\",\"description\":\"Juniorenfu\u00dfball\",\"potentialAction\":[{\"@type\":\"SearchAction\",\"target\":{\"@type\":\"EntryPoint\",\"urlTemplate\":\"https:\\\/\\\/www.jugendfussball-wendelstein.de\\\/wordpress\\\/?s={search_term_string}\"},\"query-input\":{\"@type\":\"PropertyValueSpecification\",\"valueRequired\":true,\"valueName\":\"search_term_string\"}}],\"inLanguage\":\"de\"},{\"@type\":\"Person\",\"@id\":\"https:\\\/\\\/www.jugendfussball-wendelstein.de\\\/wordpress\\\/#\\\/schema\\\/person\\\/75aadcbd4be1b3af1c1d785397472bc9\",\"name\":\"Autor\",\"image\":{\"@type\":\"ImageObject\",\"inLanguage\":\"de\",\"@id\":\"https:\\\/\\\/secure.gravatar.com\\\/avatar\\\/01dd9b7f2dc8d635302f1c57c2289838e9fe288acd1c06c8f8ad332b8e2a60c9?s=96&d=mm&r=g\",\"url\":\"https:\\\/\\\/secure.gravatar.com\\\/avatar\\\/01dd9b7f2dc8d635302f1c57c2289838e9fe288acd1c06c8f8ad332b8e2a60c9?s=96&d=mm&r=g\",\"contentUrl\":\"https:\\\/\\\/secure.gravatar.com\\\/avatar\\\/01dd9b7f2dc8d635302f1c57c2289838e9fe288acd1c06c8f8ad332b8e2a60c9?s=96&d=mm&r=g\",\"caption\":\"Autor\"},\"url\":\"https:\\\/\\\/www.jugendfussball-wendelstein.de\\\/wordpress\\\/author\\\/autor\\\/\"}]}<\/script>\n<!-- \/ Yoast SEO plugin. -->","yoast_head_json":{"title":"SpVgg M\u00f6geldorf - JFG 1:2 - JFG Wendelstein","robots":{"index":"index","follow":"follow","max-snippet":"max-snippet:-1","max-image-preview":"max-image-preview:large","max-video-preview":"max-video-preview:-1"},"canonical":"https:\/\/www.jugendfussball-wendelstein.de\/wordpress\/spvgg-moegeldorf-jfg-12\/","og_locale":"de_DE","og_type":"article","og_title":"SpVgg M\u00f6geldorf - JFG 1:2 - JFG Wendelstein","og_description":"28.03.2015 : Obwohl im BFV Rahmenterminkalender als Spielort ein Rasenplatz auf der M\u00f6geldorfer Sportanlage angek\u00fcndigt war, mussten beide Teams auf dem Hockeyfeld spielen. Einige unserer Jungs hatten Hallenschuhe in der Tasche, die sich auf diesem kurzflorigen, stumpfen Kunststoffgel\u00e4uf als beste Wahl erwiesen. Wie gef\u00e4hrlich dieser Sportplatz ist, musste leider zum tiefen Bedauern aller Beteiligten ein [&hellip;]","og_url":"https:\/\/www.jugendfussball-wendelstein.de\/wordpress\/spvgg-moegeldorf-jfg-12\/","og_site_name":"JFG Wendelstein","article_published_time":"2015-03-29T09:17:44+00:00","author":"Autor","twitter_card":"summary_large_image","twitter_misc":{"Verfasst von":"Autor","Gesch\u00e4tzte Lesezeit":"1\u00a0Minute"},"schema":{"@context":"https:\/\/schema.org","@graph":[{"@type":"Article","@id":"https:\/\/www.jugendfussball-wendelstein.de\/wordpress\/spvgg-moegeldorf-jfg-12\/#article","isPartOf":{"@id":"https:\/\/www.jugendfussball-wendelstein.de\/wordpress\/spvgg-moegeldorf-jfg-12\/"},"author":{"name":"Autor","@id":"https:\/\/www.jugendfussball-wendelstein.de\/wordpress\/#\/schema\/person\/75aadcbd4be1b3af1c1d785397472bc9"},"headline":"SpVgg M\u00f6geldorf &#8211; JFG 1:2","datePublished":"2015-03-29T09:17:44+00:00","mainEntityOfPage":{"@id":"https:\/\/www.jugendfussball-wendelstein.de\/wordpress\/spvgg-moegeldorf-jfg-12\/"},"wordCount":299,"articleSection":["Gro\u00dffeld","Spielbericht","U15"],"inLanguage":"de"},{"@type":"WebPage","@id":"https:\/\/www.jugendfussball-wendelstein.de\/wordpress\/spvgg-moegeldorf-jfg-12\/","url":"https:\/\/www.jugendfussball-wendelstein.de\/wordpress\/spvgg-moegeldorf-jfg-12\/","name":"SpVgg M\u00f6geldorf - JFG 1:2 - JFG Wendelstein","isPartOf":{"@id":"https:\/\/www.jugendfussball-wendelstein.de\/wordpress\/#website"},"datePublished":"2015-03-29T09:17:44+00:00","author":{"@id":"https:\/\/www.jugendfussball-wendelstein.de\/wordpress\/#\/schema\/person\/75aadcbd4be1b3af1c1d785397472bc9"},"breadcrumb":{"@id":"https:\/\/www.jugendfussball-wendelstein.de\/wordpress\/spvgg-moegeldorf-jfg-12\/#breadcrumb"},"inLanguage":"de","potentialAction":[{"@type":"ReadAction","target":["https:\/\/www.jugendfussball-wendelstein.de\/wordpress\/spvgg-moegeldorf-jfg-12\/"]}]},{"@type":"BreadcrumbList","@id":"https:\/\/www.jugendfussball-wendelstein.de\/wordpress\/spvgg-moegeldorf-jfg-12\/#breadcrumb","itemListElement":[{"@type":"ListItem","position":1,"name":"Startseite","item":"https:\/\/www.jugendfussball-wendelstein.de\/wordpress\/"},{"@type":"ListItem","position":2,"name":"SpVgg M\u00f6geldorf &#8211; JFG 1:2"}]},{"@type":"WebSite","@id":"https:\/\/www.jugendfussball-wendelstein.de\/wordpress\/#website","url":"https:\/\/www.jugendfussball-wendelstein.de\/wordpress\/","name":"JFG Wendelstein","description":"Juniorenfu\u00dfball","potentialAction":[{"@type":"SearchAction","target":{"@type":"EntryPoint","urlTemplate":"https:\/\/www.jugendfussball-wendelstein.de\/wordpress\/?s={search_term_string}"},"query-input":{"@type":"PropertyValueSpecification","valueRequired":true,"valueName":"search_term_string"}}],"inLanguage":"de"},{"@type":"Person","@id":"https:\/\/www.jugendfussball-wendelstein.de\/wordpress\/#\/schema\/person\/75aadcbd4be1b3af1c1d785397472bc9","name":"Autor","image":{"@type":"ImageObject","inLanguage":"de","@id":"https:\/\/secure.gravatar.com\/avatar\/01dd9b7f2dc8d635302f1c57c2289838e9fe288acd1c06c8f8ad332b8e2a60c9?s=96&d=mm&r=g","url":"https:\/\/secure.gravatar.com\/avatar\/01dd9b7f2dc8d635302f1c57c2289838e9fe288acd1c06c8f8ad332b8e2a60c9?s=96&d=mm&r=g","contentUrl":"https:\/\/secure.gravatar.com\/avatar\/01dd9b7f2dc8d635302f1c57c2289838e9fe288acd1c06c8f8ad332b8e2a60c9?s=96&d=mm&r=g","caption":"Autor"},"url":"https:\/\/www.jugendfussball-wendelstein.de\/wordpress\/author\/autor\/"}]}},"_links":{"self":[{"href":"https:\/\/www.jugendfussball-wendelstein.de\/wordpress\/wp-json\/wp\/v2\/posts\/2118","targetHints":{"allow":["GET"]}}],"collection":[{"href":"https:\/\/www.jugendfussball-wendelstein.de\/wordpress\/wp-json\/wp\/v2\/posts"}],"about":[{"href":"https:\/\/www.jugendfussball-wendelstein.de\/wordpress\/wp-json\/wp\/v2\/types\/post"}],"author":[{"embeddable":true,"href":"https:\/\/www.jugendfussball-wendelstein.de\/wordpress\/wp-json\/wp\/v2\/users\/4"}],"replies":[{"embeddable":true,"href":"https:\/\/www.jugendfussball-wendelstein.de\/wordpress\/wp-json\/wp\/v2\/comments?post=2118"}],"version-history":[{"count":0,"href":"https:\/\/www.jugendfussball-wendelstein.de\/wordpress\/wp-json\/wp\/v2\/posts\/2118\/revisions"}],"wp:attachment":[{"href":"https:\/\/www.jugendfussball-wendelstein.de\/wordpress\/wp-json\/wp\/v2\/media?parent=2118"}],"wp:term":[{"taxonomy":"category","embeddable":true,"href":"https:\/\/www.jugendfussball-wendelstein.de\/wordpress\/wp-json\/wp\/v2\/categories?post=2118"},{"taxonomy":"post_tag","embeddable":true,"href":"https:\/\/www.jugendfussball-wendelstein.de\/wordpress\/wp-json\/wp\/v2\/tags?post=2118"}],"curies":[{"name":"wp","href":"https:\/\/api.w.org\/{rel}","templated":true}]}}