{"id":2201,"date":"2015-04-22T21:03:36","date_gmt":"2015-04-22T19:03:36","guid":{"rendered":"http:\/\/www.jugendfussball-wendelstein.de\/wordpress\/?p=2201"},"modified":"2015-04-22T21:03:36","modified_gmt":"2015-04-22T19:03:36","slug":"jfg-jfg-rothsee-sued-03","status":"publish","type":"post","link":"https:\/\/www.jugendfussball-wendelstein.de\/wordpress\/jfg-jfg-rothsee-sued-03\/","title":{"rendered":"JFG &#8211; JFG Rothsee S\u00fcd   0:3"},"content":{"rendered":"<p>18.04.2015\u00a0 : Heimniederlage der 03er gegen die JFG Rothsee S\u00fcd<br \/>\nAm zweiten Spieltag der R\u00fcckrunde stand das erwartet schwer Heimspiel gegen die D1 Kicker der JFG Rothsee S\u00fcd auf dem Plan. Der Tabellenf\u00fchrer war dementsprechend selbstbewusst.<\/p>\n<p>Die erste Halbzeit begannen die Blues mit viel Ehrgeiz und Mut. Munter wurde das Tor des Gegners ins Visier genommen. Mit sch\u00f6nen Kombinationen n\u00e4herten die 03er sich dem F\u00fchrungstreffer. In den bis dahin sch\u00f6nen Fu\u00dfball brach wie aus heiterem Himmel der F\u00fchrungstreffer des Gastes. Eine Unachtsamkeit \u00fcber unsere rechte Seite nutzte, der alleine auf den Keeper zulaufende St\u00fcrmer, eiskalt.<br \/>\nMit diesem R\u00fcckstand ging es in die Pause. Viel Anlass zur Kritik gab es f\u00fcr die Trainer nicht.<\/p>\n<p>Die zweiten 30 Minuten begannen wie die Ersten geendet hatten. Viel Druck der 03er auf des Gegners Tor ohne dabei richtig torgef\u00e4hrlich zu sein. Bezeichnend hierf\u00fcr ist, dass die beste Einschussm\u00f6glichkeit ein Abwehrspieler hatte.<br \/>\nWiederum mit der ersten Chance viel das 0:2.<br \/>\nDie Umstellung auf einen zus\u00e4tzlichen St\u00fcrmer kam zu sp\u00e4t. Hierdurch ergaben sich nat\u00fcrlich R\u00e4ume f\u00fcr die Spieler der JFG Rothsee S\u00fcd da wir unbedingt den Anschlusstreffer erzielen wollten. Dem offenen Schlagabtausch folgte nicht wie gew\u00fcnscht ein Tor der Blues sondern der 0:3 Endstand.<\/p>\n<p>In der H\u00f6he eine unverdiente Niederlage jedoch wer nicht auf das Tor schie\u00dft kann auch nicht gewinnen!!<\/p>\n","protected":false},"excerpt":{"rendered":"<p>18.04.2015\u00a0 : Heimniederlage der 03er gegen die JFG Rothsee S\u00fcd Am zweiten Spieltag der R\u00fcckrunde stand das erwartet schwer Heimspiel gegen die D1 Kicker der JFG Rothsee S\u00fcd auf dem Plan. Der Tabellenf\u00fchrer war dementsprechend selbstbewusst. Die erste Halbzeit begannen die Blues mit viel Ehrgeiz und Mut. Munter wurde das Tor des Gegners ins Visier [&hellip;]<\/p>\n","protected":false},"author":4,"featured_media":0,"comment_status":"closed","ping_status":"closed","sticky":false,"template":"","format":"standard","meta":{"saved_in_kubio":false,"footnotes":""},"categories":[2,16,9],"tags":[],"class_list":["post-2201","post","type-post","status-publish","format-standard","hentry","category-gf","category-spielbericht","category-u12"],"yoast_head":"<!-- This site is optimized with the Yoast SEO plugin v27.4 - https:\/\/yoast.com\/product\/yoast-seo-wordpress\/ -->\n<title>JFG - JFG Rothsee S\u00fcd  0:3 - JFG Wendelstein<\/title>\n<meta name=\"robots\" content=\"index, follow, max-snippet:-1, max-image-preview:large, max-video-preview:-1\" \/>\n<link rel=\"canonical\" href=\"https:\/\/www.jugendfussball-wendelstein.de\/wordpress\/jfg-jfg-rothsee-sued-03\/\" \/>\n<meta property=\"og:locale\" content=\"de_DE\" \/>\n<meta property=\"og:type\" content=\"article\" \/>\n<meta property=\"og:title\" content=\"JFG - JFG Rothsee S\u00fcd  0:3 - JFG Wendelstein\" \/>\n<meta property=\"og:description\" content=\"18.04.2015\u00a0 : Heimniederlage der 03er gegen die JFG Rothsee S\u00fcd Am zweiten Spieltag der R\u00fcckrunde stand das erwartet schwer Heimspiel gegen die D1 Kicker der JFG Rothsee S\u00fcd auf dem Plan. Der Tabellenf\u00fchrer war dementsprechend selbstbewusst. Die erste Halbzeit begannen die Blues mit viel Ehrgeiz und Mut. Munter wurde das Tor des Gegners ins Visier [&hellip;]\" \/>\n<meta property=\"og:url\" content=\"https:\/\/www.jugendfussball-wendelstein.de\/wordpress\/jfg-jfg-rothsee-sued-03\/\" \/>\n<meta property=\"og:site_name\" content=\"JFG Wendelstein\" \/>\n<meta property=\"article:published_time\" content=\"2015-04-22T19:03:36+00:00\" \/>\n<meta name=\"author\" content=\"Autor\" \/>\n<meta name=\"twitter:card\" content=\"summary_large_image\" \/>\n<meta name=\"twitter:label1\" content=\"Verfasst von\" \/>\n\t<meta name=\"twitter:data1\" content=\"Autor\" \/>\n\t<meta name=\"twitter:label2\" content=\"Gesch\u00e4tzte Lesezeit\" \/>\n\t<meta name=\"twitter:data2\" content=\"1\u00a0Minute\" \/>\n<script type=\"application\/ld+json\" class=\"yoast-schema-graph\">{\"@context\":\"https:\\\/\\\/schema.org\",\"@graph\":[{\"@type\":\"Article\",\"@id\":\"https:\\\/\\\/www.jugendfussball-wendelstein.de\\\/wordpress\\\/jfg-jfg-rothsee-sued-03\\\/#article\",\"isPartOf\":{\"@id\":\"https:\\\/\\\/www.jugendfussball-wendelstein.de\\\/wordpress\\\/jfg-jfg-rothsee-sued-03\\\/\"},\"author\":{\"name\":\"Autor\",\"@id\":\"https:\\\/\\\/www.jugendfussball-wendelstein.de\\\/wordpress\\\/#\\\/schema\\\/person\\\/75aadcbd4be1b3af1c1d785397472bc9\"},\"headline\":\"JFG &#8211; JFG Rothsee S\u00fcd 0:3\",\"datePublished\":\"2015-04-22T19:03:36+00:00\",\"mainEntityOfPage\":{\"@id\":\"https:\\\/\\\/www.jugendfussball-wendelstein.de\\\/wordpress\\\/jfg-jfg-rothsee-sued-03\\\/\"},\"wordCount\":242,\"articleSection\":[\"Gro\u00dffeld\",\"Spielbericht\",\"U12\"],\"inLanguage\":\"de\"},{\"@type\":\"WebPage\",\"@id\":\"https:\\\/\\\/www.jugendfussball-wendelstein.de\\\/wordpress\\\/jfg-jfg-rothsee-sued-03\\\/\",\"url\":\"https:\\\/\\\/www.jugendfussball-wendelstein.de\\\/wordpress\\\/jfg-jfg-rothsee-sued-03\\\/\",\"name\":\"JFG - JFG Rothsee S\u00fcd 0:3 - JFG Wendelstein\",\"isPartOf\":{\"@id\":\"https:\\\/\\\/www.jugendfussball-wendelstein.de\\\/wordpress\\\/#website\"},\"datePublished\":\"2015-04-22T19:03:36+00:00\",\"author\":{\"@id\":\"https:\\\/\\\/www.jugendfussball-wendelstein.de\\\/wordpress\\\/#\\\/schema\\\/person\\\/75aadcbd4be1b3af1c1d785397472bc9\"},\"breadcrumb\":{\"@id\":\"https:\\\/\\\/www.jugendfussball-wendelstein.de\\\/wordpress\\\/jfg-jfg-rothsee-sued-03\\\/#breadcrumb\"},\"inLanguage\":\"de\",\"potentialAction\":[{\"@type\":\"ReadAction\",\"target\":[\"https:\\\/\\\/www.jugendfussball-wendelstein.de\\\/wordpress\\\/jfg-jfg-rothsee-sued-03\\\/\"]}]},{\"@type\":\"BreadcrumbList\",\"@id\":\"https:\\\/\\\/www.jugendfussball-wendelstein.de\\\/wordpress\\\/jfg-jfg-rothsee-sued-03\\\/#breadcrumb\",\"itemListElement\":[{\"@type\":\"ListItem\",\"position\":1,\"name\":\"Startseite\",\"item\":\"https:\\\/\\\/www.jugendfussball-wendelstein.de\\\/wordpress\\\/\"},{\"@type\":\"ListItem\",\"position\":2,\"name\":\"JFG &#8211; JFG Rothsee S\u00fcd 0:3\"}]},{\"@type\":\"WebSite\",\"@id\":\"https:\\\/\\\/www.jugendfussball-wendelstein.de\\\/wordpress\\\/#website\",\"url\":\"https:\\\/\\\/www.jugendfussball-wendelstein.de\\\/wordpress\\\/\",\"name\":\"JFG Wendelstein\",\"description\":\"Juniorenfu\u00dfball\",\"potentialAction\":[{\"@type\":\"SearchAction\",\"target\":{\"@type\":\"EntryPoint\",\"urlTemplate\":\"https:\\\/\\\/www.jugendfussball-wendelstein.de\\\/wordpress\\\/?s={search_term_string}\"},\"query-input\":{\"@type\":\"PropertyValueSpecification\",\"valueRequired\":true,\"valueName\":\"search_term_string\"}}],\"inLanguage\":\"de\"},{\"@type\":\"Person\",\"@id\":\"https:\\\/\\\/www.jugendfussball-wendelstein.de\\\/wordpress\\\/#\\\/schema\\\/person\\\/75aadcbd4be1b3af1c1d785397472bc9\",\"name\":\"Autor\",\"image\":{\"@type\":\"ImageObject\",\"inLanguage\":\"de\",\"@id\":\"https:\\\/\\\/secure.gravatar.com\\\/avatar\\\/01dd9b7f2dc8d635302f1c57c2289838e9fe288acd1c06c8f8ad332b8e2a60c9?s=96&d=mm&r=g\",\"url\":\"https:\\\/\\\/secure.gravatar.com\\\/avatar\\\/01dd9b7f2dc8d635302f1c57c2289838e9fe288acd1c06c8f8ad332b8e2a60c9?s=96&d=mm&r=g\",\"contentUrl\":\"https:\\\/\\\/secure.gravatar.com\\\/avatar\\\/01dd9b7f2dc8d635302f1c57c2289838e9fe288acd1c06c8f8ad332b8e2a60c9?s=96&d=mm&r=g\",\"caption\":\"Autor\"},\"url\":\"https:\\\/\\\/www.jugendfussball-wendelstein.de\\\/wordpress\\\/author\\\/autor\\\/\"}]}<\/script>\n<!-- \/ Yoast SEO plugin. -->","yoast_head_json":{"title":"JFG - JFG Rothsee S\u00fcd  0:3 - JFG Wendelstein","robots":{"index":"index","follow":"follow","max-snippet":"max-snippet:-1","max-image-preview":"max-image-preview:large","max-video-preview":"max-video-preview:-1"},"canonical":"https:\/\/www.jugendfussball-wendelstein.de\/wordpress\/jfg-jfg-rothsee-sued-03\/","og_locale":"de_DE","og_type":"article","og_title":"JFG - JFG Rothsee S\u00fcd  0:3 - JFG Wendelstein","og_description":"18.04.2015\u00a0 : Heimniederlage der 03er gegen die JFG Rothsee S\u00fcd Am zweiten Spieltag der R\u00fcckrunde stand das erwartet schwer Heimspiel gegen die D1 Kicker der JFG Rothsee S\u00fcd auf dem Plan. Der Tabellenf\u00fchrer war dementsprechend selbstbewusst. Die erste Halbzeit begannen die Blues mit viel Ehrgeiz und Mut. Munter wurde das Tor des Gegners ins Visier [&hellip;]","og_url":"https:\/\/www.jugendfussball-wendelstein.de\/wordpress\/jfg-jfg-rothsee-sued-03\/","og_site_name":"JFG Wendelstein","article_published_time":"2015-04-22T19:03:36+00:00","author":"Autor","twitter_card":"summary_large_image","twitter_misc":{"Verfasst von":"Autor","Gesch\u00e4tzte Lesezeit":"1\u00a0Minute"},"schema":{"@context":"https:\/\/schema.org","@graph":[{"@type":"Article","@id":"https:\/\/www.jugendfussball-wendelstein.de\/wordpress\/jfg-jfg-rothsee-sued-03\/#article","isPartOf":{"@id":"https:\/\/www.jugendfussball-wendelstein.de\/wordpress\/jfg-jfg-rothsee-sued-03\/"},"author":{"name":"Autor","@id":"https:\/\/www.jugendfussball-wendelstein.de\/wordpress\/#\/schema\/person\/75aadcbd4be1b3af1c1d785397472bc9"},"headline":"JFG &#8211; JFG Rothsee S\u00fcd 0:3","datePublished":"2015-04-22T19:03:36+00:00","mainEntityOfPage":{"@id":"https:\/\/www.jugendfussball-wendelstein.de\/wordpress\/jfg-jfg-rothsee-sued-03\/"},"wordCount":242,"articleSection":["Gro\u00dffeld","Spielbericht","U12"],"inLanguage":"de"},{"@type":"WebPage","@id":"https:\/\/www.jugendfussball-wendelstein.de\/wordpress\/jfg-jfg-rothsee-sued-03\/","url":"https:\/\/www.jugendfussball-wendelstein.de\/wordpress\/jfg-jfg-rothsee-sued-03\/","name":"JFG - JFG Rothsee S\u00fcd 0:3 - JFG Wendelstein","isPartOf":{"@id":"https:\/\/www.jugendfussball-wendelstein.de\/wordpress\/#website"},"datePublished":"2015-04-22T19:03:36+00:00","author":{"@id":"https:\/\/www.jugendfussball-wendelstein.de\/wordpress\/#\/schema\/person\/75aadcbd4be1b3af1c1d785397472bc9"},"breadcrumb":{"@id":"https:\/\/www.jugendfussball-wendelstein.de\/wordpress\/jfg-jfg-rothsee-sued-03\/#breadcrumb"},"inLanguage":"de","potentialAction":[{"@type":"ReadAction","target":["https:\/\/www.jugendfussball-wendelstein.de\/wordpress\/jfg-jfg-rothsee-sued-03\/"]}]},{"@type":"BreadcrumbList","@id":"https:\/\/www.jugendfussball-wendelstein.de\/wordpress\/jfg-jfg-rothsee-sued-03\/#breadcrumb","itemListElement":[{"@type":"ListItem","position":1,"name":"Startseite","item":"https:\/\/www.jugendfussball-wendelstein.de\/wordpress\/"},{"@type":"ListItem","position":2,"name":"JFG &#8211; JFG Rothsee S\u00fcd 0:3"}]},{"@type":"WebSite","@id":"https:\/\/www.jugendfussball-wendelstein.de\/wordpress\/#website","url":"https:\/\/www.jugendfussball-wendelstein.de\/wordpress\/","name":"JFG Wendelstein","description":"Juniorenfu\u00dfball","potentialAction":[{"@type":"SearchAction","target":{"@type":"EntryPoint","urlTemplate":"https:\/\/www.jugendfussball-wendelstein.de\/wordpress\/?s={search_term_string}"},"query-input":{"@type":"PropertyValueSpecification","valueRequired":true,"valueName":"search_term_string"}}],"inLanguage":"de"},{"@type":"Person","@id":"https:\/\/www.jugendfussball-wendelstein.de\/wordpress\/#\/schema\/person\/75aadcbd4be1b3af1c1d785397472bc9","name":"Autor","image":{"@type":"ImageObject","inLanguage":"de","@id":"https:\/\/secure.gravatar.com\/avatar\/01dd9b7f2dc8d635302f1c57c2289838e9fe288acd1c06c8f8ad332b8e2a60c9?s=96&d=mm&r=g","url":"https:\/\/secure.gravatar.com\/avatar\/01dd9b7f2dc8d635302f1c57c2289838e9fe288acd1c06c8f8ad332b8e2a60c9?s=96&d=mm&r=g","contentUrl":"https:\/\/secure.gravatar.com\/avatar\/01dd9b7f2dc8d635302f1c57c2289838e9fe288acd1c06c8f8ad332b8e2a60c9?s=96&d=mm&r=g","caption":"Autor"},"url":"https:\/\/www.jugendfussball-wendelstein.de\/wordpress\/author\/autor\/"}]}},"_links":{"self":[{"href":"https:\/\/www.jugendfussball-wendelstein.de\/wordpress\/wp-json\/wp\/v2\/posts\/2201","targetHints":{"allow":["GET"]}}],"collection":[{"href":"https:\/\/www.jugendfussball-wendelstein.de\/wordpress\/wp-json\/wp\/v2\/posts"}],"about":[{"href":"https:\/\/www.jugendfussball-wendelstein.de\/wordpress\/wp-json\/wp\/v2\/types\/post"}],"author":[{"embeddable":true,"href":"https:\/\/www.jugendfussball-wendelstein.de\/wordpress\/wp-json\/wp\/v2\/users\/4"}],"replies":[{"embeddable":true,"href":"https:\/\/www.jugendfussball-wendelstein.de\/wordpress\/wp-json\/wp\/v2\/comments?post=2201"}],"version-history":[{"count":0,"href":"https:\/\/www.jugendfussball-wendelstein.de\/wordpress\/wp-json\/wp\/v2\/posts\/2201\/revisions"}],"wp:attachment":[{"href":"https:\/\/www.jugendfussball-wendelstein.de\/wordpress\/wp-json\/wp\/v2\/media?parent=2201"}],"wp:term":[{"taxonomy":"category","embeddable":true,"href":"https:\/\/www.jugendfussball-wendelstein.de\/wordpress\/wp-json\/wp\/v2\/categories?post=2201"},{"taxonomy":"post_tag","embeddable":true,"href":"https:\/\/www.jugendfussball-wendelstein.de\/wordpress\/wp-json\/wp\/v2\/tags?post=2201"}],"curies":[{"name":"wp","href":"https:\/\/api.w.org\/{rel}","templated":true}]}}