{"id":2215,"date":"2015-05-02T21:54:19","date_gmt":"2015-05-02T19:54:19","guid":{"rendered":"http:\/\/www.jugendfussball-wendelstein.de\/wordpress\/?p=2215"},"modified":"2015-05-02T21:54:19","modified_gmt":"2015-05-02T19:54:19","slug":"jfg-jfg-franken-jura-30","status":"publish","type":"post","link":"https:\/\/www.jugendfussball-wendelstein.de\/wordpress\/jfg-jfg-franken-jura-30\/","title":{"rendered":"JFG &#8211; JFG Franken-Jura   3:0"},"content":{"rendered":"<p>26.04.2015 : 16. Punktspiel &#8211;\u00a0 JFG Wendelstein : JFG Franken-Jura 3:0 (2:0)<\/p>\n<p>Nachdem der 2000er Jahrgang der JFG Wendelstein letzte Woche ersatzgeschw\u00e4cht die erste Punkstpielniederlage nach 2,5 Jahren hinnehmen musste, waren alle Anh\u00e4nger des Teams auf die heutige Antwort gespannt. Unsere Jungs bewiesen von der ersten Spielminute an Moral und Charakter. Mit einer sehr guten, fl\u00fcssigen und temporeichen Spielanlage kam der BOL-Spitzenreiter zu vielen hochkar\u00e4tigen Torchancen. Die dezimierten G\u00e4ste aus Roth wehrten sich nach Kr\u00e4ften, waren aber mit den beiden bildsch\u00f6nen Toren zum 2:0 Pausenstand noch schmeichelhaft bedient. Mit einem herrlichen Freistosstreffer zum 3:0 erh\u00f6hte Wendelstein kurz nach der Halbzeit zum Endstand. Danach spulten unsere Jungs routiniert Ihr Pensum ab und verwalteten ungef\u00e4hrdet den 14. Sieg in der laufenden Saison.<\/p>\n<p>Mit dieser Einstellung und Leidenschaft aus der ersten Halbzeit wird es schwer sein uns zu schlagen.<\/p>\n<p>Ein tolles Spiel von euch &#8211; herzlichen Gl\u00fcckwunsch.<\/p>\n<p>One Team &#8211; one Dream !<\/p>\n","protected":false},"excerpt":{"rendered":"<p>26.04.2015 : 16. Punktspiel &#8211;\u00a0 JFG Wendelstein : JFG Franken-Jura 3:0 (2:0) Nachdem der 2000er Jahrgang der JFG Wendelstein letzte Woche ersatzgeschw\u00e4cht die erste Punkstpielniederlage nach 2,5 Jahren hinnehmen musste, waren alle Anh\u00e4nger des Teams auf die heutige Antwort gespannt. Unsere Jungs bewiesen von der ersten Spielminute an Moral und Charakter. Mit einer sehr guten, [&hellip;]<\/p>\n","protected":false},"author":4,"featured_media":0,"comment_status":"closed","ping_status":"closed","sticky":false,"template":"","format":"standard","meta":{"saved_in_kubio":false,"footnotes":""},"categories":[2,16,17],"tags":[],"class_list":["post-2215","post","type-post","status-publish","format-standard","hentry","category-gf","category-spielbericht","category-u15"],"yoast_head":"<!-- This site is optimized with the Yoast SEO plugin v27.4 - https:\/\/yoast.com\/product\/yoast-seo-wordpress\/ -->\n<title>JFG - JFG Franken-Jura  3:0 - JFG Wendelstein<\/title>\n<meta name=\"robots\" content=\"index, follow, max-snippet:-1, max-image-preview:large, max-video-preview:-1\" \/>\n<link rel=\"canonical\" href=\"https:\/\/www.jugendfussball-wendelstein.de\/wordpress\/jfg-jfg-franken-jura-30\/\" \/>\n<meta property=\"og:locale\" content=\"de_DE\" \/>\n<meta property=\"og:type\" content=\"article\" \/>\n<meta property=\"og:title\" content=\"JFG - JFG Franken-Jura  3:0 - JFG Wendelstein\" \/>\n<meta property=\"og:description\" content=\"26.04.2015 : 16. Punktspiel &#8211;\u00a0 JFG Wendelstein : JFG Franken-Jura 3:0 (2:0) Nachdem der 2000er Jahrgang der JFG Wendelstein letzte Woche ersatzgeschw\u00e4cht die erste Punkstpielniederlage nach 2,5 Jahren hinnehmen musste, waren alle Anh\u00e4nger des Teams auf die heutige Antwort gespannt. Unsere Jungs bewiesen von der ersten Spielminute an Moral und Charakter. Mit einer sehr guten, [&hellip;]\" \/>\n<meta property=\"og:url\" content=\"https:\/\/www.jugendfussball-wendelstein.de\/wordpress\/jfg-jfg-franken-jura-30\/\" \/>\n<meta property=\"og:site_name\" content=\"JFG Wendelstein\" \/>\n<meta property=\"article:published_time\" content=\"2015-05-02T19:54:19+00:00\" \/>\n<meta name=\"author\" content=\"Autor\" \/>\n<meta name=\"twitter:card\" content=\"summary_large_image\" \/>\n<meta name=\"twitter:label1\" content=\"Verfasst von\" \/>\n\t<meta name=\"twitter:data1\" content=\"Autor\" \/>\n\t<meta name=\"twitter:label2\" content=\"Gesch\u00e4tzte Lesezeit\" \/>\n\t<meta name=\"twitter:data2\" content=\"1\u00a0Minute\" \/>\n<script type=\"application\/ld+json\" class=\"yoast-schema-graph\">{\"@context\":\"https:\\\/\\\/schema.org\",\"@graph\":[{\"@type\":\"Article\",\"@id\":\"https:\\\/\\\/www.jugendfussball-wendelstein.de\\\/wordpress\\\/jfg-jfg-franken-jura-30\\\/#article\",\"isPartOf\":{\"@id\":\"https:\\\/\\\/www.jugendfussball-wendelstein.de\\\/wordpress\\\/jfg-jfg-franken-jura-30\\\/\"},\"author\":{\"name\":\"Autor\",\"@id\":\"https:\\\/\\\/www.jugendfussball-wendelstein.de\\\/wordpress\\\/#\\\/schema\\\/person\\\/75aadcbd4be1b3af1c1d785397472bc9\"},\"headline\":\"JFG &#8211; JFG Franken-Jura 3:0\",\"datePublished\":\"2015-05-02T19:54:19+00:00\",\"mainEntityOfPage\":{\"@id\":\"https:\\\/\\\/www.jugendfussball-wendelstein.de\\\/wordpress\\\/jfg-jfg-franken-jura-30\\\/\"},\"wordCount\":153,\"articleSection\":[\"Gro\u00dffeld\",\"Spielbericht\",\"U15\"],\"inLanguage\":\"de\"},{\"@type\":\"WebPage\",\"@id\":\"https:\\\/\\\/www.jugendfussball-wendelstein.de\\\/wordpress\\\/jfg-jfg-franken-jura-30\\\/\",\"url\":\"https:\\\/\\\/www.jugendfussball-wendelstein.de\\\/wordpress\\\/jfg-jfg-franken-jura-30\\\/\",\"name\":\"JFG - JFG Franken-Jura 3:0 - JFG Wendelstein\",\"isPartOf\":{\"@id\":\"https:\\\/\\\/www.jugendfussball-wendelstein.de\\\/wordpress\\\/#website\"},\"datePublished\":\"2015-05-02T19:54:19+00:00\",\"author\":{\"@id\":\"https:\\\/\\\/www.jugendfussball-wendelstein.de\\\/wordpress\\\/#\\\/schema\\\/person\\\/75aadcbd4be1b3af1c1d785397472bc9\"},\"breadcrumb\":{\"@id\":\"https:\\\/\\\/www.jugendfussball-wendelstein.de\\\/wordpress\\\/jfg-jfg-franken-jura-30\\\/#breadcrumb\"},\"inLanguage\":\"de\",\"potentialAction\":[{\"@type\":\"ReadAction\",\"target\":[\"https:\\\/\\\/www.jugendfussball-wendelstein.de\\\/wordpress\\\/jfg-jfg-franken-jura-30\\\/\"]}]},{\"@type\":\"BreadcrumbList\",\"@id\":\"https:\\\/\\\/www.jugendfussball-wendelstein.de\\\/wordpress\\\/jfg-jfg-franken-jura-30\\\/#breadcrumb\",\"itemListElement\":[{\"@type\":\"ListItem\",\"position\":1,\"name\":\"Startseite\",\"item\":\"https:\\\/\\\/www.jugendfussball-wendelstein.de\\\/wordpress\\\/\"},{\"@type\":\"ListItem\",\"position\":2,\"name\":\"JFG &#8211; JFG Franken-Jura 3:0\"}]},{\"@type\":\"WebSite\",\"@id\":\"https:\\\/\\\/www.jugendfussball-wendelstein.de\\\/wordpress\\\/#website\",\"url\":\"https:\\\/\\\/www.jugendfussball-wendelstein.de\\\/wordpress\\\/\",\"name\":\"JFG Wendelstein\",\"description\":\"Juniorenfu\u00dfball\",\"potentialAction\":[{\"@type\":\"SearchAction\",\"target\":{\"@type\":\"EntryPoint\",\"urlTemplate\":\"https:\\\/\\\/www.jugendfussball-wendelstein.de\\\/wordpress\\\/?s={search_term_string}\"},\"query-input\":{\"@type\":\"PropertyValueSpecification\",\"valueRequired\":true,\"valueName\":\"search_term_string\"}}],\"inLanguage\":\"de\"},{\"@type\":\"Person\",\"@id\":\"https:\\\/\\\/www.jugendfussball-wendelstein.de\\\/wordpress\\\/#\\\/schema\\\/person\\\/75aadcbd4be1b3af1c1d785397472bc9\",\"name\":\"Autor\",\"image\":{\"@type\":\"ImageObject\",\"inLanguage\":\"de\",\"@id\":\"https:\\\/\\\/secure.gravatar.com\\\/avatar\\\/01dd9b7f2dc8d635302f1c57c2289838e9fe288acd1c06c8f8ad332b8e2a60c9?s=96&d=mm&r=g\",\"url\":\"https:\\\/\\\/secure.gravatar.com\\\/avatar\\\/01dd9b7f2dc8d635302f1c57c2289838e9fe288acd1c06c8f8ad332b8e2a60c9?s=96&d=mm&r=g\",\"contentUrl\":\"https:\\\/\\\/secure.gravatar.com\\\/avatar\\\/01dd9b7f2dc8d635302f1c57c2289838e9fe288acd1c06c8f8ad332b8e2a60c9?s=96&d=mm&r=g\",\"caption\":\"Autor\"},\"url\":\"https:\\\/\\\/www.jugendfussball-wendelstein.de\\\/wordpress\\\/author\\\/autor\\\/\"}]}<\/script>\n<!-- \/ Yoast SEO plugin. -->","yoast_head_json":{"title":"JFG - JFG Franken-Jura  3:0 - JFG Wendelstein","robots":{"index":"index","follow":"follow","max-snippet":"max-snippet:-1","max-image-preview":"max-image-preview:large","max-video-preview":"max-video-preview:-1"},"canonical":"https:\/\/www.jugendfussball-wendelstein.de\/wordpress\/jfg-jfg-franken-jura-30\/","og_locale":"de_DE","og_type":"article","og_title":"JFG - JFG Franken-Jura  3:0 - JFG Wendelstein","og_description":"26.04.2015 : 16. Punktspiel &#8211;\u00a0 JFG Wendelstein : JFG Franken-Jura 3:0 (2:0) Nachdem der 2000er Jahrgang der JFG Wendelstein letzte Woche ersatzgeschw\u00e4cht die erste Punkstpielniederlage nach 2,5 Jahren hinnehmen musste, waren alle Anh\u00e4nger des Teams auf die heutige Antwort gespannt. Unsere Jungs bewiesen von der ersten Spielminute an Moral und Charakter. Mit einer sehr guten, [&hellip;]","og_url":"https:\/\/www.jugendfussball-wendelstein.de\/wordpress\/jfg-jfg-franken-jura-30\/","og_site_name":"JFG Wendelstein","article_published_time":"2015-05-02T19:54:19+00:00","author":"Autor","twitter_card":"summary_large_image","twitter_misc":{"Verfasst von":"Autor","Gesch\u00e4tzte Lesezeit":"1\u00a0Minute"},"schema":{"@context":"https:\/\/schema.org","@graph":[{"@type":"Article","@id":"https:\/\/www.jugendfussball-wendelstein.de\/wordpress\/jfg-jfg-franken-jura-30\/#article","isPartOf":{"@id":"https:\/\/www.jugendfussball-wendelstein.de\/wordpress\/jfg-jfg-franken-jura-30\/"},"author":{"name":"Autor","@id":"https:\/\/www.jugendfussball-wendelstein.de\/wordpress\/#\/schema\/person\/75aadcbd4be1b3af1c1d785397472bc9"},"headline":"JFG &#8211; JFG Franken-Jura 3:0","datePublished":"2015-05-02T19:54:19+00:00","mainEntityOfPage":{"@id":"https:\/\/www.jugendfussball-wendelstein.de\/wordpress\/jfg-jfg-franken-jura-30\/"},"wordCount":153,"articleSection":["Gro\u00dffeld","Spielbericht","U15"],"inLanguage":"de"},{"@type":"WebPage","@id":"https:\/\/www.jugendfussball-wendelstein.de\/wordpress\/jfg-jfg-franken-jura-30\/","url":"https:\/\/www.jugendfussball-wendelstein.de\/wordpress\/jfg-jfg-franken-jura-30\/","name":"JFG - JFG Franken-Jura 3:0 - JFG Wendelstein","isPartOf":{"@id":"https:\/\/www.jugendfussball-wendelstein.de\/wordpress\/#website"},"datePublished":"2015-05-02T19:54:19+00:00","author":{"@id":"https:\/\/www.jugendfussball-wendelstein.de\/wordpress\/#\/schema\/person\/75aadcbd4be1b3af1c1d785397472bc9"},"breadcrumb":{"@id":"https:\/\/www.jugendfussball-wendelstein.de\/wordpress\/jfg-jfg-franken-jura-30\/#breadcrumb"},"inLanguage":"de","potentialAction":[{"@type":"ReadAction","target":["https:\/\/www.jugendfussball-wendelstein.de\/wordpress\/jfg-jfg-franken-jura-30\/"]}]},{"@type":"BreadcrumbList","@id":"https:\/\/www.jugendfussball-wendelstein.de\/wordpress\/jfg-jfg-franken-jura-30\/#breadcrumb","itemListElement":[{"@type":"ListItem","position":1,"name":"Startseite","item":"https:\/\/www.jugendfussball-wendelstein.de\/wordpress\/"},{"@type":"ListItem","position":2,"name":"JFG &#8211; JFG Franken-Jura 3:0"}]},{"@type":"WebSite","@id":"https:\/\/www.jugendfussball-wendelstein.de\/wordpress\/#website","url":"https:\/\/www.jugendfussball-wendelstein.de\/wordpress\/","name":"JFG Wendelstein","description":"Juniorenfu\u00dfball","potentialAction":[{"@type":"SearchAction","target":{"@type":"EntryPoint","urlTemplate":"https:\/\/www.jugendfussball-wendelstein.de\/wordpress\/?s={search_term_string}"},"query-input":{"@type":"PropertyValueSpecification","valueRequired":true,"valueName":"search_term_string"}}],"inLanguage":"de"},{"@type":"Person","@id":"https:\/\/www.jugendfussball-wendelstein.de\/wordpress\/#\/schema\/person\/75aadcbd4be1b3af1c1d785397472bc9","name":"Autor","image":{"@type":"ImageObject","inLanguage":"de","@id":"https:\/\/secure.gravatar.com\/avatar\/01dd9b7f2dc8d635302f1c57c2289838e9fe288acd1c06c8f8ad332b8e2a60c9?s=96&d=mm&r=g","url":"https:\/\/secure.gravatar.com\/avatar\/01dd9b7f2dc8d635302f1c57c2289838e9fe288acd1c06c8f8ad332b8e2a60c9?s=96&d=mm&r=g","contentUrl":"https:\/\/secure.gravatar.com\/avatar\/01dd9b7f2dc8d635302f1c57c2289838e9fe288acd1c06c8f8ad332b8e2a60c9?s=96&d=mm&r=g","caption":"Autor"},"url":"https:\/\/www.jugendfussball-wendelstein.de\/wordpress\/author\/autor\/"}]}},"_links":{"self":[{"href":"https:\/\/www.jugendfussball-wendelstein.de\/wordpress\/wp-json\/wp\/v2\/posts\/2215","targetHints":{"allow":["GET"]}}],"collection":[{"href":"https:\/\/www.jugendfussball-wendelstein.de\/wordpress\/wp-json\/wp\/v2\/posts"}],"about":[{"href":"https:\/\/www.jugendfussball-wendelstein.de\/wordpress\/wp-json\/wp\/v2\/types\/post"}],"author":[{"embeddable":true,"href":"https:\/\/www.jugendfussball-wendelstein.de\/wordpress\/wp-json\/wp\/v2\/users\/4"}],"replies":[{"embeddable":true,"href":"https:\/\/www.jugendfussball-wendelstein.de\/wordpress\/wp-json\/wp\/v2\/comments?post=2215"}],"version-history":[{"count":0,"href":"https:\/\/www.jugendfussball-wendelstein.de\/wordpress\/wp-json\/wp\/v2\/posts\/2215\/revisions"}],"wp:attachment":[{"href":"https:\/\/www.jugendfussball-wendelstein.de\/wordpress\/wp-json\/wp\/v2\/media?parent=2215"}],"wp:term":[{"taxonomy":"category","embeddable":true,"href":"https:\/\/www.jugendfussball-wendelstein.de\/wordpress\/wp-json\/wp\/v2\/categories?post=2215"},{"taxonomy":"post_tag","embeddable":true,"href":"https:\/\/www.jugendfussball-wendelstein.de\/wordpress\/wp-json\/wp\/v2\/tags?post=2215"}],"curies":[{"name":"wp","href":"https:\/\/api.w.org\/{rel}","templated":true}]}}