{"id":2217,"date":"2015-05-02T21:56:33","date_gmt":"2015-05-02T19:56:33","guid":{"rendered":"http:\/\/www.jugendfussball-wendelstein.de\/wordpress\/?p=2217"},"modified":"2015-05-02T21:56:33","modified_gmt":"2015-05-02T19:56:33","slug":"jfg-djk-allersberg-21","status":"publish","type":"post","link":"https:\/\/www.jugendfussball-wendelstein.de\/wordpress\/jfg-djk-allersberg-21\/","title":{"rendered":"JFG &#8211; DJK Allersberg  2:1"},"content":{"rendered":"<p>25.04.2015 : Verdienter Dreier der 03er gegen Allersberg<br \/>\nAn diesem Samstag stand der 12. Spieltag der Kreisklasse Neumarkt\/Jura auf dem Programm. Die Blues mussten Zuhause gegen den 02er Jahrgang der DJK Allersberg ran. In der Trainingswoche versuchten wir uns so gut wie m\u00f6glich auf diese Partie einzustellen. Das Hinspiel war gepr\u00e4gt von H\u00e4rte und Unsportlichkeiten.Dementsprechend schwer waren die Ausf\u00e4lle von 3 Stammkr\u00e4ften der Wendelsteiner. Erschwerend kam hinzu, dass auch der Kapit\u00e4n der Mannschaft nicht fit war und somit auf der Bank Platz nehmen musste. Gl\u00fccklicherweise stellt sich die Keeperfrage bei den 03er nicht, da zwei leistungsstarke Keeper in der Mannschaft sind.Mit den ganzen Umstellungen ging es in die Begegnung. Von Beginn an gingen die Wendelsteiner mutig in die Zweik\u00e4mpfe und erspielten sich Chancen am laufenden Band. Die Jungs aus Allersberg wussten kein Mittel gegen die st\u00fcrmischen Blues. Die DJK versuchte mit langen B\u00e4llen sich Verschnaufpausen zu erzwingen. So ging es f\u00fcr die Blues mit einem schweren 0:0 in die Pause.Die zweite H\u00e4lfte begann mit einem Paukenschlag in Form eines nicht gegebenen Tores, welches der rechte Fl\u00fcgelflitzer im nachsetzen erzielt hatte. Ohne gro\u00dfe Beachtung der Schiedsrichterentscheidung dr\u00e4ngten die Blues weiter auf den F\u00fchrungstreffer. In der 48 Minute entstand genau die gleiche Situation wie zu Beginn der zweiten 30 Minuten. Der Keeper der DJK Allersberg konnte einen Schuss nur klatschen lassen und der rechte Au\u00dfenspieler staubte zum 1:0 ab. Mit diesem Tor gaben sich die 03er nicht zufrieden und der in der 51. Minute eingewechselte Kapit\u00e4n, eigentlich Torh\u00fcter, erzielte das 2:0.<br \/>\nSehenswert war in der 60. Minute der 2:1 Anschlusstreffer der Allersberger wobei der St\u00fcrmer, nach einem Eckball, in Volleyballmanier mit beiden H\u00e4nden den Ball ins Tor schlug. Alle dachten, das es mit Freisto\u00df weitergehen w\u00fcrde jedoch deutete die teilweise unsichere Schiedsrichterin Richtung Mittellinie. Nach dem darauffolgenden Ansto\u00df war Ende in diesem Spiel. Sehr \u00e4rgerlich aber es ist Sport und hier z\u00e4hlen nun mal die Tatsachenentscheidungen.Auff\u00e4llig bei diesem Sieg war das die Keeperin der Blues keinen Ball schlagen musste sondern jeder Absto\u00df ausgespielt wurde. Dies spricht f\u00fcr die spielerischen L\u00f6sungen der 03er. Nach diesem Dreier sind die 03er der Blues 3. Der Kreisklasse \uf04a<\/p>\n","protected":false},"excerpt":{"rendered":"<p>25.04.2015 : Verdienter Dreier der 03er gegen Allersberg An diesem Samstag stand der 12. Spieltag der Kreisklasse Neumarkt\/Jura auf dem Programm. Die Blues mussten Zuhause gegen den 02er Jahrgang der DJK Allersberg ran. In der Trainingswoche versuchten wir uns so gut wie m\u00f6glich auf diese Partie einzustellen. Das Hinspiel war gepr\u00e4gt von H\u00e4rte und Unsportlichkeiten.Dementsprechend [&hellip;]<\/p>\n","protected":false},"author":4,"featured_media":0,"comment_status":"closed","ping_status":"closed","sticky":false,"template":"","format":"standard","meta":{"saved_in_kubio":false,"footnotes":""},"categories":[2,16,9],"tags":[],"class_list":["post-2217","post","type-post","status-publish","format-standard","hentry","category-gf","category-spielbericht","category-u12"],"yoast_head":"<!-- This site is optimized with the Yoast SEO plugin v27.4 - https:\/\/yoast.com\/product\/yoast-seo-wordpress\/ -->\n<title>JFG - DJK Allersberg 2:1 - JFG Wendelstein<\/title>\n<meta name=\"robots\" content=\"index, follow, max-snippet:-1, max-image-preview:large, max-video-preview:-1\" \/>\n<link rel=\"canonical\" href=\"https:\/\/www.jugendfussball-wendelstein.de\/wordpress\/jfg-djk-allersberg-21\/\" \/>\n<meta property=\"og:locale\" content=\"de_DE\" \/>\n<meta property=\"og:type\" content=\"article\" \/>\n<meta property=\"og:title\" content=\"JFG - DJK Allersberg 2:1 - JFG Wendelstein\" \/>\n<meta property=\"og:description\" content=\"25.04.2015 : Verdienter Dreier der 03er gegen Allersberg An diesem Samstag stand der 12. Spieltag der Kreisklasse Neumarkt\/Jura auf dem Programm. Die Blues mussten Zuhause gegen den 02er Jahrgang der DJK Allersberg ran. In der Trainingswoche versuchten wir uns so gut wie m\u00f6glich auf diese Partie einzustellen. Das Hinspiel war gepr\u00e4gt von H\u00e4rte und Unsportlichkeiten.Dementsprechend [&hellip;]\" \/>\n<meta property=\"og:url\" content=\"https:\/\/www.jugendfussball-wendelstein.de\/wordpress\/jfg-djk-allersberg-21\/\" \/>\n<meta property=\"og:site_name\" content=\"JFG Wendelstein\" \/>\n<meta property=\"article:published_time\" content=\"2015-05-02T19:56:33+00:00\" \/>\n<meta name=\"author\" content=\"Autor\" \/>\n<meta name=\"twitter:card\" content=\"summary_large_image\" \/>\n<meta name=\"twitter:label1\" content=\"Verfasst von\" \/>\n\t<meta name=\"twitter:data1\" content=\"Autor\" \/>\n\t<meta name=\"twitter:label2\" content=\"Gesch\u00e4tzte Lesezeit\" \/>\n\t<meta name=\"twitter:data2\" content=\"2\u00a0Minuten\" \/>\n<script type=\"application\/ld+json\" class=\"yoast-schema-graph\">{\"@context\":\"https:\\\/\\\/schema.org\",\"@graph\":[{\"@type\":\"Article\",\"@id\":\"https:\\\/\\\/www.jugendfussball-wendelstein.de\\\/wordpress\\\/jfg-djk-allersberg-21\\\/#article\",\"isPartOf\":{\"@id\":\"https:\\\/\\\/www.jugendfussball-wendelstein.de\\\/wordpress\\\/jfg-djk-allersberg-21\\\/\"},\"author\":{\"name\":\"Autor\",\"@id\":\"https:\\\/\\\/www.jugendfussball-wendelstein.de\\\/wordpress\\\/#\\\/schema\\\/person\\\/75aadcbd4be1b3af1c1d785397472bc9\"},\"headline\":\"JFG &#8211; DJK Allersberg 2:1\",\"datePublished\":\"2015-05-02T19:56:33+00:00\",\"mainEntityOfPage\":{\"@id\":\"https:\\\/\\\/www.jugendfussball-wendelstein.de\\\/wordpress\\\/jfg-djk-allersberg-21\\\/\"},\"wordCount\":373,\"articleSection\":[\"Gro\u00dffeld\",\"Spielbericht\",\"U12\"],\"inLanguage\":\"de\"},{\"@type\":\"WebPage\",\"@id\":\"https:\\\/\\\/www.jugendfussball-wendelstein.de\\\/wordpress\\\/jfg-djk-allersberg-21\\\/\",\"url\":\"https:\\\/\\\/www.jugendfussball-wendelstein.de\\\/wordpress\\\/jfg-djk-allersberg-21\\\/\",\"name\":\"JFG - DJK Allersberg 2:1 - JFG Wendelstein\",\"isPartOf\":{\"@id\":\"https:\\\/\\\/www.jugendfussball-wendelstein.de\\\/wordpress\\\/#website\"},\"datePublished\":\"2015-05-02T19:56:33+00:00\",\"author\":{\"@id\":\"https:\\\/\\\/www.jugendfussball-wendelstein.de\\\/wordpress\\\/#\\\/schema\\\/person\\\/75aadcbd4be1b3af1c1d785397472bc9\"},\"breadcrumb\":{\"@id\":\"https:\\\/\\\/www.jugendfussball-wendelstein.de\\\/wordpress\\\/jfg-djk-allersberg-21\\\/#breadcrumb\"},\"inLanguage\":\"de\",\"potentialAction\":[{\"@type\":\"ReadAction\",\"target\":[\"https:\\\/\\\/www.jugendfussball-wendelstein.de\\\/wordpress\\\/jfg-djk-allersberg-21\\\/\"]}]},{\"@type\":\"BreadcrumbList\",\"@id\":\"https:\\\/\\\/www.jugendfussball-wendelstein.de\\\/wordpress\\\/jfg-djk-allersberg-21\\\/#breadcrumb\",\"itemListElement\":[{\"@type\":\"ListItem\",\"position\":1,\"name\":\"Startseite\",\"item\":\"https:\\\/\\\/www.jugendfussball-wendelstein.de\\\/wordpress\\\/\"},{\"@type\":\"ListItem\",\"position\":2,\"name\":\"JFG &#8211; DJK Allersberg 2:1\"}]},{\"@type\":\"WebSite\",\"@id\":\"https:\\\/\\\/www.jugendfussball-wendelstein.de\\\/wordpress\\\/#website\",\"url\":\"https:\\\/\\\/www.jugendfussball-wendelstein.de\\\/wordpress\\\/\",\"name\":\"JFG Wendelstein\",\"description\":\"Juniorenfu\u00dfball\",\"potentialAction\":[{\"@type\":\"SearchAction\",\"target\":{\"@type\":\"EntryPoint\",\"urlTemplate\":\"https:\\\/\\\/www.jugendfussball-wendelstein.de\\\/wordpress\\\/?s={search_term_string}\"},\"query-input\":{\"@type\":\"PropertyValueSpecification\",\"valueRequired\":true,\"valueName\":\"search_term_string\"}}],\"inLanguage\":\"de\"},{\"@type\":\"Person\",\"@id\":\"https:\\\/\\\/www.jugendfussball-wendelstein.de\\\/wordpress\\\/#\\\/schema\\\/person\\\/75aadcbd4be1b3af1c1d785397472bc9\",\"name\":\"Autor\",\"image\":{\"@type\":\"ImageObject\",\"inLanguage\":\"de\",\"@id\":\"https:\\\/\\\/secure.gravatar.com\\\/avatar\\\/01dd9b7f2dc8d635302f1c57c2289838e9fe288acd1c06c8f8ad332b8e2a60c9?s=96&d=mm&r=g\",\"url\":\"https:\\\/\\\/secure.gravatar.com\\\/avatar\\\/01dd9b7f2dc8d635302f1c57c2289838e9fe288acd1c06c8f8ad332b8e2a60c9?s=96&d=mm&r=g\",\"contentUrl\":\"https:\\\/\\\/secure.gravatar.com\\\/avatar\\\/01dd9b7f2dc8d635302f1c57c2289838e9fe288acd1c06c8f8ad332b8e2a60c9?s=96&d=mm&r=g\",\"caption\":\"Autor\"},\"url\":\"https:\\\/\\\/www.jugendfussball-wendelstein.de\\\/wordpress\\\/author\\\/autor\\\/\"}]}<\/script>\n<!-- \/ Yoast SEO plugin. -->","yoast_head_json":{"title":"JFG - DJK Allersberg 2:1 - JFG Wendelstein","robots":{"index":"index","follow":"follow","max-snippet":"max-snippet:-1","max-image-preview":"max-image-preview:large","max-video-preview":"max-video-preview:-1"},"canonical":"https:\/\/www.jugendfussball-wendelstein.de\/wordpress\/jfg-djk-allersberg-21\/","og_locale":"de_DE","og_type":"article","og_title":"JFG - DJK Allersberg 2:1 - JFG Wendelstein","og_description":"25.04.2015 : Verdienter Dreier der 03er gegen Allersberg An diesem Samstag stand der 12. Spieltag der Kreisklasse Neumarkt\/Jura auf dem Programm. Die Blues mussten Zuhause gegen den 02er Jahrgang der DJK Allersberg ran. In der Trainingswoche versuchten wir uns so gut wie m\u00f6glich auf diese Partie einzustellen. Das Hinspiel war gepr\u00e4gt von H\u00e4rte und Unsportlichkeiten.Dementsprechend [&hellip;]","og_url":"https:\/\/www.jugendfussball-wendelstein.de\/wordpress\/jfg-djk-allersberg-21\/","og_site_name":"JFG Wendelstein","article_published_time":"2015-05-02T19:56:33+00:00","author":"Autor","twitter_card":"summary_large_image","twitter_misc":{"Verfasst von":"Autor","Gesch\u00e4tzte Lesezeit":"2\u00a0Minuten"},"schema":{"@context":"https:\/\/schema.org","@graph":[{"@type":"Article","@id":"https:\/\/www.jugendfussball-wendelstein.de\/wordpress\/jfg-djk-allersberg-21\/#article","isPartOf":{"@id":"https:\/\/www.jugendfussball-wendelstein.de\/wordpress\/jfg-djk-allersberg-21\/"},"author":{"name":"Autor","@id":"https:\/\/www.jugendfussball-wendelstein.de\/wordpress\/#\/schema\/person\/75aadcbd4be1b3af1c1d785397472bc9"},"headline":"JFG &#8211; DJK Allersberg 2:1","datePublished":"2015-05-02T19:56:33+00:00","mainEntityOfPage":{"@id":"https:\/\/www.jugendfussball-wendelstein.de\/wordpress\/jfg-djk-allersberg-21\/"},"wordCount":373,"articleSection":["Gro\u00dffeld","Spielbericht","U12"],"inLanguage":"de"},{"@type":"WebPage","@id":"https:\/\/www.jugendfussball-wendelstein.de\/wordpress\/jfg-djk-allersberg-21\/","url":"https:\/\/www.jugendfussball-wendelstein.de\/wordpress\/jfg-djk-allersberg-21\/","name":"JFG - DJK Allersberg 2:1 - JFG Wendelstein","isPartOf":{"@id":"https:\/\/www.jugendfussball-wendelstein.de\/wordpress\/#website"},"datePublished":"2015-05-02T19:56:33+00:00","author":{"@id":"https:\/\/www.jugendfussball-wendelstein.de\/wordpress\/#\/schema\/person\/75aadcbd4be1b3af1c1d785397472bc9"},"breadcrumb":{"@id":"https:\/\/www.jugendfussball-wendelstein.de\/wordpress\/jfg-djk-allersberg-21\/#breadcrumb"},"inLanguage":"de","potentialAction":[{"@type":"ReadAction","target":["https:\/\/www.jugendfussball-wendelstein.de\/wordpress\/jfg-djk-allersberg-21\/"]}]},{"@type":"BreadcrumbList","@id":"https:\/\/www.jugendfussball-wendelstein.de\/wordpress\/jfg-djk-allersberg-21\/#breadcrumb","itemListElement":[{"@type":"ListItem","position":1,"name":"Startseite","item":"https:\/\/www.jugendfussball-wendelstein.de\/wordpress\/"},{"@type":"ListItem","position":2,"name":"JFG &#8211; DJK Allersberg 2:1"}]},{"@type":"WebSite","@id":"https:\/\/www.jugendfussball-wendelstein.de\/wordpress\/#website","url":"https:\/\/www.jugendfussball-wendelstein.de\/wordpress\/","name":"JFG Wendelstein","description":"Juniorenfu\u00dfball","potentialAction":[{"@type":"SearchAction","target":{"@type":"EntryPoint","urlTemplate":"https:\/\/www.jugendfussball-wendelstein.de\/wordpress\/?s={search_term_string}"},"query-input":{"@type":"PropertyValueSpecification","valueRequired":true,"valueName":"search_term_string"}}],"inLanguage":"de"},{"@type":"Person","@id":"https:\/\/www.jugendfussball-wendelstein.de\/wordpress\/#\/schema\/person\/75aadcbd4be1b3af1c1d785397472bc9","name":"Autor","image":{"@type":"ImageObject","inLanguage":"de","@id":"https:\/\/secure.gravatar.com\/avatar\/01dd9b7f2dc8d635302f1c57c2289838e9fe288acd1c06c8f8ad332b8e2a60c9?s=96&d=mm&r=g","url":"https:\/\/secure.gravatar.com\/avatar\/01dd9b7f2dc8d635302f1c57c2289838e9fe288acd1c06c8f8ad332b8e2a60c9?s=96&d=mm&r=g","contentUrl":"https:\/\/secure.gravatar.com\/avatar\/01dd9b7f2dc8d635302f1c57c2289838e9fe288acd1c06c8f8ad332b8e2a60c9?s=96&d=mm&r=g","caption":"Autor"},"url":"https:\/\/www.jugendfussball-wendelstein.de\/wordpress\/author\/autor\/"}]}},"_links":{"self":[{"href":"https:\/\/www.jugendfussball-wendelstein.de\/wordpress\/wp-json\/wp\/v2\/posts\/2217","targetHints":{"allow":["GET"]}}],"collection":[{"href":"https:\/\/www.jugendfussball-wendelstein.de\/wordpress\/wp-json\/wp\/v2\/posts"}],"about":[{"href":"https:\/\/www.jugendfussball-wendelstein.de\/wordpress\/wp-json\/wp\/v2\/types\/post"}],"author":[{"embeddable":true,"href":"https:\/\/www.jugendfussball-wendelstein.de\/wordpress\/wp-json\/wp\/v2\/users\/4"}],"replies":[{"embeddable":true,"href":"https:\/\/www.jugendfussball-wendelstein.de\/wordpress\/wp-json\/wp\/v2\/comments?post=2217"}],"version-history":[{"count":0,"href":"https:\/\/www.jugendfussball-wendelstein.de\/wordpress\/wp-json\/wp\/v2\/posts\/2217\/revisions"}],"wp:attachment":[{"href":"https:\/\/www.jugendfussball-wendelstein.de\/wordpress\/wp-json\/wp\/v2\/media?parent=2217"}],"wp:term":[{"taxonomy":"category","embeddable":true,"href":"https:\/\/www.jugendfussball-wendelstein.de\/wordpress\/wp-json\/wp\/v2\/categories?post=2217"},{"taxonomy":"post_tag","embeddable":true,"href":"https:\/\/www.jugendfussball-wendelstein.de\/wordpress\/wp-json\/wp\/v2\/tags?post=2217"}],"curies":[{"name":"wp","href":"https:\/\/api.w.org\/{rel}","templated":true}]}}