{"id":2219,"date":"2015-05-02T21:58:18","date_gmt":"2015-05-02T19:58:18","guid":{"rendered":"http:\/\/www.jugendfussball-wendelstein.de\/wordpress\/?p=2219"},"modified":"2015-05-02T21:58:18","modified_gmt":"2015-05-02T19:58:18","slug":"tsv-03-muehlhof-tsv-09","status":"publish","type":"post","link":"https:\/\/www.jugendfussball-wendelstein.de\/wordpress\/tsv-03-muehlhof-tsv-09\/","title":{"rendered":"TSV 03 M\u00fchlhof  &#8211; TSV   0:9"},"content":{"rendered":"<p>25.04.2015 : Spitzenspiel auf der Schanz. Bei sommerlichen Temperaturen kam es zum Showdown mit den ebenfalls sehr erfolgreich (9:0)<br \/>\nGestarteten Gastgebern. Die Wendelsteiner Jungs kombinierten gegen die k\u00f6rperlich robusteren Gastgeber wie gewohnt sicher. Nach prima Vorarbeit von Fabio erzielte Nils nach acht Minuten mit einem platzierten Schuss die G\u00e4stef\u00fchrung. Trotz spielerischer \u00dcberlegenheit gingen wir mit der knappen F\u00fchrung in die Pause. In der 23. Minute setzte wiederum Nils zu einem unwiderstehlichen Solo an und bediente Alex musterg\u00fcltig mit einem Querpass direkt vor der Torlinie. Alex staubte kaltbl\u00fctig zum 0:2 ab. Der Treffer des Tages fiel nur vier Minuten sp\u00e4ter. Mit einem direkt verwandelten Freisto\u00df in den Winkel des M\u00fchlhofer Kastens stellte Nils die Weichen auf Ausw\u00e4rtssieg. Doch die Heimelf steckte in der zum Teil seht ruppig gef\u00fchrten Partie nicht auf. Nach dem verletzungsbedingten Torwartwechsel nutzen sie zwei M\u00f6glichkeiten binnen 120 Sekunden und verk\u00fcrzten auf 2:3. Nach dem R\u00fcckwechsel unseres verarzteten Stammtorh\u00fcters Fabian brachten die 93er jedoch den Sieg sicher nach Haus.<br \/>\nZum Siegreichen Team geh\u00f6rten:<br \/>\nUnsere Torh\u00fcter Fabian und Marlon, das Abwehrbollwerk mit Maxi, Philipp und Max, die Antreiber Fabio, Nils, Henri und Elias, sowie das St\u00fcrmerduo Julian und Alex.<br \/>\nZwei Spiele \u2013 sechs Punkte, ein gl\u00e4nzender Start.<\/p>\n","protected":false},"excerpt":{"rendered":"<p>25.04.2015 : Spitzenspiel auf der Schanz. Bei sommerlichen Temperaturen kam es zum Showdown mit den ebenfalls sehr erfolgreich (9:0) Gestarteten Gastgebern. Die Wendelsteiner Jungs kombinierten gegen die k\u00f6rperlich robusteren Gastgeber wie gewohnt sicher. Nach prima Vorarbeit von Fabio erzielte Nils nach acht Minuten mit einem platzierten Schuss die G\u00e4stef\u00fchrung. Trotz spielerischer \u00dcberlegenheit gingen wir mit [&hellip;]<\/p>\n","protected":false},"author":4,"featured_media":0,"comment_status":"closed","ping_status":"closed","sticky":false,"template":"","format":"standard","meta":{"saved_in_kubio":false,"footnotes":""},"categories":[3,16,24],"tags":[],"class_list":["post-2219","post","type-post","status-publish","format-standard","hentry","category-kf","category-spielbericht","category-u8"],"yoast_head":"<!-- This site is optimized with the Yoast SEO plugin v27.4 - https:\/\/yoast.com\/product\/yoast-seo-wordpress\/ -->\n<title>TSV 03 M\u00fchlhof - TSV  0:9 - JFG Wendelstein<\/title>\n<meta name=\"robots\" content=\"index, follow, max-snippet:-1, max-image-preview:large, max-video-preview:-1\" \/>\n<link rel=\"canonical\" href=\"https:\/\/www.jugendfussball-wendelstein.de\/wordpress\/tsv-03-muehlhof-tsv-09\/\" \/>\n<meta property=\"og:locale\" content=\"de_DE\" \/>\n<meta property=\"og:type\" content=\"article\" \/>\n<meta property=\"og:title\" content=\"TSV 03 M\u00fchlhof - TSV  0:9 - JFG Wendelstein\" \/>\n<meta property=\"og:description\" content=\"25.04.2015 : Spitzenspiel auf der Schanz. Bei sommerlichen Temperaturen kam es zum Showdown mit den ebenfalls sehr erfolgreich (9:0) Gestarteten Gastgebern. Die Wendelsteiner Jungs kombinierten gegen die k\u00f6rperlich robusteren Gastgeber wie gewohnt sicher. Nach prima Vorarbeit von Fabio erzielte Nils nach acht Minuten mit einem platzierten Schuss die G\u00e4stef\u00fchrung. Trotz spielerischer \u00dcberlegenheit gingen wir mit [&hellip;]\" \/>\n<meta property=\"og:url\" content=\"https:\/\/www.jugendfussball-wendelstein.de\/wordpress\/tsv-03-muehlhof-tsv-09\/\" \/>\n<meta property=\"og:site_name\" content=\"JFG Wendelstein\" \/>\n<meta property=\"article:published_time\" content=\"2015-05-02T19:58:18+00:00\" \/>\n<meta name=\"author\" content=\"Autor\" \/>\n<meta name=\"twitter:card\" content=\"summary_large_image\" \/>\n<meta name=\"twitter:label1\" content=\"Verfasst von\" \/>\n\t<meta name=\"twitter:data1\" content=\"Autor\" \/>\n\t<meta name=\"twitter:label2\" content=\"Gesch\u00e4tzte Lesezeit\" \/>\n\t<meta name=\"twitter:data2\" content=\"1\u00a0Minute\" \/>\n<script type=\"application\/ld+json\" class=\"yoast-schema-graph\">{\"@context\":\"https:\\\/\\\/schema.org\",\"@graph\":[{\"@type\":\"Article\",\"@id\":\"https:\\\/\\\/www.jugendfussball-wendelstein.de\\\/wordpress\\\/tsv-03-muehlhof-tsv-09\\\/#article\",\"isPartOf\":{\"@id\":\"https:\\\/\\\/www.jugendfussball-wendelstein.de\\\/wordpress\\\/tsv-03-muehlhof-tsv-09\\\/\"},\"author\":{\"name\":\"Autor\",\"@id\":\"https:\\\/\\\/www.jugendfussball-wendelstein.de\\\/wordpress\\\/#\\\/schema\\\/person\\\/75aadcbd4be1b3af1c1d785397472bc9\"},\"headline\":\"TSV 03 M\u00fchlhof &#8211; TSV 0:9\",\"datePublished\":\"2015-05-02T19:58:18+00:00\",\"mainEntityOfPage\":{\"@id\":\"https:\\\/\\\/www.jugendfussball-wendelstein.de\\\/wordpress\\\/tsv-03-muehlhof-tsv-09\\\/\"},\"wordCount\":213,\"articleSection\":[\"Kleinfeld\",\"Spielbericht\",\"U8\"],\"inLanguage\":\"de\"},{\"@type\":\"WebPage\",\"@id\":\"https:\\\/\\\/www.jugendfussball-wendelstein.de\\\/wordpress\\\/tsv-03-muehlhof-tsv-09\\\/\",\"url\":\"https:\\\/\\\/www.jugendfussball-wendelstein.de\\\/wordpress\\\/tsv-03-muehlhof-tsv-09\\\/\",\"name\":\"TSV 03 M\u00fchlhof - TSV 0:9 - JFG Wendelstein\",\"isPartOf\":{\"@id\":\"https:\\\/\\\/www.jugendfussball-wendelstein.de\\\/wordpress\\\/#website\"},\"datePublished\":\"2015-05-02T19:58:18+00:00\",\"author\":{\"@id\":\"https:\\\/\\\/www.jugendfussball-wendelstein.de\\\/wordpress\\\/#\\\/schema\\\/person\\\/75aadcbd4be1b3af1c1d785397472bc9\"},\"breadcrumb\":{\"@id\":\"https:\\\/\\\/www.jugendfussball-wendelstein.de\\\/wordpress\\\/tsv-03-muehlhof-tsv-09\\\/#breadcrumb\"},\"inLanguage\":\"de\",\"potentialAction\":[{\"@type\":\"ReadAction\",\"target\":[\"https:\\\/\\\/www.jugendfussball-wendelstein.de\\\/wordpress\\\/tsv-03-muehlhof-tsv-09\\\/\"]}]},{\"@type\":\"BreadcrumbList\",\"@id\":\"https:\\\/\\\/www.jugendfussball-wendelstein.de\\\/wordpress\\\/tsv-03-muehlhof-tsv-09\\\/#breadcrumb\",\"itemListElement\":[{\"@type\":\"ListItem\",\"position\":1,\"name\":\"Startseite\",\"item\":\"https:\\\/\\\/www.jugendfussball-wendelstein.de\\\/wordpress\\\/\"},{\"@type\":\"ListItem\",\"position\":2,\"name\":\"TSV 03 M\u00fchlhof &#8211; TSV 0:9\"}]},{\"@type\":\"WebSite\",\"@id\":\"https:\\\/\\\/www.jugendfussball-wendelstein.de\\\/wordpress\\\/#website\",\"url\":\"https:\\\/\\\/www.jugendfussball-wendelstein.de\\\/wordpress\\\/\",\"name\":\"JFG Wendelstein\",\"description\":\"Juniorenfu\u00dfball\",\"potentialAction\":[{\"@type\":\"SearchAction\",\"target\":{\"@type\":\"EntryPoint\",\"urlTemplate\":\"https:\\\/\\\/www.jugendfussball-wendelstein.de\\\/wordpress\\\/?s={search_term_string}\"},\"query-input\":{\"@type\":\"PropertyValueSpecification\",\"valueRequired\":true,\"valueName\":\"search_term_string\"}}],\"inLanguage\":\"de\"},{\"@type\":\"Person\",\"@id\":\"https:\\\/\\\/www.jugendfussball-wendelstein.de\\\/wordpress\\\/#\\\/schema\\\/person\\\/75aadcbd4be1b3af1c1d785397472bc9\",\"name\":\"Autor\",\"image\":{\"@type\":\"ImageObject\",\"inLanguage\":\"de\",\"@id\":\"https:\\\/\\\/secure.gravatar.com\\\/avatar\\\/01dd9b7f2dc8d635302f1c57c2289838e9fe288acd1c06c8f8ad332b8e2a60c9?s=96&d=mm&r=g\",\"url\":\"https:\\\/\\\/secure.gravatar.com\\\/avatar\\\/01dd9b7f2dc8d635302f1c57c2289838e9fe288acd1c06c8f8ad332b8e2a60c9?s=96&d=mm&r=g\",\"contentUrl\":\"https:\\\/\\\/secure.gravatar.com\\\/avatar\\\/01dd9b7f2dc8d635302f1c57c2289838e9fe288acd1c06c8f8ad332b8e2a60c9?s=96&d=mm&r=g\",\"caption\":\"Autor\"},\"url\":\"https:\\\/\\\/www.jugendfussball-wendelstein.de\\\/wordpress\\\/author\\\/autor\\\/\"}]}<\/script>\n<!-- \/ Yoast SEO plugin. -->","yoast_head_json":{"title":"TSV 03 M\u00fchlhof - TSV  0:9 - JFG Wendelstein","robots":{"index":"index","follow":"follow","max-snippet":"max-snippet:-1","max-image-preview":"max-image-preview:large","max-video-preview":"max-video-preview:-1"},"canonical":"https:\/\/www.jugendfussball-wendelstein.de\/wordpress\/tsv-03-muehlhof-tsv-09\/","og_locale":"de_DE","og_type":"article","og_title":"TSV 03 M\u00fchlhof - TSV  0:9 - JFG Wendelstein","og_description":"25.04.2015 : Spitzenspiel auf der Schanz. Bei sommerlichen Temperaturen kam es zum Showdown mit den ebenfalls sehr erfolgreich (9:0) Gestarteten Gastgebern. Die Wendelsteiner Jungs kombinierten gegen die k\u00f6rperlich robusteren Gastgeber wie gewohnt sicher. Nach prima Vorarbeit von Fabio erzielte Nils nach acht Minuten mit einem platzierten Schuss die G\u00e4stef\u00fchrung. Trotz spielerischer \u00dcberlegenheit gingen wir mit [&hellip;]","og_url":"https:\/\/www.jugendfussball-wendelstein.de\/wordpress\/tsv-03-muehlhof-tsv-09\/","og_site_name":"JFG Wendelstein","article_published_time":"2015-05-02T19:58:18+00:00","author":"Autor","twitter_card":"summary_large_image","twitter_misc":{"Verfasst von":"Autor","Gesch\u00e4tzte Lesezeit":"1\u00a0Minute"},"schema":{"@context":"https:\/\/schema.org","@graph":[{"@type":"Article","@id":"https:\/\/www.jugendfussball-wendelstein.de\/wordpress\/tsv-03-muehlhof-tsv-09\/#article","isPartOf":{"@id":"https:\/\/www.jugendfussball-wendelstein.de\/wordpress\/tsv-03-muehlhof-tsv-09\/"},"author":{"name":"Autor","@id":"https:\/\/www.jugendfussball-wendelstein.de\/wordpress\/#\/schema\/person\/75aadcbd4be1b3af1c1d785397472bc9"},"headline":"TSV 03 M\u00fchlhof &#8211; TSV 0:9","datePublished":"2015-05-02T19:58:18+00:00","mainEntityOfPage":{"@id":"https:\/\/www.jugendfussball-wendelstein.de\/wordpress\/tsv-03-muehlhof-tsv-09\/"},"wordCount":213,"articleSection":["Kleinfeld","Spielbericht","U8"],"inLanguage":"de"},{"@type":"WebPage","@id":"https:\/\/www.jugendfussball-wendelstein.de\/wordpress\/tsv-03-muehlhof-tsv-09\/","url":"https:\/\/www.jugendfussball-wendelstein.de\/wordpress\/tsv-03-muehlhof-tsv-09\/","name":"TSV 03 M\u00fchlhof - TSV 0:9 - JFG Wendelstein","isPartOf":{"@id":"https:\/\/www.jugendfussball-wendelstein.de\/wordpress\/#website"},"datePublished":"2015-05-02T19:58:18+00:00","author":{"@id":"https:\/\/www.jugendfussball-wendelstein.de\/wordpress\/#\/schema\/person\/75aadcbd4be1b3af1c1d785397472bc9"},"breadcrumb":{"@id":"https:\/\/www.jugendfussball-wendelstein.de\/wordpress\/tsv-03-muehlhof-tsv-09\/#breadcrumb"},"inLanguage":"de","potentialAction":[{"@type":"ReadAction","target":["https:\/\/www.jugendfussball-wendelstein.de\/wordpress\/tsv-03-muehlhof-tsv-09\/"]}]},{"@type":"BreadcrumbList","@id":"https:\/\/www.jugendfussball-wendelstein.de\/wordpress\/tsv-03-muehlhof-tsv-09\/#breadcrumb","itemListElement":[{"@type":"ListItem","position":1,"name":"Startseite","item":"https:\/\/www.jugendfussball-wendelstein.de\/wordpress\/"},{"@type":"ListItem","position":2,"name":"TSV 03 M\u00fchlhof &#8211; TSV 0:9"}]},{"@type":"WebSite","@id":"https:\/\/www.jugendfussball-wendelstein.de\/wordpress\/#website","url":"https:\/\/www.jugendfussball-wendelstein.de\/wordpress\/","name":"JFG Wendelstein","description":"Juniorenfu\u00dfball","potentialAction":[{"@type":"SearchAction","target":{"@type":"EntryPoint","urlTemplate":"https:\/\/www.jugendfussball-wendelstein.de\/wordpress\/?s={search_term_string}"},"query-input":{"@type":"PropertyValueSpecification","valueRequired":true,"valueName":"search_term_string"}}],"inLanguage":"de"},{"@type":"Person","@id":"https:\/\/www.jugendfussball-wendelstein.de\/wordpress\/#\/schema\/person\/75aadcbd4be1b3af1c1d785397472bc9","name":"Autor","image":{"@type":"ImageObject","inLanguage":"de","@id":"https:\/\/secure.gravatar.com\/avatar\/01dd9b7f2dc8d635302f1c57c2289838e9fe288acd1c06c8f8ad332b8e2a60c9?s=96&d=mm&r=g","url":"https:\/\/secure.gravatar.com\/avatar\/01dd9b7f2dc8d635302f1c57c2289838e9fe288acd1c06c8f8ad332b8e2a60c9?s=96&d=mm&r=g","contentUrl":"https:\/\/secure.gravatar.com\/avatar\/01dd9b7f2dc8d635302f1c57c2289838e9fe288acd1c06c8f8ad332b8e2a60c9?s=96&d=mm&r=g","caption":"Autor"},"url":"https:\/\/www.jugendfussball-wendelstein.de\/wordpress\/author\/autor\/"}]}},"_links":{"self":[{"href":"https:\/\/www.jugendfussball-wendelstein.de\/wordpress\/wp-json\/wp\/v2\/posts\/2219","targetHints":{"allow":["GET"]}}],"collection":[{"href":"https:\/\/www.jugendfussball-wendelstein.de\/wordpress\/wp-json\/wp\/v2\/posts"}],"about":[{"href":"https:\/\/www.jugendfussball-wendelstein.de\/wordpress\/wp-json\/wp\/v2\/types\/post"}],"author":[{"embeddable":true,"href":"https:\/\/www.jugendfussball-wendelstein.de\/wordpress\/wp-json\/wp\/v2\/users\/4"}],"replies":[{"embeddable":true,"href":"https:\/\/www.jugendfussball-wendelstein.de\/wordpress\/wp-json\/wp\/v2\/comments?post=2219"}],"version-history":[{"count":0,"href":"https:\/\/www.jugendfussball-wendelstein.de\/wordpress\/wp-json\/wp\/v2\/posts\/2219\/revisions"}],"wp:attachment":[{"href":"https:\/\/www.jugendfussball-wendelstein.de\/wordpress\/wp-json\/wp\/v2\/media?parent=2219"}],"wp:term":[{"taxonomy":"category","embeddable":true,"href":"https:\/\/www.jugendfussball-wendelstein.de\/wordpress\/wp-json\/wp\/v2\/categories?post=2219"},{"taxonomy":"post_tag","embeddable":true,"href":"https:\/\/www.jugendfussball-wendelstein.de\/wordpress\/wp-json\/wp\/v2\/tags?post=2219"}],"curies":[{"name":"wp","href":"https:\/\/api.w.org\/{rel}","templated":true}]}}