{"id":2225,"date":"2015-05-02T22:04:37","date_gmt":"2015-05-02T20:04:37","guid":{"rendered":"http:\/\/www.jugendfussball-wendelstein.de\/wordpress\/?p=2225"},"modified":"2015-05-02T22:05:08","modified_gmt":"2015-05-02T20:05:08","slug":"pokalsieg-auf-kreisebene","status":"publish","type":"post","link":"https:\/\/www.jugendfussball-wendelstein.de\/wordpress\/pokalsieg-auf-kreisebene\/","title":{"rendered":"Baupokal &#8211; Turniersieg auf Kreisebene !"},"content":{"rendered":"<p>01.05.2015 : BFV Baupokal Endrunde Kreis Nmkt.\/Jura<\/p>\n<p>Halbfinale:<br \/>\nJFG Wendelstein : TSV Berching 6:0 (4:0)<\/p>\n<p>Finale:<br \/>\nJFG Wendelstein : JFG Franken-Jura 7:0 (4:0)<\/p>\n<p>Da ist das Ding!<\/p>\n<p>K\u00e4lte, Regen und eine lange Verletztenliste mit den fehlenden, wichtigen Spielern Noah, Nils, Tim Za.,Philipp und Luca hinderten die U15 der JFG Wendelstein nicht daran den Pokalsieg auf Kreisebene einzufahren. Die von Interimscoach Roland Andert perfekt eingestellte und hochmotivierte Truppe lie\u00df zu keinem Zeitpunkt Zweifel aufkommen, wem der Pokal im Jahr 2015 geh\u00f6rt! Im Halbfinale gegen den TSV Berching pr\u00e4sentierte unser Team Einbahnstrassenfussball. Die Angriffsbem\u00fchungen des unangefochtenen Tabellenf\u00fchrers der Kreisgruppe wurden bereits im Keim erstickt. Bei einer noch besseren Chancenverwertung h\u00e4tte sich der TSV Berching in dem 50 min\u00fctigen Spiel \u00fcber ein zweistelliges Ergebnis nicht beklagen k\u00f6nnen. Im Finale \u00fcber die volle Spielzeit wartete nun der Ligarivale JFG Franken-Jura. Bereits vor dem Spiel in der Kabine und beim Einlaufen war zu erkennen, da\u00df es heute nur einen Sieger geben wird. Nach dieser f\u00f6rmlich knisternden Spannung, Konzentration und Motivation legte unsere U15 los wie ein BMW M6 \ud83d\ude09 und entfesselte die volle PS Leistung. Die Jura-Franken kamen kaum zur Entlastung, w\u00e4hrend Wendelstein mit spielerisch gl\u00e4nzenden und zielstrebigen Angriffen \u00fcber die gesamte Distanz keinen Zentimeter Boden herschenkte! Bereits zur Halbzeit war die Messe gelesen. Keinesfalls verwaltend ging es auch im zweiten Durchgang nur in eine Spielrichtung, soda\u00df am Ende ein auch in dieser H\u00f6he verdienter Sieg in den B\u00fcchern stand. Damit haben sich unsere Jungs bei \u00fcber 2000 teilnehmenden Mannschaften aus ganz Bayern f\u00fcr das Entscheidungspiel im Bezirk Mittelfranken am 14.05.15 gegen den SC Eltersdorf qualifiziert und geh\u00f6ren bereits jetzt bayernweit zu den besten 48 Teams in diesem gr\u00f6\u00dften Jugendturnier Europas.<\/p>\n<p>Bei allem Lob sei nicht nur nebenbei erw\u00e4hnt, das diese volle PS Leistung in den n\u00e4chsten Liga- und Pokalspielen f\u00fcr weitere Erfolge unabdingbar ist!<\/p>\n<p>Herzlichen Gl\u00fcckwunsch Jungs ! Diesen Pokal widmen wir unseren derzeit verletzten und verhinderten Spielern Noah, Nils, Tim Za., Philipp und Luca und w\u00fcnschen weiterhin schnelle Genesung und viel Kraft. Wir brauchen euch !<\/p>\n","protected":false},"excerpt":{"rendered":"<p>01.05.2015 : BFV Baupokal Endrunde Kreis Nmkt.\/Jura Halbfinale: JFG Wendelstein : TSV Berching 6:0 (4:0) Finale: JFG Wendelstein : JFG Franken-Jura 7:0 (4:0) Da ist das Ding! K\u00e4lte, Regen und eine lange Verletztenliste mit den fehlenden, wichtigen Spielern Noah, Nils, Tim Za.,Philipp und Luca hinderten die U15 der JFG Wendelstein nicht daran den Pokalsieg auf [&hellip;]<\/p>\n","protected":false},"author":4,"featured_media":0,"comment_status":"closed","ping_status":"closed","sticky":false,"template":"","format":"standard","meta":{"saved_in_kubio":false,"footnotes":""},"categories":[2,16,17],"tags":[],"class_list":["post-2225","post","type-post","status-publish","format-standard","hentry","category-gf","category-spielbericht","category-u15"],"yoast_head":"<!-- This site is optimized with the Yoast SEO plugin v27.4 - https:\/\/yoast.com\/product\/yoast-seo-wordpress\/ -->\n<title>Baupokal - Turniersieg auf Kreisebene ! - JFG Wendelstein<\/title>\n<meta name=\"robots\" content=\"index, follow, max-snippet:-1, max-image-preview:large, max-video-preview:-1\" \/>\n<link rel=\"canonical\" href=\"https:\/\/www.jugendfussball-wendelstein.de\/wordpress\/pokalsieg-auf-kreisebene\/\" \/>\n<meta property=\"og:locale\" content=\"de_DE\" \/>\n<meta property=\"og:type\" content=\"article\" \/>\n<meta property=\"og:title\" content=\"Baupokal - Turniersieg auf Kreisebene ! - JFG Wendelstein\" \/>\n<meta property=\"og:description\" content=\"01.05.2015 : BFV Baupokal Endrunde Kreis Nmkt.\/Jura Halbfinale: JFG Wendelstein : TSV Berching 6:0 (4:0) Finale: JFG Wendelstein : JFG Franken-Jura 7:0 (4:0) Da ist das Ding! K\u00e4lte, Regen und eine lange Verletztenliste mit den fehlenden, wichtigen Spielern Noah, Nils, Tim Za.,Philipp und Luca hinderten die U15 der JFG Wendelstein nicht daran den Pokalsieg auf [&hellip;]\" \/>\n<meta property=\"og:url\" content=\"https:\/\/www.jugendfussball-wendelstein.de\/wordpress\/pokalsieg-auf-kreisebene\/\" \/>\n<meta property=\"og:site_name\" content=\"JFG Wendelstein\" \/>\n<meta property=\"article:published_time\" content=\"2015-05-02T20:04:37+00:00\" \/>\n<meta property=\"article:modified_time\" content=\"2015-05-02T20:05:08+00:00\" \/>\n<meta name=\"author\" content=\"Autor\" \/>\n<meta name=\"twitter:card\" content=\"summary_large_image\" \/>\n<meta name=\"twitter:label1\" content=\"Verfasst von\" \/>\n\t<meta name=\"twitter:data1\" content=\"Autor\" \/>\n\t<meta name=\"twitter:label2\" content=\"Gesch\u00e4tzte Lesezeit\" \/>\n\t<meta name=\"twitter:data2\" content=\"2\u00a0Minuten\" \/>\n<script type=\"application\/ld+json\" class=\"yoast-schema-graph\">{\"@context\":\"https:\\\/\\\/schema.org\",\"@graph\":[{\"@type\":\"Article\",\"@id\":\"https:\\\/\\\/www.jugendfussball-wendelstein.de\\\/wordpress\\\/pokalsieg-auf-kreisebene\\\/#article\",\"isPartOf\":{\"@id\":\"https:\\\/\\\/www.jugendfussball-wendelstein.de\\\/wordpress\\\/pokalsieg-auf-kreisebene\\\/\"},\"author\":{\"name\":\"Autor\",\"@id\":\"https:\\\/\\\/www.jugendfussball-wendelstein.de\\\/wordpress\\\/#\\\/schema\\\/person\\\/75aadcbd4be1b3af1c1d785397472bc9\"},\"headline\":\"Baupokal &#8211; Turniersieg auf Kreisebene !\",\"datePublished\":\"2015-05-02T20:04:37+00:00\",\"dateModified\":\"2015-05-02T20:05:08+00:00\",\"mainEntityOfPage\":{\"@id\":\"https:\\\/\\\/www.jugendfussball-wendelstein.de\\\/wordpress\\\/pokalsieg-auf-kreisebene\\\/\"},\"wordCount\":346,\"articleSection\":[\"Gro\u00dffeld\",\"Spielbericht\",\"U15\"],\"inLanguage\":\"de\"},{\"@type\":\"WebPage\",\"@id\":\"https:\\\/\\\/www.jugendfussball-wendelstein.de\\\/wordpress\\\/pokalsieg-auf-kreisebene\\\/\",\"url\":\"https:\\\/\\\/www.jugendfussball-wendelstein.de\\\/wordpress\\\/pokalsieg-auf-kreisebene\\\/\",\"name\":\"Baupokal - Turniersieg auf Kreisebene ! - JFG Wendelstein\",\"isPartOf\":{\"@id\":\"https:\\\/\\\/www.jugendfussball-wendelstein.de\\\/wordpress\\\/#website\"},\"datePublished\":\"2015-05-02T20:04:37+00:00\",\"dateModified\":\"2015-05-02T20:05:08+00:00\",\"author\":{\"@id\":\"https:\\\/\\\/www.jugendfussball-wendelstein.de\\\/wordpress\\\/#\\\/schema\\\/person\\\/75aadcbd4be1b3af1c1d785397472bc9\"},\"breadcrumb\":{\"@id\":\"https:\\\/\\\/www.jugendfussball-wendelstein.de\\\/wordpress\\\/pokalsieg-auf-kreisebene\\\/#breadcrumb\"},\"inLanguage\":\"de\",\"potentialAction\":[{\"@type\":\"ReadAction\",\"target\":[\"https:\\\/\\\/www.jugendfussball-wendelstein.de\\\/wordpress\\\/pokalsieg-auf-kreisebene\\\/\"]}]},{\"@type\":\"BreadcrumbList\",\"@id\":\"https:\\\/\\\/www.jugendfussball-wendelstein.de\\\/wordpress\\\/pokalsieg-auf-kreisebene\\\/#breadcrumb\",\"itemListElement\":[{\"@type\":\"ListItem\",\"position\":1,\"name\":\"Startseite\",\"item\":\"https:\\\/\\\/www.jugendfussball-wendelstein.de\\\/wordpress\\\/\"},{\"@type\":\"ListItem\",\"position\":2,\"name\":\"Baupokal &#8211; Turniersieg auf Kreisebene !\"}]},{\"@type\":\"WebSite\",\"@id\":\"https:\\\/\\\/www.jugendfussball-wendelstein.de\\\/wordpress\\\/#website\",\"url\":\"https:\\\/\\\/www.jugendfussball-wendelstein.de\\\/wordpress\\\/\",\"name\":\"JFG Wendelstein\",\"description\":\"Juniorenfu\u00dfball\",\"potentialAction\":[{\"@type\":\"SearchAction\",\"target\":{\"@type\":\"EntryPoint\",\"urlTemplate\":\"https:\\\/\\\/www.jugendfussball-wendelstein.de\\\/wordpress\\\/?s={search_term_string}\"},\"query-input\":{\"@type\":\"PropertyValueSpecification\",\"valueRequired\":true,\"valueName\":\"search_term_string\"}}],\"inLanguage\":\"de\"},{\"@type\":\"Person\",\"@id\":\"https:\\\/\\\/www.jugendfussball-wendelstein.de\\\/wordpress\\\/#\\\/schema\\\/person\\\/75aadcbd4be1b3af1c1d785397472bc9\",\"name\":\"Autor\",\"image\":{\"@type\":\"ImageObject\",\"inLanguage\":\"de\",\"@id\":\"https:\\\/\\\/secure.gravatar.com\\\/avatar\\\/01dd9b7f2dc8d635302f1c57c2289838e9fe288acd1c06c8f8ad332b8e2a60c9?s=96&d=mm&r=g\",\"url\":\"https:\\\/\\\/secure.gravatar.com\\\/avatar\\\/01dd9b7f2dc8d635302f1c57c2289838e9fe288acd1c06c8f8ad332b8e2a60c9?s=96&d=mm&r=g\",\"contentUrl\":\"https:\\\/\\\/secure.gravatar.com\\\/avatar\\\/01dd9b7f2dc8d635302f1c57c2289838e9fe288acd1c06c8f8ad332b8e2a60c9?s=96&d=mm&r=g\",\"caption\":\"Autor\"},\"url\":\"https:\\\/\\\/www.jugendfussball-wendelstein.de\\\/wordpress\\\/author\\\/autor\\\/\"}]}<\/script>\n<!-- \/ Yoast SEO plugin. -->","yoast_head_json":{"title":"Baupokal - Turniersieg auf Kreisebene ! - JFG Wendelstein","robots":{"index":"index","follow":"follow","max-snippet":"max-snippet:-1","max-image-preview":"max-image-preview:large","max-video-preview":"max-video-preview:-1"},"canonical":"https:\/\/www.jugendfussball-wendelstein.de\/wordpress\/pokalsieg-auf-kreisebene\/","og_locale":"de_DE","og_type":"article","og_title":"Baupokal - Turniersieg auf Kreisebene ! - JFG Wendelstein","og_description":"01.05.2015 : BFV Baupokal Endrunde Kreis Nmkt.\/Jura Halbfinale: JFG Wendelstein : TSV Berching 6:0 (4:0) Finale: JFG Wendelstein : JFG Franken-Jura 7:0 (4:0) Da ist das Ding! K\u00e4lte, Regen und eine lange Verletztenliste mit den fehlenden, wichtigen Spielern Noah, Nils, Tim Za.,Philipp und Luca hinderten die U15 der JFG Wendelstein nicht daran den Pokalsieg auf [&hellip;]","og_url":"https:\/\/www.jugendfussball-wendelstein.de\/wordpress\/pokalsieg-auf-kreisebene\/","og_site_name":"JFG Wendelstein","article_published_time":"2015-05-02T20:04:37+00:00","article_modified_time":"2015-05-02T20:05:08+00:00","author":"Autor","twitter_card":"summary_large_image","twitter_misc":{"Verfasst von":"Autor","Gesch\u00e4tzte Lesezeit":"2\u00a0Minuten"},"schema":{"@context":"https:\/\/schema.org","@graph":[{"@type":"Article","@id":"https:\/\/www.jugendfussball-wendelstein.de\/wordpress\/pokalsieg-auf-kreisebene\/#article","isPartOf":{"@id":"https:\/\/www.jugendfussball-wendelstein.de\/wordpress\/pokalsieg-auf-kreisebene\/"},"author":{"name":"Autor","@id":"https:\/\/www.jugendfussball-wendelstein.de\/wordpress\/#\/schema\/person\/75aadcbd4be1b3af1c1d785397472bc9"},"headline":"Baupokal &#8211; Turniersieg auf Kreisebene !","datePublished":"2015-05-02T20:04:37+00:00","dateModified":"2015-05-02T20:05:08+00:00","mainEntityOfPage":{"@id":"https:\/\/www.jugendfussball-wendelstein.de\/wordpress\/pokalsieg-auf-kreisebene\/"},"wordCount":346,"articleSection":["Gro\u00dffeld","Spielbericht","U15"],"inLanguage":"de"},{"@type":"WebPage","@id":"https:\/\/www.jugendfussball-wendelstein.de\/wordpress\/pokalsieg-auf-kreisebene\/","url":"https:\/\/www.jugendfussball-wendelstein.de\/wordpress\/pokalsieg-auf-kreisebene\/","name":"Baupokal - Turniersieg auf Kreisebene ! - JFG Wendelstein","isPartOf":{"@id":"https:\/\/www.jugendfussball-wendelstein.de\/wordpress\/#website"},"datePublished":"2015-05-02T20:04:37+00:00","dateModified":"2015-05-02T20:05:08+00:00","author":{"@id":"https:\/\/www.jugendfussball-wendelstein.de\/wordpress\/#\/schema\/person\/75aadcbd4be1b3af1c1d785397472bc9"},"breadcrumb":{"@id":"https:\/\/www.jugendfussball-wendelstein.de\/wordpress\/pokalsieg-auf-kreisebene\/#breadcrumb"},"inLanguage":"de","potentialAction":[{"@type":"ReadAction","target":["https:\/\/www.jugendfussball-wendelstein.de\/wordpress\/pokalsieg-auf-kreisebene\/"]}]},{"@type":"BreadcrumbList","@id":"https:\/\/www.jugendfussball-wendelstein.de\/wordpress\/pokalsieg-auf-kreisebene\/#breadcrumb","itemListElement":[{"@type":"ListItem","position":1,"name":"Startseite","item":"https:\/\/www.jugendfussball-wendelstein.de\/wordpress\/"},{"@type":"ListItem","position":2,"name":"Baupokal &#8211; Turniersieg auf Kreisebene !"}]},{"@type":"WebSite","@id":"https:\/\/www.jugendfussball-wendelstein.de\/wordpress\/#website","url":"https:\/\/www.jugendfussball-wendelstein.de\/wordpress\/","name":"JFG Wendelstein","description":"Juniorenfu\u00dfball","potentialAction":[{"@type":"SearchAction","target":{"@type":"EntryPoint","urlTemplate":"https:\/\/www.jugendfussball-wendelstein.de\/wordpress\/?s={search_term_string}"},"query-input":{"@type":"PropertyValueSpecification","valueRequired":true,"valueName":"search_term_string"}}],"inLanguage":"de"},{"@type":"Person","@id":"https:\/\/www.jugendfussball-wendelstein.de\/wordpress\/#\/schema\/person\/75aadcbd4be1b3af1c1d785397472bc9","name":"Autor","image":{"@type":"ImageObject","inLanguage":"de","@id":"https:\/\/secure.gravatar.com\/avatar\/01dd9b7f2dc8d635302f1c57c2289838e9fe288acd1c06c8f8ad332b8e2a60c9?s=96&d=mm&r=g","url":"https:\/\/secure.gravatar.com\/avatar\/01dd9b7f2dc8d635302f1c57c2289838e9fe288acd1c06c8f8ad332b8e2a60c9?s=96&d=mm&r=g","contentUrl":"https:\/\/secure.gravatar.com\/avatar\/01dd9b7f2dc8d635302f1c57c2289838e9fe288acd1c06c8f8ad332b8e2a60c9?s=96&d=mm&r=g","caption":"Autor"},"url":"https:\/\/www.jugendfussball-wendelstein.de\/wordpress\/author\/autor\/"}]}},"_links":{"self":[{"href":"https:\/\/www.jugendfussball-wendelstein.de\/wordpress\/wp-json\/wp\/v2\/posts\/2225","targetHints":{"allow":["GET"]}}],"collection":[{"href":"https:\/\/www.jugendfussball-wendelstein.de\/wordpress\/wp-json\/wp\/v2\/posts"}],"about":[{"href":"https:\/\/www.jugendfussball-wendelstein.de\/wordpress\/wp-json\/wp\/v2\/types\/post"}],"author":[{"embeddable":true,"href":"https:\/\/www.jugendfussball-wendelstein.de\/wordpress\/wp-json\/wp\/v2\/users\/4"}],"replies":[{"embeddable":true,"href":"https:\/\/www.jugendfussball-wendelstein.de\/wordpress\/wp-json\/wp\/v2\/comments?post=2225"}],"version-history":[{"count":0,"href":"https:\/\/www.jugendfussball-wendelstein.de\/wordpress\/wp-json\/wp\/v2\/posts\/2225\/revisions"}],"wp:attachment":[{"href":"https:\/\/www.jugendfussball-wendelstein.de\/wordpress\/wp-json\/wp\/v2\/media?parent=2225"}],"wp:term":[{"taxonomy":"category","embeddable":true,"href":"https:\/\/www.jugendfussball-wendelstein.de\/wordpress\/wp-json\/wp\/v2\/categories?post=2225"},{"taxonomy":"post_tag","embeddable":true,"href":"https:\/\/www.jugendfussball-wendelstein.de\/wordpress\/wp-json\/wp\/v2\/tags?post=2225"}],"curies":[{"name":"wp","href":"https:\/\/api.w.org\/{rel}","templated":true}]}}