{"id":2241,"date":"2015-05-09T21:53:10","date_gmt":"2015-05-09T19:53:10","guid":{"rendered":"http:\/\/www.jugendfussball-wendelstein.de\/wordpress\/?p=2241"},"modified":"2015-05-09T21:53:10","modified_gmt":"2015-05-09T19:53:10","slug":"fsv-erlangen-bruck-jfg-09","status":"publish","type":"post","link":"https:\/\/www.jugendfussball-wendelstein.de\/wordpress\/fsv-erlangen-bruck-jfg-09\/","title":{"rendered":"FSV Erlangen-Bruck &#8211; JFG  0:9"},"content":{"rendered":"<p>05.05.2015 : Das jahrgangsj\u00fcngere Team der Gastgeber versteckte sich zun\u00e4chst nicht. Mit einem sehr laufintensiven und aggressiven Pressing versuchten die FSV&#8217;ler den Spielaufbau des Spitzenreiters zu st\u00f6ren. Wendelstein fand zun\u00e4chst nicht den gewohnten Rythmus, da die Spielverlagerung und das &#8222;\u00fcberspielen&#8220; des Pressings der Gastgeber zu beh\u00e4big wirkte. Dennoch ergaben sich f\u00fcr die JFG zahlreiche, gute M\u00f6glichkeiten. Der starke Keeper des FSV Bruck verhinderte einiges &#8211; den Rest versemmelten unseren Jungs in fast schon gewohnter Manier. Nach dem Pausenwasser und einer geh\u00f6rigen Standpauke \u00fcber die m\u00f6glichen Folgen dieses fahrl\u00e4ssigen Auslassens bester Torchancen versch\u00e4rften die Blues das Tempo, die Passfrequenz, die Spielverlagerung und auch die Zielstrebigkeit. Bruck zollte dem unglaublichen Anfangstempo Tribut, zerfiel in dieser zweiten Halbzeit regelrecht und war nun \u00fcberfordert. Mit durchg\u00e4ngigem Highspeedfussball \u00fcberzeugte unsere U15 in dieser zweiten Halbzeit in vollem Umfang und erzielte einen standesgem\u00e4\u00dfen Sieg mit sehr sch\u00f6nen Toren.<\/p>\n<p>Herzlichen Gl\u00fcckwunsch, Jungs. Die n\u00e4chsten Aufgaben warten!<\/p>\n","protected":false},"excerpt":{"rendered":"<p>05.05.2015 : Das jahrgangsj\u00fcngere Team der Gastgeber versteckte sich zun\u00e4chst nicht. Mit einem sehr laufintensiven und aggressiven Pressing versuchten die FSV&#8217;ler den Spielaufbau des Spitzenreiters zu st\u00f6ren. Wendelstein fand zun\u00e4chst nicht den gewohnten Rythmus, da die Spielverlagerung und das &#8222;\u00fcberspielen&#8220; des Pressings der Gastgeber zu beh\u00e4big wirkte. Dennoch ergaben sich f\u00fcr die JFG zahlreiche, gute [&hellip;]<\/p>\n","protected":false},"author":4,"featured_media":0,"comment_status":"closed","ping_status":"closed","sticky":false,"template":"","format":"standard","meta":{"saved_in_kubio":false,"footnotes":""},"categories":[2,16,17],"tags":[],"class_list":["post-2241","post","type-post","status-publish","format-standard","hentry","category-gf","category-spielbericht","category-u15"],"yoast_head":"<!-- This site is optimized with the Yoast SEO plugin v27.4 - https:\/\/yoast.com\/product\/yoast-seo-wordpress\/ -->\n<title>FSV Erlangen-Bruck - JFG 0:9 - JFG Wendelstein<\/title>\n<meta name=\"robots\" content=\"index, follow, max-snippet:-1, max-image-preview:large, max-video-preview:-1\" \/>\n<link rel=\"canonical\" href=\"https:\/\/www.jugendfussball-wendelstein.de\/wordpress\/fsv-erlangen-bruck-jfg-09\/\" \/>\n<meta property=\"og:locale\" content=\"de_DE\" \/>\n<meta property=\"og:type\" content=\"article\" \/>\n<meta property=\"og:title\" content=\"FSV Erlangen-Bruck - JFG 0:9 - JFG Wendelstein\" \/>\n<meta property=\"og:description\" content=\"05.05.2015 : Das jahrgangsj\u00fcngere Team der Gastgeber versteckte sich zun\u00e4chst nicht. Mit einem sehr laufintensiven und aggressiven Pressing versuchten die FSV&#8217;ler den Spielaufbau des Spitzenreiters zu st\u00f6ren. Wendelstein fand zun\u00e4chst nicht den gewohnten Rythmus, da die Spielverlagerung und das &#8222;\u00fcberspielen&#8220; des Pressings der Gastgeber zu beh\u00e4big wirkte. Dennoch ergaben sich f\u00fcr die JFG zahlreiche, gute [&hellip;]\" \/>\n<meta property=\"og:url\" content=\"https:\/\/www.jugendfussball-wendelstein.de\/wordpress\/fsv-erlangen-bruck-jfg-09\/\" \/>\n<meta property=\"og:site_name\" content=\"JFG Wendelstein\" \/>\n<meta property=\"article:published_time\" content=\"2015-05-09T19:53:10+00:00\" \/>\n<meta name=\"author\" content=\"Autor\" \/>\n<meta name=\"twitter:card\" content=\"summary_large_image\" \/>\n<meta name=\"twitter:label1\" content=\"Verfasst von\" \/>\n\t<meta name=\"twitter:data1\" content=\"Autor\" \/>\n\t<meta name=\"twitter:label2\" content=\"Gesch\u00e4tzte Lesezeit\" \/>\n\t<meta name=\"twitter:data2\" content=\"1\u00a0Minute\" \/>\n<script type=\"application\/ld+json\" class=\"yoast-schema-graph\">{\"@context\":\"https:\\\/\\\/schema.org\",\"@graph\":[{\"@type\":\"Article\",\"@id\":\"https:\\\/\\\/www.jugendfussball-wendelstein.de\\\/wordpress\\\/fsv-erlangen-bruck-jfg-09\\\/#article\",\"isPartOf\":{\"@id\":\"https:\\\/\\\/www.jugendfussball-wendelstein.de\\\/wordpress\\\/fsv-erlangen-bruck-jfg-09\\\/\"},\"author\":{\"name\":\"Autor\",\"@id\":\"https:\\\/\\\/www.jugendfussball-wendelstein.de\\\/wordpress\\\/#\\\/schema\\\/person\\\/75aadcbd4be1b3af1c1d785397472bc9\"},\"headline\":\"FSV Erlangen-Bruck &#8211; JFG 0:9\",\"datePublished\":\"2015-05-09T19:53:10+00:00\",\"mainEntityOfPage\":{\"@id\":\"https:\\\/\\\/www.jugendfussball-wendelstein.de\\\/wordpress\\\/fsv-erlangen-bruck-jfg-09\\\/\"},\"wordCount\":168,\"articleSection\":[\"Gro\u00dffeld\",\"Spielbericht\",\"U15\"],\"inLanguage\":\"de\"},{\"@type\":\"WebPage\",\"@id\":\"https:\\\/\\\/www.jugendfussball-wendelstein.de\\\/wordpress\\\/fsv-erlangen-bruck-jfg-09\\\/\",\"url\":\"https:\\\/\\\/www.jugendfussball-wendelstein.de\\\/wordpress\\\/fsv-erlangen-bruck-jfg-09\\\/\",\"name\":\"FSV Erlangen-Bruck - JFG 0:9 - JFG Wendelstein\",\"isPartOf\":{\"@id\":\"https:\\\/\\\/www.jugendfussball-wendelstein.de\\\/wordpress\\\/#website\"},\"datePublished\":\"2015-05-09T19:53:10+00:00\",\"author\":{\"@id\":\"https:\\\/\\\/www.jugendfussball-wendelstein.de\\\/wordpress\\\/#\\\/schema\\\/person\\\/75aadcbd4be1b3af1c1d785397472bc9\"},\"breadcrumb\":{\"@id\":\"https:\\\/\\\/www.jugendfussball-wendelstein.de\\\/wordpress\\\/fsv-erlangen-bruck-jfg-09\\\/#breadcrumb\"},\"inLanguage\":\"de\",\"potentialAction\":[{\"@type\":\"ReadAction\",\"target\":[\"https:\\\/\\\/www.jugendfussball-wendelstein.de\\\/wordpress\\\/fsv-erlangen-bruck-jfg-09\\\/\"]}]},{\"@type\":\"BreadcrumbList\",\"@id\":\"https:\\\/\\\/www.jugendfussball-wendelstein.de\\\/wordpress\\\/fsv-erlangen-bruck-jfg-09\\\/#breadcrumb\",\"itemListElement\":[{\"@type\":\"ListItem\",\"position\":1,\"name\":\"Startseite\",\"item\":\"https:\\\/\\\/www.jugendfussball-wendelstein.de\\\/wordpress\\\/\"},{\"@type\":\"ListItem\",\"position\":2,\"name\":\"FSV Erlangen-Bruck &#8211; JFG 0:9\"}]},{\"@type\":\"WebSite\",\"@id\":\"https:\\\/\\\/www.jugendfussball-wendelstein.de\\\/wordpress\\\/#website\",\"url\":\"https:\\\/\\\/www.jugendfussball-wendelstein.de\\\/wordpress\\\/\",\"name\":\"JFG Wendelstein\",\"description\":\"Juniorenfu\u00dfball\",\"potentialAction\":[{\"@type\":\"SearchAction\",\"target\":{\"@type\":\"EntryPoint\",\"urlTemplate\":\"https:\\\/\\\/www.jugendfussball-wendelstein.de\\\/wordpress\\\/?s={search_term_string}\"},\"query-input\":{\"@type\":\"PropertyValueSpecification\",\"valueRequired\":true,\"valueName\":\"search_term_string\"}}],\"inLanguage\":\"de\"},{\"@type\":\"Person\",\"@id\":\"https:\\\/\\\/www.jugendfussball-wendelstein.de\\\/wordpress\\\/#\\\/schema\\\/person\\\/75aadcbd4be1b3af1c1d785397472bc9\",\"name\":\"Autor\",\"image\":{\"@type\":\"ImageObject\",\"inLanguage\":\"de\",\"@id\":\"https:\\\/\\\/secure.gravatar.com\\\/avatar\\\/01dd9b7f2dc8d635302f1c57c2289838e9fe288acd1c06c8f8ad332b8e2a60c9?s=96&d=mm&r=g\",\"url\":\"https:\\\/\\\/secure.gravatar.com\\\/avatar\\\/01dd9b7f2dc8d635302f1c57c2289838e9fe288acd1c06c8f8ad332b8e2a60c9?s=96&d=mm&r=g\",\"contentUrl\":\"https:\\\/\\\/secure.gravatar.com\\\/avatar\\\/01dd9b7f2dc8d635302f1c57c2289838e9fe288acd1c06c8f8ad332b8e2a60c9?s=96&d=mm&r=g\",\"caption\":\"Autor\"},\"url\":\"https:\\\/\\\/www.jugendfussball-wendelstein.de\\\/wordpress\\\/author\\\/autor\\\/\"}]}<\/script>\n<!-- \/ Yoast SEO plugin. -->","yoast_head_json":{"title":"FSV Erlangen-Bruck - JFG 0:9 - JFG Wendelstein","robots":{"index":"index","follow":"follow","max-snippet":"max-snippet:-1","max-image-preview":"max-image-preview:large","max-video-preview":"max-video-preview:-1"},"canonical":"https:\/\/www.jugendfussball-wendelstein.de\/wordpress\/fsv-erlangen-bruck-jfg-09\/","og_locale":"de_DE","og_type":"article","og_title":"FSV Erlangen-Bruck - JFG 0:9 - JFG Wendelstein","og_description":"05.05.2015 : Das jahrgangsj\u00fcngere Team der Gastgeber versteckte sich zun\u00e4chst nicht. Mit einem sehr laufintensiven und aggressiven Pressing versuchten die FSV&#8217;ler den Spielaufbau des Spitzenreiters zu st\u00f6ren. Wendelstein fand zun\u00e4chst nicht den gewohnten Rythmus, da die Spielverlagerung und das &#8222;\u00fcberspielen&#8220; des Pressings der Gastgeber zu beh\u00e4big wirkte. Dennoch ergaben sich f\u00fcr die JFG zahlreiche, gute [&hellip;]","og_url":"https:\/\/www.jugendfussball-wendelstein.de\/wordpress\/fsv-erlangen-bruck-jfg-09\/","og_site_name":"JFG Wendelstein","article_published_time":"2015-05-09T19:53:10+00:00","author":"Autor","twitter_card":"summary_large_image","twitter_misc":{"Verfasst von":"Autor","Gesch\u00e4tzte Lesezeit":"1\u00a0Minute"},"schema":{"@context":"https:\/\/schema.org","@graph":[{"@type":"Article","@id":"https:\/\/www.jugendfussball-wendelstein.de\/wordpress\/fsv-erlangen-bruck-jfg-09\/#article","isPartOf":{"@id":"https:\/\/www.jugendfussball-wendelstein.de\/wordpress\/fsv-erlangen-bruck-jfg-09\/"},"author":{"name":"Autor","@id":"https:\/\/www.jugendfussball-wendelstein.de\/wordpress\/#\/schema\/person\/75aadcbd4be1b3af1c1d785397472bc9"},"headline":"FSV Erlangen-Bruck &#8211; JFG 0:9","datePublished":"2015-05-09T19:53:10+00:00","mainEntityOfPage":{"@id":"https:\/\/www.jugendfussball-wendelstein.de\/wordpress\/fsv-erlangen-bruck-jfg-09\/"},"wordCount":168,"articleSection":["Gro\u00dffeld","Spielbericht","U15"],"inLanguage":"de"},{"@type":"WebPage","@id":"https:\/\/www.jugendfussball-wendelstein.de\/wordpress\/fsv-erlangen-bruck-jfg-09\/","url":"https:\/\/www.jugendfussball-wendelstein.de\/wordpress\/fsv-erlangen-bruck-jfg-09\/","name":"FSV Erlangen-Bruck - JFG 0:9 - JFG Wendelstein","isPartOf":{"@id":"https:\/\/www.jugendfussball-wendelstein.de\/wordpress\/#website"},"datePublished":"2015-05-09T19:53:10+00:00","author":{"@id":"https:\/\/www.jugendfussball-wendelstein.de\/wordpress\/#\/schema\/person\/75aadcbd4be1b3af1c1d785397472bc9"},"breadcrumb":{"@id":"https:\/\/www.jugendfussball-wendelstein.de\/wordpress\/fsv-erlangen-bruck-jfg-09\/#breadcrumb"},"inLanguage":"de","potentialAction":[{"@type":"ReadAction","target":["https:\/\/www.jugendfussball-wendelstein.de\/wordpress\/fsv-erlangen-bruck-jfg-09\/"]}]},{"@type":"BreadcrumbList","@id":"https:\/\/www.jugendfussball-wendelstein.de\/wordpress\/fsv-erlangen-bruck-jfg-09\/#breadcrumb","itemListElement":[{"@type":"ListItem","position":1,"name":"Startseite","item":"https:\/\/www.jugendfussball-wendelstein.de\/wordpress\/"},{"@type":"ListItem","position":2,"name":"FSV Erlangen-Bruck &#8211; JFG 0:9"}]},{"@type":"WebSite","@id":"https:\/\/www.jugendfussball-wendelstein.de\/wordpress\/#website","url":"https:\/\/www.jugendfussball-wendelstein.de\/wordpress\/","name":"JFG Wendelstein","description":"Juniorenfu\u00dfball","potentialAction":[{"@type":"SearchAction","target":{"@type":"EntryPoint","urlTemplate":"https:\/\/www.jugendfussball-wendelstein.de\/wordpress\/?s={search_term_string}"},"query-input":{"@type":"PropertyValueSpecification","valueRequired":true,"valueName":"search_term_string"}}],"inLanguage":"de"},{"@type":"Person","@id":"https:\/\/www.jugendfussball-wendelstein.de\/wordpress\/#\/schema\/person\/75aadcbd4be1b3af1c1d785397472bc9","name":"Autor","image":{"@type":"ImageObject","inLanguage":"de","@id":"https:\/\/secure.gravatar.com\/avatar\/01dd9b7f2dc8d635302f1c57c2289838e9fe288acd1c06c8f8ad332b8e2a60c9?s=96&d=mm&r=g","url":"https:\/\/secure.gravatar.com\/avatar\/01dd9b7f2dc8d635302f1c57c2289838e9fe288acd1c06c8f8ad332b8e2a60c9?s=96&d=mm&r=g","contentUrl":"https:\/\/secure.gravatar.com\/avatar\/01dd9b7f2dc8d635302f1c57c2289838e9fe288acd1c06c8f8ad332b8e2a60c9?s=96&d=mm&r=g","caption":"Autor"},"url":"https:\/\/www.jugendfussball-wendelstein.de\/wordpress\/author\/autor\/"}]}},"_links":{"self":[{"href":"https:\/\/www.jugendfussball-wendelstein.de\/wordpress\/wp-json\/wp\/v2\/posts\/2241","targetHints":{"allow":["GET"]}}],"collection":[{"href":"https:\/\/www.jugendfussball-wendelstein.de\/wordpress\/wp-json\/wp\/v2\/posts"}],"about":[{"href":"https:\/\/www.jugendfussball-wendelstein.de\/wordpress\/wp-json\/wp\/v2\/types\/post"}],"author":[{"embeddable":true,"href":"https:\/\/www.jugendfussball-wendelstein.de\/wordpress\/wp-json\/wp\/v2\/users\/4"}],"replies":[{"embeddable":true,"href":"https:\/\/www.jugendfussball-wendelstein.de\/wordpress\/wp-json\/wp\/v2\/comments?post=2241"}],"version-history":[{"count":0,"href":"https:\/\/www.jugendfussball-wendelstein.de\/wordpress\/wp-json\/wp\/v2\/posts\/2241\/revisions"}],"wp:attachment":[{"href":"https:\/\/www.jugendfussball-wendelstein.de\/wordpress\/wp-json\/wp\/v2\/media?parent=2241"}],"wp:term":[{"taxonomy":"category","embeddable":true,"href":"https:\/\/www.jugendfussball-wendelstein.de\/wordpress\/wp-json\/wp\/v2\/categories?post=2241"},{"taxonomy":"post_tag","embeddable":true,"href":"https:\/\/www.jugendfussball-wendelstein.de\/wordpress\/wp-json\/wp\/v2\/tags?post=2241"}],"curies":[{"name":"wp","href":"https:\/\/api.w.org\/{rel}","templated":true}]}}