{"id":2248,"date":"2015-05-11T13:15:01","date_gmt":"2015-05-11T11:15:01","guid":{"rendered":"http:\/\/www.jugendfussball-wendelstein.de\/wordpress\/?p=2248"},"modified":"2015-05-11T13:15:01","modified_gmt":"2015-05-11T11:15:01","slug":"jfg-tv-48-schwabach-20","status":"publish","type":"post","link":"https:\/\/www.jugendfussball-wendelstein.de\/wordpress\/jfg-tv-48-schwabach-20\/","title":{"rendered":"JFG &#8211; TV 48 Schwabach  2:0"},"content":{"rendered":"<p>09.05.15 : Heimsieg gegen den TV 48 Schwabach<br \/>\nAn diesem Samstag stand die schwer Aufgabe gegen den Tabellennachbarn aus Schwabach bevor. Mit einem Sieg konnten sich die 03er ein Polster von 7 Punkten Vorsprung auf Platz F\u00fcnf erspielen.<br \/>\nWichtig um das geplante Saisonziel zu erreichen. Dementsprechend war die taktische Ausrichtung und die Mannschaftssitzung vor dem Spiel aufgebaut. Bewusst wurde von einem \u201eWunder\u201c gesprochen was aber eher mit einem Spieler zu tun hatte\u2026<\/p>\n<p>Mutig und bis zu den Haarspitzen motiviert gingen die Blues in das Spiel. Auch die 4 Ausf\u00e4lle wurden sehr gut kompensiert. Es entwickelte sich ein Spiel auf ein Tor. Schwabach versuchte sein Gl\u00fcck mit langen B\u00e4llen welche aber von der guten Defensive der Wendelsteiner abgefangen und in einen direkten Gegenangriff verwandelt wurden. Leider verpassten die Kicker aus Wendelstein in der ersten H\u00e4lfte die M\u00f6glichkeiten auf die F\u00fchrung. Der Doppelsturm konnte selbst beste M\u00f6glichkeiten nicht verwerten. Somit ging es mit dem, f\u00fcr die G\u00e4ste schmeichelhaften, 0:0 in die Pause.<\/p>\n<p>Hier gab es f\u00fcr die Trainer der 03er nicht viel zu sagen und auch nichts zu ver\u00e4ndern. Nach kurzer Verschnaufpause standen die neun Kicker wieder auf dem Platz und warteten auf den Schiedsrichter.<\/p>\n<p>Klasse kn\u00fcpften die Blues an der Leistung der ersten 30 Minuten an und dr\u00fcckten auf den F\u00fchrungstreffer. Jedoch kam nun auch der Gegner zu guten M\u00f6glichkeiten da langsam die Konzentration der 03er nachlie\u00df. Es entwickelte sich ein offener Schlagabtausch in den in der 54 Minute das 1:0 fiel. Nach sehenswerter Vorarbeit des rechten Fl\u00fcgelspielers der JFG, der einen Gegenspieler stehen lie\u00df und musterg\u00fcltig auf den, 6 Minuten davor eingewechselten St\u00fcrmer, flankte.<br \/>\nWeiter ging der Schlagabtausch. Die Blues mussten den rechten Au\u00dfenbahnspieler wechseln da dieser \u00fcber 40 Minuten Vollgas gegeben hatte. Eine Auswechslung nach Ma\u00df. Der frische Spieler auf der Au\u00dfenbahn lie\u00df nach sch\u00f6ner Kombination aus dem Zentrum dem Abwehrspieler keine Chance und flankte pr\u00e4zise in die Mitte. Hier nahm das \u201eWunder\u201c seinen Lauf und es stand 3 Minuten vor Schluss 2:0.<\/p>\n<p>Eine super Leistung der Blues gegen die jahrgangs\u00e4lteren Jungs aus Schwabach. Ein wichtiger \u201eDreier\u201c im Kampf um Platz 4 in der Kreisklasse.<br \/>\nErw\u00e4hnenswert ist, dass Spieler die 48 bzw. 55 Minuten auf der Bank sa\u00dfen, nicht meckerten sondern ihren Frust durch Leistung freien Lauf lie\u00dfen und ein Tor machten und eines vorbereiteten. So zeigt man den Trainern was Sache ist\u2026<\/p>\n","protected":false},"excerpt":{"rendered":"<p>09.05.15 : Heimsieg gegen den TV 48 Schwabach An diesem Samstag stand die schwer Aufgabe gegen den Tabellennachbarn aus Schwabach bevor. Mit einem Sieg konnten sich die 03er ein Polster von 7 Punkten Vorsprung auf Platz F\u00fcnf erspielen. Wichtig um das geplante Saisonziel zu erreichen. Dementsprechend war die taktische Ausrichtung und die Mannschaftssitzung vor dem [&hellip;]<\/p>\n","protected":false},"author":4,"featured_media":0,"comment_status":"closed","ping_status":"closed","sticky":false,"template":"","format":"standard","meta":{"saved_in_kubio":false,"footnotes":""},"categories":[2,16,9],"tags":[],"class_list":["post-2248","post","type-post","status-publish","format-standard","hentry","category-gf","category-spielbericht","category-u12"],"yoast_head":"<!-- This site is optimized with the Yoast SEO plugin v27.4 - https:\/\/yoast.com\/product\/yoast-seo-wordpress\/ -->\n<title>JFG - TV 48 Schwabach 2:0 - JFG Wendelstein<\/title>\n<meta name=\"robots\" content=\"index, follow, max-snippet:-1, max-image-preview:large, max-video-preview:-1\" \/>\n<link rel=\"canonical\" href=\"https:\/\/www.jugendfussball-wendelstein.de\/wordpress\/jfg-tv-48-schwabach-20\/\" \/>\n<meta property=\"og:locale\" content=\"de_DE\" \/>\n<meta property=\"og:type\" content=\"article\" \/>\n<meta property=\"og:title\" content=\"JFG - TV 48 Schwabach 2:0 - JFG Wendelstein\" \/>\n<meta property=\"og:description\" content=\"09.05.15 : Heimsieg gegen den TV 48 Schwabach An diesem Samstag stand die schwer Aufgabe gegen den Tabellennachbarn aus Schwabach bevor. Mit einem Sieg konnten sich die 03er ein Polster von 7 Punkten Vorsprung auf Platz F\u00fcnf erspielen. Wichtig um das geplante Saisonziel zu erreichen. Dementsprechend war die taktische Ausrichtung und die Mannschaftssitzung vor dem [&hellip;]\" \/>\n<meta property=\"og:url\" content=\"https:\/\/www.jugendfussball-wendelstein.de\/wordpress\/jfg-tv-48-schwabach-20\/\" \/>\n<meta property=\"og:site_name\" content=\"JFG Wendelstein\" \/>\n<meta property=\"article:published_time\" content=\"2015-05-11T11:15:01+00:00\" \/>\n<meta name=\"author\" content=\"Autor\" \/>\n<meta name=\"twitter:card\" content=\"summary_large_image\" \/>\n<meta name=\"twitter:label1\" content=\"Verfasst von\" \/>\n\t<meta name=\"twitter:data1\" content=\"Autor\" \/>\n\t<meta name=\"twitter:label2\" content=\"Gesch\u00e4tzte Lesezeit\" \/>\n\t<meta name=\"twitter:data2\" content=\"2\u00a0Minuten\" \/>\n<script type=\"application\/ld+json\" class=\"yoast-schema-graph\">{\"@context\":\"https:\\\/\\\/schema.org\",\"@graph\":[{\"@type\":\"Article\",\"@id\":\"https:\\\/\\\/www.jugendfussball-wendelstein.de\\\/wordpress\\\/jfg-tv-48-schwabach-20\\\/#article\",\"isPartOf\":{\"@id\":\"https:\\\/\\\/www.jugendfussball-wendelstein.de\\\/wordpress\\\/jfg-tv-48-schwabach-20\\\/\"},\"author\":{\"name\":\"Autor\",\"@id\":\"https:\\\/\\\/www.jugendfussball-wendelstein.de\\\/wordpress\\\/#\\\/schema\\\/person\\\/75aadcbd4be1b3af1c1d785397472bc9\"},\"headline\":\"JFG &#8211; TV 48 Schwabach 2:0\",\"datePublished\":\"2015-05-11T11:15:01+00:00\",\"mainEntityOfPage\":{\"@id\":\"https:\\\/\\\/www.jugendfussball-wendelstein.de\\\/wordpress\\\/jfg-tv-48-schwabach-20\\\/\"},\"wordCount\":399,\"articleSection\":[\"Gro\u00dffeld\",\"Spielbericht\",\"U12\"],\"inLanguage\":\"de\"},{\"@type\":\"WebPage\",\"@id\":\"https:\\\/\\\/www.jugendfussball-wendelstein.de\\\/wordpress\\\/jfg-tv-48-schwabach-20\\\/\",\"url\":\"https:\\\/\\\/www.jugendfussball-wendelstein.de\\\/wordpress\\\/jfg-tv-48-schwabach-20\\\/\",\"name\":\"JFG - TV 48 Schwabach 2:0 - JFG Wendelstein\",\"isPartOf\":{\"@id\":\"https:\\\/\\\/www.jugendfussball-wendelstein.de\\\/wordpress\\\/#website\"},\"datePublished\":\"2015-05-11T11:15:01+00:00\",\"author\":{\"@id\":\"https:\\\/\\\/www.jugendfussball-wendelstein.de\\\/wordpress\\\/#\\\/schema\\\/person\\\/75aadcbd4be1b3af1c1d785397472bc9\"},\"breadcrumb\":{\"@id\":\"https:\\\/\\\/www.jugendfussball-wendelstein.de\\\/wordpress\\\/jfg-tv-48-schwabach-20\\\/#breadcrumb\"},\"inLanguage\":\"de\",\"potentialAction\":[{\"@type\":\"ReadAction\",\"target\":[\"https:\\\/\\\/www.jugendfussball-wendelstein.de\\\/wordpress\\\/jfg-tv-48-schwabach-20\\\/\"]}]},{\"@type\":\"BreadcrumbList\",\"@id\":\"https:\\\/\\\/www.jugendfussball-wendelstein.de\\\/wordpress\\\/jfg-tv-48-schwabach-20\\\/#breadcrumb\",\"itemListElement\":[{\"@type\":\"ListItem\",\"position\":1,\"name\":\"Startseite\",\"item\":\"https:\\\/\\\/www.jugendfussball-wendelstein.de\\\/wordpress\\\/\"},{\"@type\":\"ListItem\",\"position\":2,\"name\":\"JFG &#8211; TV 48 Schwabach 2:0\"}]},{\"@type\":\"WebSite\",\"@id\":\"https:\\\/\\\/www.jugendfussball-wendelstein.de\\\/wordpress\\\/#website\",\"url\":\"https:\\\/\\\/www.jugendfussball-wendelstein.de\\\/wordpress\\\/\",\"name\":\"JFG Wendelstein\",\"description\":\"Juniorenfu\u00dfball\",\"potentialAction\":[{\"@type\":\"SearchAction\",\"target\":{\"@type\":\"EntryPoint\",\"urlTemplate\":\"https:\\\/\\\/www.jugendfussball-wendelstein.de\\\/wordpress\\\/?s={search_term_string}\"},\"query-input\":{\"@type\":\"PropertyValueSpecification\",\"valueRequired\":true,\"valueName\":\"search_term_string\"}}],\"inLanguage\":\"de\"},{\"@type\":\"Person\",\"@id\":\"https:\\\/\\\/www.jugendfussball-wendelstein.de\\\/wordpress\\\/#\\\/schema\\\/person\\\/75aadcbd4be1b3af1c1d785397472bc9\",\"name\":\"Autor\",\"image\":{\"@type\":\"ImageObject\",\"inLanguage\":\"de\",\"@id\":\"https:\\\/\\\/secure.gravatar.com\\\/avatar\\\/01dd9b7f2dc8d635302f1c57c2289838e9fe288acd1c06c8f8ad332b8e2a60c9?s=96&d=mm&r=g\",\"url\":\"https:\\\/\\\/secure.gravatar.com\\\/avatar\\\/01dd9b7f2dc8d635302f1c57c2289838e9fe288acd1c06c8f8ad332b8e2a60c9?s=96&d=mm&r=g\",\"contentUrl\":\"https:\\\/\\\/secure.gravatar.com\\\/avatar\\\/01dd9b7f2dc8d635302f1c57c2289838e9fe288acd1c06c8f8ad332b8e2a60c9?s=96&d=mm&r=g\",\"caption\":\"Autor\"},\"url\":\"https:\\\/\\\/www.jugendfussball-wendelstein.de\\\/wordpress\\\/author\\\/autor\\\/\"}]}<\/script>\n<!-- \/ Yoast SEO plugin. -->","yoast_head_json":{"title":"JFG - TV 48 Schwabach 2:0 - JFG Wendelstein","robots":{"index":"index","follow":"follow","max-snippet":"max-snippet:-1","max-image-preview":"max-image-preview:large","max-video-preview":"max-video-preview:-1"},"canonical":"https:\/\/www.jugendfussball-wendelstein.de\/wordpress\/jfg-tv-48-schwabach-20\/","og_locale":"de_DE","og_type":"article","og_title":"JFG - TV 48 Schwabach 2:0 - JFG Wendelstein","og_description":"09.05.15 : Heimsieg gegen den TV 48 Schwabach An diesem Samstag stand die schwer Aufgabe gegen den Tabellennachbarn aus Schwabach bevor. Mit einem Sieg konnten sich die 03er ein Polster von 7 Punkten Vorsprung auf Platz F\u00fcnf erspielen. Wichtig um das geplante Saisonziel zu erreichen. Dementsprechend war die taktische Ausrichtung und die Mannschaftssitzung vor dem [&hellip;]","og_url":"https:\/\/www.jugendfussball-wendelstein.de\/wordpress\/jfg-tv-48-schwabach-20\/","og_site_name":"JFG Wendelstein","article_published_time":"2015-05-11T11:15:01+00:00","author":"Autor","twitter_card":"summary_large_image","twitter_misc":{"Verfasst von":"Autor","Gesch\u00e4tzte Lesezeit":"2\u00a0Minuten"},"schema":{"@context":"https:\/\/schema.org","@graph":[{"@type":"Article","@id":"https:\/\/www.jugendfussball-wendelstein.de\/wordpress\/jfg-tv-48-schwabach-20\/#article","isPartOf":{"@id":"https:\/\/www.jugendfussball-wendelstein.de\/wordpress\/jfg-tv-48-schwabach-20\/"},"author":{"name":"Autor","@id":"https:\/\/www.jugendfussball-wendelstein.de\/wordpress\/#\/schema\/person\/75aadcbd4be1b3af1c1d785397472bc9"},"headline":"JFG &#8211; TV 48 Schwabach 2:0","datePublished":"2015-05-11T11:15:01+00:00","mainEntityOfPage":{"@id":"https:\/\/www.jugendfussball-wendelstein.de\/wordpress\/jfg-tv-48-schwabach-20\/"},"wordCount":399,"articleSection":["Gro\u00dffeld","Spielbericht","U12"],"inLanguage":"de"},{"@type":"WebPage","@id":"https:\/\/www.jugendfussball-wendelstein.de\/wordpress\/jfg-tv-48-schwabach-20\/","url":"https:\/\/www.jugendfussball-wendelstein.de\/wordpress\/jfg-tv-48-schwabach-20\/","name":"JFG - TV 48 Schwabach 2:0 - JFG Wendelstein","isPartOf":{"@id":"https:\/\/www.jugendfussball-wendelstein.de\/wordpress\/#website"},"datePublished":"2015-05-11T11:15:01+00:00","author":{"@id":"https:\/\/www.jugendfussball-wendelstein.de\/wordpress\/#\/schema\/person\/75aadcbd4be1b3af1c1d785397472bc9"},"breadcrumb":{"@id":"https:\/\/www.jugendfussball-wendelstein.de\/wordpress\/jfg-tv-48-schwabach-20\/#breadcrumb"},"inLanguage":"de","potentialAction":[{"@type":"ReadAction","target":["https:\/\/www.jugendfussball-wendelstein.de\/wordpress\/jfg-tv-48-schwabach-20\/"]}]},{"@type":"BreadcrumbList","@id":"https:\/\/www.jugendfussball-wendelstein.de\/wordpress\/jfg-tv-48-schwabach-20\/#breadcrumb","itemListElement":[{"@type":"ListItem","position":1,"name":"Startseite","item":"https:\/\/www.jugendfussball-wendelstein.de\/wordpress\/"},{"@type":"ListItem","position":2,"name":"JFG &#8211; TV 48 Schwabach 2:0"}]},{"@type":"WebSite","@id":"https:\/\/www.jugendfussball-wendelstein.de\/wordpress\/#website","url":"https:\/\/www.jugendfussball-wendelstein.de\/wordpress\/","name":"JFG Wendelstein","description":"Juniorenfu\u00dfball","potentialAction":[{"@type":"SearchAction","target":{"@type":"EntryPoint","urlTemplate":"https:\/\/www.jugendfussball-wendelstein.de\/wordpress\/?s={search_term_string}"},"query-input":{"@type":"PropertyValueSpecification","valueRequired":true,"valueName":"search_term_string"}}],"inLanguage":"de"},{"@type":"Person","@id":"https:\/\/www.jugendfussball-wendelstein.de\/wordpress\/#\/schema\/person\/75aadcbd4be1b3af1c1d785397472bc9","name":"Autor","image":{"@type":"ImageObject","inLanguage":"de","@id":"https:\/\/secure.gravatar.com\/avatar\/01dd9b7f2dc8d635302f1c57c2289838e9fe288acd1c06c8f8ad332b8e2a60c9?s=96&d=mm&r=g","url":"https:\/\/secure.gravatar.com\/avatar\/01dd9b7f2dc8d635302f1c57c2289838e9fe288acd1c06c8f8ad332b8e2a60c9?s=96&d=mm&r=g","contentUrl":"https:\/\/secure.gravatar.com\/avatar\/01dd9b7f2dc8d635302f1c57c2289838e9fe288acd1c06c8f8ad332b8e2a60c9?s=96&d=mm&r=g","caption":"Autor"},"url":"https:\/\/www.jugendfussball-wendelstein.de\/wordpress\/author\/autor\/"}]}},"_links":{"self":[{"href":"https:\/\/www.jugendfussball-wendelstein.de\/wordpress\/wp-json\/wp\/v2\/posts\/2248","targetHints":{"allow":["GET"]}}],"collection":[{"href":"https:\/\/www.jugendfussball-wendelstein.de\/wordpress\/wp-json\/wp\/v2\/posts"}],"about":[{"href":"https:\/\/www.jugendfussball-wendelstein.de\/wordpress\/wp-json\/wp\/v2\/types\/post"}],"author":[{"embeddable":true,"href":"https:\/\/www.jugendfussball-wendelstein.de\/wordpress\/wp-json\/wp\/v2\/users\/4"}],"replies":[{"embeddable":true,"href":"https:\/\/www.jugendfussball-wendelstein.de\/wordpress\/wp-json\/wp\/v2\/comments?post=2248"}],"version-history":[{"count":0,"href":"https:\/\/www.jugendfussball-wendelstein.de\/wordpress\/wp-json\/wp\/v2\/posts\/2248\/revisions"}],"wp:attachment":[{"href":"https:\/\/www.jugendfussball-wendelstein.de\/wordpress\/wp-json\/wp\/v2\/media?parent=2248"}],"wp:term":[{"taxonomy":"category","embeddable":true,"href":"https:\/\/www.jugendfussball-wendelstein.de\/wordpress\/wp-json\/wp\/v2\/categories?post=2248"},{"taxonomy":"post_tag","embeddable":true,"href":"https:\/\/www.jugendfussball-wendelstein.de\/wordpress\/wp-json\/wp\/v2\/tags?post=2248"}],"curies":[{"name":"wp","href":"https:\/\/api.w.org\/{rel}","templated":true}]}}