{"id":2278,"date":"2015-06-14T17:17:42","date_gmt":"2015-06-14T15:17:42","guid":{"rendered":"http:\/\/www.jugendfussball-wendelstein.de\/wordpress\/?p=2278"},"modified":"2015-06-14T17:17:42","modified_gmt":"2015-06-14T15:17:42","slug":"jfg-jfg-heidenberg-53","status":"publish","type":"post","link":"https:\/\/www.jugendfussball-wendelstein.de\/wordpress\/jfg-jfg-heidenberg-53\/","title":{"rendered":"JFG &#8211; JFG Heidenberg  5:3"},"content":{"rendered":"<p>13.06.15 : Auf der Abschiedstour des Trainerduos der 03er stand das schwere Spiel gegen den Tabellendritten, der JFG Heidenberg, auf dem Programm. Die Mannschaft aus Wendelstein hatte zwei Wochen Pause ohne Vereinsfu\u00dfball. Zur Vorbereitung auf dieses Spiel standen lediglich zwei Trainingseinheiten und einige Umstellungen im Team. Ein Spieler wechselte vom Abwehrzentrum in den Sturm und der St\u00fcrmer musste hierf\u00fcr in die Abwehr.<\/p>\n<p>P\u00fcnktlich pfiff der Schiedsrichter das Spiel an. Die JFG aus Wendelstein begann st\u00fcrmisch und so stand es nach gespielten 4 Minuten 2:0\u2026 f\u00fcr die 03er. Nun wachten jedoch die Heidenberger auf, vor allem der b\u00e4renstarke St\u00fcrmer. Selbst eine doppelte Manndeckung konnte ihn nicht halten. Hinzu kam das es die Sonne sehr gut meinte an diesem Samstag und einige Wechsel aufgrund der Hitze stattfanden. So viel noch vor der Pause der zu diesem Zeitpunkt verdiente Ausgleich zum 2:2.<br \/>\nDie Ansprache in der Halbzeit war gepr\u00e4gt von taktischen Umstellungen und Einzelgespr\u00e4chen zur Zweikampff\u00fchrung und Freisto\u00dfausf\u00fchrungen. Weiter wurde ein Satz des Trainers aus Heidenberg zur Motivation genutzt. \u201eDie aus Wendelstein haben die Hosen voll\u201c<\/p>\n<p>Der sehr gute Schiedsrichter pfiff zur zweiten Halbzeit an und schon lagen die Blues 2:3 hinten. Wiederum der auff\u00e4llige St\u00fcrmer der G\u00e4ste. Unbeeindruckt gingen die 03er zum Ansto\u00df und erzielten nach zwei Stationen postwendend den Ausgleich.<br \/>\nNun zog der Joker der doppelten Manndeckung. Der St\u00fcrmer der G\u00e4ste hatte keine Aktionen mehr und die Blues erspielten sie Chance \u00fcber Chance. Auch die Absprache des Freisto\u00dfsch\u00fctzen zog. In der 44. Minute erzielten die 03er aus etwa 20 Metern einen sehenswerten Treffer welcher sich schon im Abschlusstraining abzeichnete.<br \/>\nKr\u00f6nender Abschluss dieses Spieles war ein Sololauf unserer Mittelfeldspielerin welcher zum 5:3 Endstand im Netz landete.<\/p>\n<p>Die Trainer danken den Spielerinnen und Spielern der Mannschaft f\u00fcr einen letzten Heimsieg!!!!!!<\/p>\n","protected":false},"excerpt":{"rendered":"<p>13.06.15 : Auf der Abschiedstour des Trainerduos der 03er stand das schwere Spiel gegen den Tabellendritten, der JFG Heidenberg, auf dem Programm. Die Mannschaft aus Wendelstein hatte zwei Wochen Pause ohne Vereinsfu\u00dfball. Zur Vorbereitung auf dieses Spiel standen lediglich zwei Trainingseinheiten und einige Umstellungen im Team. Ein Spieler wechselte vom Abwehrzentrum in den Sturm und [&hellip;]<\/p>\n","protected":false},"author":4,"featured_media":0,"comment_status":"closed","ping_status":"closed","sticky":false,"template":"","format":"standard","meta":{"saved_in_kubio":false,"footnotes":""},"categories":[2,16,9],"tags":[],"class_list":["post-2278","post","type-post","status-publish","format-standard","hentry","category-gf","category-spielbericht","category-u12"],"yoast_head":"<!-- This site is optimized with the Yoast SEO plugin v27.4 - https:\/\/yoast.com\/product\/yoast-seo-wordpress\/ -->\n<title>JFG - JFG Heidenberg 5:3 - JFG Wendelstein<\/title>\n<meta name=\"robots\" content=\"index, follow, max-snippet:-1, max-image-preview:large, max-video-preview:-1\" \/>\n<link rel=\"canonical\" href=\"https:\/\/www.jugendfussball-wendelstein.de\/wordpress\/jfg-jfg-heidenberg-53\/\" \/>\n<meta property=\"og:locale\" content=\"de_DE\" \/>\n<meta property=\"og:type\" content=\"article\" \/>\n<meta property=\"og:title\" content=\"JFG - JFG Heidenberg 5:3 - JFG Wendelstein\" \/>\n<meta property=\"og:description\" content=\"13.06.15 : Auf der Abschiedstour des Trainerduos der 03er stand das schwere Spiel gegen den Tabellendritten, der JFG Heidenberg, auf dem Programm. Die Mannschaft aus Wendelstein hatte zwei Wochen Pause ohne Vereinsfu\u00dfball. Zur Vorbereitung auf dieses Spiel standen lediglich zwei Trainingseinheiten und einige Umstellungen im Team. Ein Spieler wechselte vom Abwehrzentrum in den Sturm und [&hellip;]\" \/>\n<meta property=\"og:url\" content=\"https:\/\/www.jugendfussball-wendelstein.de\/wordpress\/jfg-jfg-heidenberg-53\/\" \/>\n<meta property=\"og:site_name\" content=\"JFG Wendelstein\" \/>\n<meta property=\"article:published_time\" content=\"2015-06-14T15:17:42+00:00\" \/>\n<meta name=\"author\" content=\"Autor\" \/>\n<meta name=\"twitter:card\" content=\"summary_large_image\" \/>\n<meta name=\"twitter:label1\" content=\"Verfasst von\" \/>\n\t<meta name=\"twitter:data1\" content=\"Autor\" \/>\n\t<meta name=\"twitter:label2\" content=\"Gesch\u00e4tzte Lesezeit\" \/>\n\t<meta name=\"twitter:data2\" content=\"2\u00a0Minuten\" \/>\n<script type=\"application\/ld+json\" class=\"yoast-schema-graph\">{\"@context\":\"https:\\\/\\\/schema.org\",\"@graph\":[{\"@type\":\"Article\",\"@id\":\"https:\\\/\\\/www.jugendfussball-wendelstein.de\\\/wordpress\\\/jfg-jfg-heidenberg-53\\\/#article\",\"isPartOf\":{\"@id\":\"https:\\\/\\\/www.jugendfussball-wendelstein.de\\\/wordpress\\\/jfg-jfg-heidenberg-53\\\/\"},\"author\":{\"name\":\"Autor\",\"@id\":\"https:\\\/\\\/www.jugendfussball-wendelstein.de\\\/wordpress\\\/#\\\/schema\\\/person\\\/75aadcbd4be1b3af1c1d785397472bc9\"},\"headline\":\"JFG &#8211; JFG Heidenberg 5:3\",\"datePublished\":\"2015-06-14T15:17:42+00:00\",\"mainEntityOfPage\":{\"@id\":\"https:\\\/\\\/www.jugendfussball-wendelstein.de\\\/wordpress\\\/jfg-jfg-heidenberg-53\\\/\"},\"wordCount\":304,\"articleSection\":[\"Gro\u00dffeld\",\"Spielbericht\",\"U12\"],\"inLanguage\":\"de\"},{\"@type\":\"WebPage\",\"@id\":\"https:\\\/\\\/www.jugendfussball-wendelstein.de\\\/wordpress\\\/jfg-jfg-heidenberg-53\\\/\",\"url\":\"https:\\\/\\\/www.jugendfussball-wendelstein.de\\\/wordpress\\\/jfg-jfg-heidenberg-53\\\/\",\"name\":\"JFG - JFG Heidenberg 5:3 - JFG Wendelstein\",\"isPartOf\":{\"@id\":\"https:\\\/\\\/www.jugendfussball-wendelstein.de\\\/wordpress\\\/#website\"},\"datePublished\":\"2015-06-14T15:17:42+00:00\",\"author\":{\"@id\":\"https:\\\/\\\/www.jugendfussball-wendelstein.de\\\/wordpress\\\/#\\\/schema\\\/person\\\/75aadcbd4be1b3af1c1d785397472bc9\"},\"breadcrumb\":{\"@id\":\"https:\\\/\\\/www.jugendfussball-wendelstein.de\\\/wordpress\\\/jfg-jfg-heidenberg-53\\\/#breadcrumb\"},\"inLanguage\":\"de\",\"potentialAction\":[{\"@type\":\"ReadAction\",\"target\":[\"https:\\\/\\\/www.jugendfussball-wendelstein.de\\\/wordpress\\\/jfg-jfg-heidenberg-53\\\/\"]}]},{\"@type\":\"BreadcrumbList\",\"@id\":\"https:\\\/\\\/www.jugendfussball-wendelstein.de\\\/wordpress\\\/jfg-jfg-heidenberg-53\\\/#breadcrumb\",\"itemListElement\":[{\"@type\":\"ListItem\",\"position\":1,\"name\":\"Startseite\",\"item\":\"https:\\\/\\\/www.jugendfussball-wendelstein.de\\\/wordpress\\\/\"},{\"@type\":\"ListItem\",\"position\":2,\"name\":\"JFG &#8211; JFG Heidenberg 5:3\"}]},{\"@type\":\"WebSite\",\"@id\":\"https:\\\/\\\/www.jugendfussball-wendelstein.de\\\/wordpress\\\/#website\",\"url\":\"https:\\\/\\\/www.jugendfussball-wendelstein.de\\\/wordpress\\\/\",\"name\":\"JFG Wendelstein\",\"description\":\"Juniorenfu\u00dfball\",\"potentialAction\":[{\"@type\":\"SearchAction\",\"target\":{\"@type\":\"EntryPoint\",\"urlTemplate\":\"https:\\\/\\\/www.jugendfussball-wendelstein.de\\\/wordpress\\\/?s={search_term_string}\"},\"query-input\":{\"@type\":\"PropertyValueSpecification\",\"valueRequired\":true,\"valueName\":\"search_term_string\"}}],\"inLanguage\":\"de\"},{\"@type\":\"Person\",\"@id\":\"https:\\\/\\\/www.jugendfussball-wendelstein.de\\\/wordpress\\\/#\\\/schema\\\/person\\\/75aadcbd4be1b3af1c1d785397472bc9\",\"name\":\"Autor\",\"image\":{\"@type\":\"ImageObject\",\"inLanguage\":\"de\",\"@id\":\"https:\\\/\\\/secure.gravatar.com\\\/avatar\\\/01dd9b7f2dc8d635302f1c57c2289838e9fe288acd1c06c8f8ad332b8e2a60c9?s=96&d=mm&r=g\",\"url\":\"https:\\\/\\\/secure.gravatar.com\\\/avatar\\\/01dd9b7f2dc8d635302f1c57c2289838e9fe288acd1c06c8f8ad332b8e2a60c9?s=96&d=mm&r=g\",\"contentUrl\":\"https:\\\/\\\/secure.gravatar.com\\\/avatar\\\/01dd9b7f2dc8d635302f1c57c2289838e9fe288acd1c06c8f8ad332b8e2a60c9?s=96&d=mm&r=g\",\"caption\":\"Autor\"},\"url\":\"https:\\\/\\\/www.jugendfussball-wendelstein.de\\\/wordpress\\\/author\\\/autor\\\/\"}]}<\/script>\n<!-- \/ Yoast SEO plugin. -->","yoast_head_json":{"title":"JFG - JFG Heidenberg 5:3 - JFG Wendelstein","robots":{"index":"index","follow":"follow","max-snippet":"max-snippet:-1","max-image-preview":"max-image-preview:large","max-video-preview":"max-video-preview:-1"},"canonical":"https:\/\/www.jugendfussball-wendelstein.de\/wordpress\/jfg-jfg-heidenberg-53\/","og_locale":"de_DE","og_type":"article","og_title":"JFG - JFG Heidenberg 5:3 - JFG Wendelstein","og_description":"13.06.15 : Auf der Abschiedstour des Trainerduos der 03er stand das schwere Spiel gegen den Tabellendritten, der JFG Heidenberg, auf dem Programm. Die Mannschaft aus Wendelstein hatte zwei Wochen Pause ohne Vereinsfu\u00dfball. Zur Vorbereitung auf dieses Spiel standen lediglich zwei Trainingseinheiten und einige Umstellungen im Team. Ein Spieler wechselte vom Abwehrzentrum in den Sturm und [&hellip;]","og_url":"https:\/\/www.jugendfussball-wendelstein.de\/wordpress\/jfg-jfg-heidenberg-53\/","og_site_name":"JFG Wendelstein","article_published_time":"2015-06-14T15:17:42+00:00","author":"Autor","twitter_card":"summary_large_image","twitter_misc":{"Verfasst von":"Autor","Gesch\u00e4tzte Lesezeit":"2\u00a0Minuten"},"schema":{"@context":"https:\/\/schema.org","@graph":[{"@type":"Article","@id":"https:\/\/www.jugendfussball-wendelstein.de\/wordpress\/jfg-jfg-heidenberg-53\/#article","isPartOf":{"@id":"https:\/\/www.jugendfussball-wendelstein.de\/wordpress\/jfg-jfg-heidenberg-53\/"},"author":{"name":"Autor","@id":"https:\/\/www.jugendfussball-wendelstein.de\/wordpress\/#\/schema\/person\/75aadcbd4be1b3af1c1d785397472bc9"},"headline":"JFG &#8211; JFG Heidenberg 5:3","datePublished":"2015-06-14T15:17:42+00:00","mainEntityOfPage":{"@id":"https:\/\/www.jugendfussball-wendelstein.de\/wordpress\/jfg-jfg-heidenberg-53\/"},"wordCount":304,"articleSection":["Gro\u00dffeld","Spielbericht","U12"],"inLanguage":"de"},{"@type":"WebPage","@id":"https:\/\/www.jugendfussball-wendelstein.de\/wordpress\/jfg-jfg-heidenberg-53\/","url":"https:\/\/www.jugendfussball-wendelstein.de\/wordpress\/jfg-jfg-heidenberg-53\/","name":"JFG - JFG Heidenberg 5:3 - JFG Wendelstein","isPartOf":{"@id":"https:\/\/www.jugendfussball-wendelstein.de\/wordpress\/#website"},"datePublished":"2015-06-14T15:17:42+00:00","author":{"@id":"https:\/\/www.jugendfussball-wendelstein.de\/wordpress\/#\/schema\/person\/75aadcbd4be1b3af1c1d785397472bc9"},"breadcrumb":{"@id":"https:\/\/www.jugendfussball-wendelstein.de\/wordpress\/jfg-jfg-heidenberg-53\/#breadcrumb"},"inLanguage":"de","potentialAction":[{"@type":"ReadAction","target":["https:\/\/www.jugendfussball-wendelstein.de\/wordpress\/jfg-jfg-heidenberg-53\/"]}]},{"@type":"BreadcrumbList","@id":"https:\/\/www.jugendfussball-wendelstein.de\/wordpress\/jfg-jfg-heidenberg-53\/#breadcrumb","itemListElement":[{"@type":"ListItem","position":1,"name":"Startseite","item":"https:\/\/www.jugendfussball-wendelstein.de\/wordpress\/"},{"@type":"ListItem","position":2,"name":"JFG &#8211; JFG Heidenberg 5:3"}]},{"@type":"WebSite","@id":"https:\/\/www.jugendfussball-wendelstein.de\/wordpress\/#website","url":"https:\/\/www.jugendfussball-wendelstein.de\/wordpress\/","name":"JFG Wendelstein","description":"Juniorenfu\u00dfball","potentialAction":[{"@type":"SearchAction","target":{"@type":"EntryPoint","urlTemplate":"https:\/\/www.jugendfussball-wendelstein.de\/wordpress\/?s={search_term_string}"},"query-input":{"@type":"PropertyValueSpecification","valueRequired":true,"valueName":"search_term_string"}}],"inLanguage":"de"},{"@type":"Person","@id":"https:\/\/www.jugendfussball-wendelstein.de\/wordpress\/#\/schema\/person\/75aadcbd4be1b3af1c1d785397472bc9","name":"Autor","image":{"@type":"ImageObject","inLanguage":"de","@id":"https:\/\/secure.gravatar.com\/avatar\/01dd9b7f2dc8d635302f1c57c2289838e9fe288acd1c06c8f8ad332b8e2a60c9?s=96&d=mm&r=g","url":"https:\/\/secure.gravatar.com\/avatar\/01dd9b7f2dc8d635302f1c57c2289838e9fe288acd1c06c8f8ad332b8e2a60c9?s=96&d=mm&r=g","contentUrl":"https:\/\/secure.gravatar.com\/avatar\/01dd9b7f2dc8d635302f1c57c2289838e9fe288acd1c06c8f8ad332b8e2a60c9?s=96&d=mm&r=g","caption":"Autor"},"url":"https:\/\/www.jugendfussball-wendelstein.de\/wordpress\/author\/autor\/"}]}},"_links":{"self":[{"href":"https:\/\/www.jugendfussball-wendelstein.de\/wordpress\/wp-json\/wp\/v2\/posts\/2278","targetHints":{"allow":["GET"]}}],"collection":[{"href":"https:\/\/www.jugendfussball-wendelstein.de\/wordpress\/wp-json\/wp\/v2\/posts"}],"about":[{"href":"https:\/\/www.jugendfussball-wendelstein.de\/wordpress\/wp-json\/wp\/v2\/types\/post"}],"author":[{"embeddable":true,"href":"https:\/\/www.jugendfussball-wendelstein.de\/wordpress\/wp-json\/wp\/v2\/users\/4"}],"replies":[{"embeddable":true,"href":"https:\/\/www.jugendfussball-wendelstein.de\/wordpress\/wp-json\/wp\/v2\/comments?post=2278"}],"version-history":[{"count":0,"href":"https:\/\/www.jugendfussball-wendelstein.de\/wordpress\/wp-json\/wp\/v2\/posts\/2278\/revisions"}],"wp:attachment":[{"href":"https:\/\/www.jugendfussball-wendelstein.de\/wordpress\/wp-json\/wp\/v2\/media?parent=2278"}],"wp:term":[{"taxonomy":"category","embeddable":true,"href":"https:\/\/www.jugendfussball-wendelstein.de\/wordpress\/wp-json\/wp\/v2\/categories?post=2278"},{"taxonomy":"post_tag","embeddable":true,"href":"https:\/\/www.jugendfussball-wendelstein.de\/wordpress\/wp-json\/wp\/v2\/tags?post=2278"}],"curies":[{"name":"wp","href":"https:\/\/api.w.org\/{rel}","templated":true}]}}