{"id":2290,"date":"2015-06-18T23:16:21","date_gmt":"2015-06-18T21:16:21","guid":{"rendered":"http:\/\/www.jugendfussball-wendelstein.de\/wordpress\/?p=2290"},"modified":"2015-06-18T23:16:21","modified_gmt":"2015-06-18T21:16:21","slug":"jfg-tsv-03-muehlhof-101","status":"publish","type":"post","link":"https:\/\/www.jugendfussball-wendelstein.de\/wordpress\/jfg-tsv-03-muehlhof-101\/","title":{"rendered":"JFG &#8211; TSV 03 M\u00fchlhof  10:1"},"content":{"rendered":"<p>13.06.2015 : Ausgeruht nach den Pfingstferien und vollen Tatendrang startete unser TSV in die Endphase der Fr\u00fchjahrsmeisterschaft. Bereits in der Trainingswoche hatte sich gezeigt mit welchem Elan die Jungs zu Werke gehen. In einem der besten Spiele \u00fcberhaupt wurde der teilweise k\u00f6rperlich \u00fcberlegene Gegner mit spielerischen Mitteln f\u00f6rmlich auseinander genommen. Die fl\u00fcssigen Kombinationen, das schnelle Fl\u00fcgelspiel, das aggressive Forechecking, das sichere Herausspielen aus der Defensive, Fl\u00fcgelwechsel, Abschlusssuche in jedem Angriff \u2013 all das \u00fcberforderte die M\u00fchlhofer von der ersten bis zur letzten Spielminute. Bereits nach 120 Sekunden hatten Treffer durch Fabio und Nils die Partie entschieden. Doch anscheinend wollten die Kids ihren Trainern diesmal zeigen, was sie draufhaben. Mit Bilderbuchkombinationen und herausgespielten tollen Abschl\u00fcssen begeisterten sie nicht nur ihre Fans. Besser geht es in dieser Altersklasse nicht!! Bis zur Pause f\u00fchrten die Wendelsteiner durch weiter Treffer von Fabio, Ejon und Nils 5:1.<br \/>\nIm zweiten Abschnitt das gleiche Bild. Zwei weitere Male Nils und Fabio, sowie nochmal Ejon und Philipp schossen den Endstand heraus. Doch \u00fcberragend an diesem denkw\u00fcrdigen Spieltag war die mannschaftliche Geschlossenheit und das Auftreten der gesamten Mannschaft.<\/p>\n","protected":false},"excerpt":{"rendered":"<p>13.06.2015 : Ausgeruht nach den Pfingstferien und vollen Tatendrang startete unser TSV in die Endphase der Fr\u00fchjahrsmeisterschaft. Bereits in der Trainingswoche hatte sich gezeigt mit welchem Elan die Jungs zu Werke gehen. In einem der besten Spiele \u00fcberhaupt wurde der teilweise k\u00f6rperlich \u00fcberlegene Gegner mit spielerischen Mitteln f\u00f6rmlich auseinander genommen. Die fl\u00fcssigen Kombinationen, das schnelle [&hellip;]<\/p>\n","protected":false},"author":4,"featured_media":0,"comment_status":"closed","ping_status":"closed","sticky":false,"template":"","format":"standard","meta":{"saved_in_kubio":false,"footnotes":""},"categories":[3,16,24],"tags":[],"class_list":["post-2290","post","type-post","status-publish","format-standard","hentry","category-kf","category-spielbericht","category-u8"],"yoast_head":"<!-- This site is optimized with the Yoast SEO plugin v27.4 - https:\/\/yoast.com\/product\/yoast-seo-wordpress\/ -->\n<title>JFG - TSV 03 M\u00fchlhof 10:1 - JFG Wendelstein<\/title>\n<meta name=\"robots\" content=\"index, follow, max-snippet:-1, max-image-preview:large, max-video-preview:-1\" \/>\n<link rel=\"canonical\" href=\"https:\/\/www.jugendfussball-wendelstein.de\/wordpress\/jfg-tsv-03-muehlhof-101\/\" \/>\n<meta property=\"og:locale\" content=\"de_DE\" \/>\n<meta property=\"og:type\" content=\"article\" \/>\n<meta property=\"og:title\" content=\"JFG - TSV 03 M\u00fchlhof 10:1 - JFG Wendelstein\" \/>\n<meta property=\"og:description\" content=\"13.06.2015 : Ausgeruht nach den Pfingstferien und vollen Tatendrang startete unser TSV in die Endphase der Fr\u00fchjahrsmeisterschaft. Bereits in der Trainingswoche hatte sich gezeigt mit welchem Elan die Jungs zu Werke gehen. In einem der besten Spiele \u00fcberhaupt wurde der teilweise k\u00f6rperlich \u00fcberlegene Gegner mit spielerischen Mitteln f\u00f6rmlich auseinander genommen. Die fl\u00fcssigen Kombinationen, das schnelle [&hellip;]\" \/>\n<meta property=\"og:url\" content=\"https:\/\/www.jugendfussball-wendelstein.de\/wordpress\/jfg-tsv-03-muehlhof-101\/\" \/>\n<meta property=\"og:site_name\" content=\"JFG Wendelstein\" \/>\n<meta property=\"article:published_time\" content=\"2015-06-18T21:16:21+00:00\" \/>\n<meta name=\"author\" content=\"Autor\" \/>\n<meta name=\"twitter:card\" content=\"summary_large_image\" \/>\n<meta name=\"twitter:label1\" content=\"Verfasst von\" \/>\n\t<meta name=\"twitter:data1\" content=\"Autor\" \/>\n\t<meta name=\"twitter:label2\" content=\"Gesch\u00e4tzte Lesezeit\" \/>\n\t<meta name=\"twitter:data2\" content=\"1\u00a0Minute\" \/>\n<script type=\"application\/ld+json\" class=\"yoast-schema-graph\">{\"@context\":\"https:\\\/\\\/schema.org\",\"@graph\":[{\"@type\":\"Article\",\"@id\":\"https:\\\/\\\/www.jugendfussball-wendelstein.de\\\/wordpress\\\/jfg-tsv-03-muehlhof-101\\\/#article\",\"isPartOf\":{\"@id\":\"https:\\\/\\\/www.jugendfussball-wendelstein.de\\\/wordpress\\\/jfg-tsv-03-muehlhof-101\\\/\"},\"author\":{\"name\":\"Autor\",\"@id\":\"https:\\\/\\\/www.jugendfussball-wendelstein.de\\\/wordpress\\\/#\\\/schema\\\/person\\\/75aadcbd4be1b3af1c1d785397472bc9\"},\"headline\":\"JFG &#8211; TSV 03 M\u00fchlhof 10:1\",\"datePublished\":\"2015-06-18T21:16:21+00:00\",\"mainEntityOfPage\":{\"@id\":\"https:\\\/\\\/www.jugendfussball-wendelstein.de\\\/wordpress\\\/jfg-tsv-03-muehlhof-101\\\/\"},\"wordCount\":189,\"articleSection\":[\"Kleinfeld\",\"Spielbericht\",\"U8\"],\"inLanguage\":\"de\"},{\"@type\":\"WebPage\",\"@id\":\"https:\\\/\\\/www.jugendfussball-wendelstein.de\\\/wordpress\\\/jfg-tsv-03-muehlhof-101\\\/\",\"url\":\"https:\\\/\\\/www.jugendfussball-wendelstein.de\\\/wordpress\\\/jfg-tsv-03-muehlhof-101\\\/\",\"name\":\"JFG - TSV 03 M\u00fchlhof 10:1 - JFG Wendelstein\",\"isPartOf\":{\"@id\":\"https:\\\/\\\/www.jugendfussball-wendelstein.de\\\/wordpress\\\/#website\"},\"datePublished\":\"2015-06-18T21:16:21+00:00\",\"author\":{\"@id\":\"https:\\\/\\\/www.jugendfussball-wendelstein.de\\\/wordpress\\\/#\\\/schema\\\/person\\\/75aadcbd4be1b3af1c1d785397472bc9\"},\"breadcrumb\":{\"@id\":\"https:\\\/\\\/www.jugendfussball-wendelstein.de\\\/wordpress\\\/jfg-tsv-03-muehlhof-101\\\/#breadcrumb\"},\"inLanguage\":\"de\",\"potentialAction\":[{\"@type\":\"ReadAction\",\"target\":[\"https:\\\/\\\/www.jugendfussball-wendelstein.de\\\/wordpress\\\/jfg-tsv-03-muehlhof-101\\\/\"]}]},{\"@type\":\"BreadcrumbList\",\"@id\":\"https:\\\/\\\/www.jugendfussball-wendelstein.de\\\/wordpress\\\/jfg-tsv-03-muehlhof-101\\\/#breadcrumb\",\"itemListElement\":[{\"@type\":\"ListItem\",\"position\":1,\"name\":\"Startseite\",\"item\":\"https:\\\/\\\/www.jugendfussball-wendelstein.de\\\/wordpress\\\/\"},{\"@type\":\"ListItem\",\"position\":2,\"name\":\"JFG &#8211; TSV 03 M\u00fchlhof 10:1\"}]},{\"@type\":\"WebSite\",\"@id\":\"https:\\\/\\\/www.jugendfussball-wendelstein.de\\\/wordpress\\\/#website\",\"url\":\"https:\\\/\\\/www.jugendfussball-wendelstein.de\\\/wordpress\\\/\",\"name\":\"JFG Wendelstein\",\"description\":\"Juniorenfu\u00dfball\",\"potentialAction\":[{\"@type\":\"SearchAction\",\"target\":{\"@type\":\"EntryPoint\",\"urlTemplate\":\"https:\\\/\\\/www.jugendfussball-wendelstein.de\\\/wordpress\\\/?s={search_term_string}\"},\"query-input\":{\"@type\":\"PropertyValueSpecification\",\"valueRequired\":true,\"valueName\":\"search_term_string\"}}],\"inLanguage\":\"de\"},{\"@type\":\"Person\",\"@id\":\"https:\\\/\\\/www.jugendfussball-wendelstein.de\\\/wordpress\\\/#\\\/schema\\\/person\\\/75aadcbd4be1b3af1c1d785397472bc9\",\"name\":\"Autor\",\"image\":{\"@type\":\"ImageObject\",\"inLanguage\":\"de\",\"@id\":\"https:\\\/\\\/secure.gravatar.com\\\/avatar\\\/01dd9b7f2dc8d635302f1c57c2289838e9fe288acd1c06c8f8ad332b8e2a60c9?s=96&d=mm&r=g\",\"url\":\"https:\\\/\\\/secure.gravatar.com\\\/avatar\\\/01dd9b7f2dc8d635302f1c57c2289838e9fe288acd1c06c8f8ad332b8e2a60c9?s=96&d=mm&r=g\",\"contentUrl\":\"https:\\\/\\\/secure.gravatar.com\\\/avatar\\\/01dd9b7f2dc8d635302f1c57c2289838e9fe288acd1c06c8f8ad332b8e2a60c9?s=96&d=mm&r=g\",\"caption\":\"Autor\"},\"url\":\"https:\\\/\\\/www.jugendfussball-wendelstein.de\\\/wordpress\\\/author\\\/autor\\\/\"}]}<\/script>\n<!-- \/ Yoast SEO plugin. -->","yoast_head_json":{"title":"JFG - TSV 03 M\u00fchlhof 10:1 - JFG Wendelstein","robots":{"index":"index","follow":"follow","max-snippet":"max-snippet:-1","max-image-preview":"max-image-preview:large","max-video-preview":"max-video-preview:-1"},"canonical":"https:\/\/www.jugendfussball-wendelstein.de\/wordpress\/jfg-tsv-03-muehlhof-101\/","og_locale":"de_DE","og_type":"article","og_title":"JFG - TSV 03 M\u00fchlhof 10:1 - JFG Wendelstein","og_description":"13.06.2015 : Ausgeruht nach den Pfingstferien und vollen Tatendrang startete unser TSV in die Endphase der Fr\u00fchjahrsmeisterschaft. Bereits in der Trainingswoche hatte sich gezeigt mit welchem Elan die Jungs zu Werke gehen. In einem der besten Spiele \u00fcberhaupt wurde der teilweise k\u00f6rperlich \u00fcberlegene Gegner mit spielerischen Mitteln f\u00f6rmlich auseinander genommen. Die fl\u00fcssigen Kombinationen, das schnelle [&hellip;]","og_url":"https:\/\/www.jugendfussball-wendelstein.de\/wordpress\/jfg-tsv-03-muehlhof-101\/","og_site_name":"JFG Wendelstein","article_published_time":"2015-06-18T21:16:21+00:00","author":"Autor","twitter_card":"summary_large_image","twitter_misc":{"Verfasst von":"Autor","Gesch\u00e4tzte Lesezeit":"1\u00a0Minute"},"schema":{"@context":"https:\/\/schema.org","@graph":[{"@type":"Article","@id":"https:\/\/www.jugendfussball-wendelstein.de\/wordpress\/jfg-tsv-03-muehlhof-101\/#article","isPartOf":{"@id":"https:\/\/www.jugendfussball-wendelstein.de\/wordpress\/jfg-tsv-03-muehlhof-101\/"},"author":{"name":"Autor","@id":"https:\/\/www.jugendfussball-wendelstein.de\/wordpress\/#\/schema\/person\/75aadcbd4be1b3af1c1d785397472bc9"},"headline":"JFG &#8211; TSV 03 M\u00fchlhof 10:1","datePublished":"2015-06-18T21:16:21+00:00","mainEntityOfPage":{"@id":"https:\/\/www.jugendfussball-wendelstein.de\/wordpress\/jfg-tsv-03-muehlhof-101\/"},"wordCount":189,"articleSection":["Kleinfeld","Spielbericht","U8"],"inLanguage":"de"},{"@type":"WebPage","@id":"https:\/\/www.jugendfussball-wendelstein.de\/wordpress\/jfg-tsv-03-muehlhof-101\/","url":"https:\/\/www.jugendfussball-wendelstein.de\/wordpress\/jfg-tsv-03-muehlhof-101\/","name":"JFG - TSV 03 M\u00fchlhof 10:1 - JFG Wendelstein","isPartOf":{"@id":"https:\/\/www.jugendfussball-wendelstein.de\/wordpress\/#website"},"datePublished":"2015-06-18T21:16:21+00:00","author":{"@id":"https:\/\/www.jugendfussball-wendelstein.de\/wordpress\/#\/schema\/person\/75aadcbd4be1b3af1c1d785397472bc9"},"breadcrumb":{"@id":"https:\/\/www.jugendfussball-wendelstein.de\/wordpress\/jfg-tsv-03-muehlhof-101\/#breadcrumb"},"inLanguage":"de","potentialAction":[{"@type":"ReadAction","target":["https:\/\/www.jugendfussball-wendelstein.de\/wordpress\/jfg-tsv-03-muehlhof-101\/"]}]},{"@type":"BreadcrumbList","@id":"https:\/\/www.jugendfussball-wendelstein.de\/wordpress\/jfg-tsv-03-muehlhof-101\/#breadcrumb","itemListElement":[{"@type":"ListItem","position":1,"name":"Startseite","item":"https:\/\/www.jugendfussball-wendelstein.de\/wordpress\/"},{"@type":"ListItem","position":2,"name":"JFG &#8211; TSV 03 M\u00fchlhof 10:1"}]},{"@type":"WebSite","@id":"https:\/\/www.jugendfussball-wendelstein.de\/wordpress\/#website","url":"https:\/\/www.jugendfussball-wendelstein.de\/wordpress\/","name":"JFG Wendelstein","description":"Juniorenfu\u00dfball","potentialAction":[{"@type":"SearchAction","target":{"@type":"EntryPoint","urlTemplate":"https:\/\/www.jugendfussball-wendelstein.de\/wordpress\/?s={search_term_string}"},"query-input":{"@type":"PropertyValueSpecification","valueRequired":true,"valueName":"search_term_string"}}],"inLanguage":"de"},{"@type":"Person","@id":"https:\/\/www.jugendfussball-wendelstein.de\/wordpress\/#\/schema\/person\/75aadcbd4be1b3af1c1d785397472bc9","name":"Autor","image":{"@type":"ImageObject","inLanguage":"de","@id":"https:\/\/secure.gravatar.com\/avatar\/01dd9b7f2dc8d635302f1c57c2289838e9fe288acd1c06c8f8ad332b8e2a60c9?s=96&d=mm&r=g","url":"https:\/\/secure.gravatar.com\/avatar\/01dd9b7f2dc8d635302f1c57c2289838e9fe288acd1c06c8f8ad332b8e2a60c9?s=96&d=mm&r=g","contentUrl":"https:\/\/secure.gravatar.com\/avatar\/01dd9b7f2dc8d635302f1c57c2289838e9fe288acd1c06c8f8ad332b8e2a60c9?s=96&d=mm&r=g","caption":"Autor"},"url":"https:\/\/www.jugendfussball-wendelstein.de\/wordpress\/author\/autor\/"}]}},"_links":{"self":[{"href":"https:\/\/www.jugendfussball-wendelstein.de\/wordpress\/wp-json\/wp\/v2\/posts\/2290","targetHints":{"allow":["GET"]}}],"collection":[{"href":"https:\/\/www.jugendfussball-wendelstein.de\/wordpress\/wp-json\/wp\/v2\/posts"}],"about":[{"href":"https:\/\/www.jugendfussball-wendelstein.de\/wordpress\/wp-json\/wp\/v2\/types\/post"}],"author":[{"embeddable":true,"href":"https:\/\/www.jugendfussball-wendelstein.de\/wordpress\/wp-json\/wp\/v2\/users\/4"}],"replies":[{"embeddable":true,"href":"https:\/\/www.jugendfussball-wendelstein.de\/wordpress\/wp-json\/wp\/v2\/comments?post=2290"}],"version-history":[{"count":0,"href":"https:\/\/www.jugendfussball-wendelstein.de\/wordpress\/wp-json\/wp\/v2\/posts\/2290\/revisions"}],"wp:attachment":[{"href":"https:\/\/www.jugendfussball-wendelstein.de\/wordpress\/wp-json\/wp\/v2\/media?parent=2290"}],"wp:term":[{"taxonomy":"category","embeddable":true,"href":"https:\/\/www.jugendfussball-wendelstein.de\/wordpress\/wp-json\/wp\/v2\/categories?post=2290"},{"taxonomy":"post_tag","embeddable":true,"href":"https:\/\/www.jugendfussball-wendelstein.de\/wordpress\/wp-json\/wp\/v2\/tags?post=2290"}],"curies":[{"name":"wp","href":"https:\/\/api.w.org\/{rel}","templated":true}]}}