{"id":2332,"date":"2015-06-29T22:53:10","date_gmt":"2015-06-29T20:53:10","guid":{"rendered":"http:\/\/www.jugendfussball-wendelstein.de\/wordpress\/?p=2332"},"modified":"2015-06-29T22:53:10","modified_gmt":"2015-06-29T20:53:10","slug":"jfg-sc-feucht-52","status":"publish","type":"post","link":"https:\/\/www.jugendfussball-wendelstein.de\/wordpress\/jfg-sc-feucht-52\/","title":{"rendered":"JFG \u2013 SC Feucht   5:2"},"content":{"rendered":"<p><strong>27.06.15: Super Abschluss einer tollen Saison.<\/strong><\/p>\n<p>Gegen die Jugend des Jahrgangs 2004 unseres Nachbarn SC Feucht waren unsere Kinder topmotiviert und starteten bei Nieselregen gut ins Spiel. Beide Teams rackerten und drangen nach Vorne, doch echte Torgefahr konnte keiner entwickeln. Die Feuchter Jungs dr\u00e4ngten mit einigen guten Aktionen auf den ersten Treffer, doch ein Entlastungsangriff brachte die zu diesem Zeitpunkt etwas \u00fcberraschende F\u00fchrung f\u00fcr die Blues. Bald darauf erh\u00f6hten die Gastgeber mit einem Flugkopfball zum 2:0. Doch die G\u00e4ste gaben nicht klein bei und suchten den Anschluss. Nach schnellem Kombinationsspiel erh\u00f6hten die Blues allerdings trocken auf 3:0. Den Feuchtern gelang dann verdient der Anschlusstreffer zum 3:1 Pausenstand.<\/p>\n<p>In der zweiten H\u00e4lfte erh\u00f6hten die Gastgeber weiter den Druck und suchten die Entscheidung. Mit einem ansehnlichen Treffer wurde das 4:1 markiert. Doch man durfte den G\u00e4sten nicht zu viel Spielraum lassen, das zeigte sich nach schlampigem Abwehrverhalten mit einem weiteren Tor f\u00fcr Feucht. Mit einem platzierten Fernschuss in die Gambel war schlie\u00dflich mit dem Endstand zum 5:2 die Entscheidung gefallen. Das Spiel verflachte etwas und schlie\u00dflich klatschten sich die Spieler ab. Insgesamt war der Sieg in der H\u00f6he auch hochverdient, Wendelstein stellte das bessere Team, obwohl man auf einen starken Gegner traf. Die Blues liessen im Spielverlauf noch zahlreiche klare Chancen liegen.<\/p>\n<p><strong>Mit diesem Ergebnis feierten die Blues dann ausgelassen zum Beginn des Kompaktfeldalters die R\u00fcckrundenmeisterschaft in der Gruppe gegen Gegner des Jahrgangs 2003 und 2002 mit einem Torverh\u00e4ltnis von 64:8. Ein weiterer Beleg f\u00fcr die Spielst\u00e4rke dieser jungen und ambitionierten Mannschaft. Optimistisch und voller Vorfreude blicken wir auf die kommenden Aufgaben.<\/strong><\/p>\n<p><img loading=\"lazy\" decoding=\"async\" class=\"alignleft size-full wp-image-2333\" src=\"https:\/\/www.jugendfussball-wendelstein.de\/wordpress\/wp-content\/uploads\/2015\/06\/screen-RR2015.jpg\" alt=\"screen-RR2015\" width=\"686\" height=\"439\" srcset=\"https:\/\/www.jugendfussball-wendelstein.de\/wordpress\/wp-content\/uploads\/2015\/06\/screen-RR2015.jpg 686w, https:\/\/www.jugendfussball-wendelstein.de\/wordpress\/wp-content\/uploads\/2015\/06\/screen-RR2015-350x224.jpg 350w\" sizes=\"(max-width: 686px) 100vw, 686px\" \/><\/p>\n","protected":false},"excerpt":{"rendered":"<p>27.06.15: Super Abschluss einer tollen Saison. Gegen die Jugend des Jahrgangs 2004 unseres Nachbarn SC Feucht waren unsere Kinder topmotiviert und starteten bei Nieselregen gut ins Spiel. Beide Teams rackerten und drangen nach Vorne, doch echte Torgefahr konnte keiner entwickeln. Die Feuchter Jungs dr\u00e4ngten mit einigen guten Aktionen auf den ersten Treffer, doch ein Entlastungsangriff [&hellip;]<\/p>\n","protected":false},"author":4,"featured_media":2121,"comment_status":"closed","ping_status":"closed","sticky":false,"template":"","format":"standard","meta":{"saved_in_kubio":false,"footnotes":""},"categories":[2,16,4],"tags":[],"class_list":["post-2332","post","type-post","status-publish","format-standard","has-post-thumbnail","hentry","category-gf","category-spielbericht","category-u11"],"yoast_head":"<!-- This site is optimized with the Yoast SEO plugin v27.4 - https:\/\/yoast.com\/product\/yoast-seo-wordpress\/ -->\n<title>JFG \u2013 SC Feucht  5:2 - JFG Wendelstein<\/title>\n<meta name=\"robots\" content=\"index, follow, max-snippet:-1, max-image-preview:large, max-video-preview:-1\" \/>\n<link rel=\"canonical\" href=\"https:\/\/www.jugendfussball-wendelstein.de\/wordpress\/jfg-sc-feucht-52\/\" \/>\n<meta property=\"og:locale\" content=\"de_DE\" \/>\n<meta property=\"og:type\" content=\"article\" \/>\n<meta property=\"og:title\" content=\"JFG \u2013 SC Feucht  5:2 - JFG Wendelstein\" \/>\n<meta property=\"og:description\" content=\"27.06.15: Super Abschluss einer tollen Saison. Gegen die Jugend des Jahrgangs 2004 unseres Nachbarn SC Feucht waren unsere Kinder topmotiviert und starteten bei Nieselregen gut ins Spiel. Beide Teams rackerten und drangen nach Vorne, doch echte Torgefahr konnte keiner entwickeln. Die Feuchter Jungs dr\u00e4ngten mit einigen guten Aktionen auf den ersten Treffer, doch ein Entlastungsangriff [&hellip;]\" \/>\n<meta property=\"og:url\" content=\"https:\/\/www.jugendfussball-wendelstein.de\/wordpress\/jfg-sc-feucht-52\/\" \/>\n<meta property=\"og:site_name\" content=\"JFG Wendelstein\" \/>\n<meta property=\"article:published_time\" content=\"2015-06-29T20:53:10+00:00\" \/>\n<meta property=\"og:image\" content=\"https:\/\/www.jugendfussball-wendelstein.de\/wordpress\/wp-content\/uploads\/2015\/03\/Teaser-D3.jpg\" \/>\n\t<meta property=\"og:image:width\" content=\"406\" \/>\n\t<meta property=\"og:image:height\" content=\"229\" \/>\n\t<meta property=\"og:image:type\" content=\"image\/jpeg\" \/>\n<meta name=\"author\" content=\"Autor\" \/>\n<meta name=\"twitter:card\" content=\"summary_large_image\" \/>\n<meta name=\"twitter:label1\" content=\"Verfasst von\" \/>\n\t<meta name=\"twitter:data1\" content=\"Autor\" \/>\n\t<meta name=\"twitter:label2\" content=\"Gesch\u00e4tzte Lesezeit\" \/>\n\t<meta name=\"twitter:data2\" content=\"1\u00a0Minute\" \/>\n<script type=\"application\/ld+json\" class=\"yoast-schema-graph\">{\"@context\":\"https:\\\/\\\/schema.org\",\"@graph\":[{\"@type\":\"Article\",\"@id\":\"https:\\\/\\\/www.jugendfussball-wendelstein.de\\\/wordpress\\\/jfg-sc-feucht-52\\\/#article\",\"isPartOf\":{\"@id\":\"https:\\\/\\\/www.jugendfussball-wendelstein.de\\\/wordpress\\\/jfg-sc-feucht-52\\\/\"},\"author\":{\"name\":\"Autor\",\"@id\":\"https:\\\/\\\/www.jugendfussball-wendelstein.de\\\/wordpress\\\/#\\\/schema\\\/person\\\/75aadcbd4be1b3af1c1d785397472bc9\"},\"headline\":\"JFG \u2013 SC Feucht 5:2\",\"datePublished\":\"2015-06-29T20:53:10+00:00\",\"mainEntityOfPage\":{\"@id\":\"https:\\\/\\\/www.jugendfussball-wendelstein.de\\\/wordpress\\\/jfg-sc-feucht-52\\\/\"},\"wordCount\":270,\"image\":{\"@id\":\"https:\\\/\\\/www.jugendfussball-wendelstein.de\\\/wordpress\\\/jfg-sc-feucht-52\\\/#primaryimage\"},\"thumbnailUrl\":\"https:\\\/\\\/www.jugendfussball-wendelstein.de\\\/wordpress\\\/wp-content\\\/uploads\\\/2015\\\/03\\\/Teaser-D3.jpg\",\"articleSection\":[\"Gro\u00dffeld\",\"Spielbericht\",\"U11\"],\"inLanguage\":\"de\"},{\"@type\":\"WebPage\",\"@id\":\"https:\\\/\\\/www.jugendfussball-wendelstein.de\\\/wordpress\\\/jfg-sc-feucht-52\\\/\",\"url\":\"https:\\\/\\\/www.jugendfussball-wendelstein.de\\\/wordpress\\\/jfg-sc-feucht-52\\\/\",\"name\":\"JFG \u2013 SC Feucht 5:2 - JFG Wendelstein\",\"isPartOf\":{\"@id\":\"https:\\\/\\\/www.jugendfussball-wendelstein.de\\\/wordpress\\\/#website\"},\"primaryImageOfPage\":{\"@id\":\"https:\\\/\\\/www.jugendfussball-wendelstein.de\\\/wordpress\\\/jfg-sc-feucht-52\\\/#primaryimage\"},\"image\":{\"@id\":\"https:\\\/\\\/www.jugendfussball-wendelstein.de\\\/wordpress\\\/jfg-sc-feucht-52\\\/#primaryimage\"},\"thumbnailUrl\":\"https:\\\/\\\/www.jugendfussball-wendelstein.de\\\/wordpress\\\/wp-content\\\/uploads\\\/2015\\\/03\\\/Teaser-D3.jpg\",\"datePublished\":\"2015-06-29T20:53:10+00:00\",\"author\":{\"@id\":\"https:\\\/\\\/www.jugendfussball-wendelstein.de\\\/wordpress\\\/#\\\/schema\\\/person\\\/75aadcbd4be1b3af1c1d785397472bc9\"},\"breadcrumb\":{\"@id\":\"https:\\\/\\\/www.jugendfussball-wendelstein.de\\\/wordpress\\\/jfg-sc-feucht-52\\\/#breadcrumb\"},\"inLanguage\":\"de\",\"potentialAction\":[{\"@type\":\"ReadAction\",\"target\":[\"https:\\\/\\\/www.jugendfussball-wendelstein.de\\\/wordpress\\\/jfg-sc-feucht-52\\\/\"]}]},{\"@type\":\"ImageObject\",\"inLanguage\":\"de\",\"@id\":\"https:\\\/\\\/www.jugendfussball-wendelstein.de\\\/wordpress\\\/jfg-sc-feucht-52\\\/#primaryimage\",\"url\":\"https:\\\/\\\/www.jugendfussball-wendelstein.de\\\/wordpress\\\/wp-content\\\/uploads\\\/2015\\\/03\\\/Teaser-D3.jpg\",\"contentUrl\":\"https:\\\/\\\/www.jugendfussball-wendelstein.de\\\/wordpress\\\/wp-content\\\/uploads\\\/2015\\\/03\\\/Teaser-D3.jpg\",\"width\":406,\"height\":229},{\"@type\":\"BreadcrumbList\",\"@id\":\"https:\\\/\\\/www.jugendfussball-wendelstein.de\\\/wordpress\\\/jfg-sc-feucht-52\\\/#breadcrumb\",\"itemListElement\":[{\"@type\":\"ListItem\",\"position\":1,\"name\":\"Startseite\",\"item\":\"https:\\\/\\\/www.jugendfussball-wendelstein.de\\\/wordpress\\\/\"},{\"@type\":\"ListItem\",\"position\":2,\"name\":\"JFG \u2013 SC Feucht 5:2\"}]},{\"@type\":\"WebSite\",\"@id\":\"https:\\\/\\\/www.jugendfussball-wendelstein.de\\\/wordpress\\\/#website\",\"url\":\"https:\\\/\\\/www.jugendfussball-wendelstein.de\\\/wordpress\\\/\",\"name\":\"JFG Wendelstein\",\"description\":\"Juniorenfu\u00dfball\",\"potentialAction\":[{\"@type\":\"SearchAction\",\"target\":{\"@type\":\"EntryPoint\",\"urlTemplate\":\"https:\\\/\\\/www.jugendfussball-wendelstein.de\\\/wordpress\\\/?s={search_term_string}\"},\"query-input\":{\"@type\":\"PropertyValueSpecification\",\"valueRequired\":true,\"valueName\":\"search_term_string\"}}],\"inLanguage\":\"de\"},{\"@type\":\"Person\",\"@id\":\"https:\\\/\\\/www.jugendfussball-wendelstein.de\\\/wordpress\\\/#\\\/schema\\\/person\\\/75aadcbd4be1b3af1c1d785397472bc9\",\"name\":\"Autor\",\"image\":{\"@type\":\"ImageObject\",\"inLanguage\":\"de\",\"@id\":\"https:\\\/\\\/secure.gravatar.com\\\/avatar\\\/01dd9b7f2dc8d635302f1c57c2289838e9fe288acd1c06c8f8ad332b8e2a60c9?s=96&d=mm&r=g\",\"url\":\"https:\\\/\\\/secure.gravatar.com\\\/avatar\\\/01dd9b7f2dc8d635302f1c57c2289838e9fe288acd1c06c8f8ad332b8e2a60c9?s=96&d=mm&r=g\",\"contentUrl\":\"https:\\\/\\\/secure.gravatar.com\\\/avatar\\\/01dd9b7f2dc8d635302f1c57c2289838e9fe288acd1c06c8f8ad332b8e2a60c9?s=96&d=mm&r=g\",\"caption\":\"Autor\"},\"url\":\"https:\\\/\\\/www.jugendfussball-wendelstein.de\\\/wordpress\\\/author\\\/autor\\\/\"}]}<\/script>\n<!-- \/ Yoast SEO plugin. -->","yoast_head_json":{"title":"JFG \u2013 SC Feucht  5:2 - JFG Wendelstein","robots":{"index":"index","follow":"follow","max-snippet":"max-snippet:-1","max-image-preview":"max-image-preview:large","max-video-preview":"max-video-preview:-1"},"canonical":"https:\/\/www.jugendfussball-wendelstein.de\/wordpress\/jfg-sc-feucht-52\/","og_locale":"de_DE","og_type":"article","og_title":"JFG \u2013 SC Feucht  5:2 - JFG Wendelstein","og_description":"27.06.15: Super Abschluss einer tollen Saison. Gegen die Jugend des Jahrgangs 2004 unseres Nachbarn SC Feucht waren unsere Kinder topmotiviert und starteten bei Nieselregen gut ins Spiel. Beide Teams rackerten und drangen nach Vorne, doch echte Torgefahr konnte keiner entwickeln. Die Feuchter Jungs dr\u00e4ngten mit einigen guten Aktionen auf den ersten Treffer, doch ein Entlastungsangriff [&hellip;]","og_url":"https:\/\/www.jugendfussball-wendelstein.de\/wordpress\/jfg-sc-feucht-52\/","og_site_name":"JFG Wendelstein","article_published_time":"2015-06-29T20:53:10+00:00","og_image":[{"width":406,"height":229,"url":"https:\/\/www.jugendfussball-wendelstein.de\/wordpress\/wp-content\/uploads\/2015\/03\/Teaser-D3.jpg","type":"image\/jpeg"}],"author":"Autor","twitter_card":"summary_large_image","twitter_misc":{"Verfasst von":"Autor","Gesch\u00e4tzte Lesezeit":"1\u00a0Minute"},"schema":{"@context":"https:\/\/schema.org","@graph":[{"@type":"Article","@id":"https:\/\/www.jugendfussball-wendelstein.de\/wordpress\/jfg-sc-feucht-52\/#article","isPartOf":{"@id":"https:\/\/www.jugendfussball-wendelstein.de\/wordpress\/jfg-sc-feucht-52\/"},"author":{"name":"Autor","@id":"https:\/\/www.jugendfussball-wendelstein.de\/wordpress\/#\/schema\/person\/75aadcbd4be1b3af1c1d785397472bc9"},"headline":"JFG \u2013 SC Feucht 5:2","datePublished":"2015-06-29T20:53:10+00:00","mainEntityOfPage":{"@id":"https:\/\/www.jugendfussball-wendelstein.de\/wordpress\/jfg-sc-feucht-52\/"},"wordCount":270,"image":{"@id":"https:\/\/www.jugendfussball-wendelstein.de\/wordpress\/jfg-sc-feucht-52\/#primaryimage"},"thumbnailUrl":"https:\/\/www.jugendfussball-wendelstein.de\/wordpress\/wp-content\/uploads\/2015\/03\/Teaser-D3.jpg","articleSection":["Gro\u00dffeld","Spielbericht","U11"],"inLanguage":"de"},{"@type":"WebPage","@id":"https:\/\/www.jugendfussball-wendelstein.de\/wordpress\/jfg-sc-feucht-52\/","url":"https:\/\/www.jugendfussball-wendelstein.de\/wordpress\/jfg-sc-feucht-52\/","name":"JFG \u2013 SC Feucht 5:2 - JFG Wendelstein","isPartOf":{"@id":"https:\/\/www.jugendfussball-wendelstein.de\/wordpress\/#website"},"primaryImageOfPage":{"@id":"https:\/\/www.jugendfussball-wendelstein.de\/wordpress\/jfg-sc-feucht-52\/#primaryimage"},"image":{"@id":"https:\/\/www.jugendfussball-wendelstein.de\/wordpress\/jfg-sc-feucht-52\/#primaryimage"},"thumbnailUrl":"https:\/\/www.jugendfussball-wendelstein.de\/wordpress\/wp-content\/uploads\/2015\/03\/Teaser-D3.jpg","datePublished":"2015-06-29T20:53:10+00:00","author":{"@id":"https:\/\/www.jugendfussball-wendelstein.de\/wordpress\/#\/schema\/person\/75aadcbd4be1b3af1c1d785397472bc9"},"breadcrumb":{"@id":"https:\/\/www.jugendfussball-wendelstein.de\/wordpress\/jfg-sc-feucht-52\/#breadcrumb"},"inLanguage":"de","potentialAction":[{"@type":"ReadAction","target":["https:\/\/www.jugendfussball-wendelstein.de\/wordpress\/jfg-sc-feucht-52\/"]}]},{"@type":"ImageObject","inLanguage":"de","@id":"https:\/\/www.jugendfussball-wendelstein.de\/wordpress\/jfg-sc-feucht-52\/#primaryimage","url":"https:\/\/www.jugendfussball-wendelstein.de\/wordpress\/wp-content\/uploads\/2015\/03\/Teaser-D3.jpg","contentUrl":"https:\/\/www.jugendfussball-wendelstein.de\/wordpress\/wp-content\/uploads\/2015\/03\/Teaser-D3.jpg","width":406,"height":229},{"@type":"BreadcrumbList","@id":"https:\/\/www.jugendfussball-wendelstein.de\/wordpress\/jfg-sc-feucht-52\/#breadcrumb","itemListElement":[{"@type":"ListItem","position":1,"name":"Startseite","item":"https:\/\/www.jugendfussball-wendelstein.de\/wordpress\/"},{"@type":"ListItem","position":2,"name":"JFG \u2013 SC Feucht 5:2"}]},{"@type":"WebSite","@id":"https:\/\/www.jugendfussball-wendelstein.de\/wordpress\/#website","url":"https:\/\/www.jugendfussball-wendelstein.de\/wordpress\/","name":"JFG Wendelstein","description":"Juniorenfu\u00dfball","potentialAction":[{"@type":"SearchAction","target":{"@type":"EntryPoint","urlTemplate":"https:\/\/www.jugendfussball-wendelstein.de\/wordpress\/?s={search_term_string}"},"query-input":{"@type":"PropertyValueSpecification","valueRequired":true,"valueName":"search_term_string"}}],"inLanguage":"de"},{"@type":"Person","@id":"https:\/\/www.jugendfussball-wendelstein.de\/wordpress\/#\/schema\/person\/75aadcbd4be1b3af1c1d785397472bc9","name":"Autor","image":{"@type":"ImageObject","inLanguage":"de","@id":"https:\/\/secure.gravatar.com\/avatar\/01dd9b7f2dc8d635302f1c57c2289838e9fe288acd1c06c8f8ad332b8e2a60c9?s=96&d=mm&r=g","url":"https:\/\/secure.gravatar.com\/avatar\/01dd9b7f2dc8d635302f1c57c2289838e9fe288acd1c06c8f8ad332b8e2a60c9?s=96&d=mm&r=g","contentUrl":"https:\/\/secure.gravatar.com\/avatar\/01dd9b7f2dc8d635302f1c57c2289838e9fe288acd1c06c8f8ad332b8e2a60c9?s=96&d=mm&r=g","caption":"Autor"},"url":"https:\/\/www.jugendfussball-wendelstein.de\/wordpress\/author\/autor\/"}]}},"_links":{"self":[{"href":"https:\/\/www.jugendfussball-wendelstein.de\/wordpress\/wp-json\/wp\/v2\/posts\/2332","targetHints":{"allow":["GET"]}}],"collection":[{"href":"https:\/\/www.jugendfussball-wendelstein.de\/wordpress\/wp-json\/wp\/v2\/posts"}],"about":[{"href":"https:\/\/www.jugendfussball-wendelstein.de\/wordpress\/wp-json\/wp\/v2\/types\/post"}],"author":[{"embeddable":true,"href":"https:\/\/www.jugendfussball-wendelstein.de\/wordpress\/wp-json\/wp\/v2\/users\/4"}],"replies":[{"embeddable":true,"href":"https:\/\/www.jugendfussball-wendelstein.de\/wordpress\/wp-json\/wp\/v2\/comments?post=2332"}],"version-history":[{"count":0,"href":"https:\/\/www.jugendfussball-wendelstein.de\/wordpress\/wp-json\/wp\/v2\/posts\/2332\/revisions"}],"wp:featuredmedia":[{"embeddable":true,"href":"https:\/\/www.jugendfussball-wendelstein.de\/wordpress\/wp-json\/wp\/v2\/media\/2121"}],"wp:attachment":[{"href":"https:\/\/www.jugendfussball-wendelstein.de\/wordpress\/wp-json\/wp\/v2\/media?parent=2332"}],"wp:term":[{"taxonomy":"category","embeddable":true,"href":"https:\/\/www.jugendfussball-wendelstein.de\/wordpress\/wp-json\/wp\/v2\/categories?post=2332"},{"taxonomy":"post_tag","embeddable":true,"href":"https:\/\/www.jugendfussball-wendelstein.de\/wordpress\/wp-json\/wp\/v2\/tags?post=2332"}],"curies":[{"name":"wp","href":"https:\/\/api.w.org\/{rel}","templated":true}]}}